{"id":10046,"date":"2026-01-12T21:08:02","date_gmt":"2026-01-13T00:08:02","guid":{"rendered":"https:\/\/diariodegarca.com\/?p=10046"},"modified":"2026-01-12T21:33:13","modified_gmt":"2026-01-13T00:33:13","slug":"camara-de-garca-proibe-uso-de-servidores-para-redes-sociais-pessoais-de-vereadores","status":"publish","type":"post","link":"https:\/\/diariodegarca.com\/?p=10046","title":{"rendered":"C\u00e2mara de Gar\u00e7a pro\u00edbe uso de servidores para redes sociais pessoais de vereadores"},"content":{"rendered":"\n<p class=\"wp-block-paragraph\"><em>Ato da Presid\u00eancia atende recomenda\u00e7\u00e3o do Minist\u00e9rio P\u00fablico e refor\u00e7a que estrutura p\u00fablica deve servir ao interesse coletivo<\/em><\/p>\n\n\n\n<p class=\"wp-block-paragraph\">A C\u00e2mara Municipal de Gar\u00e7a passou a proibir oficialmente o uso de servidores do Poder Legislativo para ajudar na cria\u00e7\u00e3o ou divulga\u00e7\u00e3o de conte\u00fados em <strong>redes sociais pessoais<\/strong> de vereadores, agentes pol\u00edticos ou dirigentes da Casa durante o hor\u00e1rio de trabalho.<\/p>\n\n\n\n<p class=\"wp-block-paragraph\">A medida est\u00e1 prevista no <strong>Ato da Presid\u00eancia n\u00ba 03\/2026<\/strong>, assinado pela presidente da C\u00e2mara, <strong>Raquel Sartori<\/strong>, e publicado no <strong><a href=\"https:\/\/dosp.com.br\/impressao.php?i=NzYwODU3\">Di\u00e1rio Oficial do Munic\u00edpio \u2013 Edi\u00e7\u00e3o n\u00ba 2767<\/a><\/strong>, divulgada em <strong>12 de janeiro de 2026<\/strong>.<\/p>\n\n\n\n<p class=\"wp-block-paragraph\">O objetivo, segundo o documento, \u00e9 garantir que <strong>o tempo de trabalho dos servidores e os recursos da C\u00e2mara sejam utilizados exclusivamente em benef\u00edcio da popula\u00e7\u00e3o<\/strong>, evitando qualquer tipo de uso da estrutura p\u00fablica para promo\u00e7\u00e3o pessoal.<\/p>\n\n\n\n<h3 class=\"wp-block-heading\"><strong>Por que a norma foi criada<\/strong><\/h3>\n\n\n\n<p class=\"wp-block-paragraph\">Na publica\u00e7\u00e3o, a Presid\u00eancia da C\u00e2mara destaca que a decis\u00e3o est\u00e1 baseada nos princ\u00edpios que regem a administra\u00e7\u00e3o p\u00fablica, como <strong>legalidade, moralidade, impessoalidade, publicidade e efici\u00eancia<\/strong>, previstos na Constitui\u00e7\u00e3o Federal.<\/p>\n\n\n\n<p class=\"wp-block-paragraph\">Al\u00e9m disso, a medida atende a uma <strong>recomenda\u00e7\u00e3o do Minist\u00e9rio P\u00fablico da Comarca de Gar\u00e7a<\/strong>, que acompanhava o tema e apontou a necessidade de regras mais claras para evitar desvios de finalidade no uso de servidores e meios institucionais.<\/p>\n\n\n\n<h3 class=\"wp-block-heading\"><strong>O que fica proibido na pr\u00e1tica<\/strong><\/h3>\n\n\n\n<p class=\"wp-block-paragraph\">Com a nova regra, fica proibido que servidores da C\u00e2mara, durante o expediente: produzam textos, imagens ou v\u00eddeos;f a\u00e7am postagens ou divulga\u00e7\u00f5es; prestem qualquer tipo de apoio t\u00e9cnico ou operacional para <strong>redes sociais pessoais<\/strong> de vereadores, agentes pol\u00edticos ou dirigentes do Legislativo.<\/p>\n\n\n\n<ul class=\"wp-block-list\">\n<li><\/li>\n<\/ul>\n\n\n\n<p class=\"wp-block-paragraph\">A proibi\u00e7\u00e3o vale para qualquer plataforma digital, como Instagram, Facebook, WhatsApp, TikTok ou outras redes semelhantes.<\/p>\n\n\n\n<h3 class=\"wp-block-heading\"><strong>Uso correto dos canais oficiais<\/strong><\/h3>\n\n\n\n<p class=\"wp-block-paragraph\">O ato tamb\u00e9m deixa claro que <strong>a comunica\u00e7\u00e3o institucional da C\u00e2mara deve ocorrer exclusivamente por meio de seus canais oficiais<\/strong>, como o site e os perfis institucionais nas redes sociais.<\/p>\n\n\n\n<p class=\"wp-block-paragraph\">Mesmo nesses espa\u00e7os, o conte\u00fado deve respeitar o <strong>interesse p\u00fablico<\/strong> e n\u00e3o pode ser utilizado para <strong>promo\u00e7\u00e3o pessoal<\/strong> de parlamentares ou dirigentes.<\/p>\n\n\n\n<h3 class=\"wp-block-heading\"><strong>O que acontece se a regra for descumprida<\/strong><\/h3>\n\n\n\n<p class=\"wp-block-paragraph\">Caso haja descumprimento das diretrizes, a situa\u00e7\u00e3o ser\u00e1 analisada <strong>caso a caso<\/strong>, com garantia de direito de defesa. Dependendo da apura\u00e7\u00e3o, poder\u00e3o ser adotadas <strong>medidas administrativas previstas em lei<\/strong>, segundo a publica\u00e7\u00e3o. <\/p>\n","protected":false},"excerpt":{"rendered":"<p>Ato da Presid\u00eancia atende recomenda\u00e7\u00e3o do Minist\u00e9rio P\u00fablico e refor\u00e7a que estrutura p\u00fablica deve servir ao interesse coletivo A C\u00e2mara Municipal de Gar\u00e7a passou a proibir oficialmente o uso de servidores do Poder Legislativo para ajudar na cria\u00e7\u00e3o ou divulga\u00e7\u00e3o de conte\u00fados em redes sociais pessoais de vereadores, agentes pol\u00edticos ou dirigentes da Casa durante [&hellip;]<\/p>\n","protected":false},"author":260896546,"featured_media":10045,"comment_status":"open","ping_status":"open","sticky":false,"template":"","format":"standard","meta":{"_monsterinsights_skip_tracking":false,"advanced_seo_description":"","jetpack_seo_html_title":"","jetpack_seo_noindex":false,"jetpack_seo_schema_type":"","_jetpack_newsletter_access":"","_jetpack_dont_email_post_to_subs":false,"_jetpack_newsletter_tier_id":0,"_jetpack_memberships_contains_paywalled_content":false,"_wpcom_ai_launchpad_first_post":false,"_jetpack_feature_clip_id":0,"_jetpack_memberships_contains_paid_content":false,"footnotes":"","jetpack_publicize_message":"{title}\n\n{excerpt}\n\n{url}","jetpack_publicize_feature_enabled":true,"jetpack_social_post_already_shared":true,"jetpack_social_options":{"image_generator_settings":{"template":"fullscreen","default_image_id":0,"font":"","enabled":false},"version":2},"_wpas_customize_per_network":false,"jetpack_post_was_ever_published":false},"categories":[781171664,781171847],"tags":[],"class_list":["post-10046","post","type-post","status-publish","format-standard","has-post-thumbnail","hentry","category-garca-cidade","category-politica"],"jetpack_publicize_connections":[],"jetpack_likes_enabled":true,"jetpack_sharing_enabled":true,"jetpack_shortlink":"https:\/\/wp.me\/pgitne-2C2","jetpack-related-posts":[{"id":8996,"url":"https:\/\/diariodegarca.com\/?p=8996","url_meta":{"origin":10046,"position":0},"title":"C\u00e2mara de Gar\u00e7a debate crise de pessoas em situa\u00e7\u00e3o de rua e transporte p\u00fablico","author":"Andreza Sega","date":"25 de novembro de 2025","format":false,"excerpt":"Vereadores destinam recursos e cobram solu\u00e7\u00f5es para quest\u00f5es urbanas; equipamentos de sa\u00fade s\u00e3o destacados como avan\u00e7os, enquanto a tarifa de R$ 2,00 para o \u00f4nibus gera expectativa e questionamentos. Em uma sess\u00e3o marcada por vota\u00e7\u00f5es r\u00e1pidas de projetos de lei e pela apresenta\u00e7\u00e3o de uma pauta diversa de requerimentos, a\u2026","rel":"","context":"Em &quot;Gar\u00e7a&quot;","block_context":{"text":"Gar\u00e7a","link":"https:\/\/diariodegarca.com\/?cat=781171664"},"img":{"alt_text":"","src":"https:\/\/i0.wp.com\/diariodegarca.com\/wp-content\/uploads\/2025\/11\/camara.jpg?fit=1200%2C802&ssl=1&resize=350%2C200","width":350,"height":200,"srcset":"https:\/\/i0.wp.com\/diariodegarca.com\/wp-content\/uploads\/2025\/11\/camara.jpg?fit=1200%2C802&ssl=1&resize=350%2C200 1x, https:\/\/i0.wp.com\/diariodegarca.com\/wp-content\/uploads\/2025\/11\/camara.jpg?fit=1200%2C802&ssl=1&resize=525%2C300 1.5x, https:\/\/i0.wp.com\/diariodegarca.com\/wp-content\/uploads\/2025\/11\/camara.jpg?fit=1200%2C802&ssl=1&resize=700%2C400 2x, https:\/\/i0.wp.com\/diariodegarca.com\/wp-content\/uploads\/2025\/11\/camara.jpg?fit=1200%2C802&ssl=1&resize=1050%2C600 3x"},"classes":[]},{"id":9463,"url":"https:\/\/diariodegarca.com\/?p=9463","url_meta":{"origin":10046,"position":1},"title":"C\u00e2mara de Gar\u00e7a aprova pol\u00eamicos reajustes para servidores","author":"Andreza Sega","date":"10 de dezembro de 2025","format":false,"excerpt":"Em sess\u00e3o marcada por debates acalorados, vereadores chancelam aumento de 5% no vale-alimenta\u00e7\u00e3o e criam aux\u00edlio-sa\u00fade de R$ 630 para aposentados, ignorando parecer jur\u00eddico. Procurador da Casa \u00e9 alvo de cr\u00edticas e corregedor anuncia apura\u00e7\u00e3o. A 41\u00aa Sess\u00e3o Ordin\u00e1ria da C\u00e2mara Municipal de Gar\u00e7a, na noite de segunda-feira, 8 de\u2026","rel":"","context":"Em &quot;Gar\u00e7a&quot;","block_context":{"text":"Gar\u00e7a","link":"https:\/\/diariodegarca.com\/?cat=781171664"},"img":{"alt_text":"","src":"https:\/\/i0.wp.com\/diariodegarca.com\/wp-content\/uploads\/2025\/12\/bate-boca.jpg?fit=838%2C409&ssl=1&resize=350%2C200","width":350,"height":200,"srcset":"https:\/\/i0.wp.com\/diariodegarca.com\/wp-content\/uploads\/2025\/12\/bate-boca.jpg?fit=838%2C409&ssl=1&resize=350%2C200 1x, https:\/\/i0.wp.com\/diariodegarca.com\/wp-content\/uploads\/2025\/12\/bate-boca.jpg?fit=838%2C409&ssl=1&resize=525%2C300 1.5x, https:\/\/i0.wp.com\/diariodegarca.com\/wp-content\/uploads\/2025\/12\/bate-boca.jpg?fit=838%2C409&ssl=1&resize=700%2C400 2x"},"classes":[]},{"id":9504,"url":"https:\/\/diariodegarca.com\/?p=9504","url_meta":{"origin":10046,"position":2},"title":"Emendas impositivas de Gar\u00e7a s\u00e3o aprovadas, com cena de uso pol\u00edtico da causa animal e votos contr\u00e1rios \u00e0 sa\u00fade e causas sociais","author":"Andreza Sega","date":"11 de dezembro de 2025","format":false,"excerpt":"Sess\u00e3o que definiu o or\u00e7amento de 2026 para Gar\u00e7a exp\u00f4s contradi\u00e7\u00f5es: enquanto maioria defendia verbas para sa\u00fade e entidades, vereador usa causa animal como palanque e vota contra investimentos sociais essenciais A C\u00e2mara Municipal de Gar\u00e7a aprovou na \u00faltima segunda-feira,\u00a08 de dezembro, em sess\u00e3o extensa, o or\u00e7amento p\u00fablico para 2026\u2026","rel":"","context":"Em &quot;Causa animal&quot;","block_context":{"text":"Causa animal","link":"https:\/\/diariodegarca.com\/?cat=26891317"},"img":{"alt_text":"","src":"https:\/\/i0.wp.com\/diariodegarca.com\/wp-content\/uploads\/2025\/12\/camara-garca-41-e1765481355991.jpg?fit=870%2C625&ssl=1&resize=350%2C200","width":350,"height":200,"srcset":"https:\/\/i0.wp.com\/diariodegarca.com\/wp-content\/uploads\/2025\/12\/camara-garca-41-e1765481355991.jpg?fit=870%2C625&ssl=1&resize=350%2C200 1x, https:\/\/i0.wp.com\/diariodegarca.com\/wp-content\/uploads\/2025\/12\/camara-garca-41-e1765481355991.jpg?fit=870%2C625&ssl=1&resize=525%2C300 1.5x, https:\/\/i0.wp.com\/diariodegarca.com\/wp-content\/uploads\/2025\/12\/camara-garca-41-e1765481355991.jpg?fit=870%2C625&ssl=1&resize=700%2C400 2x"},"classes":[]},{"id":8492,"url":"https:\/\/diariodegarca.com\/?p=8492","url_meta":{"origin":10046,"position":3},"title":"C\u00e2mara de Gar\u00e7a debate Or\u00e7amento de R$ 310 milh\u00f5es para 2026 em audi\u00eancia p\u00fablica","author":"Di\u00e1rio de Gar\u00e7a","date":"5 de novembro de 2025","format":false,"excerpt":"Representantes da Prefeitura apresentam a pe\u00e7a or\u00e7ament\u00e1ria e respondem a questionamentos de vereadores sobre sa\u00fade, acessibilidade e reajuste do vale-alimenta\u00e7\u00e3o. Em uma sess\u00e3o aberta \u00e0 popula\u00e7\u00e3o, a C\u00e2mara Municipal de Gar\u00e7a realizou, na \u00faltima ter\u00e7a-feira, 4 de novembro, a Audi\u00eancia P\u00fablica para discutir o Projeto de Lei n\u00ba 81\/2025, a\u2026","rel":"","context":"Em &quot;Gar\u00e7a&quot;","block_context":{"text":"Gar\u00e7a","link":"https:\/\/diariodegarca.com\/?cat=781171664"},"img":{"alt_text":"","src":"https:\/\/i0.wp.com\/diariodegarca.com\/wp-content\/uploads\/2025\/11\/0af045f2-67a0-4341-8778-3f2285948ba6-e1762364838859.png?fit=380%2C215&ssl=1&resize=350%2C200","width":350,"height":200},"classes":[]},{"id":2463,"url":"https:\/\/diariodegarca.com\/?p=2463","url_meta":{"origin":10046,"position":4},"title":"C\u00e2mara debater\u00e1 regulamenta\u00e7\u00e3o de redes sociais institucionais do munic\u00edpio","author":"Di\u00e1rio de Gar\u00e7a","date":"5 de abril de 2025","format":false,"excerpt":"Na pr\u00f3xima segunda-feira, dia 7 de abril, a 10\u00aa sess\u00e3o ordin\u00e1ria da C\u00e2mara Municipal de Gar\u00e7a colocar\u00e1 em pauta um Projeto de Lei que busca estabelecer normas para o uso das redes sociais institucionais da administra\u00e7\u00e3o p\u00fablica. A proposta, de autoria da vereadora Elaine Oliveira, tem como objetivo garantir transpar\u00eancia,\u2026","rel":"","context":"Em &quot;Brasil&quot;","block_context":{"text":"Brasil","link":"https:\/\/diariodegarca.com\/?cat=38185"},"img":{"alt_text":"","src":"","width":0,"height":0},"classes":[]},{"id":10258,"url":"https:\/\/diariodegarca.com\/?p=10258","url_meta":{"origin":10046,"position":5},"title":"C\u00e2mara de Gar\u00e7a aprova reajuste de 4,26% para servidores ap\u00f3s sess\u00e3o tensa e discute retirada de aumento para prefeito","author":"Di\u00e1rio de Gar\u00e7a","date":"27 de janeiro de 2026","format":false,"excerpt":"Em sess\u00e3o intensa, a C\u00e2mara Municipal de Gar\u00e7a aprovou um reajuste salarial de 4,26% para servidores, abaixo do previsto, e retirou proposta de aumento para pol\u00edticos. Debate acirrado segue.","rel":"","context":"Em &quot;Gar\u00e7a&quot;","block_context":{"text":"Gar\u00e7a","link":"https:\/\/diariodegarca.com\/?cat=781171664"},"img":{"alt_text":"","src":"https:\/\/i0.wp.com\/diariodegarca.com\/wp-content\/uploads\/2025\/11\/camara.jpg?fit=1200%2C802&ssl=1&resize=350%2C200","width":350,"height":200,"srcset":"https:\/\/i0.wp.com\/diariodegarca.com\/wp-content\/uploads\/2025\/11\/camara.jpg?fit=1200%2C802&ssl=1&resize=350%2C200 1x, https:\/\/i0.wp.com\/diariodegarca.com\/wp-content\/uploads\/2025\/11\/camara.jpg?fit=1200%2C802&ssl=1&resize=525%2C300 1.5x, https:\/\/i0.wp.com\/diariodegarca.com\/wp-content\/uploads\/2025\/11\/camara.jpg?fit=1200%2C802&ssl=1&resize=700%2C400 2x, https:\/\/i0.wp.com\/diariodegarca.com\/wp-content\/uploads\/2025\/11\/camara.jpg?fit=1200%2C802&ssl=1&resize=1050%2C600 3x"},"classes":[]}],"jetpack_featured_media_url":"https:\/\/i0.wp.com\/diariodegarca.com\/wp-content\/uploads\/2026\/01\/d3ea3997-ce62-4886-b2a3-ad53037ec606.jpeg?fit=768%2C576&ssl=1","_links":{"self":[{"href":"https:\/\/diariodegarca.com\/index.php?rest_route=\/wp\/v2\/posts\/10046","targetHints":{"allow":["GET"]}}],"collection":[{"href":"https:\/\/diariodegarca.com\/index.php?rest_route=\/wp\/v2\/posts"}],"about":[{"href":"https:\/\/diariodegarca.com\/index.php?rest_route=\/wp\/v2\/types\/post"}],"author":[{"embeddable":true,"href":"https:\/\/diariodegarca.com\/index.php?rest_route=\/wp\/v2\/users\/260896546"}],"replies":[{"embeddable":true,"href":"https:\/\/diariodegarca.com\/index.php?rest_route=%2Fwp%2Fv2%2Fcomments&post=10046"}],"version-history":[{"count":1,"href":"https:\/\/diariodegarca.com\/index.php?rest_route=\/wp\/v2\/posts\/10046\/revisions"}],"predecessor-version":[{"id":10047,"href":"https:\/\/diariodegarca.com\/index.php?rest_route=\/wp\/v2\/posts\/10046\/revisions\/10047"}],"wp:featuredmedia":[{"embeddable":true,"href":"https:\/\/diariodegarca.com\/index.php?rest_route=\/wp\/v2\/media\/10045"}],"wp:attachment":[{"href":"https:\/\/diariodegarca.com\/index.php?rest_route=%2Fwp%2Fv2%2Fmedia&parent=10046"}],"wp:term":[{"taxonomy":"category","embeddable":true,"href":"https:\/\/diariodegarca.com\/index.php?rest_route=%2Fwp%2Fv2%2Fcategories&post=10046"},{"taxonomy":"post_tag","embeddable":true,"href":"https:\/\/diariodegarca.com\/index.php?rest_route=%2Fwp%2Fv2%2Ftags&post=10046"}],"curies":[{"name":"wp","href":"https:\/\/api.w.org\/{rel}","templated":true}]}}