{"id":10053,"date":"2026-01-13T17:51:44","date_gmt":"2026-01-13T20:51:44","guid":{"rendered":"https:\/\/diariodegarca.com\/?p=10053"},"modified":"2026-01-13T17:51:44","modified_gmt":"2026-01-13T20:51:44","slug":"pm-captura-procurado-da-justica-durante-abordagem-de-rotina-em-garca","status":"publish","type":"post","link":"https:\/\/diariodegarca.com\/?p=10053","title":{"rendered":"PM captura procurado da justi\u00e7a durante abordagem de rotina em Gar\u00e7a"},"content":{"rendered":"\n<p class=\"wp-block-paragraph\"><em>Homem, com mandado de pris\u00e3o por furto, foi localizado por militares ap\u00f3s verifica\u00e7\u00e3o em sistema durante a\u00e7\u00e3o no bairro Mariana.<\/em><\/p>\n\n\n\n<p class=\"wp-block-paragraph\">Na noite da \u00faltima segunda-feira, 12 de janeiro, uma a\u00e7\u00e3o de patrulhamento preventivo da Pol\u00edcia Militar resultou na captura de um homem procurado pela Justi\u00e7a, no bairro Mariana, em Gar\u00e7a. O fato ocorreu por volta das 19h44, durante uma ronda pela rua S\u00e3o Carlos, em uma \u00e1rea de ch\u00e1caras.<br><br>Policiais da 4\u00aa Companhia da PM avistaram tr\u00eas indiv\u00edduos em atitude considerada suspeita e procederam com a abordagem. Inicialmente, a busca pessoal n\u00e3o revelou a posse de itens il\u00edcitos. Uma consulta de rotina tamb\u00e9m n\u00e3o apontou pend\u00eancias criminais imediatas para os homens.<br><br>No entanto, ao aprofundar a verifica\u00e7\u00e3o por meio do sistema integrado Muralha Paulista, os militares descobriram que um dos abordados, um homem, era alvo de um mandado de pris\u00e3o em aberto. O documento era referente a um crime de furto, com pena a ser cumprida em regime semiaberto.<br><br>Diante da confirma\u00e7\u00e3o, os policiais emitiram voz de pris\u00e3o ao indiv\u00edduo. Ele foi, ent\u00e3o, conduzido \u00e0 Central de Pol\u00edcia Judici\u00e1ria (CPJ) de Mar\u00edlia, onde ficou detido e \u00e0 disposi\u00e7\u00e3o da Justi\u00e7a para os tr\u00e2mites legais. <\/p>\n","protected":false},"excerpt":{"rendered":"<p>Homem, com mandado de pris\u00e3o por furto, foi localizado por militares ap\u00f3s verifica\u00e7\u00e3o em sistema durante a\u00e7\u00e3o no bairro Mariana. Na noite da \u00faltima segunda-feira, 12 de janeiro, uma a\u00e7\u00e3o de patrulhamento preventivo da Pol\u00edcia Militar resultou na captura de um homem procurado pela Justi\u00e7a, no bairro Mariana, em Gar\u00e7a. O fato ocorreu por volta [&hellip;]<\/p>\n","protected":false},"author":260896546,"featured_media":10052,"comment_status":"open","ping_status":"open","sticky":false,"template":"","format":"standard","meta":{"_monsterinsights_skip_tracking":false,"advanced_seo_description":"","jetpack_seo_html_title":"","jetpack_seo_noindex":false,"jetpack_seo_schema_type":"","_jetpack_newsletter_access":"","_jetpack_dont_email_post_to_subs":false,"_jetpack_newsletter_tier_id":0,"_jetpack_memberships_contains_paywalled_content":false,"_wpcom_ai_launchpad_first_post":false,"_jetpack_feature_clip_id":0,"_jetpack_memberships_contains_paid_content":false,"footnotes":"","jetpack_publicize_message":"{title}\n\n{excerpt}\n\n{url}","jetpack_publicize_feature_enabled":true,"jetpack_social_post_already_shared":true,"jetpack_social_options":{"image_generator_settings":{"template":"fullscreen","default_image_id":0,"font":"","enabled":false},"version":2},"_wpas_customize_per_network":false,"jetpack_post_was_ever_published":false},"categories":[781171664,21243],"tags":[],"class_list":["post-10053","post","type-post","status-publish","format-standard","has-post-thumbnail","hentry","category-garca-cidade","category-seguranca"],"jetpack_publicize_connections":[],"jetpack_likes_enabled":true,"jetpack_sharing_enabled":true,"jetpack_shortlink":"https:\/\/wp.me\/pgitne-2C9","jetpack-related-posts":[{"id":6259,"url":"https:\/\/diariodegarca.com\/?p=6259","url_meta":{"origin":10053,"position":0},"title":"Opera\u00e7\u00e3o Impacto prende indiv\u00edduo procurado por tr\u00e1fico de drogas em Gar\u00e7a","author":"Di\u00e1rio de Gar\u00e7a","date":"2 de setembro de 2025","format":false,"excerpt":"Durante patrulhamento de rotina no bairro Salgueiro, equipe da For\u00e7a T\u00e1tica localizou homem com mandado de pris\u00e3o em aberto, que foi encaminhado para a delegacia. Um homem com mandado de pris\u00e3o em aberto foi capturado pela Pol\u00edcia Militar na noite de segunda-feira, 1\u00ba de setembro, no bairro Salgueiro, em Gar\u00e7a.\u2026","rel":"","context":"Em &quot;Gar\u00e7a&quot;","block_context":{"text":"Gar\u00e7a","link":"https:\/\/diariodegarca.com\/?cat=781171664"},"img":{"alt_text":"","src":"https:\/\/i0.wp.com\/diariodegarca.com\/wp-content\/uploads\/2025\/07\/522381887_4217999475080153_2060988269710767919_n.heic?fit=640%2C640&ssl=1&resize=350%2C200","width":350,"height":200,"srcset":"https:\/\/i0.wp.com\/diariodegarca.com\/wp-content\/uploads\/2025\/07\/522381887_4217999475080153_2060988269710767919_n.heic?fit=640%2C640&ssl=1&resize=350%2C200 1x, https:\/\/i0.wp.com\/diariodegarca.com\/wp-content\/uploads\/2025\/07\/522381887_4217999475080153_2060988269710767919_n.heic?fit=640%2C640&ssl=1&resize=525%2C300 1.5x"},"classes":[]},{"id":6038,"url":"https:\/\/diariodegarca.com\/?p=6038","url_meta":{"origin":10053,"position":1},"title":"PM localiza e prende foragido escondido em oficina mec\u00e2nica de Gar\u00e7a","author":"Di\u00e1rio de Gar\u00e7a","date":"24 de agosto de 2025","format":false,"excerpt":"Homem, com mandado por furto qualificado, tentou se esconder atr\u00e1s de um m\u00f3vel ao avistar a viatura policial no bairro Labien\u00f3polis. Um homem procurado pela Justi\u00e7a foi capturado pela Pol\u00edcia Militar na manh\u00e3 desta s\u00e1bado, 23 de agosto, no bairro Labien\u00f3polis, em Gar\u00e7a. A pris\u00e3o ocorreu por volta das 10h30,\u2026","rel":"","context":"Em &quot;Gar\u00e7a&quot;","block_context":{"text":"Gar\u00e7a","link":"https:\/\/diariodegarca.com\/?cat=781171664"},"img":{"alt_text":"","src":"https:\/\/i0.wp.com\/diariodegarca.com\/wp-content\/uploads\/2025\/08\/snapinsta.to_538027130_18313349458246526_3410444495212943503_n.webp?fit=1080%2C1080&ssl=1&resize=350%2C200","width":350,"height":200,"srcset":"https:\/\/i0.wp.com\/diariodegarca.com\/wp-content\/uploads\/2025\/08\/snapinsta.to_538027130_18313349458246526_3410444495212943503_n.webp?fit=1080%2C1080&ssl=1&resize=350%2C200 1x, https:\/\/i0.wp.com\/diariodegarca.com\/wp-content\/uploads\/2025\/08\/snapinsta.to_538027130_18313349458246526_3410444495212943503_n.webp?fit=1080%2C1080&ssl=1&resize=525%2C300 1.5x, https:\/\/i0.wp.com\/diariodegarca.com\/wp-content\/uploads\/2025\/08\/snapinsta.to_538027130_18313349458246526_3410444495212943503_n.webp?fit=1080%2C1080&ssl=1&resize=700%2C400 2x, https:\/\/i0.wp.com\/diariodegarca.com\/wp-content\/uploads\/2025\/08\/snapinsta.to_538027130_18313349458246526_3410444495212943503_n.webp?fit=1080%2C1080&ssl=1&resize=1050%2C600 3x"},"classes":[]},{"id":7165,"url":"https:\/\/diariodegarca.com\/?p=7165","url_meta":{"origin":10053,"position":2},"title":"Policiais capturam condenado por estupro de vulner\u00e1vel em G\u00e1lia","author":"Di\u00e1rio de Gar\u00e7a","date":"25 de setembro de 2025","format":false,"excerpt":"Indiv\u00edduo com mandado de pris\u00e3o e pena de 14 anos foi localizado e preso pela 4\u00aa Companhia da PM durante abordagem de rotina. Um condenado pela pr\u00e1tica de estupro de vulner\u00e1vel foi capturado pela Pol\u00edcia Militar na manh\u00e3 de quarta-feira, 24 de setembro, em G\u00e1lia A a\u00e7\u00e3o, realizada por policiais\u2026","rel":"","context":"Em &quot;G\u00e1lia&quot;","block_context":{"text":"G\u00e1lia","link":"https:\/\/diariodegarca.com\/?cat=1600904"},"img":{"alt_text":"","src":"https:\/\/i0.wp.com\/diariodegarca.com\/wp-content\/uploads\/2025\/09\/snapinsta.to_541509882_18314372977246526_9078746985333242125_n.jpg?fit=1080%2C1080&ssl=1&resize=350%2C200","width":350,"height":200,"srcset":"https:\/\/i0.wp.com\/diariodegarca.com\/wp-content\/uploads\/2025\/09\/snapinsta.to_541509882_18314372977246526_9078746985333242125_n.jpg?fit=1080%2C1080&ssl=1&resize=350%2C200 1x, https:\/\/i0.wp.com\/diariodegarca.com\/wp-content\/uploads\/2025\/09\/snapinsta.to_541509882_18314372977246526_9078746985333242125_n.jpg?fit=1080%2C1080&ssl=1&resize=525%2C300 1.5x, https:\/\/i0.wp.com\/diariodegarca.com\/wp-content\/uploads\/2025\/09\/snapinsta.to_541509882_18314372977246526_9078746985333242125_n.jpg?fit=1080%2C1080&ssl=1&resize=700%2C400 2x, https:\/\/i0.wp.com\/diariodegarca.com\/wp-content\/uploads\/2025\/09\/snapinsta.to_541509882_18314372977246526_9078746985333242125_n.jpg?fit=1080%2C1080&ssl=1&resize=1050%2C600 3x"},"classes":[]},{"id":10097,"url":"https:\/\/diariodegarca.com\/?p=10097","url_meta":{"origin":10053,"position":3},"title":"Patrulhamento em Gar\u00e7a leva procurado por furto \u00e0 pris\u00e3o","author":"Di\u00e1rio de Gar\u00e7a","date":"17 de janeiro de 2026","format":false,"excerpt":"Durante patrulhamento em Ferrar\u00f3polis, policiais capturaram homem com mandado de pris\u00e3o por furto. Ele inicia pena de um ano e quatro meses em regime semiaberto, ap\u00f3s abordagem de rotina.","rel":"","context":"Em &quot;Gar\u00e7a&quot;","block_context":{"text":"Gar\u00e7a","link":"https:\/\/diariodegarca.com\/?cat=781171664"},"img":{"alt_text":"","src":"https:\/\/i0.wp.com\/diariodegarca.com\/wp-content\/uploads\/2026\/01\/Policia-3-e1768702866208.jpg?fit=1046%2C664&ssl=1&resize=350%2C200","width":350,"height":200,"srcset":"https:\/\/i0.wp.com\/diariodegarca.com\/wp-content\/uploads\/2026\/01\/Policia-3-e1768702866208.jpg?fit=1046%2C664&ssl=1&resize=350%2C200 1x, https:\/\/i0.wp.com\/diariodegarca.com\/wp-content\/uploads\/2026\/01\/Policia-3-e1768702866208.jpg?fit=1046%2C664&ssl=1&resize=525%2C300 1.5x, https:\/\/i0.wp.com\/diariodegarca.com\/wp-content\/uploads\/2026\/01\/Policia-3-e1768702866208.jpg?fit=1046%2C664&ssl=1&resize=700%2C400 2x"},"classes":[]},{"id":2138,"url":"https:\/\/diariodegarca.com\/?p=2138","url_meta":{"origin":10053,"position":4},"title":"Pol\u00edcia Militar de Tup\u00e3 prende dois suspeitos por tr\u00e1fico de drogas em a\u00e7\u00f5es consecutivas","author":"Di\u00e1rio de Gar\u00e7a","date":"10 de maio de 2025","format":false,"excerpt":"Na noite de sexta-feira, 9 de maio, equipes da For\u00e7a T\u00e1tica do 9\u00ba Batalh\u00e3o de Pol\u00edcia Militar do Interior (PM-SP) efetuaram a pris\u00e3o de dois homens acusados de tr\u00e1fico de entorpecentes e associa\u00e7\u00e3o ao tr\u00e1fico no munic\u00edpio de Tup\u00e3. As ocorr\u00eancias, realizadas em menos de uma hora, refor\u00e7aram o combate\u2026","rel":"","context":"Em &quot;Brasil&quot;","block_context":{"text":"Brasil","link":"https:\/\/diariodegarca.com\/?cat=38185"},"img":{"alt_text":"","src":"","width":0,"height":0},"classes":[]},{"id":7045,"url":"https:\/\/diariodegarca.com\/?p=7045","url_meta":{"origin":10053,"position":5},"title":"PM em Mar\u00edlia captura de tr\u00eas procurados pela Justi\u00e7a em menos de 24 horas","author":"Di\u00e1rio de Gar\u00e7a","date":"23 de setembro de 2025","format":false,"excerpt":"Dois homens eram procurados por roubo; um terceiro havia rompido tornozeleira eletr\u00f4nica durante sa\u00edda tempor\u00e1ria do regime prisional. Em uma s\u00e9rie de a\u00e7\u00f5es realizadas na segunda-feira,22 de setembro, policiais militares do 9\u00ba Batalh\u00e3o do Interior refor\u00e7aram a fiscaliza\u00e7\u00e3o em Mar\u00edlia e asseguraram a captura de tr\u00eas indiv\u00edduos que eram procurados\u2026","rel":"","context":"Em &quot;Mar\u00edlia&quot;","block_context":{"text":"Mar\u00edlia","link":"https:\/\/diariodegarca.com\/?cat=683453294"},"img":{"alt_text":"","src":"https:\/\/i0.wp.com\/diariodegarca.com\/wp-content\/uploads\/2025\/05\/500084858_18302219050246526_4028368060180630968_n-e1760650460275.webp?fit=1080%2C704&ssl=1&resize=350%2C200","width":350,"height":200,"srcset":"https:\/\/i0.wp.com\/diariodegarca.com\/wp-content\/uploads\/2025\/05\/500084858_18302219050246526_4028368060180630968_n-e1760650460275.webp?fit=1080%2C704&ssl=1&resize=350%2C200 1x, https:\/\/i0.wp.com\/diariodegarca.com\/wp-content\/uploads\/2025\/05\/500084858_18302219050246526_4028368060180630968_n-e1760650460275.webp?fit=1080%2C704&ssl=1&resize=525%2C300 1.5x, https:\/\/i0.wp.com\/diariodegarca.com\/wp-content\/uploads\/2025\/05\/500084858_18302219050246526_4028368060180630968_n-e1760650460275.webp?fit=1080%2C704&ssl=1&resize=700%2C400 2x, https:\/\/i0.wp.com\/diariodegarca.com\/wp-content\/uploads\/2025\/05\/500084858_18302219050246526_4028368060180630968_n-e1760650460275.webp?fit=1080%2C704&ssl=1&resize=1050%2C600 3x"},"classes":[]}],"jetpack_featured_media_url":"https:\/\/i0.wp.com\/diariodegarca.com\/wp-content\/uploads\/2026\/01\/IMG-20260113-WA0010.jpg?fit=1200%2C1266&ssl=1","_links":{"self":[{"href":"https:\/\/diariodegarca.com\/index.php?rest_route=\/wp\/v2\/posts\/10053","targetHints":{"allow":["GET"]}}],"collection":[{"href":"https:\/\/diariodegarca.com\/index.php?rest_route=\/wp\/v2\/posts"}],"about":[{"href":"https:\/\/diariodegarca.com\/index.php?rest_route=\/wp\/v2\/types\/post"}],"author":[{"embeddable":true,"href":"https:\/\/diariodegarca.com\/index.php?rest_route=\/wp\/v2\/users\/260896546"}],"replies":[{"embeddable":true,"href":"https:\/\/diariodegarca.com\/index.php?rest_route=%2Fwp%2Fv2%2Fcomments&post=10053"}],"version-history":[{"count":0,"href":"https:\/\/diariodegarca.com\/index.php?rest_route=\/wp\/v2\/posts\/10053\/revisions"}],"wp:featuredmedia":[{"embeddable":true,"href":"https:\/\/diariodegarca.com\/index.php?rest_route=\/wp\/v2\/media\/10052"}],"wp:attachment":[{"href":"https:\/\/diariodegarca.com\/index.php?rest_route=%2Fwp%2Fv2%2Fmedia&parent=10053"}],"wp:term":[{"taxonomy":"category","embeddable":true,"href":"https:\/\/diariodegarca.com\/index.php?rest_route=%2Fwp%2Fv2%2Fcategories&post=10053"},{"taxonomy":"post_tag","embeddable":true,"href":"https:\/\/diariodegarca.com\/index.php?rest_route=%2Fwp%2Fv2%2Ftags&post=10053"}],"curies":[{"name":"wp","href":"https:\/\/api.w.org\/{rel}","templated":true}]}}