{"id":10055,"date":"2026-01-13T17:59:57","date_gmt":"2026-01-13T20:59:57","guid":{"rendered":"https:\/\/diariodegarca.com\/?p=10055"},"modified":"2026-01-13T17:59:57","modified_gmt":"2026-01-13T20:59:57","slug":"monitoramento-leva-a-prisao-de-suspeito-de-furtos-em-serie-em-garca","status":"publish","type":"post","link":"https:\/\/diariodegarca.com\/?p=10055","title":{"rendered":"Monitoramento leva \u00e0 pris\u00e3o de suspeito de furtos em s\u00e9rie em Gar\u00e7a"},"content":{"rendered":"\n<p class=\"wp-block-paragraph\"><em>Homem foi preso em flagrante ap\u00f3s furto em padaria e confessou s\u00e9rie de crimes na cidade, incluindo roubos a estabelecimentos, \u00f3rg\u00e3o p\u00fablico e resid\u00eancias.<\/em><\/p>\n\n\n\n<p class=\"wp-block-paragraph\">Na madrugada desta ter\u00e7a-feira, 13 de janeiro, um homem foi preso em flagrante pela Pol\u00edcia Militar, suspeito de cometer uma s\u00e9rie de furtos em Gar\u00e7a. A a\u00e7\u00e3o teve in\u00edcio por volta das 00h22, ap\u00f3s o Centro de Opera\u00e7\u00f5es da Pol\u00edcia Militar (COPOM) acionar uma equipe da 4\u00aa Companhia para atender a uma ocorr\u00eancia de furto qualificado em uma padaria na rua Maria Isabel, no bairro Labien\u00f3polis.<br><br>Ao chegarem ao local, os policiais encontraram a porta do estabelecimento comercial violada. A investiga\u00e7\u00e3o inicial, no entanto, ganhou um rumo decisivo com o aux\u00edlio das c\u00e2meras de monitoramento urbano da cidade. As imagens permitiram n\u00e3o s\u00f3 identificar as caracter\u00edsticas do suspeito, mas tamb\u00e9m rastrear o trajeto que ele percorreu ap\u00f3s deixar o local do crime.<br><br>Com essas informa\u00e7\u00f5es em m\u00e3os, as dilig\u00eancias policiais se concentraram e levaram os militares at\u00e9 o bairro Sol Nascente, onde localizaram um ve\u00edculo condizente com as pistas. <br><br>Durante a abordagem, o homem n\u00e3o hesitou e confessou a autoria do furto na padaria e informou que o dinheiro roubado ainda se encontrava dentro do carro.<br><br>A confiss\u00e3o, por\u00e9m, foi al\u00e9m. No decorrer do atendimento da ocorr\u00eancia, o indiv\u00edduo admitiu a pr\u00e1tica de outros crimes recentes em diversos pontos de Gar\u00e7a. Segundo seu relato aos policiais, ele tamb\u00e9m teria cometido furtos em outros estabelecimentos comerciais, na esta\u00e7\u00e3o de esgoto do SAAE (Servi\u00e7o Aut\u00f4nomo de \u00c1gua e Esgoto) e at\u00e9 mesmo em resid\u00eancias. Ele detalhou ainda que revendia os objetos subtra\u00eddos.<br><br>Ap\u00f3s as confiss\u00f5es, o suspeito foi conduzido ao Centro de Processamento de Mar\u00edlia. L\u00e1, a autoridade policial de plant\u00e3o ratificou a pris\u00e3o em flagrante pelo crime de furto qualificado e requisitou per\u00edcia t\u00e9cnica no local do primeiro delito. O homem permanece preso e agora est\u00e1 \u00e0 disposi\u00e7\u00e3o da Justi\u00e7a.<\/p>\n","protected":false},"excerpt":{"rendered":"<p>Homem foi preso em flagrante ap\u00f3s furto em padaria e confessou s\u00e9rie de crimes na cidade, incluindo roubos a estabelecimentos, \u00f3rg\u00e3o p\u00fablico e resid\u00eancias. Na madrugada desta ter\u00e7a-feira, 13 de janeiro, um homem foi preso em flagrante pela Pol\u00edcia Militar, suspeito de cometer uma s\u00e9rie de furtos em Gar\u00e7a. A a\u00e7\u00e3o teve in\u00edcio por volta [&hellip;]<\/p>\n","protected":false},"author":260896546,"featured_media":10054,"comment_status":"open","ping_status":"open","sticky":false,"template":"","format":"standard","meta":{"_crdt_document":"","_monsterinsights_skip_tracking":false,"_monsterinsights_sitenote_active":false,"_monsterinsights_sitenote_note":"","_monsterinsights_sitenote_category":0,"advanced_seo_description":"","jetpack_seo_html_title":"","jetpack_seo_noindex":false,"_jetpack_newsletter_access":"","_jetpack_dont_email_post_to_subs":false,"_jetpack_newsletter_tier_id":0,"_jetpack_memberships_contains_paywalled_content":false,"_jetpack_memberships_contains_paid_content":false,"footnotes":"","jetpack_publicize_message":"","jetpack_publicize_feature_enabled":true,"jetpack_social_post_already_shared":true,"jetpack_social_options":{"image_generator_settings":{"template":"fullscreen","default_image_id":0,"font":"","enabled":false},"version":2},"_wpas_customize_per_network":false,"jetpack_post_was_ever_published":false},"categories":[781171664,21243],"tags":[],"class_list":["post-10055","post","type-post","status-publish","format-standard","has-post-thumbnail","hentry","category-garca-cidade","category-seguranca"],"jetpack_publicize_connections":[],"jetpack_featured_media_url":"https:\/\/i0.wp.com\/diariodegarca.com\/wp-content\/uploads\/2026\/01\/SnapInsta.to_561908263_18319438843246526_1816024880825141096_n-e1761515366631.jpg?fit=1080%2C716&ssl=1","jetpack_likes_enabled":true,"jetpack_sharing_enabled":true,"jetpack_shortlink":"https:\/\/wp.me\/pgitne-2Cb","jetpack-related-posts":[{"id":4016,"url":"https:\/\/diariodegarca.com\/?p=4016","url_meta":{"origin":10055,"position":0},"title":"PM prende suspeitos e apreende drogas e armas em Gar\u00e7a, Mar\u00edlia e Pomp\u00e9ia","author":"Di\u00e1rio de Gar\u00e7a","date":"16 de junho de 2025","format":false,"excerpt":"Opera\u00e7\u00f5es policiais resultaram em pris\u00f5es por tr\u00e1fico, furto e porte ilegal de armas nas tr\u00eas cidades do interior paulista A Pol\u00edcia Militar do Estado de S\u00e3o Paulo divulgou algumas a\u00e7\u00f5es que aconteceram em cidades da regi\u00e3o nos \u00faltimos dias. As opera\u00e7\u00f5es tem como objetivo coibir delitos como tr\u00e1fico de drogas,\u2026","rel":"","context":"Em &quot;Gar\u00e7a&quot;","block_context":{"text":"Gar\u00e7a","link":"https:\/\/diariodegarca.com\/?cat=781171664"},"img":{"alt_text":"","src":"https:\/\/i0.wp.com\/diariodegarca.com\/wp-content\/uploads\/2025\/05\/500084858_18302219050246526_4028368060180630968_n-e1760650460275.webp?fit=1080%2C704&ssl=1&resize=350%2C200","width":350,"height":200,"srcset":"https:\/\/i0.wp.com\/diariodegarca.com\/wp-content\/uploads\/2025\/05\/500084858_18302219050246526_4028368060180630968_n-e1760650460275.webp?fit=1080%2C704&ssl=1&resize=350%2C200 1x, https:\/\/i0.wp.com\/diariodegarca.com\/wp-content\/uploads\/2025\/05\/500084858_18302219050246526_4028368060180630968_n-e1760650460275.webp?fit=1080%2C704&ssl=1&resize=525%2C300 1.5x, https:\/\/i0.wp.com\/diariodegarca.com\/wp-content\/uploads\/2025\/05\/500084858_18302219050246526_4028368060180630968_n-e1760650460275.webp?fit=1080%2C704&ssl=1&resize=700%2C400 2x, https:\/\/i0.wp.com\/diariodegarca.com\/wp-content\/uploads\/2025\/05\/500084858_18302219050246526_4028368060180630968_n-e1760650460275.webp?fit=1080%2C704&ssl=1&resize=1050%2C600 3x"},"classes":[]},{"id":7040,"url":"https:\/\/diariodegarca.com\/?p=7040","url_meta":{"origin":10055,"position":1},"title":"Pol\u00edcia Militar prende homem por roubo e furtos em s\u00e9rie na zona sul de Mar\u00edlia","author":"Di\u00e1rio de Gar\u00e7a","date":"23 de setembro de 2025","format":false,"excerpt":"Ap\u00f3s roubo em farm\u00e1cia e furtos em outros estabelecimentos, policiais localizaram e prenderam o suspeito em um centro de tratamento. Na tarde de domingo, 21 de setembro, uma a\u00e7\u00e3o coordenada entre diferentes equipes do 9\u00ba Batalh\u00e3o da Pol\u00edcia Militar (9\u00ba BPM) resultou na pris\u00e3o em flagrante de um homem por\u2026","rel":"","context":"Em &quot;Mar\u00edlia&quot;","block_context":{"text":"Mar\u00edlia","link":"https:\/\/diariodegarca.com\/?cat=683453294"},"img":{"alt_text":"","src":"https:\/\/i0.wp.com\/diariodegarca.com\/wp-content\/uploads\/2025\/09\/SnapInsta.to_551985741_18316643455246526_2768663160623585563_n.jpg?fit=1080%2C810&ssl=1&resize=350%2C200","width":350,"height":200,"srcset":"https:\/\/i0.wp.com\/diariodegarca.com\/wp-content\/uploads\/2025\/09\/SnapInsta.to_551985741_18316643455246526_2768663160623585563_n.jpg?fit=1080%2C810&ssl=1&resize=350%2C200 1x, https:\/\/i0.wp.com\/diariodegarca.com\/wp-content\/uploads\/2025\/09\/SnapInsta.to_551985741_18316643455246526_2768663160623585563_n.jpg?fit=1080%2C810&ssl=1&resize=525%2C300 1.5x, https:\/\/i0.wp.com\/diariodegarca.com\/wp-content\/uploads\/2025\/09\/SnapInsta.to_551985741_18316643455246526_2768663160623585563_n.jpg?fit=1080%2C810&ssl=1&resize=700%2C400 2x, https:\/\/i0.wp.com\/diariodegarca.com\/wp-content\/uploads\/2025\/09\/SnapInsta.to_551985741_18316643455246526_2768663160623585563_n.jpg?fit=1080%2C810&ssl=1&resize=1050%2C600 3x"},"classes":[]},{"id":10088,"url":"https:\/\/diariodegarca.com\/?p=10088","url_meta":{"origin":10055,"position":2},"title":"Ap\u00f3s furto em com\u00e9rcio, PM prende homem que confessa mais crimes em Gar\u00e7a","author":"Di\u00e1rio de Gar\u00e7a","date":"17 de janeiro de 2026","format":false,"excerpt":"Um homem foi preso em flagrante em Gar\u00e7a, acusado de furto a um com\u00e9rcio. Ele confessou o crime e outros tr\u00eas similares. Todo o dinheiro subtra\u00eddo foi recuperado.","rel":"","context":"Em &quot;Gar\u00e7a&quot;","block_context":{"text":"Gar\u00e7a","link":"https:\/\/diariodegarca.com\/?cat=781171664"},"img":{"alt_text":"","src":"https:\/\/i0.wp.com\/diariodegarca.com\/wp-content\/uploads\/2026\/01\/dinheiro.webp?fit=1200%2C900&ssl=1&resize=350%2C200","width":350,"height":200,"srcset":"https:\/\/i0.wp.com\/diariodegarca.com\/wp-content\/uploads\/2026\/01\/dinheiro.webp?fit=1200%2C900&ssl=1&resize=350%2C200 1x, https:\/\/i0.wp.com\/diariodegarca.com\/wp-content\/uploads\/2026\/01\/dinheiro.webp?fit=1200%2C900&ssl=1&resize=525%2C300 1.5x, https:\/\/i0.wp.com\/diariodegarca.com\/wp-content\/uploads\/2026\/01\/dinheiro.webp?fit=1200%2C900&ssl=1&resize=700%2C400 2x, https:\/\/i0.wp.com\/diariodegarca.com\/wp-content\/uploads\/2026\/01\/dinheiro.webp?fit=1200%2C900&ssl=1&resize=1050%2C600 3x"},"classes":[]},{"id":4159,"url":"https:\/\/diariodegarca.com\/?p=4159","url_meta":{"origin":10055,"position":3},"title":"A\u00e7\u00f5es policiais prendem suspeitos por roubo, furto e tr\u00e1fico em cidades da regi\u00e3o","author":"Di\u00e1rio de Gar\u00e7a","date":"23 de junho de 2025","format":false,"excerpt":"Em opera\u00e7\u00f5es realizadas no fim de semana, policiais militares do 9\u00ba Batalh\u00e3o do Interior prenderam criminosos em flagrante em Mar\u00edlia, Pomp\u00e9ia e Tup\u00e3; drogas, ve\u00edculo furtado e objetos roubados foram apreendidos. No \u00faltimo fim de semana, o\u00a09\u00ba Batalh\u00e3o de Pol\u00edcia Militar do Interior\u00a0registrou ocorr\u00eancias em diferentes cidades da regi\u00e3o, resultando\u2026","rel":"","context":"Em &quot;Mar\u00edlia&quot;","block_context":{"text":"Mar\u00edlia","link":"https:\/\/diariodegarca.com\/?cat=683453294"},"img":{"alt_text":"","src":"https:\/\/i0.wp.com\/diariodegarca.com\/wp-content\/uploads\/2025\/06\/503566608_18306010942246526_8008225824564545424_n-e1764161649475.webp?fit=1080%2C733&ssl=1&resize=350%2C200","width":350,"height":200,"srcset":"https:\/\/i0.wp.com\/diariodegarca.com\/wp-content\/uploads\/2025\/06\/503566608_18306010942246526_8008225824564545424_n-e1764161649475.webp?fit=1080%2C733&ssl=1&resize=350%2C200 1x, https:\/\/i0.wp.com\/diariodegarca.com\/wp-content\/uploads\/2025\/06\/503566608_18306010942246526_8008225824564545424_n-e1764161649475.webp?fit=1080%2C733&ssl=1&resize=525%2C300 1.5x, https:\/\/i0.wp.com\/diariodegarca.com\/wp-content\/uploads\/2025\/06\/503566608_18306010942246526_8008225824564545424_n-e1764161649475.webp?fit=1080%2C733&ssl=1&resize=700%2C400 2x, https:\/\/i0.wp.com\/diariodegarca.com\/wp-content\/uploads\/2025\/06\/503566608_18306010942246526_8008225824564545424_n-e1764161649475.webp?fit=1080%2C733&ssl=1&resize=1050%2C600 3x"},"classes":[]},{"id":8656,"url":"https:\/\/diariodegarca.com\/?p=8656","url_meta":{"origin":10055,"position":4},"title":"Vigilante det\u00e9m suspeito por furto a com\u00e9rcios no Terminal Rodovi\u00e1rio de Gar\u00e7a","author":"Andreza Sega","date":"11 de novembro de 2025","format":false,"excerpt":"Homem foi flagrado com diversos produtos subtra\u00eddos de um trailer de alimenta\u00e7\u00e3o e de uma quitanda; propriet\u00e1rios reconheceram itens e acionaram a pol\u00edcia. Um homem foi preso em flagrante na manh\u00e3 desta ter\u00e7a-feira, 11 de novembro, ap\u00f3s furtar itens de dois estabelecimentos comerciais na cidade de Gar\u00e7a. A a\u00e7\u00e3o policial\u2026","rel":"","context":"Em &quot;Gar\u00e7a&quot;","block_context":{"text":"Gar\u00e7a","link":"https:\/\/diariodegarca.com\/?cat=781171664"},"img":{"alt_text":"","src":"https:\/\/i0.wp.com\/diariodegarca.com\/wp-content\/uploads\/2025\/11\/WhatsApp-Image-2025-11-11-at-14.38.14.jpeg?fit=1200%2C900&ssl=1&resize=350%2C200","width":350,"height":200,"srcset":"https:\/\/i0.wp.com\/diariodegarca.com\/wp-content\/uploads\/2025\/11\/WhatsApp-Image-2025-11-11-at-14.38.14.jpeg?fit=1200%2C900&ssl=1&resize=350%2C200 1x, https:\/\/i0.wp.com\/diariodegarca.com\/wp-content\/uploads\/2025\/11\/WhatsApp-Image-2025-11-11-at-14.38.14.jpeg?fit=1200%2C900&ssl=1&resize=525%2C300 1.5x, https:\/\/i0.wp.com\/diariodegarca.com\/wp-content\/uploads\/2025\/11\/WhatsApp-Image-2025-11-11-at-14.38.14.jpeg?fit=1200%2C900&ssl=1&resize=700%2C400 2x, https:\/\/i0.wp.com\/diariodegarca.com\/wp-content\/uploads\/2025\/11\/WhatsApp-Image-2025-11-11-at-14.38.14.jpeg?fit=1200%2C900&ssl=1&resize=1050%2C600 3x"},"classes":[]},{"id":2015,"url":"https:\/\/diariodegarca.com\/?p=2015","url_meta":{"origin":10055,"position":5},"title":"Pol\u00edcia Militar prende dois por furto a quitanda e apreende drogas e arma em Tup\u00e3","author":"Di\u00e1rio de Gar\u00e7a","date":"20 de maio de 2025","format":false,"excerpt":"Na \u00faltima segunda-feira, dia 19 de maio, o\u00a09\u00ba Batalh\u00e3o de Pol\u00edcia Militar do Interior\u00a0registrou duas ocorr\u00eancias de destaque em\u00a0Tup\u00e3, resultando em pris\u00f5es em flagrante por furto qualificado, recepta\u00e7\u00e3o e tr\u00e1fico de drogas. Furto a estabelecimento comercial Por volta das\u00a05h, o propriet\u00e1rio de uma\u00a0quitanda\u00a0no centro da cidade acionou a\u00a0Pol\u00edcia Militar\u00a0ap\u00f3s flagrar\u2026","rel":"","context":"Em &quot;Seguran\u00e7a&quot;","block_context":{"text":"Seguran\u00e7a","link":"https:\/\/diariodegarca.com\/?cat=21243"},"img":{"alt_text":"","src":"","width":0,"height":0},"classes":[]}],"_links":{"self":[{"href":"https:\/\/diariodegarca.com\/index.php?rest_route=\/wp\/v2\/posts\/10055","targetHints":{"allow":["GET"]}}],"collection":[{"href":"https:\/\/diariodegarca.com\/index.php?rest_route=\/wp\/v2\/posts"}],"about":[{"href":"https:\/\/diariodegarca.com\/index.php?rest_route=\/wp\/v2\/types\/post"}],"author":[{"embeddable":true,"href":"https:\/\/diariodegarca.com\/index.php?rest_route=\/wp\/v2\/users\/260896546"}],"replies":[{"embeddable":true,"href":"https:\/\/diariodegarca.com\/index.php?rest_route=%2Fwp%2Fv2%2Fcomments&post=10055"}],"version-history":[{"count":0,"href":"https:\/\/diariodegarca.com\/index.php?rest_route=\/wp\/v2\/posts\/10055\/revisions"}],"wp:featuredmedia":[{"embeddable":true,"href":"https:\/\/diariodegarca.com\/index.php?rest_route=\/wp\/v2\/media\/10054"}],"wp:attachment":[{"href":"https:\/\/diariodegarca.com\/index.php?rest_route=%2Fwp%2Fv2%2Fmedia&parent=10055"}],"wp:term":[{"taxonomy":"category","embeddable":true,"href":"https:\/\/diariodegarca.com\/index.php?rest_route=%2Fwp%2Fv2%2Fcategories&post=10055"},{"taxonomy":"post_tag","embeddable":true,"href":"https:\/\/diariodegarca.com\/index.php?rest_route=%2Fwp%2Fv2%2Ftags&post=10055"}],"curies":[{"name":"wp","href":"https:\/\/api.w.org\/{rel}","templated":true}]}}