{"id":10097,"date":"2026-01-17T23:23:30","date_gmt":"2026-01-18T02:23:30","guid":{"rendered":"https:\/\/diariodegarca.com\/?p=10097"},"modified":"2026-01-17T23:23:30","modified_gmt":"2026-01-18T02:23:30","slug":"patrulhamento-em-garca-leva-procurado-por-furto-a-prisao","status":"publish","type":"post","link":"https:\/\/diariodegarca.com\/?p=10097","title":{"rendered":"Patrulhamento em Gar\u00e7a leva procurado por furto \u00e0 pris\u00e3o"},"content":{"rendered":"\n<p class=\"wp-block-paragraph\"><em>Durante a\u00e7\u00e3o rotineira no bairro Ferrar\u00f3polis, policiais militares identificaram e capturaram indiv\u00edduo com mandado de pris\u00e3o em aberto, que agora inicia cumprimento de pena em regime semiaberto.<\/em><\/p>\n\n\n\n<p class=\"wp-block-paragraph\">Na noite de segunda-feira, 12 de janeiro, uma a\u00e7\u00e3o de rotina do Radiopatrulhamento da Pol\u00edcia Militar resultou na pris\u00e3o de um homem procurado pela Justi\u00e7a. O fato ocorreu durante um patrulhamento preventivo realizado em uma \u00e1rea de ch\u00e1caras no bairro Ferrar\u00f3polis, em Gar\u00e7a.<\/p>\n\n\n\n<p class=\"wp-block-paragraph\">Por volta das 19h, os policiais avistaram tr\u00eas indiv\u00edduos em atitude considerada suspeita e procederam com a abordagem e busca pessoal. Embora nada de il\u00edcito tenha sido encontrado com os homens, a consulta aos registros criminais revelou que um deles era alvo da Justi\u00e7a. Em seu desfavor, pesava um mandado de pris\u00e3o expedido para cumprimento de pena de um ano, quatro meses e quinze dias, em regime prisional semiaberto, pelo crime de furto.<\/p>\n\n\n\n<p class=\"wp-block-paragraph\">Diante da confirma\u00e7\u00e3o da ordem judicial, o indiv\u00edduo foi imediatamente detido. Ele foi conduzido \u00e0 Central de Pol\u00edcia Judici\u00e1ria (CPJ) de Mar\u00edlia e, ap\u00f3s os tr\u00e2mites legais, foi apresentado ao sistema prisional para dar in\u00edcio ao cumprimento efetivo da pena.<\/p>\n","protected":false},"excerpt":{"rendered":"<p>Durante patrulhamento em Ferrar\u00f3polis, policiais capturaram homem com mandado de pris\u00e3o por furto. Ele inicia pena de um ano e quatro meses em regime semiaberto, ap\u00f3s abordagem de rotina.<\/p>\n","protected":false},"author":260896546,"featured_media":10104,"comment_status":"open","ping_status":"open","sticky":false,"template":"","format":"standard","meta":{"_monsterinsights_skip_tracking":false,"advanced_seo_description":"Pol\u00edcia Militar captura homem com mandado de pris\u00e3o em Ferrar\u00f3polis. Ele inicia pena de 1 ano e 4 meses em regime semiaberto.","jetpack_seo_html_title":"Pol\u00edcia Militar Prende Foragido em Ferrar\u00f3polis","jetpack_seo_noindex":false,"jetpack_seo_schema_type":"","_jetpack_newsletter_access":"","_jetpack_dont_email_post_to_subs":false,"_jetpack_newsletter_tier_id":0,"_jetpack_memberships_contains_paywalled_content":false,"_wpcom_ai_launchpad_first_post":false,"_jetpack_feature_clip_id":0,"_jetpack_memberships_contains_paid_content":false,"footnotes":"","jetpack_publicize_message":"\ud83d\udd0d Patrulhamento leva \u00e0 pris\u00e3o de procurado da justi\u00e7a em Gar\u00e7a\n\nNa noite de segunda (12\/01), policiais militares prenderam um homem com mandado de pris\u00e3o em aberto durante patrulhamento preventivo no bairro Ferrar\u00f3polis, em Gar\u00e7a.\n\nLeia a mat\u00e9ria completa em diariodegarca.com!\n\n#Gar\u00e7a #Seguran\u00e7aPublica #Policiamento #Di\u00e1riodeGar\u00e7a #Furto #Pris\u00e3o #Ferrar\u00f3polis","jetpack_publicize_feature_enabled":true,"jetpack_social_post_already_shared":false,"jetpack_social_options":{"image_generator_settings":{"template":"fullscreen","default_image_id":0,"font":"","enabled":false},"version":2},"_wpas_customize_per_network":false,"jetpack_post_was_ever_published":false},"categories":[781171664,21243],"tags":[],"class_list":["post-10097","post","type-post","status-publish","format-standard","has-post-thumbnail","hentry","category-garca-cidade","category-seguranca"],"jetpack_publicize_connections":[],"jetpack_likes_enabled":true,"jetpack_sharing_enabled":true,"jetpack_shortlink":"https:\/\/wp.me\/pgitne-2CR","jetpack-related-posts":[{"id":8580,"url":"https:\/\/diariodegarca.com\/?p=8580","url_meta":{"origin":10097,"position":0},"title":"Pol\u00edcia Militar prende foragido da justi\u00e7a por recepta\u00e7\u00e3o durante patrulhamento em Gar\u00e7a","author":"Andreza Sega","date":"9 de novembro de 2025","format":false,"excerpt":"Homem era procurado para cumprir pena de dois anos e sete meses em regime fechado; a\u00e7\u00e3o ocorreu no bairro Araceli. Um homem foi preso na manh\u00e3 de s\u00e1bado, 8 de novembro, em Gar\u00e7a, durante uma a\u00e7\u00e3o de patrulhamento rotineira do 9\u00ba Batalh\u00e3o de Pol\u00edcia Militar do Interior (9\u00ba BPM\/I). A\u2026","rel":"","context":"Em &quot;Gar\u00e7a&quot;","block_context":{"text":"Gar\u00e7a","link":"https:\/\/diariodegarca.com\/?cat=781171664"},"img":{"alt_text":"","src":"https:\/\/i0.wp.com\/diariodegarca.com\/wp-content\/uploads\/2025\/10\/SnapInsta.to_557528506_18318068773246526_832833806383143441_n-e1760795315532.jpg?fit=1080%2C750&ssl=1&resize=350%2C200","width":350,"height":200,"srcset":"https:\/\/i0.wp.com\/diariodegarca.com\/wp-content\/uploads\/2025\/10\/SnapInsta.to_557528506_18318068773246526_832833806383143441_n-e1760795315532.jpg?fit=1080%2C750&ssl=1&resize=350%2C200 1x, https:\/\/i0.wp.com\/diariodegarca.com\/wp-content\/uploads\/2025\/10\/SnapInsta.to_557528506_18318068773246526_832833806383143441_n-e1760795315532.jpg?fit=1080%2C750&ssl=1&resize=525%2C300 1.5x, https:\/\/i0.wp.com\/diariodegarca.com\/wp-content\/uploads\/2025\/10\/SnapInsta.to_557528506_18318068773246526_832833806383143441_n-e1760795315532.jpg?fit=1080%2C750&ssl=1&resize=700%2C400 2x, https:\/\/i0.wp.com\/diariodegarca.com\/wp-content\/uploads\/2025\/10\/SnapInsta.to_557528506_18318068773246526_832833806383143441_n-e1760795315532.jpg?fit=1080%2C750&ssl=1&resize=1050%2C600 3x"},"classes":[]},{"id":9227,"url":"https:\/\/diariodegarca.com\/?p=9227","url_meta":{"origin":10097,"position":1},"title":"For\u00e7a T\u00e1tica prende procurado pela Justi\u00e7a no bairro Paineiras, em Gar\u00e7a","author":"Andreza Sega","date":"1 de dezembro de 2025","format":false,"excerpt":"Homem com mandado de pris\u00e3o em aberto foi localizado e capturado por policiais militares durante patrulhamento de rotina na tarde de sexta-feira. Na tarde da \u00faltima sexta-feira, 28 de novembro, por volta das 18h13, uma a\u00e7\u00e3o da For\u00e7a T\u00e1tica da 4\u00aa Companhia da Pol\u00edcia Militar resultou na captura de um\u2026","rel":"","context":"Em &quot;Gar\u00e7a&quot;","block_context":{"text":"Gar\u00e7a","link":"https:\/\/diariodegarca.com\/?cat=781171664"},"img":{"alt_text":"","src":"https:\/\/i0.wp.com\/diariodegarca.com\/wp-content\/uploads\/2025\/09\/SnapInsta.to_553032039_18317046430246526_2415893925996311691_n-e1762784179548.webp?fit=1200%2C832&ssl=1&resize=350%2C200","width":350,"height":200,"srcset":"https:\/\/i0.wp.com\/diariodegarca.com\/wp-content\/uploads\/2025\/09\/SnapInsta.to_553032039_18317046430246526_2415893925996311691_n-e1762784179548.webp?fit=1200%2C832&ssl=1&resize=350%2C200 1x, https:\/\/i0.wp.com\/diariodegarca.com\/wp-content\/uploads\/2025\/09\/SnapInsta.to_553032039_18317046430246526_2415893925996311691_n-e1762784179548.webp?fit=1200%2C832&ssl=1&resize=525%2C300 1.5x, https:\/\/i0.wp.com\/diariodegarca.com\/wp-content\/uploads\/2025\/09\/SnapInsta.to_553032039_18317046430246526_2415893925996311691_n-e1762784179548.webp?fit=1200%2C832&ssl=1&resize=700%2C400 2x, https:\/\/i0.wp.com\/diariodegarca.com\/wp-content\/uploads\/2025\/09\/SnapInsta.to_553032039_18317046430246526_2415893925996311691_n-e1762784179548.webp?fit=1200%2C832&ssl=1&resize=1050%2C600 3x"},"classes":[]},{"id":7364,"url":"https:\/\/diariodegarca.com\/?p=7364","url_meta":{"origin":10097,"position":2},"title":"\u00a0Pol\u00edcia Militar prende dois procurados pela Justi\u00e7a em a\u00e7\u00f5es realizadas em Gar\u00e7a","author":"Andreza Sega","date":"2 de outubro de 2025","format":false,"excerpt":"Opera\u00e7\u00f5es ocorreram em diferentes hor\u00e1rios e bairros da cidade, resultando no cumprimento de mandados de pris\u00e3o civil. A Pol\u00edcia Militar registrou duas ocorr\u00eancias de pris\u00e3o de procurados pela Justi\u00e7a na \u00faltima ter\u00e7a-feira, 30 de setembro, no munic\u00edpio de Gar\u00e7a. As a\u00e7\u00f5es, realizadas em hor\u00e1rios e locais distintos, cumpriram mandados judiciais\u2026","rel":"","context":"Em &quot;Gar\u00e7a&quot;","block_context":{"text":"Gar\u00e7a","link":"https:\/\/diariodegarca.com\/?cat=781171664"},"img":{"alt_text":"","src":"https:\/\/i0.wp.com\/diariodegarca.com\/wp-content\/uploads\/2025\/09\/snapinsta.to_541509882_18314372977246526_9078746985333242125_n.jpg?fit=1080%2C1080&ssl=1&resize=350%2C200","width":350,"height":200,"srcset":"https:\/\/i0.wp.com\/diariodegarca.com\/wp-content\/uploads\/2025\/09\/snapinsta.to_541509882_18314372977246526_9078746985333242125_n.jpg?fit=1080%2C1080&ssl=1&resize=350%2C200 1x, https:\/\/i0.wp.com\/diariodegarca.com\/wp-content\/uploads\/2025\/09\/snapinsta.to_541509882_18314372977246526_9078746985333242125_n.jpg?fit=1080%2C1080&ssl=1&resize=525%2C300 1.5x, https:\/\/i0.wp.com\/diariodegarca.com\/wp-content\/uploads\/2025\/09\/snapinsta.to_541509882_18314372977246526_9078746985333242125_n.jpg?fit=1080%2C1080&ssl=1&resize=700%2C400 2x, https:\/\/i0.wp.com\/diariodegarca.com\/wp-content\/uploads\/2025\/09\/snapinsta.to_541509882_18314372977246526_9078746985333242125_n.jpg?fit=1080%2C1080&ssl=1&resize=1050%2C600 3x"},"classes":[]},{"id":6259,"url":"https:\/\/diariodegarca.com\/?p=6259","url_meta":{"origin":10097,"position":3},"title":"Opera\u00e7\u00e3o Impacto prende indiv\u00edduo procurado por tr\u00e1fico de drogas em Gar\u00e7a","author":"Di\u00e1rio de Gar\u00e7a","date":"2 de setembro de 2025","format":false,"excerpt":"Durante patrulhamento de rotina no bairro Salgueiro, equipe da For\u00e7a T\u00e1tica localizou homem com mandado de pris\u00e3o em aberto, que foi encaminhado para a delegacia. Um homem com mandado de pris\u00e3o em aberto foi capturado pela Pol\u00edcia Militar na noite de segunda-feira, 1\u00ba de setembro, no bairro Salgueiro, em Gar\u00e7a.\u2026","rel":"","context":"Em &quot;Gar\u00e7a&quot;","block_context":{"text":"Gar\u00e7a","link":"https:\/\/diariodegarca.com\/?cat=781171664"},"img":{"alt_text":"","src":"https:\/\/i0.wp.com\/diariodegarca.com\/wp-content\/uploads\/2025\/07\/522381887_4217999475080153_2060988269710767919_n.heic?fit=640%2C640&ssl=1&resize=350%2C200","width":350,"height":200,"srcset":"https:\/\/i0.wp.com\/diariodegarca.com\/wp-content\/uploads\/2025\/07\/522381887_4217999475080153_2060988269710767919_n.heic?fit=640%2C640&ssl=1&resize=350%2C200 1x, https:\/\/i0.wp.com\/diariodegarca.com\/wp-content\/uploads\/2025\/07\/522381887_4217999475080153_2060988269710767919_n.heic?fit=640%2C640&ssl=1&resize=525%2C300 1.5x"},"classes":[]},{"id":10310,"url":"https:\/\/diariodegarca.com\/?p=10310","url_meta":{"origin":10097,"position":4},"title":"Mulher \u00e9 capturada em Gar\u00e7a com mandado por tr\u00e1fico de drogas","author":"Di\u00e1rio de Gar\u00e7a","date":"30 de janeiro de 2026","format":false,"excerpt":"Em patrulha preventiva, policiais militares localizam e prendem mulher que era procurada pela Justi\u00e7a desde 2025. Em uma a\u00e7\u00e3o de rotina que resultou na pris\u00e3o de uma procurada pela Justi\u00e7a, policiais militares da 4\u00aa Companhia capturaram uma mulher na tarde desta quinta-feira, 29 de janeiro, no bairro Labien\u00f3polis. A pris\u00e3o\u2026","rel":"","context":"Em &quot;Gar\u00e7a&quot;","block_context":{"text":"Gar\u00e7a","link":"https:\/\/diariodegarca.com\/?cat=781171664"},"img":{"alt_text":"","src":"https:\/\/i0.wp.com\/diariodegarca.com\/wp-content\/uploads\/2025\/08\/snapinsta.to_538731954_18313351471246526_1871743859055979954_n-1-e1762717736830.webp?fit=1080%2C716&ssl=1&resize=350%2C200","width":350,"height":200,"srcset":"https:\/\/i0.wp.com\/diariodegarca.com\/wp-content\/uploads\/2025\/08\/snapinsta.to_538731954_18313351471246526_1871743859055979954_n-1-e1762717736830.webp?fit=1080%2C716&ssl=1&resize=350%2C200 1x, https:\/\/i0.wp.com\/diariodegarca.com\/wp-content\/uploads\/2025\/08\/snapinsta.to_538731954_18313351471246526_1871743859055979954_n-1-e1762717736830.webp?fit=1080%2C716&ssl=1&resize=525%2C300 1.5x, https:\/\/i0.wp.com\/diariodegarca.com\/wp-content\/uploads\/2025\/08\/snapinsta.to_538731954_18313351471246526_1871743859055979954_n-1-e1762717736830.webp?fit=1080%2C716&ssl=1&resize=700%2C400 2x, https:\/\/i0.wp.com\/diariodegarca.com\/wp-content\/uploads\/2025\/08\/snapinsta.to_538731954_18313351471246526_1871743859055979954_n-1-e1762717736830.webp?fit=1080%2C716&ssl=1&resize=1050%2C600 3x"},"classes":[]},{"id":6383,"url":"https:\/\/diariodegarca.com\/?p=6383","url_meta":{"origin":10097,"position":5},"title":"Pol\u00edcia captura condenado da Justi\u00e7a no Jardim Brasil, em Gar\u00e7a","author":"Di\u00e1rio de Gar\u00e7a","date":"4 de setembro de 2025","format":false,"excerpt":"Homem, com pena de 11 meses em regime semiaberto, foi localizado pela For\u00e7a T\u00e1tica e encaminhado para audi\u00eancia de cust\u00f3dia ap\u00f3s cumprimento de mandado. Em uma a\u00e7\u00e3o de patrulhamento de rotina na tarde desta quinta-feira, 4 de agosto, policiais militares da For\u00e7a T\u00e1tica da 4\u00aa Companhia efetuaram a pris\u00e3o de\u2026","rel":"","context":"Em &quot;Gar\u00e7a&quot;","block_context":{"text":"Gar\u00e7a","link":"https:\/\/diariodegarca.com\/?cat=781171664"},"img":{"alt_text":"","src":"https:\/\/i0.wp.com\/diariodegarca.com\/wp-content\/uploads\/2025\/08\/na-sexta-feira-08-equipes-do-9o-batalhao-de-policia-militar-do-interior-realizaram-a-captura.webp?fit=1080%2C810&ssl=1&resize=350%2C200","width":350,"height":200,"srcset":"https:\/\/i0.wp.com\/diariodegarca.com\/wp-content\/uploads\/2025\/08\/na-sexta-feira-08-equipes-do-9o-batalhao-de-policia-militar-do-interior-realizaram-a-captura.webp?fit=1080%2C810&ssl=1&resize=350%2C200 1x, https:\/\/i0.wp.com\/diariodegarca.com\/wp-content\/uploads\/2025\/08\/na-sexta-feira-08-equipes-do-9o-batalhao-de-policia-militar-do-interior-realizaram-a-captura.webp?fit=1080%2C810&ssl=1&resize=525%2C300 1.5x, https:\/\/i0.wp.com\/diariodegarca.com\/wp-content\/uploads\/2025\/08\/na-sexta-feira-08-equipes-do-9o-batalhao-de-policia-militar-do-interior-realizaram-a-captura.webp?fit=1080%2C810&ssl=1&resize=700%2C400 2x, https:\/\/i0.wp.com\/diariodegarca.com\/wp-content\/uploads\/2025\/08\/na-sexta-feira-08-equipes-do-9o-batalhao-de-policia-militar-do-interior-realizaram-a-captura.webp?fit=1080%2C810&ssl=1&resize=1050%2C600 3x"},"classes":[]}],"jetpack_featured_media_url":"https:\/\/i0.wp.com\/diariodegarca.com\/wp-content\/uploads\/2026\/01\/Policia-3-e1768702866208.jpg?fit=1046%2C664&ssl=1","_links":{"self":[{"href":"https:\/\/diariodegarca.com\/index.php?rest_route=\/wp\/v2\/posts\/10097","targetHints":{"allow":["GET"]}}],"collection":[{"href":"https:\/\/diariodegarca.com\/index.php?rest_route=\/wp\/v2\/posts"}],"about":[{"href":"https:\/\/diariodegarca.com\/index.php?rest_route=\/wp\/v2\/types\/post"}],"author":[{"embeddable":true,"href":"https:\/\/diariodegarca.com\/index.php?rest_route=\/wp\/v2\/users\/260896546"}],"replies":[{"embeddable":true,"href":"https:\/\/diariodegarca.com\/index.php?rest_route=%2Fwp%2Fv2%2Fcomments&post=10097"}],"version-history":[{"count":4,"href":"https:\/\/diariodegarca.com\/index.php?rest_route=\/wp\/v2\/posts\/10097\/revisions"}],"predecessor-version":[{"id":10105,"href":"https:\/\/diariodegarca.com\/index.php?rest_route=\/wp\/v2\/posts\/10097\/revisions\/10105"}],"wp:featuredmedia":[{"embeddable":true,"href":"https:\/\/diariodegarca.com\/index.php?rest_route=\/wp\/v2\/media\/10104"}],"wp:attachment":[{"href":"https:\/\/diariodegarca.com\/index.php?rest_route=%2Fwp%2Fv2%2Fmedia&parent=10097"}],"wp:term":[{"taxonomy":"category","embeddable":true,"href":"https:\/\/diariodegarca.com\/index.php?rest_route=%2Fwp%2Fv2%2Fcategories&post=10097"},{"taxonomy":"post_tag","embeddable":true,"href":"https:\/\/diariodegarca.com\/index.php?rest_route=%2Fwp%2Fv2%2Ftags&post=10097"}],"curies":[{"name":"wp","href":"https:\/\/api.w.org\/{rel}","templated":true}]}}