{"id":10125,"date":"2026-01-18T21:34:24","date_gmt":"2026-01-19T00:34:24","guid":{"rendered":"https:\/\/diariodegarca.com\/?p=10125"},"modified":"2026-01-18T21:34:24","modified_gmt":"2026-01-19T00:34:24","slug":"acompanhamento-policial-termina-com-prisao-por-trafico-e-apreensao-de-drogas-em-garca","status":"publish","type":"post","link":"https:\/\/diariodegarca.com\/?p=10125","title":{"rendered":"Acompanhamento policial termina com pris\u00e3o por tr\u00e1fico e apreens\u00e3o de drogas em Gar\u00e7a"},"content":{"rendered":"\n<p class=\"wp-block-paragraph\"><em>Ap\u00f3s descartar sacola suspeita durante persegui\u00e7\u00e3o, homem foi detido; condutor da motocicleta fugiu, mas teve infra\u00e7\u00f5es de tr\u00e2nsito autuadas.<\/em><\/p>\n\n\n\n<p class=\"wp-block-paragraph\">Na noite de s\u00e1bado, 17 de janeiro, uma a\u00e7\u00e3o de rotina das equipes de Radiopatrulhamento resultou na pris\u00e3o de um homem por tr\u00e1fico de drogas em Gar\u00e7a. O fato ocorreu durante um patrulhamento preventivo pela avenida Dr. Labieno da Costa Machado.<\/p>\n\n\n\n<p class=\"wp-block-paragraph\">Os policiais iniciaram o acompanhamento de uma motocicleta com dois ocupantes que apresentaram atitude suspeita. Durante o trajeto, observaram o passageiro descartar uma sacola. A abordagem foi concretizada na rua Padre de Toledo Leite, onde o passageiro foi detido. O condutor do ve\u00edculo, no entanto, conseguiu evadir-se do local.<\/p>\n\n\n\n<p class=\"wp-block-paragraph\">Com o homem abordado, os agentes encontraram R$ 310,00 em esp\u00e9cie. Ap\u00f3s a deten\u00e7\u00e3o, retornaram ao ponto inicial, na rua Santana, onde localizaram a sacola que havia sido jogada. Dentro dela, havia 24 microtubos contendo coca\u00edna.<\/p>\n\n\n\n<p class=\"wp-block-paragraph\">Os investigadores prosseguiram com dilig\u00eancias na resid\u00eancia do infrator. No local, foram apreendidos uma pedra bruta de crack, uma por\u00e7\u00e3o de coca\u00edna, uma por\u00e7\u00e3o de maconha do tipo \u201cdry ice\u201d, mais cinco microtubos de coca\u00edna, material utilizado para a embalagem de entorpecentes e um tablet.<\/p>\n\n\n\n<p class=\"wp-block-paragraph\">A ocorr\u00eancia foi registrada e apresentada na Central de Pol\u00edcia Judici\u00e1ria de Mar\u00edlia. As infra\u00e7\u00f5es de tr\u00e2nsito cometidas pelo condutor que fugiu durante a a\u00e7\u00e3o policial foram identificadas e devidamente autuadas.<\/p>\n","protected":false},"excerpt":{"rendered":"<p>Durante uma a\u00e7\u00e3o policial em Gar\u00e7a, um homem foi preso por tr\u00e1fico de drogas ap\u00f3s descartar uma sacola com coca\u00edna durante persegui\u00e7\u00e3o em motocicleta. O condutor conseguiu fugir.<\/p>\n","protected":false},"author":260896546,"featured_media":10126,"comment_status":"open","ping_status":"open","sticky":false,"template":"","format":"standard","meta":{"_monsterinsights_skip_tracking":false,"advanced_seo_description":"Pris\u00e3o por tr\u00e1fico de drogas em Gar\u00e7a: homem detido ap\u00f3s descartar sacola com coca\u00edna durante persegui\u00e7\u00e3o policial. Saiba mais!","jetpack_seo_html_title":"Homem Detido por Tr\u00e1fico de Drogas em Gar\u00e7a: Detalhes da A\u00e7\u00e3o","jetpack_seo_noindex":false,"jetpack_seo_schema_type":"","_jetpack_newsletter_access":"","_jetpack_dont_email_post_to_subs":false,"_jetpack_newsletter_tier_id":0,"_jetpack_memberships_contains_paywalled_content":false,"_wpcom_ai_launchpad_first_post":false,"_jetpack_feature_clip_id":0,"_jetpack_memberships_contains_paid_content":false,"footnotes":"","jetpack_publicize_message":"\ud83d\udea8 Patrulha prende suspeito de tr\u00e1fico em Gar\u00e7a\n\nNa noite de s\u00e1bado (17\/01), policiais prenderam um homem por tr\u00e1fico de drogas ap\u00f3s persegui\u00e7\u00e3o em Gar\u00e7a. Durante patrulha, dois homens em uma moto agiram de forma suspeita; o passageiro jogou uma sacola. Abordado, foi encontrado com dinheiro. A sacola, recuperada, tinha 24 por\u00e7\u00f5es de coca\u00edna.\n\n\ud83d\udcd6 Leia a reportagem completa no site! diariodegarca.com\n\n#Gar\u00e7a #Seguran\u00e7aPublica #Policiamento #Di\u00e1riodeGar\u00e7a #Not\u00edcias #CombateAoTr\u00e1fico","jetpack_publicize_feature_enabled":true,"jetpack_social_post_already_shared":false,"jetpack_social_options":{"image_generator_settings":{"template":"fullscreen","default_image_id":0,"font":"","enabled":false},"version":2},"_wpas_customize_per_network":false,"jetpack_post_was_ever_published":false},"categories":[781171664,21243],"tags":[],"class_list":["post-10125","post","type-post","status-publish","format-standard","has-post-thumbnail","hentry","category-garca-cidade","category-seguranca"],"jetpack_publicize_connections":[],"jetpack_likes_enabled":true,"jetpack_sharing_enabled":true,"jetpack_shortlink":"https:\/\/wp.me\/pgitne-2Dj","jetpack-related-posts":[{"id":5099,"url":"https:\/\/diariodegarca.com\/?p=5099","url_meta":{"origin":10125,"position":0},"title":"Pol\u00edcia Militar prende homem por tr\u00e1fico e recuperam ve\u00edculo furtado em Gar\u00e7a","author":"Di\u00e1rio de Gar\u00e7a","date":"28 de julho de 2025","format":false,"excerpt":"Durante abordagem na SP 349, equipe do 9\u00b0 BPMI encontrou drogas e celulares no carro, que havia sido roubado na cidade; condutor foi detido. Na tarde deste domingo, 27 de julho, agentes do 9\u00b0 Batalh\u00e3o de Pol\u00edcia Militar do Interior (9\u00b0 BPMI) prenderam um homem por tr\u00e1fico de drogas e\u2026","rel":"","context":"Em &quot;Gar\u00e7a&quot;","block_context":{"text":"Gar\u00e7a","link":"https:\/\/diariodegarca.com\/?cat=781171664"},"img":{"alt_text":"","src":"https:\/\/i0.wp.com\/diariodegarca.com\/wp-content\/uploads\/2025\/07\/domingo-27-policias-militares-do-9c2b0-batalhao-de-policia-militar-do-interior-prenderam-um-hom-2.heic?fit=1080%2C566&ssl=1&resize=350%2C200","width":350,"height":200,"srcset":"https:\/\/i0.wp.com\/diariodegarca.com\/wp-content\/uploads\/2025\/07\/domingo-27-policias-militares-do-9c2b0-batalhao-de-policia-militar-do-interior-prenderam-um-hom-2.heic?fit=1080%2C566&ssl=1&resize=350%2C200 1x, https:\/\/i0.wp.com\/diariodegarca.com\/wp-content\/uploads\/2025\/07\/domingo-27-policias-militares-do-9c2b0-batalhao-de-policia-militar-do-interior-prenderam-um-hom-2.heic?fit=1080%2C566&ssl=1&resize=525%2C300 1.5x, https:\/\/i0.wp.com\/diariodegarca.com\/wp-content\/uploads\/2025\/07\/domingo-27-policias-militares-do-9c2b0-batalhao-de-policia-militar-do-interior-prenderam-um-hom-2.heic?fit=1080%2C566&ssl=1&resize=700%2C400 2x, https:\/\/i0.wp.com\/diariodegarca.com\/wp-content\/uploads\/2025\/07\/domingo-27-policias-militares-do-9c2b0-batalhao-de-policia-militar-do-interior-prenderam-um-hom-2.heic?fit=1080%2C566&ssl=1&resize=1050%2C600 3x"},"classes":[]},{"id":7242,"url":"https:\/\/diariodegarca.com\/?p=7242","url_meta":{"origin":10125,"position":1},"title":"Opera\u00e7\u00e3o da ROCAM em Mar\u00edlia prende homem com grande quantidade de drogas","author":"Di\u00e1rio de Gar\u00e7a","date":"29 de setembro de 2025","format":false,"excerpt":"Homem foi flagrado pela PM com quase 500 por\u00e7\u00f5es de entorpecentes, incluindo coca\u00edna, crack e maconha, ap\u00f3s tentar fugir de abordagem. Na noite de sexta-feira, 26 de setembro, uma a\u00e7\u00e3o de rotina da Rondas Ostensivas Com Apoio de Motocicletas (ROCAM) do 9\u00b0 Batalh\u00e3o da Pol\u00edcia Militar resultou na pris\u00e3o em\u2026","rel":"","context":"Em &quot;Mar\u00edlia&quot;","block_context":{"text":"Mar\u00edlia","link":"https:\/\/diariodegarca.com\/?cat=683453294"},"img":{"alt_text":"","src":"https:\/\/i0.wp.com\/diariodegarca.com\/wp-content\/uploads\/2025\/09\/SnapInsta.to_AQMgTHYd627jdcOMoDhYPjR1H_jDrU88GJZD9Qe_PdQt2HEWyBju2GET_DHdmxXPUaws2yGVTqp3L6y8sDDuGKPjb6FUces_8TG65Ro_022.jpg?fit=720%2C1008&ssl=1&resize=350%2C200","width":350,"height":200,"srcset":"https:\/\/i0.wp.com\/diariodegarca.com\/wp-content\/uploads\/2025\/09\/SnapInsta.to_AQMgTHYd627jdcOMoDhYPjR1H_jDrU88GJZD9Qe_PdQt2HEWyBju2GET_DHdmxXPUaws2yGVTqp3L6y8sDDuGKPjb6FUces_8TG65Ro_022.jpg?fit=720%2C1008&ssl=1&resize=350%2C200 1x, https:\/\/i0.wp.com\/diariodegarca.com\/wp-content\/uploads\/2025\/09\/SnapInsta.to_AQMgTHYd627jdcOMoDhYPjR1H_jDrU88GJZD9Qe_PdQt2HEWyBju2GET_DHdmxXPUaws2yGVTqp3L6y8sDDuGKPjb6FUces_8TG65Ro_022.jpg?fit=720%2C1008&ssl=1&resize=525%2C300 1.5x, https:\/\/i0.wp.com\/diariodegarca.com\/wp-content\/uploads\/2025\/09\/SnapInsta.to_AQMgTHYd627jdcOMoDhYPjR1H_jDrU88GJZD9Qe_PdQt2HEWyBju2GET_DHdmxXPUaws2yGVTqp3L6y8sDDuGKPjb6FUces_8TG65Ro_022.jpg?fit=720%2C1008&ssl=1&resize=700%2C400 2x"},"classes":[]},{"id":1980,"url":"https:\/\/diariodegarca.com\/?p=1980","url_meta":{"origin":10125,"position":2},"title":"Pol\u00edcia Militar apreende grande quantidade de drogas e det\u00eam suspeito em Mar\u00edlia","author":"Di\u00e1rio de Gar\u00e7a","date":"20 de maio de 2025","format":false,"excerpt":"Na segunda-feira, dia 19 de maio, durante patrulhamento na zona norte de Mar\u00edlia, equipes da Ronda Ostensiva Com Apoio de Motocicleta (ROCAM) do 9\u00ba Batalh\u00e3o de Pol\u00edcia Militar do Interior flagraram um indiv\u00edduo em atitude suspeita em uma \u00e1rea conhecida por pontos de venda de entorpecentes. Ao avistar os policiais,\u2026","rel":"","context":"Em &quot;Mar\u00edlia&quot;","block_context":{"text":"Mar\u00edlia","link":"https:\/\/diariodegarca.com\/?cat=683453294"},"img":{"alt_text":"","src":"","width":0,"height":0},"classes":[]},{"id":5034,"url":"https:\/\/diariodegarca.com\/?p=5034","url_meta":{"origin":10125,"position":3},"title":"PM prende suspeitos de sequestro, tr\u00e1fico e cumpre mandados em Mar\u00edlia, Tup\u00e3 e Pomp\u00e9ia","author":"Di\u00e1rio de Gar\u00e7a","date":"25 de julho de 2025","format":false,"excerpt":"Opera\u00e7\u00f5es do 9\u00ba BPM\/I resultaram em pris\u00f5es, apreens\u00e3o de armas e drogas em diferentes cidades da regi\u00e3o. A seguran\u00e7a p\u00fablica na regi\u00e3o de Mar\u00edlia esteve movimentada nesta semana, com a\u00e7\u00f5es policiais que resultaram na pris\u00e3o de criminosos envolvidos em crimes graves, como sequestro, tr\u00e1fico de drogas e posse ilegal de\u2026","rel":"","context":"Em &quot;Mar\u00edlia&quot;","block_context":{"text":"Mar\u00edlia","link":"https:\/\/diariodegarca.com\/?cat=683453294"},"img":{"alt_text":"","src":"https:\/\/i0.wp.com\/diariodegarca.com\/wp-content\/uploads\/2025\/07\/whatsapp-image-2025-07-25-at-15.40.53.jpeg?fit=1200%2C987&ssl=1&resize=350%2C200","width":350,"height":200,"srcset":"https:\/\/i0.wp.com\/diariodegarca.com\/wp-content\/uploads\/2025\/07\/whatsapp-image-2025-07-25-at-15.40.53.jpeg?fit=1200%2C987&ssl=1&resize=350%2C200 1x, https:\/\/i0.wp.com\/diariodegarca.com\/wp-content\/uploads\/2025\/07\/whatsapp-image-2025-07-25-at-15.40.53.jpeg?fit=1200%2C987&ssl=1&resize=525%2C300 1.5x, https:\/\/i0.wp.com\/diariodegarca.com\/wp-content\/uploads\/2025\/07\/whatsapp-image-2025-07-25-at-15.40.53.jpeg?fit=1200%2C987&ssl=1&resize=700%2C400 2x, https:\/\/i0.wp.com\/diariodegarca.com\/wp-content\/uploads\/2025\/07\/whatsapp-image-2025-07-25-at-15.40.53.jpeg?fit=1200%2C987&ssl=1&resize=1050%2C600 3x"},"classes":[]},{"id":9290,"url":"https:\/\/diariodegarca.com\/?p=9290","url_meta":{"origin":10125,"position":4},"title":"Opera\u00e7\u00e3o em Gar\u00e7a prende suspeito e apreende mais de 120 gramas de drogas","author":"Andreza Sega","date":"3 de dezembro de 2025","format":false,"excerpt":"Ap\u00f3s tentativa de fuga e arremesso de drogas em telhado, homem foi detido no bairro Cavalcante; ele admitiu envolvimento com o tr\u00e1fico, segundo a PM. Agentes da 4\u00aa Companhia de Pol\u00edcia Militar prenderam em flagrante, na noite de ter\u00e7a-feira, 2 de dezembro, um homem por tr\u00e1fico de drogas no bairro\u2026","rel":"","context":"Em &quot;Gar\u00e7a&quot;","block_context":{"text":"Gar\u00e7a","link":"https:\/\/diariodegarca.com\/?cat=781171664"},"img":{"alt_text":"","src":"https:\/\/i0.wp.com\/diariodegarca.com\/wp-content\/uploads\/2025\/12\/WhatsApp-Image-2025-12-03-at-08.36.31-1-e1764780092324.jpeg?fit=733%2C604&ssl=1&resize=350%2C200","width":350,"height":200,"srcset":"https:\/\/i0.wp.com\/diariodegarca.com\/wp-content\/uploads\/2025\/12\/WhatsApp-Image-2025-12-03-at-08.36.31-1-e1764780092324.jpeg?fit=733%2C604&ssl=1&resize=350%2C200 1x, https:\/\/i0.wp.com\/diariodegarca.com\/wp-content\/uploads\/2025\/12\/WhatsApp-Image-2025-12-03-at-08.36.31-1-e1764780092324.jpeg?fit=733%2C604&ssl=1&resize=525%2C300 1.5x, https:\/\/i0.wp.com\/diariodegarca.com\/wp-content\/uploads\/2025\/12\/WhatsApp-Image-2025-12-03-at-08.36.31-1-e1764780092324.jpeg?fit=733%2C604&ssl=1&resize=700%2C400 2x"},"classes":[]},{"id":4833,"url":"https:\/\/diariodegarca.com\/?p=4833","url_meta":{"origin":10125,"position":5},"title":"Pol\u00edcia Militar realiza opera\u00e7\u00f5es em Mar\u00edlia e Pompeia","author":"Di\u00e1rio de Gar\u00e7a","date":"20 de julho de 2025","format":false,"excerpt":"A\u00e7\u00f5es resultaram em pris\u00f5es, apreens\u00e3o de drogas e infra\u00e7\u00f5es de tr\u00e2nsito. Com opera\u00e7\u00f5es integradas e patrulhamento ostensivo, as equipes da Pol\u00edcia Militar trabalharam para coibir crimes, fiscalizando o tr\u00e2nsito e na preven\u00e7\u00e3o de situa\u00e7\u00f5es de risco em cidades da regi\u00e3o. Nos \u00faltimos dias, a\u00e7\u00f5es em Pomp\u00e9ia e Mar\u00edlia resultaram em\u2026","rel":"","context":"Em &quot;Fiscaliza\u00e7\u00e3o&quot;","block_context":{"text":"Fiscaliza\u00e7\u00e3o","link":"https:\/\/diariodegarca.com\/?cat=1192752"},"img":{"alt_text":"","src":"","width":0,"height":0},"classes":[]}],"jetpack_featured_media_url":"https:\/\/i0.wp.com\/diariodegarca.com\/wp-content\/uploads\/2026\/01\/garca.jpg?fit=1080%2C810&ssl=1","_links":{"self":[{"href":"https:\/\/diariodegarca.com\/index.php?rest_route=\/wp\/v2\/posts\/10125","targetHints":{"allow":["GET"]}}],"collection":[{"href":"https:\/\/diariodegarca.com\/index.php?rest_route=\/wp\/v2\/posts"}],"about":[{"href":"https:\/\/diariodegarca.com\/index.php?rest_route=\/wp\/v2\/types\/post"}],"author":[{"embeddable":true,"href":"https:\/\/diariodegarca.com\/index.php?rest_route=\/wp\/v2\/users\/260896546"}],"replies":[{"embeddable":true,"href":"https:\/\/diariodegarca.com\/index.php?rest_route=%2Fwp%2Fv2%2Fcomments&post=10125"}],"version-history":[{"count":3,"href":"https:\/\/diariodegarca.com\/index.php?rest_route=\/wp\/v2\/posts\/10125\/revisions"}],"predecessor-version":[{"id":10129,"href":"https:\/\/diariodegarca.com\/index.php?rest_route=\/wp\/v2\/posts\/10125\/revisions\/10129"}],"wp:featuredmedia":[{"embeddable":true,"href":"https:\/\/diariodegarca.com\/index.php?rest_route=\/wp\/v2\/media\/10126"}],"wp:attachment":[{"href":"https:\/\/diariodegarca.com\/index.php?rest_route=%2Fwp%2Fv2%2Fmedia&parent=10125"}],"wp:term":[{"taxonomy":"category","embeddable":true,"href":"https:\/\/diariodegarca.com\/index.php?rest_route=%2Fwp%2Fv2%2Fcategories&post=10125"},{"taxonomy":"post_tag","embeddable":true,"href":"https:\/\/diariodegarca.com\/index.php?rest_route=%2Fwp%2Fv2%2Ftags&post=10125"}],"curies":[{"name":"wp","href":"https:\/\/api.w.org\/{rel}","templated":true}]}}