{"id":10146,"date":"2026-01-19T16:12:29","date_gmt":"2026-01-19T19:12:29","guid":{"rendered":"https:\/\/diariodegarca.com\/?p=10146"},"modified":"2026-01-19T16:12:29","modified_gmt":"2026-01-19T19:12:29","slug":"biblioteca-de-garca-recebe-doacao-de-quebra-cabecas-e-reforca-acoes-de-bem-estar-emocional","status":"publish","type":"post","link":"https:\/\/diariodegarca.com\/?p=10146","title":{"rendered":"Biblioteca de Gar\u00e7a recebe doa\u00e7\u00e3o de quebra-cabe\u00e7as e refor\u00e7a a\u00e7\u00f5es de bem-estar emocional"},"content":{"rendered":"\n<p class=\"wp-block-paragraph\"><em>Parceria com a empresa FelizMente, <em>doa jogos que ser\u00e3o usados em atividades focadas em conviv\u00eancia, sa\u00fade emocional e acolhimento na biblioteca p\u00fablica.<\/em><\/em><\/p>\n\n\n\n<p class=\"wp-block-paragraph\">A Biblioteca Municipal de Gar\u00e7a \u201cDr. Rafael Paes de Barros\u201d acaba de fortalecer seu papel como espa\u00e7o cultural e de conviv\u00eancia ao receber a doa\u00e7\u00e3o de quebra-cabe\u00e7as da iniciativa FelizMente. A parceria passa a integrar as a\u00e7\u00f5es desenvolvidas pela biblioteca com foco no bem-estar, na conviv\u00eancia comunit\u00e1ria e no cuidado emocional dos frequentadores.<\/p>\n\n\n\n<p class=\"wp-block-paragraph\">Mais do que objetos l\u00fadicos, os quebra-cabe\u00e7as passam a ser ferramentas de est\u00edmulo \u00e0 presen\u00e7a, \u00e0 intera\u00e7\u00e3o e ao di\u00e1logo. A proposta est\u00e1 alinhada \u00e0 compreens\u00e3o da biblioteca como um espa\u00e7o vivo, que vai al\u00e9m da leitura e do empr\u00e9stimo de livros, promovendo experi\u00eancias que contribuem para a sa\u00fade emocional da popula\u00e7\u00e3o.<\/p>\n\n\n\n<h3 class=\"wp-block-heading\">Conex\u00f5es e cuidado<\/h3>\n\n\n\n<p class=\"wp-block-paragraph\">A FelizMente nasceu com o prop\u00f3sito de incentivar ideias livres e pessoas emocionalmente mais saud\u00e1veis, promovendo conex\u00f5es reais e momentos de qualidade. O uso dos quebra-cabe\u00e7as como instrumento de conviv\u00eancia busca estimular a aten\u00e7\u00e3o plena, a coopera\u00e7\u00e3o e a constru\u00e7\u00e3o coletiva, valores qie, segundo o espa\u00e7o, dialogam diretamente com a miss\u00e3o da Biblioteca Municipal.<\/p>\n\n\n\n<p class=\"wp-block-paragraph\">Para a equipe da biblioteca, a doa\u00e7\u00e3o representa o fortalecimento de um ambiente de acolhimento e leveza, onde cada atividade proposta carrega a inten\u00e7\u00e3o de cuidado e est\u00edmulo ao bem-estar. Cada pe\u00e7a montada simboliza encontro, empatia e a valoriza\u00e7\u00e3o do tempo compartilhado.<\/p>\n\n\n\n<p class=\"wp-block-paragraph\">A expectativa \u00e9 que a parceria com a FelizMente continue rendendo frutos e que novas atividades possam ser desenvolvidas ao longo do ano, sempre com foco em gerar&nbsp;<strong>momentos de leveza e conex\u00e3o<\/strong>&nbsp;para a comunidade garcense.<\/p>\n","protected":false},"excerpt":{"rendered":"<p>Parceria com a empresa FelizMente, doa jogos que ser\u00e3o usados em atividades focadas em conviv\u00eancia, sa\u00fade emocional e acolhimento na biblioteca p\u00fablica. A Biblioteca Municipal de Gar\u00e7a \u201cDr. Rafael Paes de Barros\u201d acaba de fortalecer seu papel como espa\u00e7o cultural e de conviv\u00eancia ao receber a doa\u00e7\u00e3o de quebra-cabe\u00e7as da iniciativa FelizMente. A parceria passa [&hellip;]<\/p>\n","protected":false},"author":260896546,"featured_media":10148,"comment_status":"open","ping_status":"open","sticky":false,"template":"","format":"standard","meta":{"_crdt_document":"","_monsterinsights_skip_tracking":false,"_monsterinsights_sitenote_active":false,"_monsterinsights_sitenote_note":"","_monsterinsights_sitenote_category":0,"advanced_seo_description":"A Biblioteca Municipal de Gar\u00e7a agora conta com quebra-cabe\u00e7as da FelizMente, promovendo sa\u00fade emocional e conviv\u00eancia comunit\u00e1ria.","jetpack_seo_html_title":"Biblioteca de Gar\u00e7a Recebe Quebra-Cabe\u00e7as da FelizMente","jetpack_seo_noindex":false,"_jetpack_newsletter_access":"","_jetpack_dont_email_post_to_subs":false,"_jetpack_newsletter_tier_id":0,"_jetpack_memberships_contains_paywalled_content":false,"_jetpack_memberships_contains_paid_content":false,"footnotes":"","jetpack_publicize_message":"\ud83e\udde9\u2728 Biblioteca de Gar\u00e7a recebe doa\u00e7\u00e3o de quebra-cabe\u00e7as\n\nA Biblioteca Municipal \u201cDr. Rafael Paes de Barros\u201d recebeu a doa\u00e7\u00e3o de quebra-cabe\u00e7as da iniciativa FelizMente, fortalecendo a\u00e7\u00f5es voltadas ao bem-estar emocional, \u00e0 conviv\u00eancia e ao acolhimento da comunidade.\n\n\ud83d\udc49 Leia a mat\u00e9ria completa em diariodegarca.com\n\n#Gar\u00e7a #BibliotecaMunicipal #Sa\u00fadeMental #Comunidade #QuebraCabe\u00e7as #FelizMente #Cultura #BemEstar","jetpack_publicize_feature_enabled":true,"jetpack_social_post_already_shared":false,"jetpack_social_options":{"image_generator_settings":{"template":"fullscreen","default_image_id":0,"font":"","enabled":false},"version":2},"_wpas_customize_per_network":false,"jetpack_post_was_ever_published":false},"categories":[2367,781171664],"tags":[],"class_list":["post-10146","post","type-post","status-publish","format-standard","has-post-thumbnail","hentry","category-cultura","category-garca-cidade"],"jetpack_publicize_connections":[],"jetpack_featured_media_url":"https:\/\/i0.wp.com\/diariodegarca.com\/wp-content\/uploads\/2026\/01\/3-2.jpg?fit=1600%2C1200&ssl=1","jetpack_likes_enabled":true,"jetpack_sharing_enabled":true,"jetpack_shortlink":"https:\/\/wp.me\/pgitne-2DE","jetpack-related-posts":[{"id":4408,"url":"https:\/\/diariodegarca.com\/?p=4408","url_meta":{"origin":10146,"position":0},"title":"Biblioteca de Gar\u00e7a recebe alunos em visita que incentiva amor pela leitura","author":"Di\u00e1rio de Gar\u00e7a","date":"3 de julho de 2025","format":false,"excerpt":"Espa\u00e7o cultural promoveu atividade educativa com crian\u00e7as do Centro de Conviv\u00eancia Maria Leonor, destacando a import\u00e2ncia dos livros e da preserva\u00e7\u00e3o do conhecimento. Na manh\u00e3 de quarta-feira, dia 3 de julho, a\u00a0Biblioteca P\u00fablica Municipal de Gar\u00e7a\u00a0recebeu um grupo de alunos do\u00a0Centro de Conviv\u00eancia Maria Leonor\u00a0para uma\u00a0visita monitorada\u00a0cheia de aprendizado e\u2026","rel":"","context":"Em &quot;Cultura&quot;","block_context":{"text":"Cultura","link":"https:\/\/diariodegarca.com\/?cat=2367"},"img":{"alt_text":"","src":"","width":0,"height":0},"classes":[]},{"id":10008,"url":"https:\/\/diariodegarca.com\/?p=10008","url_meta":{"origin":10146,"position":1},"title":"Apae Gar\u00e7a instala novo parque e amplia espa\u00e7os de est\u00edmulo ao desenvolvimento dos assistidos","author":"Di\u00e1rio de Gar\u00e7a","date":"10 de janeiro de 2026","format":false,"excerpt":"Equipamentos passam a integrar a rotina pedag\u00f3gica e terap\u00eautica da institui\u00e7\u00e3o, refor\u00e7ando inclus\u00e3o, conviv\u00eancia e bem-estar dos assistidos. A Associa\u00e7\u00e3o de Pais e Amigos dos Excepcionais (Apae) de Gar\u00e7a anunciou, na sexta-feira, 9 de janeiro, a conclus\u00e3o da instala\u00e7\u00e3o de um novo parque infantil em sua sede. O espa\u00e7o passa\u2026","rel":"","context":"Em &quot;Causa social&quot;","block_context":{"text":"Causa social","link":"https:\/\/diariodegarca.com\/?cat=781171849"},"img":{"alt_text":"","src":"https:\/\/i0.wp.com\/diariodegarca.com\/wp-content\/uploads\/2026\/01\/1-1.jpg?fit=1080%2C1080&ssl=1&resize=350%2C200","width":350,"height":200,"srcset":"https:\/\/i0.wp.com\/diariodegarca.com\/wp-content\/uploads\/2026\/01\/1-1.jpg?fit=1080%2C1080&ssl=1&resize=350%2C200 1x, https:\/\/i0.wp.com\/diariodegarca.com\/wp-content\/uploads\/2026\/01\/1-1.jpg?fit=1080%2C1080&ssl=1&resize=525%2C300 1.5x, https:\/\/i0.wp.com\/diariodegarca.com\/wp-content\/uploads\/2026\/01\/1-1.jpg?fit=1080%2C1080&ssl=1&resize=700%2C400 2x, https:\/\/i0.wp.com\/diariodegarca.com\/wp-content\/uploads\/2026\/01\/1-1.jpg?fit=1080%2C1080&ssl=1&resize=1050%2C600 3x"},"classes":[]},{"id":9459,"url":"https:\/\/diariodegarca.com\/?p=9459","url_meta":{"origin":10146,"position":2},"title":"F\u00e9rias e Festas de Fim de Ano: Direitos e Conflitos Entre Pais Separados","author":"Maria Thereza S. Pereira","date":"10 de dezembro de 2025","format":false,"excerpt":"Durante as festas de fim de ano, pais separados frequentemente enfrentam dilemas sobre a conviv\u00eancia dos filhos. A guarda compartilhada deve garantir responsabilidade conjunta e decis\u00f5es equilibradas. \u00c9 comum alternar datas festivas entre os genitores. O foco deve ser o bem-estar da crian\u00e7a, evitando conflitos e promovendo di\u00e1logo e afeto.","rel":"","context":"Em &quot;Brasil&quot;","block_context":{"text":"Brasil","link":"https:\/\/diariodegarca.com\/?cat=38185"},"img":{"alt_text":"","src":"https:\/\/i0.wp.com\/diariodegarca.com\/wp-content\/uploads\/2025\/12\/menina-viajando-com-mala-de-viagem.jpg?fit=800%2C1200&ssl=1&resize=350%2C200","width":350,"height":200,"srcset":"https:\/\/i0.wp.com\/diariodegarca.com\/wp-content\/uploads\/2025\/12\/menina-viajando-com-mala-de-viagem.jpg?fit=800%2C1200&ssl=1&resize=350%2C200 1x, https:\/\/i0.wp.com\/diariodegarca.com\/wp-content\/uploads\/2025\/12\/menina-viajando-com-mala-de-viagem.jpg?fit=800%2C1200&ssl=1&resize=525%2C300 1.5x, https:\/\/i0.wp.com\/diariodegarca.com\/wp-content\/uploads\/2025\/12\/menina-viajando-com-mala-de-viagem.jpg?fit=800%2C1200&ssl=1&resize=700%2C400 2x"},"classes":[]},{"id":2215,"url":"https:\/\/diariodegarca.com\/?p=2215","url_meta":{"origin":10146,"position":3},"title":"Lan\u00e7amento de livro aborda autoestima e espiritualidade na Biblioteca de Gar\u00e7a","author":"Di\u00e1rio de Gar\u00e7a","date":"3 de maio de 2025","format":false,"excerpt":"A Biblioteca P\u00fablica Municipal Dr. Rafael Paes de Barros, localizada na avenida hom\u00f4nima, n\u00ba 522, em Gar\u00e7a, receber\u00e1 no dia 16 de maio, \u00e0s 19h, o lan\u00e7amento do livro \u201cAutoestima que vem do C\u00e9u\u201d, da psic\u00f3loga e escritora Renata Feitosa. O evento, que segue at\u00e9 as 21h, promove um di\u00e1logo\u2026","rel":"","context":"Em &quot;Brasil&quot;","block_context":{"text":"Brasil","link":"https:\/\/diariodegarca.com\/?cat=38185"},"img":{"alt_text":"","src":"","width":0,"height":0},"classes":[]},{"id":4548,"url":"https:\/\/diariodegarca.com\/?p=4548","url_meta":{"origin":10146,"position":4},"title":"Biblioteca de Gar\u00e7a promove programa\u00e7\u00e3o especial de f\u00e9rias","author":"Di\u00e1rio de Gar\u00e7a","date":"8 de julho de 2025","format":false,"excerpt":"Atividades gratuitas para crian\u00e7as de todas as idades acontecem entre 8 e 31 de julho, com op\u00e7\u00f5es no Centro Cultural de Jafa e na Biblioteca Dr. Rafael Paes de Barros. A\u00a0Biblioteca P\u00fablica Municipal de Gar\u00e7a\u00a0preparou uma programa\u00e7\u00e3o especial para as f\u00e9rias escolares, com atividades l\u00fadicas, oficinas criativas e sess\u00f5es de\u2026","rel":"","context":"Em &quot;Cultura&quot;","block_context":{"text":"Cultura","link":"https:\/\/diariodegarca.com\/?cat=2367"},"img":{"alt_text":"","src":"https:\/\/i0.wp.com\/diariodegarca.com\/wp-content\/uploads\/2025\/07\/bons-momentos-vista-superior-menino-sorridente-e-duas-meninas-em-idade-escolar-sentadas-no-chao-da-biblioteca-segurando-rostos-e-olhando-para-camera.jpg?fit=1200%2C798&ssl=1&resize=350%2C200","width":350,"height":200,"srcset":"https:\/\/i0.wp.com\/diariodegarca.com\/wp-content\/uploads\/2025\/07\/bons-momentos-vista-superior-menino-sorridente-e-duas-meninas-em-idade-escolar-sentadas-no-chao-da-biblioteca-segurando-rostos-e-olhando-para-camera.jpg?fit=1200%2C798&ssl=1&resize=350%2C200 1x, https:\/\/i0.wp.com\/diariodegarca.com\/wp-content\/uploads\/2025\/07\/bons-momentos-vista-superior-menino-sorridente-e-duas-meninas-em-idade-escolar-sentadas-no-chao-da-biblioteca-segurando-rostos-e-olhando-para-camera.jpg?fit=1200%2C798&ssl=1&resize=525%2C300 1.5x, https:\/\/i0.wp.com\/diariodegarca.com\/wp-content\/uploads\/2025\/07\/bons-momentos-vista-superior-menino-sorridente-e-duas-meninas-em-idade-escolar-sentadas-no-chao-da-biblioteca-segurando-rostos-e-olhando-para-camera.jpg?fit=1200%2C798&ssl=1&resize=700%2C400 2x, https:\/\/i0.wp.com\/diariodegarca.com\/wp-content\/uploads\/2025\/07\/bons-momentos-vista-superior-menino-sorridente-e-duas-meninas-em-idade-escolar-sentadas-no-chao-da-biblioteca-segurando-rostos-e-olhando-para-camera.jpg?fit=1200%2C798&ssl=1&resize=1050%2C600 3x"},"classes":[]},{"id":9903,"url":"https:\/\/diariodegarca.com\/?p=9903","url_meta":{"origin":10146,"position":5},"title":"Biblioteca de Gar\u00e7a e Centro Cultural de Jafa divulgam programa\u00e7\u00e3o especial de f\u00e9rias","author":"Di\u00e1rio de Gar\u00e7a","date":"8 de janeiro de 2026","format":false,"excerpt":"Atividades gratuitas acontecem ao longo de janeiro, com oficinas, brincadeiras, media\u00e7\u00e3o de leitura e karaok\u00ea, tanto na sede da biblioteca quanto no distrito de Jafa A Biblioteca P\u00fablica Municipal de Gar\u00e7a Dr. Rafael Paes de Barros divulgou a programa\u00e7\u00e3o especial de f\u00e9rias de janeiro, com uma s\u00e9rie de atividades voltadas\u2026","rel":"","context":"Em &quot;Cultura&quot;","block_context":{"text":"Cultura","link":"https:\/\/diariodegarca.com\/?cat=2367"},"img":{"alt_text":"","src":"https:\/\/i0.wp.com\/diariodegarca.com\/wp-content\/uploads\/2025\/07\/bons-momentos-vista-superior-menino-sorridente-e-duas-meninas-em-idade-escolar-sentadas-no-chao-da-biblioteca-segurando-rostos-e-olhando-para-camera.jpg?fit=1200%2C798&ssl=1&resize=350%2C200","width":350,"height":200,"srcset":"https:\/\/i0.wp.com\/diariodegarca.com\/wp-content\/uploads\/2025\/07\/bons-momentos-vista-superior-menino-sorridente-e-duas-meninas-em-idade-escolar-sentadas-no-chao-da-biblioteca-segurando-rostos-e-olhando-para-camera.jpg?fit=1200%2C798&ssl=1&resize=350%2C200 1x, https:\/\/i0.wp.com\/diariodegarca.com\/wp-content\/uploads\/2025\/07\/bons-momentos-vista-superior-menino-sorridente-e-duas-meninas-em-idade-escolar-sentadas-no-chao-da-biblioteca-segurando-rostos-e-olhando-para-camera.jpg?fit=1200%2C798&ssl=1&resize=525%2C300 1.5x, https:\/\/i0.wp.com\/diariodegarca.com\/wp-content\/uploads\/2025\/07\/bons-momentos-vista-superior-menino-sorridente-e-duas-meninas-em-idade-escolar-sentadas-no-chao-da-biblioteca-segurando-rostos-e-olhando-para-camera.jpg?fit=1200%2C798&ssl=1&resize=700%2C400 2x, https:\/\/i0.wp.com\/diariodegarca.com\/wp-content\/uploads\/2025\/07\/bons-momentos-vista-superior-menino-sorridente-e-duas-meninas-em-idade-escolar-sentadas-no-chao-da-biblioteca-segurando-rostos-e-olhando-para-camera.jpg?fit=1200%2C798&ssl=1&resize=1050%2C600 3x"},"classes":[]}],"_links":{"self":[{"href":"https:\/\/diariodegarca.com\/index.php?rest_route=\/wp\/v2\/posts\/10146","targetHints":{"allow":["GET"]}}],"collection":[{"href":"https:\/\/diariodegarca.com\/index.php?rest_route=\/wp\/v2\/posts"}],"about":[{"href":"https:\/\/diariodegarca.com\/index.php?rest_route=\/wp\/v2\/types\/post"}],"author":[{"embeddable":true,"href":"https:\/\/diariodegarca.com\/index.php?rest_route=\/wp\/v2\/users\/260896546"}],"replies":[{"embeddable":true,"href":"https:\/\/diariodegarca.com\/index.php?rest_route=%2Fwp%2Fv2%2Fcomments&post=10146"}],"version-history":[{"count":4,"href":"https:\/\/diariodegarca.com\/index.php?rest_route=\/wp\/v2\/posts\/10146\/revisions"}],"predecessor-version":[{"id":10151,"href":"https:\/\/diariodegarca.com\/index.php?rest_route=\/wp\/v2\/posts\/10146\/revisions\/10151"}],"wp:featuredmedia":[{"embeddable":true,"href":"https:\/\/diariodegarca.com\/index.php?rest_route=\/wp\/v2\/media\/10148"}],"wp:attachment":[{"href":"https:\/\/diariodegarca.com\/index.php?rest_route=%2Fwp%2Fv2%2Fmedia&parent=10146"}],"wp:term":[{"taxonomy":"category","embeddable":true,"href":"https:\/\/diariodegarca.com\/index.php?rest_route=%2Fwp%2Fv2%2Fcategories&post=10146"},{"taxonomy":"post_tag","embeddable":true,"href":"https:\/\/diariodegarca.com\/index.php?rest_route=%2Fwp%2Fv2%2Ftags&post=10146"}],"curies":[{"name":"wp","href":"https:\/\/api.w.org\/{rel}","templated":true}]}}