{"id":10275,"date":"2026-01-28T10:39:23","date_gmt":"2026-01-28T13:39:23","guid":{"rendered":"https:\/\/diariodegarca.com\/?p=10275"},"modified":"2026-01-28T10:39:23","modified_gmt":"2026-01-28T13:39:23","slug":"anvisa-proibe-e-ordena-apreensao-de-fita-clareadora-dental-9d-white","status":"publish","type":"post","link":"https:\/\/diariodegarca.com\/?p=10275","title":{"rendered":"Anvisa pro\u00edbe e ordena apreens\u00e3o de fita clareadora dental 9D White"},"content":{"rendered":"\n<p class=\"wp-block-paragraph\"><em>Produto \u00e9 comercializado sem registro sanit\u00e1rio e a empresa respons\u00e1vel n\u00e3o tem autoriza\u00e7\u00e3o para funcionar na \u00e1rea de sa\u00fade, segundo decis\u00e3o publicada no Di\u00e1rio Oficial da Uni\u00e3o.<\/em><\/p>\n\n\n\n<p class=\"wp-block-paragraph\">A Ag\u00eancia Nacional de Vigil\u00e2ncia Sanit\u00e1ria (Anvisa) emitiu uma resolu\u00e7\u00e3o que determina a proibi\u00e7\u00e3o total e a apreens\u00e3o do produto&nbsp;<strong>9D White Teeth Whitening Strips<\/strong>, uma fita para clareamento dental. A medida foi publicada no Di\u00e1rio Oficial da Uni\u00e3o (DOU) desta ter\u00e7a-feira, 27 de janeiro de 2026.<\/p>\n\n\n\n<p class=\"wp-block-paragraph\">A decis\u00e3o atinge a empresa&nbsp;<strong>VM Global Trade Ltda. &#8211; ME<\/strong>&nbsp;(CNPJ: 48.891.878\/0001-90), respons\u00e1vel pelo produto. A Anvisa constatou que, apesar de n\u00e3o ter registro na Ag\u00eancia e de a empresa n\u00e3o possuir Autoriza\u00e7\u00e3o de Funcionamento de Empresa (AFE) para atuar no setor, o item estava sendo importado e comercializado no Brasil.<\/p>\n\n\n\n<p class=\"wp-block-paragraph\"><strong>A\u00e7\u00f5es determinadas pela fiscaliza\u00e7\u00e3o<\/strong><br>Conforme a\u00a0<strong>Resolu\u00e7\u00e3o-RE n\u00ba 306, de 26 de janeiro de 2026<\/strong>, assinada pelo Gerente-Geral de Inspe\u00e7\u00e3o e Fiscaliza\u00e7\u00e3o Sanit\u00e1ria, Paulo do Carmo Freitas, as seguintes a\u00e7\u00f5es foram ordenadas:<\/p>\n\n\n\n<ul class=\"wp-block-list\">\n<li><strong>Apreens\u00e3o<\/strong>\u00a0do produto.<\/li>\n\n\n\n<li><strong>Proibi\u00e7\u00e3o<\/strong>\u00a0de sua comercializa\u00e7\u00e3o, distribui\u00e7\u00e3o, importa\u00e7\u00e3o, propaganda, transporte e uso.<\/li>\n<\/ul>\n\n\n\n<p class=\"wp-block-paragraph\">A medida foi tomada com base nos expedientes do processo administrativo (n\u00ba 0070961\/26-1) e fundamentada em viola\u00e7\u00f5es \u00e0 legisla\u00e7\u00e3o sanit\u00e1ria, incluindo o Decreto n\u00ba 8.077\/2013 e as Leis n\u00ba 6.360\/1976 e n\u00ba 6.437\/1977.<\/p>\n\n\n\n<p class=\"wp-block-paragraph\">A decis\u00e3o entrou em vigor imediatamente ap\u00f3s sua publica\u00e7\u00e3o. A Anvisa classifica o produto como um &#8220;Dispositivo M\u00e9dico&#8221;, categoria que requer registro e controle rigoroso antes de ser ofertado ao consumidor, garantindo sua seguran\u00e7a e efic\u00e1cia.<\/p>\n","protected":false},"excerpt":{"rendered":"<p>A Anvisa proibiu e apreendeu o produto 9D White Teeth Whitening Strips, comercializado ilegalmente pela VM Global Trade Ltda. sem registro sanit\u00e1rio, por violar normas de seguran\u00e7a.<\/p>\n","protected":false},"author":260896546,"featured_media":10277,"comment_status":"open","ping_status":"open","sticky":false,"template":"","format":"standard","meta":{"_crdt_document":"","_monsterinsights_skip_tracking":false,"_monsterinsights_sitenote_active":false,"_monsterinsights_sitenote_note":"","_monsterinsights_sitenote_category":0,"advanced_seo_description":"Anvisa pro\u00edbe a comercializa\u00e7\u00e3o das fitas 9D White Teeth Whitening Strips por falta de registro e autoriza\u00e7\u00e3o. Saiba mais sobre a decis\u00e3o.","jetpack_seo_html_title":"Anvisa Pro\u00edbe Fitas Clareadoras 9D White Teeth no Brasil","jetpack_seo_noindex":false,"_jetpack_newsletter_access":"","_jetpack_dont_email_post_to_subs":false,"_jetpack_newsletter_tier_id":0,"_jetpack_memberships_contains_paywalled_content":false,"_jetpack_memberships_contains_paid_content":false,"footnotes":"","jetpack_publicize_message":"\u26a0\ufe0f Anvisa pro\u00edbe fita para clarear os dentes 9D White \u26a0\ufe0f\n\nA Ag\u00eancia Nacional de Vigil\u00e2ncia Sanit\u00e1ria determinou a apreens\u00e3o e a proibi\u00e7\u00e3o total da fita clareadora dental \"9D White Teeth Whitening Strips\".\n\nA fiscaliza\u00e7\u00e3o alerta para os riscos de usar produtos de sa\u00fade n\u00e3o regularizados. \n\n\ud83d\udcf2 A mat\u00e9ria completa est\u00e1 em nosso site, Di\u00e1rio de Gar\u00e7a (link na bio).\n\n#Anvisa #Fiscaiza\u00e7\u00e3o #Consumidor  #Sa\u00fadeBucal #Sa\u00fade #ClareamentoDental #Vigil\u00e2nciaSanit\u00e1ria","jetpack_publicize_feature_enabled":true,"jetpack_social_post_already_shared":false,"jetpack_social_options":{"image_generator_settings":{"template":"fullscreen","default_image_id":0,"font":"","enabled":false},"version":2},"_wpas_customize_per_network":false,"jetpack_post_was_ever_published":false},"categories":[38185,1192752],"tags":[],"class_list":["post-10275","post","type-post","status-publish","format-standard","has-post-thumbnail","hentry","category-brasil","category-fiscalizacao"],"jetpack_publicize_connections":[],"jetpack_featured_media_url":"https:\/\/i0.wp.com\/diariodegarca.com\/wp-content\/uploads\/2026\/01\/fita-clareadora-dental-9D-White.jpg?fit=1170%2C1149&ssl=1","jetpack_likes_enabled":true,"jetpack_sharing_enabled":true,"jetpack_shortlink":"https:\/\/wp.me\/pgitne-2FJ","jetpack-related-posts":[{"id":9906,"url":"https:\/\/diariodegarca.com\/?p=9906","url_meta":{"origin":10275,"position":0},"title":"Anvisa determina recolhimento de medicamentos irregulares e falsificados","author":"Di\u00e1rio de Gar\u00e7a","date":"8 de janeiro de 2026","format":false,"excerpt":"Resolu\u00e7\u00e3o publicada no Di\u00e1rio Oficial da Uni\u00e3o atinge medicamentos para press\u00e3o, alergia, c\u00e2ncer, emagrecimento e produtos sem registro na Ag\u00eancia A Ag\u00eancia Nacional de Vigil\u00e2ncia Sanit\u00e1ria (Anvisa) determinou uma s\u00e9rie de medidas de fiscaliza\u00e7\u00e3o envolvendo medicamentos e insumos farmac\u00eauticos com irregularidades, incluindo recolhimentos volunt\u00e1rios, apreens\u00e3o e proibi\u00e7\u00e3o de comercializa\u00e7\u00e3o, distribui\u00e7\u00e3o,\u2026","rel":"","context":"Em &quot;Fiscaliza\u00e7\u00e3o&quot;","block_context":{"text":"Fiscaliza\u00e7\u00e3o","link":"https:\/\/diariodegarca.com\/?cat=1192752"},"img":{"alt_text":"","src":"https:\/\/i0.wp.com\/diariodegarca.com\/wp-content\/uploads\/2026\/01\/proibidos.png?fit=1200%2C800&ssl=1&resize=350%2C200","width":350,"height":200,"srcset":"https:\/\/i0.wp.com\/diariodegarca.com\/wp-content\/uploads\/2026\/01\/proibidos.png?fit=1200%2C800&ssl=1&resize=350%2C200 1x, https:\/\/i0.wp.com\/diariodegarca.com\/wp-content\/uploads\/2026\/01\/proibidos.png?fit=1200%2C800&ssl=1&resize=525%2C300 1.5x, https:\/\/i0.wp.com\/diariodegarca.com\/wp-content\/uploads\/2026\/01\/proibidos.png?fit=1200%2C800&ssl=1&resize=700%2C400 2x, https:\/\/i0.wp.com\/diariodegarca.com\/wp-content\/uploads\/2026\/01\/proibidos.png?fit=1200%2C800&ssl=1&resize=1050%2C600 3x"},"classes":[]},{"id":8826,"url":"https:\/\/diariodegarca.com\/?p=8826","url_meta":{"origin":10275,"position":1},"title":"Anvisa retira do mercado: suplementos e f\u00f3rmula infantil ligada ao botulismo","author":"Andreza Sega","date":"18 de novembro de 2025","format":false,"excerpt":"Medidas publicadas no Di\u00e1rio Oficial da Uni\u00e3o determinam apreens\u00e3o e proibi\u00e7\u00e3o de itens que v\u00e3o desde emagrecedores com alega\u00e7\u00f5es falsas at\u00e9 alimento para beb\u00eas associado a surto nos EUA. Em uma s\u00e9rie de a\u00e7\u00f5es de fiscaliza\u00e7\u00e3o, a Ag\u00eancia Nacional de Vigil\u00e2ncia Sanit\u00e1ria (Anvisa) determinou a retirada compuls\u00f3ria do mercado de\u2026","rel":"","context":"Em &quot;Fiscaliza\u00e7\u00e3o&quot;","block_context":{"text":"Fiscaliza\u00e7\u00e3o","link":"https:\/\/diariodegarca.com\/?cat=1192752"},"img":{"alt_text":"","src":"https:\/\/i0.wp.com\/diariodegarca.com\/wp-content\/uploads\/2025\/11\/byheart-whole-nutrition-infantil.jpg?fit=888%2C500&ssl=1&resize=350%2C200","width":350,"height":200,"srcset":"https:\/\/i0.wp.com\/diariodegarca.com\/wp-content\/uploads\/2025\/11\/byheart-whole-nutrition-infantil.jpg?fit=888%2C500&ssl=1&resize=350%2C200 1x, https:\/\/i0.wp.com\/diariodegarca.com\/wp-content\/uploads\/2025\/11\/byheart-whole-nutrition-infantil.jpg?fit=888%2C500&ssl=1&resize=525%2C300 1.5x, https:\/\/i0.wp.com\/diariodegarca.com\/wp-content\/uploads\/2025\/11\/byheart-whole-nutrition-infantil.jpg?fit=888%2C500&ssl=1&resize=700%2C400 2x"},"classes":[]},{"id":7174,"url":"https:\/\/diariodegarca.com\/?p=7174","url_meta":{"origin":10275,"position":2},"title":"Anvisa apreende cosm\u00e9ticos irregulares e alerta sobre medicamentos falsificados","author":"Di\u00e1rio de Gar\u00e7a","date":"26 de setembro de 2025","format":false,"excerpt":"Medidas publicadas no Di\u00e1rio Oficial da Uni\u00e3o determinam recolhimento de produtos capilares sem registro, apreens\u00e3o de lote falsificado de rem\u00e9dio para c\u00e2ncer e mant\u00eam suspenso medicamento para distrofia muscular. A Ag\u00eancia Nacional de Vigil\u00e2ncia Sanit\u00e1ria (Anvisa) publicou no Di\u00e1rio Oficial da Uni\u00e3o (DOU), em 25 de setembro, uma s\u00e9rie de\u2026","rel":"","context":"Em &quot;Fiscaliza\u00e7\u00e3o&quot;","block_context":{"text":"Fiscaliza\u00e7\u00e3o","link":"https:\/\/diariodegarca.com\/?cat=1192752"},"img":{"alt_text":"","src":"https:\/\/i0.wp.com\/diariodegarca.com\/wp-content\/uploads\/2025\/07\/aff69996-a268-4d49-8143-8acc7f8870fe.jpeg?fit=768%2C402&ssl=1&resize=350%2C200","width":350,"height":200,"srcset":"https:\/\/i0.wp.com\/diariodegarca.com\/wp-content\/uploads\/2025\/07\/aff69996-a268-4d49-8143-8acc7f8870fe.jpeg?fit=768%2C402&ssl=1&resize=350%2C200 1x, https:\/\/i0.wp.com\/diariodegarca.com\/wp-content\/uploads\/2025\/07\/aff69996-a268-4d49-8143-8acc7f8870fe.jpeg?fit=768%2C402&ssl=1&resize=525%2C300 1.5x, https:\/\/i0.wp.com\/diariodegarca.com\/wp-content\/uploads\/2025\/07\/aff69996-a268-4d49-8143-8acc7f8870fe.jpeg?fit=768%2C402&ssl=1&resize=700%2C400 2x"},"classes":[]},{"id":6134,"url":"https:\/\/diariodegarca.com\/?p=6134","url_meta":{"origin":10275,"position":3},"title":"Anvisa ordena recolhimento de suplementos e goma de tapioca por irregularidades","author":"Di\u00e1rio de Gar\u00e7a","date":"27 de agosto de 2025","format":false,"excerpt":"Decis\u00e3o publicada no Di\u00e1rio Oficial da Uni\u00e3o determina apreens\u00e3o de produtos de quatro empresas; consumidores s\u00e3o orientados a n\u00e3o utilizar os itens citados. Em uma a\u00e7\u00e3o de fiscaliza\u00e7\u00e3o sanit\u00e1ria, a Ag\u00eancia Nacional de Vigil\u00e2ncia Sanit\u00e1ria (Anvisa) determinou o recolhimento e a apreens\u00e3o de uma s\u00e9rie de suplementos alimentares irregulares e\u2026","rel":"","context":"Em &quot;Fiscaliza\u00e7\u00e3o&quot;","block_context":{"text":"Fiscaliza\u00e7\u00e3o","link":"https:\/\/diariodegarca.com\/?cat=1192752"},"img":{"alt_text":"","src":"https:\/\/i0.wp.com\/diariodegarca.com\/wp-content\/uploads\/2025\/08\/comprimidos-para-doencas-virais-derramados-de-uma-garrafa.jpg?fit=1200%2C800&ssl=1&resize=350%2C200","width":350,"height":200,"srcset":"https:\/\/i0.wp.com\/diariodegarca.com\/wp-content\/uploads\/2025\/08\/comprimidos-para-doencas-virais-derramados-de-uma-garrafa.jpg?fit=1200%2C800&ssl=1&resize=350%2C200 1x, https:\/\/i0.wp.com\/diariodegarca.com\/wp-content\/uploads\/2025\/08\/comprimidos-para-doencas-virais-derramados-de-uma-garrafa.jpg?fit=1200%2C800&ssl=1&resize=525%2C300 1.5x, https:\/\/i0.wp.com\/diariodegarca.com\/wp-content\/uploads\/2025\/08\/comprimidos-para-doencas-virais-derramados-de-uma-garrafa.jpg?fit=1200%2C800&ssl=1&resize=700%2C400 2x, https:\/\/i0.wp.com\/diariodegarca.com\/wp-content\/uploads\/2025\/08\/comprimidos-para-doencas-virais-derramados-de-uma-garrafa.jpg?fit=1200%2C800&ssl=1&resize=1050%2C600 3x"},"classes":[]},{"id":4762,"url":"https:\/\/diariodegarca.com\/?p=4762","url_meta":{"origin":10275,"position":4},"title":"Anvisa recolhe cosm\u00e9ticos irregulares de duas empresas por falta de registro e autoriza\u00e7\u00e3o","author":"Di\u00e1rio de Gar\u00e7a","date":"17 de julho de 2025","format":false,"excerpt":"Protetor solar da Biodomani e produtos da Treelife foram suspensos por descumprimento de normas sanit\u00e1rias; medida visa proteger consumidores. A Ag\u00eancia Nacional de Vigil\u00e2ncia Sanit\u00e1ria (Anvisa) determinou o recolhimento e a suspens\u00e3o imediata da comercializa\u00e7\u00e3o de um protetor solar da marca Biodomani e de todos os produtos cosm\u00e9ticos da empresa\u2026","rel":"","context":"Em &quot;Fiscaliza\u00e7\u00e3o&quot;","block_context":{"text":"Fiscaliza\u00e7\u00e3o","link":"https:\/\/diariodegarca.com\/?cat=1192752"},"img":{"alt_text":"","src":"","width":0,"height":0},"classes":[]},{"id":7100,"url":"https:\/\/diariodegarca.com\/?p=7100","url_meta":{"origin":10275,"position":5},"title":"Anvisa apreende caf\u00e9 com fragmentos de vidro e interdita f\u00e1brica de suplementos","author":"Di\u00e1rio de Gar\u00e7a","date":"24 de setembro de 2025","format":false,"excerpt":"Ag\u00eancia tamb\u00e9m alerta para lotes falsificados de medicamentos para c\u00e2ncer e produtos est\u00e9ticos, al\u00e9m de suplementos alimentares irregulares. Medidas foram publicadas no Di\u00e1rio Oficial da Uni\u00e3o entre os dias 17 e 23 de setembro. Uma s\u00e9rie de opera\u00e7\u00f5es da Ag\u00eancia Nacional de Vigil\u00e2ncia Sanit\u00e1ria (Anvisa) resultou na proibi\u00e7\u00e3o e apreens\u00e3o\u2026","rel":"","context":"Em &quot;Fiscaliza\u00e7\u00e3o&quot;","block_context":{"text":"Fiscaliza\u00e7\u00e3o","link":"https:\/\/diariodegarca.com\/?cat=1192752"},"img":{"alt_text":"","src":"https:\/\/i0.wp.com\/diariodegarca.com\/wp-content\/uploads\/2025\/09\/11-11-2020_sede_anvisa-3_0.webp?fit=1170%2C700&ssl=1&resize=350%2C200","width":350,"height":200,"srcset":"https:\/\/i0.wp.com\/diariodegarca.com\/wp-content\/uploads\/2025\/09\/11-11-2020_sede_anvisa-3_0.webp?fit=1170%2C700&ssl=1&resize=350%2C200 1x, https:\/\/i0.wp.com\/diariodegarca.com\/wp-content\/uploads\/2025\/09\/11-11-2020_sede_anvisa-3_0.webp?fit=1170%2C700&ssl=1&resize=525%2C300 1.5x, https:\/\/i0.wp.com\/diariodegarca.com\/wp-content\/uploads\/2025\/09\/11-11-2020_sede_anvisa-3_0.webp?fit=1170%2C700&ssl=1&resize=700%2C400 2x, https:\/\/i0.wp.com\/diariodegarca.com\/wp-content\/uploads\/2025\/09\/11-11-2020_sede_anvisa-3_0.webp?fit=1170%2C700&ssl=1&resize=1050%2C600 3x"},"classes":[]}],"_links":{"self":[{"href":"https:\/\/diariodegarca.com\/index.php?rest_route=\/wp\/v2\/posts\/10275","targetHints":{"allow":["GET"]}}],"collection":[{"href":"https:\/\/diariodegarca.com\/index.php?rest_route=\/wp\/v2\/posts"}],"about":[{"href":"https:\/\/diariodegarca.com\/index.php?rest_route=\/wp\/v2\/types\/post"}],"author":[{"embeddable":true,"href":"https:\/\/diariodegarca.com\/index.php?rest_route=\/wp\/v2\/users\/260896546"}],"replies":[{"embeddable":true,"href":"https:\/\/diariodegarca.com\/index.php?rest_route=%2Fwp%2Fv2%2Fcomments&post=10275"}],"version-history":[{"count":3,"href":"https:\/\/diariodegarca.com\/index.php?rest_route=\/wp\/v2\/posts\/10275\/revisions"}],"predecessor-version":[{"id":10279,"href":"https:\/\/diariodegarca.com\/index.php?rest_route=\/wp\/v2\/posts\/10275\/revisions\/10279"}],"wp:featuredmedia":[{"embeddable":true,"href":"https:\/\/diariodegarca.com\/index.php?rest_route=\/wp\/v2\/media\/10277"}],"wp:attachment":[{"href":"https:\/\/diariodegarca.com\/index.php?rest_route=%2Fwp%2Fv2%2Fmedia&parent=10275"}],"wp:term":[{"taxonomy":"category","embeddable":true,"href":"https:\/\/diariodegarca.com\/index.php?rest_route=%2Fwp%2Fv2%2Fcategories&post=10275"},{"taxonomy":"post_tag","embeddable":true,"href":"https:\/\/diariodegarca.com\/index.php?rest_route=%2Fwp%2Fv2%2Ftags&post=10275"}],"curies":[{"name":"wp","href":"https:\/\/api.w.org\/{rel}","templated":true}]}}