{"id":10280,"date":"2026-01-28T17:52:48","date_gmt":"2026-01-28T20:52:48","guid":{"rendered":"https:\/\/diariodegarca.com\/?p=10280"},"modified":"2026-01-28T17:52:48","modified_gmt":"2026-01-28T20:52:48","slug":"forca-tatica-prende-dois-procurados-em-acoes-em-garca-e-alvaro-de-carvalho","status":"publish","type":"post","link":"https:\/\/diariodegarca.com\/?p=10280","title":{"rendered":"For\u00e7a T\u00e1tica prende dois procurados em a\u00e7\u00f5es em Gar\u00e7a e \u00c1lvaro de Carvalho"},"content":{"rendered":"\n<p class=\"wp-block-paragraph\"><em>Opera\u00e7\u00e3o Impacto resultou na captura de um homem por furto e outro por les\u00e3o corporal e amea\u00e7a; ambos foram encaminhados \u00e0 penitenci\u00e1ria para audi\u00eancia de cust\u00f3dia.<\/em><\/p>\n\n\n\n<p class=\"wp-block-paragraph\">Durante o patrulhamento preventivo da Opera\u00e7\u00e3o Impacto, focada na manuten\u00e7\u00e3o da ordem p\u00fablica, equipes da For\u00e7a T\u00e1tica da 4\u00aa Companhia da Pol\u00edcia Militar prenderam, na quarta-feira, 28 de janeiro, dois homens com mandados de pris\u00e3o em aberto da Justi\u00e7a. As a\u00e7\u00f5es ocorreram em cidades distintas.<\/p>\n\n\n\n<p class=\"wp-block-paragraph\">A primeira captura aconteceu por volta do meio-dia, no bairro Takeo Toyota, em Gar\u00e7a. Com base em informa\u00e7\u00f5es pr\u00e9vias sobre um mandado de pris\u00e3o, os policiais se deslocaram at\u00e9 um endere\u00e7o espec\u00edfico e abordaram o indiv\u00edduo. Ap\u00f3s busca pessoal, que n\u00e3o encontrou objetos il\u00edcitos, uma consulta ao Centro de Opera\u00e7\u00f5es da Pol\u00edcia Militar (COPOM) confirmou o mandado. O homem era procurado para cumprir pena em regime fechado pelo crime de furto.<\/p>\n\n\n\n<p class=\"wp-block-paragraph\">Pouco mais de duas horas depois, por volta das 14h51, a segunda a\u00e7\u00e3o ocorreu em \u00c1lvaro de Carvalho. Durante a ronda, os policiais avistaram um homem que, ao notar a viatura, agiu de forma suspeita e entrou rapidamente em uma casa. A equipe procedeu com a abordagem e busca pessoal, tamb\u00e9m sem apreender qualquer item ilegal. No entanto, a verifica\u00e7\u00e3o no sistema policial revelou que ele era alvo de um mandado de pris\u00e3o preventiva pelos crimes de les\u00e3o corporal e amea\u00e7a.<\/p>\n\n\n\n<p class=\"wp-block-paragraph\">Os dois presos foram conduzidos \u00e0 Penitenci\u00e1ria de \u00c1lvaro de Carvalho, onde aguardam a realiza\u00e7\u00e3o de audi\u00eancia de cust\u00f3dia, conforme determina\u00e7\u00e3o legal.<\/p>\n\n\n\n<p class=\"wp-block-paragraph\">Segundo a Corpora\u00e7\u00e3o, a Opera\u00e7\u00e3o Impacto segue com patrulhamentos na regi\u00e3o, com o objetivo declarado de retirar procurados da Justi\u00e7a do conv\u00edvio social e contribuir para a sensa\u00e7\u00e3o de seguran\u00e7a da popula\u00e7\u00e3o.<\/p>\n","protected":false},"excerpt":{"rendered":"<p>Opera\u00e7\u00e3o Impacto resultou na captura de um homem por furto e outro por les\u00e3o corporal e amea\u00e7a; ambos foram encaminhados \u00e0 penitenci\u00e1ria para audi\u00eancia de cust\u00f3dia. Durante o patrulhamento preventivo da Opera\u00e7\u00e3o Impacto, focada na manuten\u00e7\u00e3o da ordem p\u00fablica, equipes da For\u00e7a T\u00e1tica da 4\u00aa Companhia da Pol\u00edcia Militar prenderam, na quarta-feira, 28 de janeiro, [&hellip;]<\/p>\n","protected":false},"author":260896546,"featured_media":8782,"comment_status":"open","ping_status":"open","sticky":false,"template":"","format":"standard","meta":{"_crdt_document":"","_monsterinsights_skip_tracking":false,"_monsterinsights_sitenote_active":false,"_monsterinsights_sitenote_note":"","_monsterinsights_sitenote_category":0,"advanced_seo_description":"Opera\u00e7\u00e3o Impacto: duas pris\u00f5es por furto e les\u00e3o corporal. A\u00e7\u00f5es da Pol\u00edcia Militar garantem seguran\u00e7a e ordem p\u00fablica na regi\u00e3o.","jetpack_seo_html_title":"Opera\u00e7\u00e3o Impacto: Pris\u00f5es por Furto e Les\u00e3o em S\u00e3o Paulo","jetpack_seo_noindex":false,"_jetpack_newsletter_access":"","_jetpack_dont_email_post_to_subs":false,"_jetpack_newsletter_tier_id":0,"_jetpack_memberships_contains_paywalled_content":false,"_jetpack_memberships_contains_paid_content":false,"footnotes":"","jetpack_publicize_message":"\ud83d\udd34 For\u00e7a T\u00e1tica prende dois procurados da Justi\u00e7a em a\u00e7\u00f5es r\u00e1pidas nesta quarta-feira (28\/1).\n\n\u27a1\ufe0f Por volta das 12h20, em Gar\u00e7a, um homem foi preso para cumprir pena por furto em regime fechado.\n\u27a1\ufe0f \u00c0s 14h51, em \u00c1lvaro de Carvalho, outro indiv\u00edduo foi capturado com mandado por les\u00e3o corporal e amea\u00e7a.\n\nAmbos foram encaminhados \u00e0 penitenci\u00e1ria local e aguardam audi\u00eancia de cust\u00f3dia. \n\n\ud83d\udcf0 Leia a reportagem completa  no site diariodegarca.com\n\n#Gar\u00e7a #\u00c1lvarodeCarvalho #Di\u00e1riodeGar\u00e7a #Pol\u00edcia #Opera\u00e7\u00e3oImpacto #For\u00e7aT\u00e1tica #Seguran\u00e7aP\u00fablica","jetpack_publicize_feature_enabled":true,"jetpack_social_post_already_shared":false,"jetpack_social_options":{"image_generator_settings":{"template":"fullscreen","default_image_id":0,"font":"","enabled":false},"version":2},"_wpas_customize_per_network":false,"jetpack_post_was_ever_published":false},"categories":[29815376,781171664,21243],"tags":[],"class_list":["post-10280","post","type-post","status-publish","format-standard","has-post-thumbnail","hentry","category-alvaro-de-carvalho","category-garca-cidade","category-seguranca"],"jetpack_publicize_connections":[],"jetpack_featured_media_url":"https:\/\/i0.wp.com\/diariodegarca.com\/wp-content\/uploads\/2025\/11\/SnapInsta.to_582789894_18325798687246526_2708297248035910926_n-e1763412687114.jpg?fit=1080%2C730&ssl=1","jetpack_likes_enabled":true,"jetpack_sharing_enabled":true,"jetpack_shortlink":"https:\/\/wp.me\/pgitne-2FO","jetpack-related-posts":[{"id":9844,"url":"https:\/\/diariodegarca.com\/?p=9844","url_meta":{"origin":10280,"position":0},"title":"For\u00e7a T\u00e1tica prende acusado de estupro de vulner\u00e1vel em \u00c1lvaro de Carvalho","author":"Di\u00e1rio de Gar\u00e7a","date":"7 de janeiro de 2026","format":false,"excerpt":"Homem, condenado a 23 anos de pris\u00e3o, foi localizado na zona rural do munic\u00edpio e encaminhado ao sistema penitenci\u00e1rio. Um homem condenado pelo crime de estupro de vulner\u00e1vel foi preso pela For\u00e7a T\u00e1tica do 9\u00ba Batalh\u00e3o de Pol\u00edcia Militar na tarde desta segunda-feira, 5 de janeiro, na zona rural de\u2026","rel":"","context":"Em &quot;\u00c1lvaro de Carvalho&quot;","block_context":{"text":"\u00c1lvaro de Carvalho","link":"https:\/\/diariodegarca.com\/?cat=29815376"},"img":{"alt_text":"","src":"https:\/\/i0.wp.com\/diariodegarca.com\/wp-content\/uploads\/2026\/01\/policia-militar-e1767790254222.jpg?fit=1058%2C850&ssl=1&resize=350%2C200","width":350,"height":200,"srcset":"https:\/\/i0.wp.com\/diariodegarca.com\/wp-content\/uploads\/2026\/01\/policia-militar-e1767790254222.jpg?fit=1058%2C850&ssl=1&resize=350%2C200 1x, https:\/\/i0.wp.com\/diariodegarca.com\/wp-content\/uploads\/2026\/01\/policia-militar-e1767790254222.jpg?fit=1058%2C850&ssl=1&resize=525%2C300 1.5x, https:\/\/i0.wp.com\/diariodegarca.com\/wp-content\/uploads\/2026\/01\/policia-militar-e1767790254222.jpg?fit=1058%2C850&ssl=1&resize=700%2C400 2x, https:\/\/i0.wp.com\/diariodegarca.com\/wp-content\/uploads\/2026\/01\/policia-militar-e1767790254222.jpg?fit=1058%2C850&ssl=1&resize=1050%2C600 3x"},"classes":[]},{"id":10250,"url":"https:\/\/diariodegarca.com\/?p=10250","url_meta":{"origin":10280,"position":1},"title":"For\u00e7a T\u00e1tica prende pai e filho procurados pela Justi\u00e7a em J\u00falio Mesquita","author":"Di\u00e1rio de Gar\u00e7a","date":"26 de janeiro de 2026","format":false,"excerpt":"Mandados de pris\u00e3o por tr\u00e1fico de drogas e les\u00e3o corporal foram cumpridos ap\u00f3s abordagem policial na cidade do interior paulista. Em uma opera\u00e7\u00e3o policial na tarde da \u00faltima sexta-feira, 23 de janeiro, a For\u00e7a T\u00e1tica da 4\u00aa Companhia da Pol\u00edcia Militar cumpriu dois mandados de pris\u00e3o e retirou de circula\u00e7\u00e3o\u2026","rel":"","context":"Em &quot;J\u00falio Mesquita&quot;","block_context":{"text":"J\u00falio Mesquita","link":"https:\/\/diariodegarca.com\/?cat=5925410"},"img":{"alt_text":"","src":"https:\/\/i0.wp.com\/diariodegarca.com\/wp-content\/uploads\/2026\/01\/criminal-handcuffs.jpg?fit=1200%2C800&ssl=1&resize=350%2C200","width":350,"height":200,"srcset":"https:\/\/i0.wp.com\/diariodegarca.com\/wp-content\/uploads\/2026\/01\/criminal-handcuffs.jpg?fit=1200%2C800&ssl=1&resize=350%2C200 1x, https:\/\/i0.wp.com\/diariodegarca.com\/wp-content\/uploads\/2026\/01\/criminal-handcuffs.jpg?fit=1200%2C800&ssl=1&resize=525%2C300 1.5x, https:\/\/i0.wp.com\/diariodegarca.com\/wp-content\/uploads\/2026\/01\/criminal-handcuffs.jpg?fit=1200%2C800&ssl=1&resize=700%2C400 2x, https:\/\/i0.wp.com\/diariodegarca.com\/wp-content\/uploads\/2026\/01\/criminal-handcuffs.jpg?fit=1200%2C800&ssl=1&resize=1050%2C600 3x"},"classes":[]},{"id":8781,"url":"https:\/\/diariodegarca.com\/?p=8781","url_meta":{"origin":10280,"position":2},"title":"Pol\u00edcia Militar prende tr\u00eas procurados pela Justi\u00e7a em Mar\u00edlia e \u00c1lvaro de Carvalho","author":"Andreza Sega","date":"17 de novembro de 2025","format":false,"excerpt":"A\u00e7\u00f5es policiais, realizadas na sexta-feira, resultaram na captura de indiv\u00edduos com mandados por crimes como aliciamento infantil e pris\u00e3o civil. Uma opera\u00e7\u00e3o realizada pelo 9\u00ba Batalh\u00e3o de Pol\u00edcia Militar do Interior resultou na pris\u00e3o de tr\u00eas homens procurados pela Justi\u00e7a na \u00faltima sexta-feira, 14 de novembro. As a\u00e7\u00f5es ocorreram nas\u2026","rel":"","context":"Em &quot;\u00c1lvaro de Carvalho&quot;","block_context":{"text":"\u00c1lvaro de Carvalho","link":"https:\/\/diariodegarca.com\/?cat=29815376"},"img":{"alt_text":"","src":"https:\/\/i0.wp.com\/diariodegarca.com\/wp-content\/uploads\/2025\/11\/SnapInsta.to_582789894_18325798687246526_2708297248035910926_n-e1763412687114.jpg?fit=1080%2C730&ssl=1&resize=350%2C200","width":350,"height":200,"srcset":"https:\/\/i0.wp.com\/diariodegarca.com\/wp-content\/uploads\/2025\/11\/SnapInsta.to_582789894_18325798687246526_2708297248035910926_n-e1763412687114.jpg?fit=1080%2C730&ssl=1&resize=350%2C200 1x, https:\/\/i0.wp.com\/diariodegarca.com\/wp-content\/uploads\/2025\/11\/SnapInsta.to_582789894_18325798687246526_2708297248035910926_n-e1763412687114.jpg?fit=1080%2C730&ssl=1&resize=525%2C300 1.5x, https:\/\/i0.wp.com\/diariodegarca.com\/wp-content\/uploads\/2025\/11\/SnapInsta.to_582789894_18325798687246526_2708297248035910926_n-e1763412687114.jpg?fit=1080%2C730&ssl=1&resize=700%2C400 2x, https:\/\/i0.wp.com\/diariodegarca.com\/wp-content\/uploads\/2025\/11\/SnapInsta.to_582789894_18325798687246526_2708297248035910926_n-e1763412687114.jpg?fit=1080%2C730&ssl=1&resize=1050%2C600 3x"},"classes":[]},{"id":6092,"url":"https:\/\/diariodegarca.com\/?p=6092","url_meta":{"origin":10280,"position":3},"title":"Opera\u00e7\u00e3o em J\u00falio Mesquita prende homem e apreende adolescente procurados","author":"Di\u00e1rio de Gar\u00e7a","date":"26 de agosto de 2025","format":false,"excerpt":"A\u00e7\u00f5es ocorreram em dois endere\u00e7os durante a madrugada; conduzidos foram levados para delegacia de cidade vizinha para evitar aglomera\u00e7\u00f5es e seguem \u00e0 disposi\u00e7\u00e3o da Justi\u00e7a. Na madrugada desta ter\u00e7a-feira, 26 de agosto, uma opera\u00e7\u00e3o coordenada entre a Pol\u00edcia Militar e a Pol\u00edcia Civil cumpriu mandados judiciais na cidade de J\u00falio\u2026","rel":"","context":"Em &quot;\u00c1lvaro de Carvalho&quot;","block_context":{"text":"\u00c1lvaro de Carvalho","link":"https:\/\/diariodegarca.com\/?cat=29815376"},"img":{"alt_text":"","src":"https:\/\/i0.wp.com\/diariodegarca.com\/wp-content\/uploads\/2025\/08\/ce5e5446-8082-4801-818b-2b2704dcf14a.jpg?fit=1200%2C541&ssl=1&resize=350%2C200","width":350,"height":200,"srcset":"https:\/\/i0.wp.com\/diariodegarca.com\/wp-content\/uploads\/2025\/08\/ce5e5446-8082-4801-818b-2b2704dcf14a.jpg?fit=1200%2C541&ssl=1&resize=350%2C200 1x, https:\/\/i0.wp.com\/diariodegarca.com\/wp-content\/uploads\/2025\/08\/ce5e5446-8082-4801-818b-2b2704dcf14a.jpg?fit=1200%2C541&ssl=1&resize=525%2C300 1.5x, https:\/\/i0.wp.com\/diariodegarca.com\/wp-content\/uploads\/2025\/08\/ce5e5446-8082-4801-818b-2b2704dcf14a.jpg?fit=1200%2C541&ssl=1&resize=700%2C400 2x, https:\/\/i0.wp.com\/diariodegarca.com\/wp-content\/uploads\/2025\/08\/ce5e5446-8082-4801-818b-2b2704dcf14a.jpg?fit=1200%2C541&ssl=1&resize=1050%2C600 3x"},"classes":[]},{"id":7550,"url":"https:\/\/diariodegarca.com\/?p=7550","url_meta":{"origin":10280,"position":4},"title":"Opera\u00e7\u00e3o Impacto prende mulher procurada pela Justi\u00e7a em Gar\u00e7a","author":"Andreza Sega","date":"9 de outubro de 2025","format":false,"excerpt":"A\u00e7\u00e3o da For\u00e7a T\u00e1tica no bairro Takeo Toyota resultou na captura de mulher com mandado de pris\u00e3o em aberto por roubo; ela foi encaminhada para a delegacia e aguarda audi\u00eancia de cust\u00f3dia. Uma a\u00e7\u00e3o de patrulhamento rotineira da For\u00e7a T\u00e1tica da Pol\u00edcia Militar resultou na captura de uma mulher procurada\u2026","rel":"","context":"Em &quot;Gar\u00e7a&quot;","block_context":{"text":"Gar\u00e7a","link":"https:\/\/diariodegarca.com\/?cat=781171664"},"img":{"alt_text":"","src":"https:\/\/i0.wp.com\/diariodegarca.com\/wp-content\/uploads\/2025\/08\/snapinsta.to_541167752_18313811869246526_8602846701173977583_n-1-1-e1761514992462.webp?fit=1200%2C754&ssl=1&resize=350%2C200","width":350,"height":200,"srcset":"https:\/\/i0.wp.com\/diariodegarca.com\/wp-content\/uploads\/2025\/08\/snapinsta.to_541167752_18313811869246526_8602846701173977583_n-1-1-e1761514992462.webp?fit=1200%2C754&ssl=1&resize=350%2C200 1x, https:\/\/i0.wp.com\/diariodegarca.com\/wp-content\/uploads\/2025\/08\/snapinsta.to_541167752_18313811869246526_8602846701173977583_n-1-1-e1761514992462.webp?fit=1200%2C754&ssl=1&resize=525%2C300 1.5x, https:\/\/i0.wp.com\/diariodegarca.com\/wp-content\/uploads\/2025\/08\/snapinsta.to_541167752_18313811869246526_8602846701173977583_n-1-1-e1761514992462.webp?fit=1200%2C754&ssl=1&resize=700%2C400 2x, https:\/\/i0.wp.com\/diariodegarca.com\/wp-content\/uploads\/2025\/08\/snapinsta.to_541167752_18313811869246526_8602846701173977583_n-1-1-e1761514992462.webp?fit=1200%2C754&ssl=1&resize=1050%2C600 3x"},"classes":[]},{"id":3022,"url":"https:\/\/diariodegarca.com\/?p=3022","url_meta":{"origin":10280,"position":5},"title":"Pol\u00edcia prende suspeitos de homic\u00eddio e dupla com mandados em Mar\u00edlia","author":"Di\u00e1rio de Gar\u00e7a","date":"21 de maio de 2025","format":false,"excerpt":"O 9\u00ba Batalh\u00e3o de Pol\u00edcia Militar do Interior (9\u00ba BPM\/I) divulgou informa\u00e7\u00f5es de duas a\u00e7\u00f5es que aconteceram nos \u00faltimos dias na cidade de Mar\u00edlia. Captura de homem procurado por homic\u00eddio na zona norte da cidade Na noite de segunda-feira, dia 19 de maio, por volta das 23h, equipes de Radiopatrulhamento\u2026","rel":"","context":"Em &quot;Mar\u00edlia&quot;","block_context":{"text":"Mar\u00edlia","link":"https:\/\/diariodegarca.com\/?cat=683453294"},"img":{"alt_text":"","src":"https:\/\/i0.wp.com\/diariodegarca.com\/wp-content\/uploads\/2025\/05\/500084858_18302219050246526_4028368060180630968_n-e1760650460275.webp?fit=1080%2C704&ssl=1&resize=350%2C200","width":350,"height":200,"srcset":"https:\/\/i0.wp.com\/diariodegarca.com\/wp-content\/uploads\/2025\/05\/500084858_18302219050246526_4028368060180630968_n-e1760650460275.webp?fit=1080%2C704&ssl=1&resize=350%2C200 1x, https:\/\/i0.wp.com\/diariodegarca.com\/wp-content\/uploads\/2025\/05\/500084858_18302219050246526_4028368060180630968_n-e1760650460275.webp?fit=1080%2C704&ssl=1&resize=525%2C300 1.5x, https:\/\/i0.wp.com\/diariodegarca.com\/wp-content\/uploads\/2025\/05\/500084858_18302219050246526_4028368060180630968_n-e1760650460275.webp?fit=1080%2C704&ssl=1&resize=700%2C400 2x, https:\/\/i0.wp.com\/diariodegarca.com\/wp-content\/uploads\/2025\/05\/500084858_18302219050246526_4028368060180630968_n-e1760650460275.webp?fit=1080%2C704&ssl=1&resize=1050%2C600 3x"},"classes":[]}],"_links":{"self":[{"href":"https:\/\/diariodegarca.com\/index.php?rest_route=\/wp\/v2\/posts\/10280","targetHints":{"allow":["GET"]}}],"collection":[{"href":"https:\/\/diariodegarca.com\/index.php?rest_route=\/wp\/v2\/posts"}],"about":[{"href":"https:\/\/diariodegarca.com\/index.php?rest_route=\/wp\/v2\/types\/post"}],"author":[{"embeddable":true,"href":"https:\/\/diariodegarca.com\/index.php?rest_route=\/wp\/v2\/users\/260896546"}],"replies":[{"embeddable":true,"href":"https:\/\/diariodegarca.com\/index.php?rest_route=%2Fwp%2Fv2%2Fcomments&post=10280"}],"version-history":[{"count":2,"href":"https:\/\/diariodegarca.com\/index.php?rest_route=\/wp\/v2\/posts\/10280\/revisions"}],"predecessor-version":[{"id":10282,"href":"https:\/\/diariodegarca.com\/index.php?rest_route=\/wp\/v2\/posts\/10280\/revisions\/10282"}],"wp:featuredmedia":[{"embeddable":true,"href":"https:\/\/diariodegarca.com\/index.php?rest_route=\/wp\/v2\/media\/8782"}],"wp:attachment":[{"href":"https:\/\/diariodegarca.com\/index.php?rest_route=%2Fwp%2Fv2%2Fmedia&parent=10280"}],"wp:term":[{"taxonomy":"category","embeddable":true,"href":"https:\/\/diariodegarca.com\/index.php?rest_route=%2Fwp%2Fv2%2Fcategories&post=10280"},{"taxonomy":"post_tag","embeddable":true,"href":"https:\/\/diariodegarca.com\/index.php?rest_route=%2Fwp%2Fv2%2Ftags&post=10280"}],"curies":[{"name":"wp","href":"https:\/\/api.w.org\/{rel}","templated":true}]}}