{"id":10302,"date":"2026-01-29T17:48:25","date_gmt":"2026-01-29T20:48:25","guid":{"rendered":"https:\/\/diariodegarca.com\/?p=10302"},"modified":"2026-01-29T17:48:25","modified_gmt":"2026-01-29T20:48:25","slug":"policia-militar-prende-procurado-pela-justica-em-alvinlandia","status":"publish","type":"post","link":"https:\/\/diariodegarca.com\/?p=10302","title":{"rendered":"Pol\u00edcia Militar prende procurado pela Justi\u00e7a em Alvinl\u00e2ndia"},"content":{"rendered":"\n<p class=\"wp-block-paragraph\"><em>A\u00e7\u00e3o ocorreu durante atendimento a uma ocorr\u00eancia de agress\u00e3o; consulta criminal revelou mandado de pris\u00e3o em aberto.<\/em><\/p>\n\n\n\n<p class=\"wp-block-paragraph\">Um homem com mandado de pris\u00e3o em aberto pelo crime de amea\u00e7a foi capturado pela Pol\u00edcia Militar na noite do \u00faltimo s\u00e1bado, 24 de janeiro, em Alvinl\u00e2ndia. A pris\u00e3o, efetuada por volta das 21 horas, foi resultado de uma a\u00e7\u00e3o desencadeada ap\u00f3s uma chamada para atender uma ocorr\u00eancia de agress\u00e3o em via p\u00fablica.<\/p>\n\n\n\n<p class=\"wp-block-paragraph\">Ao chegar ao local para averiguar a briga, os policiais militares realizaram a abordagem de rotina. Foi durante a consulta ao sistema de registros criminais que os agentes descobriram a pend\u00eancia judicial contra o indiv\u00edduo. Com a confirma\u00e7\u00e3o do mandado, a situa\u00e7\u00e3o mudou de patamar: a simples averigua\u00e7\u00e3o transformou-se em pris\u00e3o em flagrante.<\/p>\n\n\n\n<p class=\"wp-block-paragraph\">O homem foi imediatamente detido e, em seguida, transferido para o Pres\u00eddio de \u00c1lvaro de Carvalho. Ele permanece \u00e0 disposi\u00e7\u00e3o da Justi\u00e7a, aguardando as defini\u00e7\u00f5es processuais. <\/p>\n","protected":false},"excerpt":{"rendered":"<p>A\u00e7\u00e3o ocorreu durante atendimento a uma ocorr\u00eancia de agress\u00e3o; consulta criminal revelou mandado de pris\u00e3o em aberto. Um homem com mandado de pris\u00e3o em aberto pelo crime de amea\u00e7a foi capturado pela Pol\u00edcia Militar na noite do \u00faltimo s\u00e1bado, 24 de janeiro, em Alvinl\u00e2ndia. A pris\u00e3o, efetuada por volta das 21 horas, foi resultado de [&hellip;]<\/p>\n","protected":false},"author":260896546,"featured_media":4615,"comment_status":"open","ping_status":"open","sticky":false,"template":"","format":"standard","meta":{"_monsterinsights_skip_tracking":false,"advanced_seo_description":"","jetpack_seo_html_title":"","jetpack_seo_noindex":false,"jetpack_seo_schema_type":"","_jetpack_newsletter_access":"","_jetpack_dont_email_post_to_subs":false,"_jetpack_newsletter_tier_id":0,"_jetpack_memberships_contains_paywalled_content":false,"_wpcom_ai_launchpad_first_post":false,"_jetpack_feature_clip_id":0,"_jetpack_memberships_contains_paid_content":false,"footnotes":"","jetpack_publicize_message":"\ud83d\udea8 Pris\u00e3o em Alvinl\u00e2ndia\n\nNa noite de s\u00e1bado (24\/1), policiais militares prenderam um homem procurado pela Justi\u00e7a durante o atendimento a uma ocorr\u00eancia de agress\u00e3o em via p\u00fablica. Uma consulta de rotina ao sistema revelou o mandado de pris\u00e3o em aberto pelo crime de amea\u00e7a.\n\n\ud83d\udcd6 Leia a mat\u00e9ria completa em diariodegarca.com (link na bio)\n\n#PoliciaMilitar #Pris\u00e3o #Alvinl\u00e2ndia #Seguran\u00e7aP\u00fablica #Di\u00e1rioDeGar\u00e7a #Ocorr\u00eanciaPolicial ","jetpack_publicize_feature_enabled":true,"jetpack_social_post_already_shared":false,"jetpack_social_options":{"image_generator_settings":{"template":"fullscreen","default_image_id":0,"font":"","enabled":false},"version":2},"_wpas_customize_per_network":false,"jetpack_post_was_ever_published":false},"categories":[32102633,21243],"tags":[],"class_list":["post-10302","post","type-post","status-publish","format-standard","has-post-thumbnail","hentry","category-alvinlandia","category-seguranca"],"jetpack_publicize_connections":[],"jetpack_likes_enabled":true,"jetpack_sharing_enabled":true,"jetpack_shortlink":"https:\/\/wp.me\/pgitne-2Ga","jetpack-related-posts":[{"id":9745,"url":"https:\/\/diariodegarca.com\/?p=9745","url_meta":{"origin":10302,"position":0},"title":"De v\u00edtima a preso: homem \u00e9 detido em Hospital de G\u00e1lia","author":"Di\u00e1rio de Gar\u00e7a","date":"3 de janeiro de 2026","format":false,"excerpt":"Ao buscar tratamento ap\u00f3s agress\u00e3o da ex-mulher, homem tem mandado de pris\u00e3o descoberto pela PM e \u00e9 algemado dentro da unidade de sa\u00fade. Um homem teve uma noite at\u00edpica e conturbada em G\u00e1lia, na \u00faltima sexta-feira, 2 de janeiro. O que come\u00e7ou como uma busca por atendimento m\u00e9dico ap\u00f3s uma\u2026","rel":"","context":"Em &quot;G\u00e1lia&quot;","block_context":{"text":"G\u00e1lia","link":"https:\/\/diariodegarca.com\/?cat=1600904"},"img":{"alt_text":"","src":"https:\/\/i0.wp.com\/diariodegarca.com\/wp-content\/uploads\/2025\/10\/SnapInsta.to_561908263_18319438843246526_1816024880825141096_n-e1761515366631.jpg?fit=1080%2C716&ssl=1&resize=350%2C200","width":350,"height":200,"srcset":"https:\/\/i0.wp.com\/diariodegarca.com\/wp-content\/uploads\/2025\/10\/SnapInsta.to_561908263_18319438843246526_1816024880825141096_n-e1761515366631.jpg?fit=1080%2C716&ssl=1&resize=350%2C200 1x, https:\/\/i0.wp.com\/diariodegarca.com\/wp-content\/uploads\/2025\/10\/SnapInsta.to_561908263_18319438843246526_1816024880825141096_n-e1761515366631.jpg?fit=1080%2C716&ssl=1&resize=525%2C300 1.5x, https:\/\/i0.wp.com\/diariodegarca.com\/wp-content\/uploads\/2025\/10\/SnapInsta.to_561908263_18319438843246526_1816024880825141096_n-e1761515366631.jpg?fit=1080%2C716&ssl=1&resize=700%2C400 2x, https:\/\/i0.wp.com\/diariodegarca.com\/wp-content\/uploads\/2025\/10\/SnapInsta.to_561908263_18319438843246526_1816024880825141096_n-e1761515366631.jpg?fit=1080%2C716&ssl=1&resize=1050%2C600 3x"},"classes":[]},{"id":5860,"url":"https:\/\/diariodegarca.com\/?p=5860","url_meta":{"origin":10302,"position":1},"title":"A\u00e7\u00e3o da PM em Alvinl\u00e2ndia apreende quase 50 gramas de maconha e prende homem por tr\u00e1fico","author":"Di\u00e1rio de Gar\u00e7a","date":"20 de agosto de 2025","format":false,"excerpt":"Flagrante ocorreu na noite desta ter\u00e7a-feira ap\u00f3s abordagem a suspeito na rua Jos\u00e9 Bonif\u00e1cio do Couto; material estava embalado para a venda. Em uma opera\u00e7\u00e3o de rotina que resultou em um flagrante de tr\u00e1fico, policiais militares prenderam um homem na noite desta ter\u00e7a-feira, 19 de agosto, no munic\u00edpio de Alvinl\u00e2ndia.\u2026","rel":"","context":"Em &quot;Alvinl\u00e2ndia&quot;","block_context":{"text":"Alvinl\u00e2ndia","link":"https:\/\/diariodegarca.com\/?cat=32102633"},"img":{"alt_text":"","src":"https:\/\/i0.wp.com\/diariodegarca.com\/wp-content\/uploads\/2025\/07\/em-garcahoje-11-por-volta-das-09h08min-policiais-militares-do-9o-batalhao-de-policia-milita-e1769719609181.webp?fit=1080%2C690&ssl=1&resize=350%2C200","width":350,"height":200,"srcset":"https:\/\/i0.wp.com\/diariodegarca.com\/wp-content\/uploads\/2025\/07\/em-garcahoje-11-por-volta-das-09h08min-policiais-militares-do-9o-batalhao-de-policia-milita-e1769719609181.webp?fit=1080%2C690&ssl=1&resize=350%2C200 1x, https:\/\/i0.wp.com\/diariodegarca.com\/wp-content\/uploads\/2025\/07\/em-garcahoje-11-por-volta-das-09h08min-policiais-militares-do-9o-batalhao-de-policia-milita-e1769719609181.webp?fit=1080%2C690&ssl=1&resize=525%2C300 1.5x, https:\/\/i0.wp.com\/diariodegarca.com\/wp-content\/uploads\/2025\/07\/em-garcahoje-11-por-volta-das-09h08min-policiais-militares-do-9o-batalhao-de-policia-milita-e1769719609181.webp?fit=1080%2C690&ssl=1&resize=700%2C400 2x, https:\/\/i0.wp.com\/diariodegarca.com\/wp-content\/uploads\/2025\/07\/em-garcahoje-11-por-volta-das-09h08min-policiais-militares-do-9o-batalhao-de-policia-milita-e1769719609181.webp?fit=1080%2C690&ssl=1&resize=1050%2C600 3x"},"classes":[]},{"id":2826,"url":"https:\/\/diariodegarca.com\/?p=2826","url_meta":{"origin":10302,"position":2},"title":"Policia Militar cumpre mandado de pris\u00e3o durante patrulhamento no bairro Araceli","author":"Di\u00e1rio de Gar\u00e7a","date":"14 de fevereiro de 2025","format":false,"excerpt":"Na noite do dia 10 de fevereiro, por volta das 23h30, uma equipe da Pol\u00edcia Militar em patrulhamento pelo bairro Araceli, na rua C\u00e9sar Corr\u00eaa Lopes, pr\u00f3ximo ao campo de futebol, abordou um indiv\u00edduo j\u00e1 conhecido nos meios policiais. O homem foi encontrado em local ermo e, durante a busca\u2026","rel":"","context":"Em &quot;Brasil&quot;","block_context":{"text":"Brasil","link":"https:\/\/diariodegarca.com\/?cat=38185"},"img":{"alt_text":"","src":"","width":0,"height":0},"classes":[]},{"id":6015,"url":"https:\/\/diariodegarca.com\/?p=6015","url_meta":{"origin":10302,"position":3},"title":"Denuncia de viol\u00eancia dom\u00e9stica em Tup\u00e3 leva a pris\u00e3o de procurado da justi\u00e7a","author":"Di\u00e1rio de Gar\u00e7a","date":"23 de agosto de 2025","format":false,"excerpt":"Ap\u00f3s v\u00edtima conseguir se desvencilhar e pedir ajuda, policiais prenderam homem que escondia faca; consulta ao sistema mostrou mandado de pris\u00e3o preventiva por assassinato. Um flagrante de viol\u00eancia dom\u00e9stica na manh\u00e3 de quarta-feira, 22 de agosto, em Tup\u00e3 revelou um passado criminal muito mais grave: o agressor era procurado pela\u2026","rel":"","context":"Em &quot;Seguran\u00e7a&quot;","block_context":{"text":"Seguran\u00e7a","link":"https:\/\/diariodegarca.com\/?cat=21243"},"img":{"alt_text":"","src":"https:\/\/i0.wp.com\/diariodegarca.com\/wp-content\/uploads\/2025\/06\/511503492_18306010051246526_6301021612031383202_n-e1762261741864.webp?fit=1080%2C740&ssl=1&resize=350%2C200","width":350,"height":200,"srcset":"https:\/\/i0.wp.com\/diariodegarca.com\/wp-content\/uploads\/2025\/06\/511503492_18306010051246526_6301021612031383202_n-e1762261741864.webp?fit=1080%2C740&ssl=1&resize=350%2C200 1x, https:\/\/i0.wp.com\/diariodegarca.com\/wp-content\/uploads\/2025\/06\/511503492_18306010051246526_6301021612031383202_n-e1762261741864.webp?fit=1080%2C740&ssl=1&resize=525%2C300 1.5x, https:\/\/i0.wp.com\/diariodegarca.com\/wp-content\/uploads\/2025\/06\/511503492_18306010051246526_6301021612031383202_n-e1762261741864.webp?fit=1080%2C740&ssl=1&resize=700%2C400 2x, https:\/\/i0.wp.com\/diariodegarca.com\/wp-content\/uploads\/2025\/06\/511503492_18306010051246526_6301021612031383202_n-e1762261741864.webp?fit=1080%2C740&ssl=1&resize=1050%2C600 3x"},"classes":[]},{"id":4441,"url":"https:\/\/diariodegarca.com\/?p=4441","url_meta":{"origin":10302,"position":4},"title":"Pol\u00edcia Militar prende procurado por posse ilegal de arma em Mar\u00edlia","author":"Di\u00e1rio de Gar\u00e7a","date":"4 de julho de 2025","format":false,"excerpt":"Captura ocorreu durante atendimento a ocorr\u00eancia de desentendimento; suspeito tinha mandado de pris\u00e3o em aberto. Na tarde de quinta-feira, dia 3 de julho, agentes do 9\u00ba Batalh\u00e3o de Pol\u00edcia Militar do Interior (9\u00ba BPM\/I) prenderam um homem procurado pela Justi\u00e7a durante o atendimento a uma ocorr\u00eancia de desintelig\u00eancia na rua\u2026","rel":"","context":"Em &quot;Mar\u00edlia&quot;","block_context":{"text":"Mar\u00edlia","link":"https:\/\/diariodegarca.com\/?cat=683453294"},"img":{"alt_text":"","src":"https:\/\/i0.wp.com\/diariodegarca.com\/wp-content\/uploads\/2025\/06\/511503492_18306010051246526_6301021612031383202_n-e1762261741864.webp?fit=1080%2C740&ssl=1&resize=350%2C200","width":350,"height":200,"srcset":"https:\/\/i0.wp.com\/diariodegarca.com\/wp-content\/uploads\/2025\/06\/511503492_18306010051246526_6301021612031383202_n-e1762261741864.webp?fit=1080%2C740&ssl=1&resize=350%2C200 1x, https:\/\/i0.wp.com\/diariodegarca.com\/wp-content\/uploads\/2025\/06\/511503492_18306010051246526_6301021612031383202_n-e1762261741864.webp?fit=1080%2C740&ssl=1&resize=525%2C300 1.5x, https:\/\/i0.wp.com\/diariodegarca.com\/wp-content\/uploads\/2025\/06\/511503492_18306010051246526_6301021612031383202_n-e1762261741864.webp?fit=1080%2C740&ssl=1&resize=700%2C400 2x, https:\/\/i0.wp.com\/diariodegarca.com\/wp-content\/uploads\/2025\/06\/511503492_18306010051246526_6301021612031383202_n-e1762261741864.webp?fit=1080%2C740&ssl=1&resize=1050%2C600 3x"},"classes":[]},{"id":5713,"url":"https:\/\/diariodegarca.com\/?p=5713","url_meta":{"origin":10302,"position":5},"title":"&#8220;Agosto Lil\u00e1s&#8221; chega a Alvinl\u00e2ndia com palestra sobre viol\u00eancia dom\u00e9stica e ferramentas de prote\u00e7\u00e3o","author":"Di\u00e1rio de Gar\u00e7a","date":"17 de agosto de 2025","format":false,"excerpt":"Investigadora Elaine Oliveira e Pol\u00edcia Militar orientam mulheres sobre preven\u00e7\u00e3o, aplicativo SOS Mulher e Cabine Lil\u00e1s. Na noite de sexta-feira,\u00a015 de agosto, Alvinl\u00e2ndia recebeu uma edi\u00e7\u00e3o da campanha\u00a0\"Agosto Lil\u00e1s\", com uma palestra ministrada pela\u00a0investigadora da Pol\u00edcia Civil e vereadora de Gar\u00e7a, Elaine Oliveira, em parceria com a\u00a0Pol\u00edcia Militar. O evento,\u2026","rel":"","context":"Em &quot;Alvinl\u00e2ndia&quot;","block_context":{"text":"Alvinl\u00e2ndia","link":"https:\/\/diariodegarca.com\/?cat=32102633"},"img":{"alt_text":"","src":"https:\/\/i0.wp.com\/diariodegarca.com\/wp-content\/uploads\/2025\/08\/97b11998-6e54-4fc4-9159-c620a80a593e.jpg?fit=900%2C1200&ssl=1&resize=350%2C200","width":350,"height":200,"srcset":"https:\/\/i0.wp.com\/diariodegarca.com\/wp-content\/uploads\/2025\/08\/97b11998-6e54-4fc4-9159-c620a80a593e.jpg?fit=900%2C1200&ssl=1&resize=350%2C200 1x, https:\/\/i0.wp.com\/diariodegarca.com\/wp-content\/uploads\/2025\/08\/97b11998-6e54-4fc4-9159-c620a80a593e.jpg?fit=900%2C1200&ssl=1&resize=525%2C300 1.5x, https:\/\/i0.wp.com\/diariodegarca.com\/wp-content\/uploads\/2025\/08\/97b11998-6e54-4fc4-9159-c620a80a593e.jpg?fit=900%2C1200&ssl=1&resize=700%2C400 2x"},"classes":[]}],"jetpack_featured_media_url":"https:\/\/i0.wp.com\/diariodegarca.com\/wp-content\/uploads\/2025\/07\/em-garcahoje-11-por-volta-das-09h08min-policiais-militares-do-9o-batalhao-de-policia-milita-e1769719609181.webp?fit=1080%2C690&ssl=1","_links":{"self":[{"href":"https:\/\/diariodegarca.com\/index.php?rest_route=\/wp\/v2\/posts\/10302","targetHints":{"allow":["GET"]}}],"collection":[{"href":"https:\/\/diariodegarca.com\/index.php?rest_route=\/wp\/v2\/posts"}],"about":[{"href":"https:\/\/diariodegarca.com\/index.php?rest_route=\/wp\/v2\/types\/post"}],"author":[{"embeddable":true,"href":"https:\/\/diariodegarca.com\/index.php?rest_route=\/wp\/v2\/users\/260896546"}],"replies":[{"embeddable":true,"href":"https:\/\/diariodegarca.com\/index.php?rest_route=%2Fwp%2Fv2%2Fcomments&post=10302"}],"version-history":[{"count":2,"href":"https:\/\/diariodegarca.com\/index.php?rest_route=\/wp\/v2\/posts\/10302\/revisions"}],"predecessor-version":[{"id":10304,"href":"https:\/\/diariodegarca.com\/index.php?rest_route=\/wp\/v2\/posts\/10302\/revisions\/10304"}],"wp:featuredmedia":[{"embeddable":true,"href":"https:\/\/diariodegarca.com\/index.php?rest_route=\/wp\/v2\/media\/4615"}],"wp:attachment":[{"href":"https:\/\/diariodegarca.com\/index.php?rest_route=%2Fwp%2Fv2%2Fmedia&parent=10302"}],"wp:term":[{"taxonomy":"category","embeddable":true,"href":"https:\/\/diariodegarca.com\/index.php?rest_route=%2Fwp%2Fv2%2Fcategories&post=10302"},{"taxonomy":"post_tag","embeddable":true,"href":"https:\/\/diariodegarca.com\/index.php?rest_route=%2Fwp%2Fv2%2Ftags&post=10302"}],"curies":[{"name":"wp","href":"https:\/\/api.w.org\/{rel}","templated":true}]}}