{"id":10305,"date":"2026-01-30T11:25:33","date_gmt":"2026-01-30T14:25:33","guid":{"rendered":"https:\/\/diariodegarca.com\/?p=10305"},"modified":"2026-01-30T11:25:33","modified_gmt":"2026-01-30T14:25:33","slug":"homem-com-antecedentes-e-preso-com-cocaina-e-crack-em-garca","status":"publish","type":"post","link":"https:\/\/diariodegarca.com\/?p=10305","title":{"rendered":"Homem com antecedentes \u00e9 preso com coca\u00edna e crack em Gar\u00e7a"},"content":{"rendered":"\n<p class=\"wp-block-paragraph\"><em>Em a\u00e7\u00e3o de rotina, PMs abordam suspeito em \u00e1rea conhecida por tr\u00e1fico; drogas e dinheiro foram apreendidos.<\/em><\/p>\n\n\n\n<p class=\"wp-block-paragraph\">Em uma opera\u00e7\u00e3o de rotina na madrugada de quinta-feira, 29 de janeiro, policiais militares da 4\u00aa Companhia de Gar\u00e7a desarticularam uma a\u00e7\u00e3o de tr\u00e1fico de drogas na cidade. Por volta das 2h20, durante patrulhamento pela rua Independ\u00eancia, a aten\u00e7\u00e3o da guarni\u00e7\u00e3o foi atra\u00edda por um indiv\u00edduo que, em atitude considerada suspeita, mexia em uma lixeira p\u00fablica em frente a um im\u00f3vel.<\/p>\n\n\n\n<p class=\"wp-block-paragraph\">Ao perceber a aproxima\u00e7\u00e3o da viatura policial, o homem tentou se deslocar rapidamente para o interior de um estabelecimento comercial do outro lado da rua. A movimenta\u00e7\u00e3o, somada ao fato de a regi\u00e3o ser reconhecida pelas autoridades por sua incid\u00eancia em crimes de tr\u00e1fico, motivou a abordagem imediata.<\/p>\n\n\n\n<p class=\"wp-block-paragraph\">Na revista pessoal, os militares localizaram com o suspeito por\u00e7\u00f5es individuais de coca\u00edna, uma pedra de crack pronta para o consumo, um aparelho celular e uma quantia em dinheiro. A a\u00e7\u00e3o, no entanto, n\u00e3o parou por a\u00ed. Seguindo o rastro do abordado, os policiais inspecionaram a lixeira de onde ele havia se afastado momentos antes. No local, foram encontradas mais por\u00e7\u00f5es de coca\u00edna, similares \u00e0s j\u00e1 apreendidas, e uma pedra bruta de crack.<\/p>\n\n\n\n<p class=\"wp-block-paragraph\">Consultados os sistemas policiais, descobriu-se que o homem j\u00e1 possui passagem pela pol\u00edcia, com antecedentes criminais justamente por tr\u00e1fico de drogas e outros delitos. Diante das evid\u00eancias, ele recebeu voz de pris\u00e3o em flagrante pelo crime de tr\u00e1fico. O preso, as drogas, o celular e o dinheiro foram ent\u00e3o conduzidos \u00e0 Central de Pol\u00edcia Judici\u00e1ria de Mar\u00edlia.<\/p>\n\n\n\n<p class=\"wp-block-paragraph\">Na delegacia, a autoridade policial de plant\u00e3o ratificou a pris\u00e3o. O indiciado agora permanece \u00e0 disposi\u00e7\u00e3o da Justi\u00e7a, aguardando a realiza\u00e7\u00e3o de audi\u00eancia de cust\u00f3dia, onde um juiz decidir\u00e1 sobre a legalidade da pris\u00e3o e as medidas cautelares a serem aplicadas.<\/p>\n","protected":false},"excerpt":{"rendered":"<p>Policiais militares prenderam um suspeito por tr\u00e1fico de drogas em Gar\u00e7a, apreendendo coca\u00edna, crack e dinheiro. O homem, com antecedentes criminais, foi levado \u00e0 Central de Pol\u00edcia para audi\u00eancia de cust\u00f3dia.<\/p>\n","protected":false},"author":260896546,"featured_media":10307,"comment_status":"open","ping_status":"open","sticky":false,"template":"","format":"standard","meta":{"_monsterinsights_skip_tracking":false,"advanced_seo_description":"PMs desarticulam tr\u00e1fico de drogas em a\u00e7\u00e3o noturna, apreendendo coca\u00edna, crack e prendes suspeito com antecedentes criminais.","jetpack_seo_html_title":"Pol\u00edcia Militar prende suspeito por tr\u00e1fico de drogas em Gar\u00e7a","jetpack_seo_noindex":false,"jetpack_seo_schema_type":"","_jetpack_newsletter_access":"","_jetpack_dont_email_post_to_subs":false,"_jetpack_newsletter_tier_id":0,"_jetpack_memberships_contains_paywalled_content":false,"_wpcom_ai_launchpad_first_post":false,"_jetpack_feature_clip_id":0,"_jetpack_memberships_contains_paid_content":false,"footnotes":"","jetpack_publicize_message":"Pol\u00edcia Militar Prende Suspeito por Tr\u00e1fico de Drogas em Gar\u00e7a\n\nPMs desarticulam tr\u00e1fico de drogas em a\u00e7\u00e3o noturna, apreendendo coca\u00edna, crack e prendes suspeito com antecedentes criminais.\n\nleia a mat\u00e9ria completa em diariodegarca.com\n\n#Gar\u00e7a #Di\u00e1riodeGar\u00e7a #Pol\u00edcia #Flagrante #TraficoDeDrogas\n","jetpack_publicize_feature_enabled":true,"jetpack_social_post_already_shared":false,"jetpack_social_options":{"image_generator_settings":{"template":"fullscreen","default_image_id":0,"font":"","enabled":false},"version":2},"_wpas_customize_per_network":false,"jetpack_post_was_ever_published":false},"categories":[781171664,21243],"tags":[],"class_list":["post-10305","post","type-post","status-publish","format-standard","has-post-thumbnail","hentry","category-garca-cidade","category-seguranca"],"jetpack_publicize_connections":[],"jetpack_likes_enabled":true,"jetpack_sharing_enabled":true,"jetpack_shortlink":"https:\/\/wp.me\/pgitne-2Gd","jetpack-related-posts":[{"id":10125,"url":"https:\/\/diariodegarca.com\/?p=10125","url_meta":{"origin":10305,"position":0},"title":"Acompanhamento policial termina com pris\u00e3o por tr\u00e1fico e apreens\u00e3o de drogas em Gar\u00e7a","author":"Di\u00e1rio de Gar\u00e7a","date":"18 de janeiro de 2026","format":false,"excerpt":"Durante uma a\u00e7\u00e3o policial em Gar\u00e7a, um homem foi preso por tr\u00e1fico de drogas ap\u00f3s descartar uma sacola com coca\u00edna durante persegui\u00e7\u00e3o em motocicleta. O condutor conseguiu fugir.","rel":"","context":"Em &quot;Gar\u00e7a&quot;","block_context":{"text":"Gar\u00e7a","link":"https:\/\/diariodegarca.com\/?cat=781171664"},"img":{"alt_text":"","src":"https:\/\/i0.wp.com\/diariodegarca.com\/wp-content\/uploads\/2026\/01\/garca.jpg?fit=1080%2C810&ssl=1&resize=350%2C200","width":350,"height":200,"srcset":"https:\/\/i0.wp.com\/diariodegarca.com\/wp-content\/uploads\/2026\/01\/garca.jpg?fit=1080%2C810&ssl=1&resize=350%2C200 1x, https:\/\/i0.wp.com\/diariodegarca.com\/wp-content\/uploads\/2026\/01\/garca.jpg?fit=1080%2C810&ssl=1&resize=525%2C300 1.5x, https:\/\/i0.wp.com\/diariodegarca.com\/wp-content\/uploads\/2026\/01\/garca.jpg?fit=1080%2C810&ssl=1&resize=700%2C400 2x, https:\/\/i0.wp.com\/diariodegarca.com\/wp-content\/uploads\/2026\/01\/garca.jpg?fit=1080%2C810&ssl=1&resize=1050%2C600 3x"},"classes":[]},{"id":4537,"url":"https:\/\/diariodegarca.com\/?p=4537","url_meta":{"origin":10305,"position":1},"title":"Tr\u00e1fico de drogas: Mar\u00edlia, Gar\u00e7a e Tup\u00e3 t\u00eam suspeitos presos em a\u00e7\u00f5es","author":"Di\u00e1rio de Gar\u00e7a","date":"8 de julho de 2025","format":false,"excerpt":"Opera\u00e7\u00f5es da Pol\u00edcia Militar apreendem coca\u00edna, crack e maconha; tr\u00eas homens foram detidos. O 9\u00ba Batalh\u00e3o de Pol\u00edcia Militar do Interior (9\u00ba BPM\/I) registrou tr\u00eas ocorr\u00eancias em diferentes cidades da regi\u00e3o, mostrando a atua\u00e7\u00e3o firme das equipes em Mar\u00edlia, Gar\u00e7a e Tup\u00e3. Mar\u00edlia: Homem preso com 158 doses de coca\u00edna\u2026","rel":"","context":"Em &quot;Gar\u00e7a&quot;","block_context":{"text":"Gar\u00e7a","link":"https:\/\/diariodegarca.com\/?cat=781171664"},"img":{"alt_text":"","src":"https:\/\/i0.wp.com\/diariodegarca.com\/wp-content\/uploads\/2025\/05\/502985877_18303467734246526_5566770497985067473_n.webp?fit=960%2C1200&ssl=1&resize=350%2C200","width":350,"height":200,"srcset":"https:\/\/i0.wp.com\/diariodegarca.com\/wp-content\/uploads\/2025\/05\/502985877_18303467734246526_5566770497985067473_n.webp?fit=960%2C1200&ssl=1&resize=350%2C200 1x, https:\/\/i0.wp.com\/diariodegarca.com\/wp-content\/uploads\/2025\/05\/502985877_18303467734246526_5566770497985067473_n.webp?fit=960%2C1200&ssl=1&resize=525%2C300 1.5x, https:\/\/i0.wp.com\/diariodegarca.com\/wp-content\/uploads\/2025\/05\/502985877_18303467734246526_5566770497985067473_n.webp?fit=960%2C1200&ssl=1&resize=700%2C400 2x"},"classes":[]},{"id":9742,"url":"https:\/\/diariodegarca.com\/?p=9742","url_meta":{"origin":10305,"position":2},"title":"Homem \u00e9 preso com drogas e mais de R$ 8 mil em dinheiro em Gar\u00e7a","author":"Di\u00e1rio de Gar\u00e7a","date":"29 de dezembro de 2025","format":false,"excerpt":"Acusado de tr\u00e1fico, foi detido no bairro Labien\u00f3polis; mandado \u00e0 cadeia de \u00c1lvaro de Carvalho. Um homem foi preso em flagrante, na noite de s\u00e1bado, 27 de dezembro, acusado do crime de tr\u00e1fico de entorpecentes em Gar\u00e7a. A a\u00e7\u00e3o foi realizada por policiais militares durante um patrulhamento de rotina no\u2026","rel":"","context":"Em &quot;Gar\u00e7a&quot;","block_context":{"text":"Gar\u00e7a","link":"https:\/\/diariodegarca.com\/?cat=781171664"},"img":{"alt_text":"","src":"https:\/\/i0.wp.com\/diariodegarca.com\/wp-content\/uploads\/2025\/12\/pm-prisao-homens-drogas-Garca-1029x768-1.webp?fit=1029%2C768&ssl=1&resize=350%2C200","width":350,"height":200,"srcset":"https:\/\/i0.wp.com\/diariodegarca.com\/wp-content\/uploads\/2025\/12\/pm-prisao-homens-drogas-Garca-1029x768-1.webp?fit=1029%2C768&ssl=1&resize=350%2C200 1x, https:\/\/i0.wp.com\/diariodegarca.com\/wp-content\/uploads\/2025\/12\/pm-prisao-homens-drogas-Garca-1029x768-1.webp?fit=1029%2C768&ssl=1&resize=525%2C300 1.5x, https:\/\/i0.wp.com\/diariodegarca.com\/wp-content\/uploads\/2025\/12\/pm-prisao-homens-drogas-Garca-1029x768-1.webp?fit=1029%2C768&ssl=1&resize=700%2C400 2x"},"classes":[]},{"id":8739,"url":"https:\/\/diariodegarca.com\/?p=8739","url_meta":{"origin":10305,"position":3},"title":"Apreens\u00e3o de drogas no Labien\u00f3polis, em Gar\u00e7a, resulta em pris\u00e3o por tr\u00e1fico","author":"Andreza Sega","date":"14 de novembro de 2025","format":false,"excerpt":"Ap\u00f3s abordagem de rotina, pol\u00edcia encontra quase cem por\u00e7\u00f5es de coca\u00edna com suspeito que inicialmente alegou ser apenas usu\u00e1rio. Na madrugada desta sexta-feira, 14 de novembro, uma a\u00e7\u00e3o de patrulhamento preventivo da Pol\u00edcia Militar no bairro Labien\u00f3polis, em Gar\u00e7a, resultou na pris\u00e3o em flagrante de um homem por tr\u00e1fico de\u2026","rel":"","context":"Em &quot;Gar\u00e7a&quot;","block_context":{"text":"Gar\u00e7a","link":"https:\/\/diariodegarca.com\/?cat=781171664"},"img":{"alt_text":"","src":"https:\/\/i0.wp.com\/diariodegarca.com\/wp-content\/uploads\/2025\/11\/WhatsApp-Image-2025-11-14-at-10.44.17-1.jpeg?fit=716%2C937&ssl=1&resize=350%2C200","width":350,"height":200,"srcset":"https:\/\/i0.wp.com\/diariodegarca.com\/wp-content\/uploads\/2025\/11\/WhatsApp-Image-2025-11-14-at-10.44.17-1.jpeg?fit=716%2C937&ssl=1&resize=350%2C200 1x, https:\/\/i0.wp.com\/diariodegarca.com\/wp-content\/uploads\/2025\/11\/WhatsApp-Image-2025-11-14-at-10.44.17-1.jpeg?fit=716%2C937&ssl=1&resize=525%2C300 1.5x, https:\/\/i0.wp.com\/diariodegarca.com\/wp-content\/uploads\/2025\/11\/WhatsApp-Image-2025-11-14-at-10.44.17-1.jpeg?fit=716%2C937&ssl=1&resize=700%2C400 2x"},"classes":[]},{"id":9065,"url":"https:\/\/diariodegarca.com\/?p=9065","url_meta":{"origin":10305,"position":4},"title":"Pol\u00edcia Militar captura procurado por tr\u00e1fico de drogas no bairro Sol Nascente, em Gar\u00e7a","author":"Andreza Sega","date":"26 de novembro de 2025","format":false,"excerpt":"Homem de 45 anos foi localizado em um bar ap\u00f3s comportamento suspeito durante patrulhamento de rotina na regi\u00e3o. Na tarde da \u00faltima ter\u00e7a-feira, 25 de novembro, uma a\u00e7\u00e3o de patrulhamento de rotina resultou na captura de um homem procurado pela Justi\u00e7a na cidade de Gar\u00e7a. Por volta das 18h48, policiais\u2026","rel":"","context":"Em &quot;Gar\u00e7a&quot;","block_context":{"text":"Gar\u00e7a","link":"https:\/\/diariodegarca.com\/?cat=781171664"},"img":{"alt_text":"","src":"https:\/\/i0.wp.com\/diariodegarca.com\/wp-content\/uploads\/2025\/05\/image_editor_output_image2077395826-17487117885185853874604175010070-e1764161059434.jpg?fit=1080%2C644&ssl=1&resize=350%2C200","width":350,"height":200,"srcset":"https:\/\/i0.wp.com\/diariodegarca.com\/wp-content\/uploads\/2025\/05\/image_editor_output_image2077395826-17487117885185853874604175010070-e1764161059434.jpg?fit=1080%2C644&ssl=1&resize=350%2C200 1x, https:\/\/i0.wp.com\/diariodegarca.com\/wp-content\/uploads\/2025\/05\/image_editor_output_image2077395826-17487117885185853874604175010070-e1764161059434.jpg?fit=1080%2C644&ssl=1&resize=525%2C300 1.5x, https:\/\/i0.wp.com\/diariodegarca.com\/wp-content\/uploads\/2025\/05\/image_editor_output_image2077395826-17487117885185853874604175010070-e1764161059434.jpg?fit=1080%2C644&ssl=1&resize=700%2C400 2x, https:\/\/i0.wp.com\/diariodegarca.com\/wp-content\/uploads\/2025\/05\/image_editor_output_image2077395826-17487117885185853874604175010070-e1764161059434.jpg?fit=1080%2C644&ssl=1&resize=1050%2C600 3x"},"classes":[]},{"id":9060,"url":"https:\/\/diariodegarca.com\/?p=9060","url_meta":{"origin":10305,"position":5},"title":"Opera\u00e7\u00e3o em Gar\u00e7a apreende coca\u00edna, crack e prende jovem por tr\u00e1fico","author":"Andreza Sega","date":"26 de novembro de 2025","format":false,"excerpt":"A\u00e7\u00e3o da Pol\u00edcia Militar durante patrulhamento na rua Independ\u00eancia resultou na pris\u00e3o em flagrante de um jovem de 19 anos. Na noite da \u00faltima ter\u00e7a-feira, 25 de novembro, uma a\u00e7\u00e3o de rotina da Pol\u00edcia Militar no centro de Gar\u00e7a resultou na apreens\u00e3o de uma quantidade significativa de drogas e na\u2026","rel":"","context":"Em &quot;Gar\u00e7a&quot;","block_context":{"text":"Gar\u00e7a","link":"https:\/\/diariodegarca.com\/?cat=781171664"},"img":{"alt_text":"","src":"https:\/\/i0.wp.com\/diariodegarca.com\/wp-content\/uploads\/2025\/11\/WhatsApp-Image-2025-11-26-at-08.56.28-e1764160059908.jpeg?fit=900%2C715&ssl=1&resize=350%2C200","width":350,"height":200,"srcset":"https:\/\/i0.wp.com\/diariodegarca.com\/wp-content\/uploads\/2025\/11\/WhatsApp-Image-2025-11-26-at-08.56.28-e1764160059908.jpeg?fit=900%2C715&ssl=1&resize=350%2C200 1x, https:\/\/i0.wp.com\/diariodegarca.com\/wp-content\/uploads\/2025\/11\/WhatsApp-Image-2025-11-26-at-08.56.28-e1764160059908.jpeg?fit=900%2C715&ssl=1&resize=525%2C300 1.5x, https:\/\/i0.wp.com\/diariodegarca.com\/wp-content\/uploads\/2025\/11\/WhatsApp-Image-2025-11-26-at-08.56.28-e1764160059908.jpeg?fit=900%2C715&ssl=1&resize=700%2C400 2x"},"classes":[]}],"jetpack_featured_media_url":"https:\/\/i0.wp.com\/diariodegarca.com\/wp-content\/uploads\/2026\/01\/WhatsApp-Image-2026-01-30-at-09.02.05.jpeg?fit=856%2C722&ssl=1","_links":{"self":[{"href":"https:\/\/diariodegarca.com\/index.php?rest_route=\/wp\/v2\/posts\/10305","targetHints":{"allow":["GET"]}}],"collection":[{"href":"https:\/\/diariodegarca.com\/index.php?rest_route=\/wp\/v2\/posts"}],"about":[{"href":"https:\/\/diariodegarca.com\/index.php?rest_route=\/wp\/v2\/types\/post"}],"author":[{"embeddable":true,"href":"https:\/\/diariodegarca.com\/index.php?rest_route=\/wp\/v2\/users\/260896546"}],"replies":[{"embeddable":true,"href":"https:\/\/diariodegarca.com\/index.php?rest_route=%2Fwp%2Fv2%2Fcomments&post=10305"}],"version-history":[{"count":2,"href":"https:\/\/diariodegarca.com\/index.php?rest_route=\/wp\/v2\/posts\/10305\/revisions"}],"predecessor-version":[{"id":10309,"href":"https:\/\/diariodegarca.com\/index.php?rest_route=\/wp\/v2\/posts\/10305\/revisions\/10309"}],"wp:featuredmedia":[{"embeddable":true,"href":"https:\/\/diariodegarca.com\/index.php?rest_route=\/wp\/v2\/media\/10307"}],"wp:attachment":[{"href":"https:\/\/diariodegarca.com\/index.php?rest_route=%2Fwp%2Fv2%2Fmedia&parent=10305"}],"wp:term":[{"taxonomy":"category","embeddable":true,"href":"https:\/\/diariodegarca.com\/index.php?rest_route=%2Fwp%2Fv2%2Fcategories&post=10305"},{"taxonomy":"post_tag","embeddable":true,"href":"https:\/\/diariodegarca.com\/index.php?rest_route=%2Fwp%2Fv2%2Ftags&post=10305"}],"curies":[{"name":"wp","href":"https:\/\/api.w.org\/{rel}","templated":true}]}}