{"id":2006,"date":"2025-05-20T16:28:32","date_gmt":"2025-05-20T19:28:32","guid":{"rendered":"https:\/\/diariodegarca.com\/?p=2006"},"modified":"2025-05-20T17:00:38","modified_gmt":"2025-05-20T20:00:38","slug":"brasil-e-premiado-internacionalmente-por-avancos-no-controle-do-tabaco","status":"publish","type":"post","link":"https:\/\/diariodegarca.com\/?p=2006","title":{"rendered":"Brasil \u00e9 premiado internacionalmente por avan\u00e7os no controle do tabaco"},"content":{"rendered":"\n<p class=\"wp-block-paragraph\"><strong><em>Reconhecimento ocorreu durante a 78\u00aa Assembleia Mundial da Sa\u00fade, em Genebra, destacando pol\u00edticas pioneiras e resist\u00eancia \u00e0 ind\u00fastria tabagista<\/em><\/strong><\/p>\n\n\n\n<p class=\"wp-block-paragraph\">A\u00a0<strong>Ag\u00eancia Nacional de Vigil\u00e2ncia Sanit\u00e1ria (Anvisa)<\/strong>\u00a0e os\u00a0<strong>Minist\u00e9rios da Fazenda e da Sa\u00fade do Brasil<\/strong>\u00a0foram reconhecidos com o\u00a0<strong>Pr\u00eamio do Dia Mundial Sem Tabaco 2025<\/strong>, concedido pela\u00a0<strong>Organiza\u00e7\u00e3o Mundial da Sa\u00fade (OMS)<\/strong>. A cerim\u00f4nia ocorreu durante a\u00a0<strong>78\u00aa Assembleia Mundial da Sa\u00fade<\/strong>, em\u00a0<strong>Genebra, Su\u00ed\u00e7a<\/strong>, no dia\u00a0<strong>19 de maio<\/strong>.<\/p>\n\n\n\n<p class=\"wp-block-paragraph\">O pr\u00eamio \u00e9 concedido \u00e0s <strong>contribui\u00e7\u00f5es significativas<\/strong>\u00a0para o avan\u00e7o das pol\u00edticas de controle do tabaco, alinhadas \u00e0\u00a0<strong>Conven\u00e7\u00e3o-Quadro da OMS<\/strong>\u00a0(CQCT\/OMS). Al\u00e9m do Brasil, outros pesquisadores, ativistas e organiza\u00e7\u00f5es das Am\u00e9ricas tamb\u00e9m foram homenageados.<\/p>\n\n\n\n<h2 class=\"wp-block-heading\"><strong>Anvisa: pioneirismo e resist\u00eancia \u00e0 ind\u00fastria<\/strong><\/h2>\n\n\n\n<p class=\"wp-block-paragraph\">A&nbsp;<strong>Anvisa<\/strong>&nbsp;foi premiada por sua atua\u00e7\u00e3o firme na&nbsp;<strong>regulamenta\u00e7\u00e3o de produtos de tabaco<\/strong>, incluindo a&nbsp;<strong>manuten\u00e7\u00e3o da proibi\u00e7\u00e3o de cigarros eletr\u00f4nicos<\/strong>&nbsp;no pa\u00eds em&nbsp;<strong>2024<\/strong>, ap\u00f3s amplas consultas p\u00fablicas. A ag\u00eancia tamb\u00e9m se destacou por medidas como:<\/p>\n\n\n\n<ul class=\"wp-block-list\">\n<li><strong>Advert\u00eancias sanit\u00e1rias em embalagens<\/strong>\u00a0(inclusive com c\u00f3digos QR);<\/li>\n\n\n\n<li><strong>Proibi\u00e7\u00e3o de aditivos e aromatizantes<\/strong>\u00a0que aumentam o apelo ao consumo;<\/li>\n\n\n\n<li><strong>Uso de intelig\u00eancia artificial<\/strong>\u00a0para combater o com\u00e9rcio ilegal.<\/li>\n<\/ul>\n\n\n\n<p class=\"wp-block-paragraph\">Segundo a&nbsp;<strong>Organiza\u00e7\u00e3o Pan-Americana da Sa\u00fade (OPAS)<\/strong>, a Anvisa tem sido uma&nbsp;<strong>refer\u00eancia global<\/strong>&nbsp;na redu\u00e7\u00e3o da atratividade dos produtos tabagistas.<\/p>\n\n\n\n<h2 class=\"wp-block-heading\"><strong>Minist\u00e9rios brasileiros: avan\u00e7os fiscais e pol\u00edticas p\u00fablicas<\/strong><\/h2>\n\n\n\n<p class=\"wp-block-paragraph\">Os&nbsp;<strong>Minist\u00e9rios da Fazenda e da Sa\u00fade<\/strong>&nbsp;tamb\u00e9m foram reconhecidos por seus esfor\u00e7os em:<\/p>\n\n\n\n<ul class=\"wp-block-list\">\n<li><strong>Aumentar impostos seletivos<\/strong>\u00a0sobre cigarros, elevando o pre\u00e7o m\u00ednimo;<\/li>\n\n\n\n<li><strong>Criar o Programa Nacional de Controle do Tabaco<\/strong>;<\/li>\n\n\n\n<li><strong>Revitalizar a Comiss\u00e3o Nacional para Implementa\u00e7\u00e3o da CQCT (CONICQ)<\/strong>.<\/li>\n<\/ul>\n\n\n\n<p class=\"wp-block-paragraph\">Essas medidas buscam&nbsp;<strong>desestimular o consumo<\/strong>&nbsp;e&nbsp;<strong>proteger a sa\u00fade p\u00fablica<\/strong>, especialmente entre jovens.<\/p>\n\n\n\n<h2 class=\"wp-block-heading\"><strong>Outros premiados nas Am\u00e9ricas<\/strong><\/h2>\n\n\n\n<p class=\"wp-block-paragraph\">Al\u00e9m do Brasil, outros destaques inclu\u00edram:<\/p>\n\n\n\n<ul class=\"wp-block-list\">\n<li><strong>Canad\u00e1 e EUA<\/strong>: Denis Choini\u00e8re e Clifton Curtis (in memoriam), por pesquisas e pol\u00edticas inovadoras, como a\u00a0<strong>proibi\u00e7\u00e3o de filtros pl\u00e1sticos em cigarros<\/strong>;<\/li>\n\n\n\n<li><strong>Equador<\/strong>: Coletivos que barraram redu\u00e7\u00e3o de impostos sobre tabaco;<\/li>\n\n\n\n<li><strong>M\u00e9xico, Peru e Uruguai<\/strong>: Jornalistas que investigaram a\u00a0<strong>influ\u00eancia da ind\u00fastria tabagista em pol\u00edticas p\u00fablicas<\/strong>;<\/li>\n\n\n\n<li><strong>EUA<\/strong>: Lisa Lu, jovem ativista que lidera campanhas contra tabaco aromatizado.<\/li>\n<\/ul>\n\n\n\n<h2 class=\"wp-block-heading\"><strong>Dia Mundial Sem Tabaco 2025: &#8220;Desmascarando a ind\u00fastria&#8221;<\/strong><\/h2>\n\n\n\n<p class=\"wp-block-paragraph\">Celebrado em&nbsp;<strong>31 de maio<\/strong>, o tema deste ano \u00e9&nbsp;<strong>&#8220;Vamos desmascarar o tabaco: produtos sedutores, inten\u00e7\u00f5es perversas&#8221;<\/strong>. O objetivo \u00e9&nbsp;<strong>expor as estrat\u00e9gias da ind\u00fastria<\/strong>&nbsp;para atrair consumidores, especialmente jovens, e&nbsp;<strong>promover pol\u00edticas mais r\u00edgidas<\/strong>.<\/p>\n\n\n\n<p class=\"wp-block-paragraph\">O tabaco mata&nbsp;<strong>mais de 8 milh\u00f5es de pessoas por ano no mundo<\/strong>, sendo&nbsp;<strong>1 milh\u00e3o s\u00f3 nas Am\u00e9ricas<\/strong>. O reconhecimento da Anvisa e dos minist\u00e9rios brasileiros refor\u00e7a a import\u00e2ncia de&nbsp;<strong>pol\u00edticas baseadas em evid\u00eancias<\/strong>&nbsp;para salvar vidas.<\/p>\n","protected":false},"excerpt":{"rendered":"<p>Reconhecimento ocorreu durante a 78\u00aa Assembleia Mundial da Sa\u00fade, em Genebra, destacando pol\u00edticas pioneiras e resist\u00eancia \u00e0 ind\u00fastria tabagista A\u00a0Ag\u00eancia Nacional de Vigil\u00e2ncia Sanit\u00e1ria (Anvisa)\u00a0e os\u00a0Minist\u00e9rios da Fazenda e da Sa\u00fade do Brasil\u00a0foram reconhecidos com o\u00a0Pr\u00eamio do Dia Mundial Sem Tabaco 2025, concedido pela\u00a0Organiza\u00e7\u00e3o Mundial da Sa\u00fade (OMS). A cerim\u00f4nia ocorreu durante a\u00a078\u00aa Assembleia Mundial [&hellip;]<\/p>\n","protected":false},"author":260896546,"featured_media":0,"comment_status":"open","ping_status":"open","sticky":false,"template":"","format":"standard","meta":{"_crdt_document":"","_monsterinsights_skip_tracking":false,"_monsterinsights_sitenote_active":false,"_monsterinsights_sitenote_note":"","_monsterinsights_sitenote_category":0,"advanced_seo_description":"","jetpack_seo_html_title":"","jetpack_seo_noindex":false,"_jetpack_newsletter_access":"","_jetpack_dont_email_post_to_subs":false,"_jetpack_newsletter_tier_id":0,"_jetpack_memberships_contains_paywalled_content":false,"_jetpack_memberships_contains_paid_content":false,"footnotes":"","jetpack_publicize_message":"\ud83c\udde7\ud83c\uddf7 Anvisa e Minist\u00e9rios do Brasil s\u00e3o premiados pela OMS no combate ao tabaco! \ud83c\udfc6\n\nA Anvisa e os Minist\u00e9rios da Sa\u00fade e Fazenda foram reconhecidos globalmente por pol\u00edticas pioneiras, como:\n\ud83d\udd39 Proibi\u00e7\u00e3o de cigarros eletr\u00f4nicos\n\ud83d\udd39 Aumento de impostos sobre tabaco\n\ud83d\udd39 Alertas sanit\u00e1rios em embalagens\n\nO pr\u00eamio foi entregue na 78\u00aa Assembleia Mundial da Sa\u00fade, em Genebra. O tema deste ano \u00e9 #DesmascareOTabaco, expondo as estrat\u00e9gias da ind\u00fastria para atrair jovens.\n\n\ud83d\udccc Quer saber mais? Acesse a mat\u00e9ria completa:\ndiariodegarca.wordpress.com\n\n#Sa\u00fadeP\u00fablica #ControleDoTabaco #Anvisa #OMS #Brasil","jetpack_publicize_feature_enabled":true,"jetpack_social_post_already_shared":false,"jetpack_social_options":{"image_generator_settings":{"template":"highway","enabled":false},"version":2},"_wpas_customize_per_network":false,"jetpack_post_was_ever_published":false},"categories":[38185],"tags":[1014701,781171802],"class_list":["post-2006","post","type-post","status-publish","format-standard","hentry","category-brasil","tag-anvisa","tag-saude"],"jetpack_publicize_connections":[],"jetpack_featured_media_url":"","jetpack_likes_enabled":true,"jetpack_sharing_enabled":true,"jetpack_shortlink":"https:\/\/wp.me\/pgitne-wm","jetpack-related-posts":[{"id":2453,"url":"https:\/\/diariodegarca.com\/?p=2453","url_meta":{"origin":2006,"position":0},"title":"Anvisa refor\u00e7a proibi\u00e7\u00e3o de l\u00e2mpadas para bronzeamento artificial devido a riscos de c\u00e2ncer","author":"Di\u00e1rio de Gar\u00e7a","date":"7 de abril de 2025","format":false,"excerpt":"A Ag\u00eancia Nacional de Vigil\u00e2ncia Sanit\u00e1ria (Anvisa) publicou na quarta-feira, dia 2 de abril, a\u00a0Resolu\u00e7\u00e3o RE n\u00ba 1.260\/2025, que pro\u00edbe definitivamente o\u00a0armazenamento, venda, distribui\u00e7\u00e3o, fabrica\u00e7\u00e3o, importa\u00e7\u00e3o e uso\u00a0de l\u00e2mpadas fluorescentes de alta pot\u00eancia utilizadas em equipamentos de bronzeamento artificial. A medida visa\u00a0coibir a manuten\u00e7\u00e3o ilegal desses aparelhos, j\u00e1 banidos no\u2026","rel":"","context":"Em &quot;Brasil&quot;","block_context":{"text":"Brasil","link":"https:\/\/diariodegarca.com\/?cat=38185"},"img":{"alt_text":"","src":"https:\/\/i0.wp.com\/blogger.googleusercontent.com\/img\/b\/R29vZ2xl\/AVvXsEhghEYLHWmoRvCLfRrH3bn0Q-iyJQHm2l_uGT3oe1X0MVCWAWNpPywwsajw2h1Wocq82OWzcQMAOFc-OpTQH53JwW84icNDvYb8iNgu_oZcOXHl9jMZIFkfjG4z2-K6IiPhea46kvr_hrJDphAEOLRoalDKfN_m11Ms_JvYb3kA2A9fex4VB-tSc6aDD-A\/s320\/young-woman-getting-tan-solarium%20%281%29.jpg?resize=350%2C200&ssl=1","width":350,"height":200},"classes":[]},{"id":5953,"url":"https:\/\/diariodegarca.com\/?p=5953","url_meta":{"origin":2006,"position":1},"title":"Opera\u00e7\u00e3o no Cear\u00e1 desarticula rede suspeita de falsificar medicamento usado no tratamento de c\u00e2ncer","author":"Di\u00e1rio de Gar\u00e7a","date":"23 de agosto de 2025","format":false,"excerpt":"Em a\u00e7\u00e3o com mandado judicial e aux\u00edlio policial, fiscais da Anvisa e parceiros interditaram distribuidora que vendia rem\u00e9dios falsos e sem registro para hospitais de todo o pa\u00eds. Crime \u00e9 considerado hediondo e coloca vidas de pacientes em risco. Uma opera\u00e7\u00e3o conjunta da Ag\u00eancia Nacional de Vigil\u00e2ncia Sanit\u00e1ria (Anvisa), da\u2026","rel":"","context":"Em &quot;Brasil&quot;","block_context":{"text":"Brasil","link":"https:\/\/diariodegarca.com\/?cat=38185"},"img":{"alt_text":"","src":"https:\/\/i0.wp.com\/diariodegarca.com\/wp-content\/uploads\/2025\/08\/ff037912-5eb1-48bb-b556-2e0e08f11c42.jpeg?fit=432%2C768&ssl=1&resize=350%2C200","width":350,"height":200},"classes":[]},{"id":4129,"url":"https:\/\/diariodegarca.com\/?p=4129","url_meta":{"origin":2006,"position":2},"title":"Fiocruz conquista certifica\u00e7\u00e3o internacional para diagn\u00f3stico molecular de febre amarela","author":"Di\u00e1rio de Gar\u00e7a","date":"20 de junho de 2025","format":false,"excerpt":"Reconhecimento global refor\u00e7a excel\u00eancia da institui\u00e7\u00e3o no combate a doen\u00e7as tropicais e vigil\u00e2ncia em sa\u00fade A\u00a0Funda\u00e7\u00e3o Oswaldo Cruz (Fiocruz)\u00a0acaba de alcan\u00e7ar um novo marco em sua trajet\u00f3ria cient\u00edfica: a certifica\u00e7\u00e3o internacional para o\u00a0diagn\u00f3stico molecular da febre amarela, concedida pelo\u00a0Quality Control for Molecular Diagnostics (QCMD). Trata-se de uma organiza\u00e7\u00e3o independente e\u2026","rel":"","context":"Em &quot;Brasil&quot;","block_context":{"text":"Brasil","link":"https:\/\/diariodegarca.com\/?cat=38185"},"img":{"alt_text":"","src":"","width":0,"height":0},"classes":[]},{"id":5202,"url":"https:\/\/diariodegarca.com\/?p=5202","url_meta":{"origin":2006,"position":3},"title":"Agosto Dourado: m\u00eas de incentivo ao aleitamento materno","author":"Di\u00e1rio de Gar\u00e7a","date":"1 de agosto de 2025","format":false,"excerpt":"Campanha mundial refor\u00e7a a necessidade do apoio \u00e0 amamenta\u00e7\u00e3o exclusiva na sa\u00fade dos infantes. O\u00a0Agosto Dourado\u00a0\u00e9 uma campanha global dedicada \u00e0 conscientiza\u00e7\u00e3o sobre a import\u00e2ncia do\u00a0aleitamento materno, destacando seus benef\u00edcios para a sa\u00fade da crian\u00e7a e da m\u00e3e. No Brasil, a iniciativa ganha for\u00e7a com a\u00e7\u00f5es promovidas por \u00f3rg\u00e3os p\u00fablicos,\u2026","rel":"","context":"Em &quot;Campanha mensal&quot;","block_context":{"text":"Campanha mensal","link":"https:\/\/diariodegarca.com\/?cat=582590134"},"img":{"alt_text":"","src":"https:\/\/i0.wp.com\/diariodegarca.com\/wp-content\/uploads\/2025\/07\/mae-gentilmente-amamentando-seu-filho.jpg?fit=1200%2C857&ssl=1&resize=350%2C200","width":350,"height":200,"srcset":"https:\/\/i0.wp.com\/diariodegarca.com\/wp-content\/uploads\/2025\/07\/mae-gentilmente-amamentando-seu-filho.jpg?fit=1200%2C857&ssl=1&resize=350%2C200 1x, https:\/\/i0.wp.com\/diariodegarca.com\/wp-content\/uploads\/2025\/07\/mae-gentilmente-amamentando-seu-filho.jpg?fit=1200%2C857&ssl=1&resize=525%2C300 1.5x, https:\/\/i0.wp.com\/diariodegarca.com\/wp-content\/uploads\/2025\/07\/mae-gentilmente-amamentando-seu-filho.jpg?fit=1200%2C857&ssl=1&resize=700%2C400 2x, https:\/\/i0.wp.com\/diariodegarca.com\/wp-content\/uploads\/2025\/07\/mae-gentilmente-amamentando-seu-filho.jpg?fit=1200%2C857&ssl=1&resize=1050%2C600 3x"},"classes":[]},{"id":6373,"url":"https:\/\/diariodegarca.com\/?p=6373","url_meta":{"origin":2006,"position":4},"title":"Setembro Amarelo: campanha nacional de preven\u00e7\u00e3o ao suic\u00eddio busca salvar vidas","author":"Di\u00e1rio de Gar\u00e7a","date":"4 de setembro de 2025","format":false,"excerpt":"Especialistas destacam a import\u00e2ncia de falar sobre sa\u00fade mental, identifica\u00e7\u00e3o de sinais de alerta e a exist\u00eancia de uma rede de apoio e legisla\u00e7\u00e3o. No Brasil, uma pessoa tira a pr\u00f3pria vida a cada 45 minutos. O\u00a0Setembro Amarelo\u00a0\u00e9 mais do que uma campanha; \u00e9 um movimento de urg\u00eancia p\u00fablica que\u2026","rel":"","context":"Em &quot;Campanha mensal&quot;","block_context":{"text":"Campanha mensal","link":"https:\/\/diariodegarca.com\/?cat=582590134"},"img":{"alt_text":"","src":"https:\/\/i0.wp.com\/diariodegarca.com\/wp-content\/uploads\/2025\/09\/vista-da-fita-amarela-com-maos-humanas.jpg?fit=1200%2C800&ssl=1&resize=350%2C200","width":350,"height":200,"srcset":"https:\/\/i0.wp.com\/diariodegarca.com\/wp-content\/uploads\/2025\/09\/vista-da-fita-amarela-com-maos-humanas.jpg?fit=1200%2C800&ssl=1&resize=350%2C200 1x, https:\/\/i0.wp.com\/diariodegarca.com\/wp-content\/uploads\/2025\/09\/vista-da-fita-amarela-com-maos-humanas.jpg?fit=1200%2C800&ssl=1&resize=525%2C300 1.5x, https:\/\/i0.wp.com\/diariodegarca.com\/wp-content\/uploads\/2025\/09\/vista-da-fita-amarela-com-maos-humanas.jpg?fit=1200%2C800&ssl=1&resize=700%2C400 2x, https:\/\/i0.wp.com\/diariodegarca.com\/wp-content\/uploads\/2025\/09\/vista-da-fita-amarela-com-maos-humanas.jpg?fit=1200%2C800&ssl=1&resize=1050%2C600 3x"},"classes":[]},{"id":6946,"url":"https:\/\/diariodegarca.com\/?p=6946","url_meta":{"origin":2006,"position":5},"title":"Setembro vermelho: conscientiza\u00e7\u00e3o sobre doen\u00e7as cardiovasculares","author":"Di\u00e1rio de Gar\u00e7a","date":"20 de setembro de 2025","format":false,"excerpt":"Campanha nacional, refor\u00e7ada pelo Dia Mundial do Cora\u00e7\u00e3o, destaca a preven\u00e7\u00e3o como a maior aliada contra infartos, AVCs e outras doen\u00e7as cardiovasculares. O cora\u00e7\u00e3o bate, em m\u00e9dia, 100 mil vezes por dia, impulsionando vida para cada c\u00e9lula do corpo. Cuidar desse \"motor\" \u00e9 a mensagem central do\u00a0Setembro Vermelho, campanha de\u2026","rel":"","context":"Em &quot;Campanha mensal&quot;","block_context":{"text":"Campanha mensal","link":"https:\/\/diariodegarca.com\/?cat=582590134"},"img":{"alt_text":"","src":"https:\/\/i0.wp.com\/diariodegarca.com\/wp-content\/uploads\/2025\/09\/o-medico-possui-uma-fita-vermelha-conscientizacao-sobre-o-hiv-dia-mundial-da-aids-e-dia-mundial-da-saude-sexual.jpg?fit=1200%2C800&ssl=1&resize=350%2C200","width":350,"height":200,"srcset":"https:\/\/i0.wp.com\/diariodegarca.com\/wp-content\/uploads\/2025\/09\/o-medico-possui-uma-fita-vermelha-conscientizacao-sobre-o-hiv-dia-mundial-da-aids-e-dia-mundial-da-saude-sexual.jpg?fit=1200%2C800&ssl=1&resize=350%2C200 1x, https:\/\/i0.wp.com\/diariodegarca.com\/wp-content\/uploads\/2025\/09\/o-medico-possui-uma-fita-vermelha-conscientizacao-sobre-o-hiv-dia-mundial-da-aids-e-dia-mundial-da-saude-sexual.jpg?fit=1200%2C800&ssl=1&resize=525%2C300 1.5x, https:\/\/i0.wp.com\/diariodegarca.com\/wp-content\/uploads\/2025\/09\/o-medico-possui-uma-fita-vermelha-conscientizacao-sobre-o-hiv-dia-mundial-da-aids-e-dia-mundial-da-saude-sexual.jpg?fit=1200%2C800&ssl=1&resize=700%2C400 2x, https:\/\/i0.wp.com\/diariodegarca.com\/wp-content\/uploads\/2025\/09\/o-medico-possui-uma-fita-vermelha-conscientizacao-sobre-o-hiv-dia-mundial-da-aids-e-dia-mundial-da-saude-sexual.jpg?fit=1200%2C800&ssl=1&resize=1050%2C600 3x"},"classes":[]}],"_links":{"self":[{"href":"https:\/\/diariodegarca.com\/index.php?rest_route=\/wp\/v2\/posts\/2006","targetHints":{"allow":["GET"]}}],"collection":[{"href":"https:\/\/diariodegarca.com\/index.php?rest_route=\/wp\/v2\/posts"}],"about":[{"href":"https:\/\/diariodegarca.com\/index.php?rest_route=\/wp\/v2\/types\/post"}],"author":[{"embeddable":true,"href":"https:\/\/diariodegarca.com\/index.php?rest_route=\/wp\/v2\/users\/260896546"}],"replies":[{"embeddable":true,"href":"https:\/\/diariodegarca.com\/index.php?rest_route=%2Fwp%2Fv2%2Fcomments&post=2006"}],"version-history":[{"count":2,"href":"https:\/\/diariodegarca.com\/index.php?rest_route=\/wp\/v2\/posts\/2006\/revisions"}],"predecessor-version":[{"id":2009,"href":"https:\/\/diariodegarca.com\/index.php?rest_route=\/wp\/v2\/posts\/2006\/revisions\/2009"}],"wp:attachment":[{"href":"https:\/\/diariodegarca.com\/index.php?rest_route=%2Fwp%2Fv2%2Fmedia&parent=2006"}],"wp:term":[{"taxonomy":"category","embeddable":true,"href":"https:\/\/diariodegarca.com\/index.php?rest_route=%2Fwp%2Fv2%2Fcategories&post=2006"},{"taxonomy":"post_tag","embeddable":true,"href":"https:\/\/diariodegarca.com\/index.php?rest_route=%2Fwp%2Fv2%2Ftags&post=2006"}],"curies":[{"name":"wp","href":"https:\/\/api.w.org\/{rel}","templated":true}]}}