{"id":2052,"date":"2025-05-19T18:01:00","date_gmt":"2025-05-19T18:01:00","guid":{"rendered":"https:\/\/diariodegarca.com\/2025\/05\/19\/inss-passa-a-exigir-biometria-para-emprestimos-consignados\/"},"modified":"2025-05-21T15:37:02","modified_gmt":"2025-05-21T18:37:02","slug":"inss-passa-a-exigir-biometria-para-emprestimos-consignados","status":"publish","type":"post","link":"https:\/\/diariodegarca.com\/?p=2052","title":{"rendered":"INSS passa a exigir biometria para empr\u00e9stimos consignados"},"content":{"rendered":"<p class=\"ds-markdown-paragraph\">A partir do pr\u00f3ximo\u00a0<strong>dia 23<\/strong>, aposentados e pensionistas que desejarem contratar empr\u00e9stimos consignados ter\u00e3o que passar por\u00a0<strong>identifica\u00e7\u00e3o biom\u00e9trica<\/strong>\u00a0para autorizar o desconto direto em seus benef\u00edcios. A medida, anunciada pelo\u00a0<strong>Instituto Nacional do Seguro Social (INSS)<\/strong>, busca aumentar a seguran\u00e7a e reduzir fraudes no sistema.<\/p>\n<p class=\"ds-markdown-paragraph\">A decis\u00e3o foi publicada no\u00a0<strong>Di\u00e1rio Oficial da Uni\u00e3o (DOU)<\/strong>\u00a0e refor\u00e7a a necessidade de valida\u00e7\u00e3o por\u00a0<strong>impress\u00e3o digital ou reconhecimento facial<\/strong>\u00a0na plataforma\u00a0<strong>Meu INSS<\/strong>. O objetivo \u00e9\u00a0<strong>mapear vulnerabilidades<\/strong>\u00a0e garantir que apenas o pr\u00f3prio benefici\u00e1rio possa liberar o cr\u00e9dito.<\/p>\n<hr \/>\n<h2><strong>Como funcionar\u00e1 a nova regra?<\/strong><\/h2>\n<p class=\"ds-markdown-paragraph\">A partir de agora, o processo para desbloquear empr\u00e9stimos consignados ser\u00e1 mais rigoroso:<\/p>\n<ul style=\"text-align: left\">\n<li><strong>Valida\u00e7\u00e3o biom\u00e9trica obrigat\u00f3ria<\/strong>\u00a0(digital ou facial) no aplicativo\u00a0<strong>Meu INSS<\/strong>;<\/li>\n<li><strong>Consulta pr\u00e9via<\/strong>\u00a0de taxas de juros e institui\u00e7\u00f5es financeiras dispon\u00edveis;<\/li>\n<li><strong>Impedimento de autoriza\u00e7\u00f5es autom\u00e1ticas<\/strong>, exigindo confirma\u00e7\u00e3o do titular.<\/li>\n<\/ul>\n<p class=\"ds-markdown-paragraph\">A mudan\u00e7a atende a uma determina\u00e7\u00e3o do\u00a0<strong>Tribunal de Contas da Uni\u00e3o (TCU)<\/strong>, que, em 2023, identificou irregularidades em descontos indevidos na folha de pagamento de aposentados.<\/p>\n<p class=\"ds-markdown-paragraph\">O TCU exigiu que o INSS implementasse\u00a0<strong>controles mais r\u00edgidos<\/strong>\u00a0ap\u00f3s casos de cobran\u00e7as n\u00e3o autorizadas, desde 2019, incluindo:<\/p>\n<ul style=\"text-align: left\">\n<li><strong style=\"font-size: 16.002px\">Mensalidades associativas<\/strong><span style=\"font-size: 16.002px\">\u00a0debitadas sem consentimento;<\/span><\/li>\n<li><strong style=\"font-size: 16.002px\">Empr\u00e9stimos consignados<\/strong><span style=\"font-size: 16.002px\">\u00a0contratados de forma irregular.<\/span><\/li>\n<\/ul>\n<p class=\"ds-markdown-paragraph\">Agora, o instituto ter\u00e1 que\u00a0<strong>ressarcir benefici\u00e1rios<\/strong>\u00a0que sofreram cobran\u00e7as indevidas e\u00a0<strong>garantir que novas autoriza\u00e7\u00f5es<\/strong>\u00a0s\u00f3 ocorram com\u00a0<strong>valida\u00e7\u00e3o biom\u00e9trica<\/strong>.<\/p>\n<hr \/>\n<h2><strong>Impacto nos benefici\u00e1rios<\/strong><\/h2>\n<p class=\"ds-markdown-paragraph\">A medida traz\u00a0<strong>vantagens e desafios<\/strong>:<\/p>\n<p class=\"ds-markdown-paragraph\">\u2705\u00a0<strong>Redu\u00e7\u00e3o de fraudes<\/strong>: S\u00f3 o titular poder\u00e1 liberar descontos;<br \/>\n\u2705\u00a0<strong>Transpar\u00eancia<\/strong>: Consulta de taxas antes da contrata\u00e7\u00e3o;<br \/>\n\u26a0\u00a0<strong>Poss\u00edvel burocracia<\/strong>: Processo pode ser mais demorado.<\/p>\n<p class=\"ds-markdown-paragraph\">O INSS argumentou que os empr\u00e9stimos consignados j\u00e1 tinham\u00a0<strong>controles mais eficazes<\/strong>\u00a0que outras cobran\u00e7as, mas o TCU manteve a exig\u00eancia para\u00a0<strong>todos os tipos de desconto em folha<\/strong>.<\/p>\n<hr \/>\n<h2><strong>O que fazer se houver cobran\u00e7a indevida?<\/strong><\/h2>\n<p class=\"ds-markdown-paragraph\">Benefici\u00e1rios que identificarem\u00a0<strong>descontos n\u00e3o autorizados<\/strong>\u00a0devem:<\/p>\n<ol style=\"text-align: left\">\n<li><strong>Acessar o Meu INSS<\/strong>\u00a0e verificar as autoriza\u00e7\u00f5es ativas;<\/li>\n<li><strong>Solicitar o cancelamento<\/strong>\u00a0de descontos irregulares;<\/li>\n<li><strong>Registrar reclama\u00e7\u00e3o<\/strong>\u00a0no \u00f3rg\u00e3o, se necess\u00e1rio.<\/li>\n<\/ol>\n<p class=\"ds-markdown-paragraph\">O INSS ter\u00e1 que\u00a0<strong>devolver os valores<\/strong>\u00a0cobrados indevidamente, conforme decis\u00e3o do TCU.<\/p>\n<p class=\"ds-markdown-paragraph\">A exig\u00eancia de\u00a0<strong>biometria<\/strong>\u00a0\u00e9 um avan\u00e7o na\u00a0<strong>seguran\u00e7a dos benefici\u00e1rios<\/strong>, mas pode demandar\u00a0<strong>mais tempo<\/strong>\u00a0para libera\u00e7\u00e3o de cr\u00e9dito. O desafio do INSS ser\u00e1\u00a0<strong>equilibrar fiscaliza\u00e7\u00e3o e agilidade<\/strong>\u00a0sem prejudicar quem depende desses empr\u00e9stimos.<\/p>\n","protected":false},"excerpt":{"rendered":"<p>A partir do pr\u00f3ximo\u00a0dia 23, aposentados e pensionistas que desejarem contratar empr\u00e9stimos consignados ter\u00e3o que passar por\u00a0identifica\u00e7\u00e3o biom\u00e9trica\u00a0para autorizar o desconto direto em seus benef\u00edcios. A medida, anunciada pelo\u00a0Instituto Nacional do Seguro Social (INSS), busca aumentar a seguran\u00e7a e reduzir fraudes no sistema. A decis\u00e3o foi publicada no\u00a0Di\u00e1rio Oficial da Uni\u00e3o (DOU)\u00a0e refor\u00e7a a necessidade [&hellip;]<\/p>\n","protected":false},"author":260896546,"featured_media":3038,"comment_status":"open","ping_status":"open","sticky":false,"template":"","format":"standard","meta":{"_monsterinsights_skip_tracking":false,"advanced_seo_description":"","jetpack_seo_html_title":"","jetpack_seo_noindex":false,"jetpack_seo_schema_type":"","_jetpack_newsletter_access":"","_jetpack_dont_email_post_to_subs":false,"_jetpack_newsletter_tier_id":0,"_jetpack_memberships_contains_paywalled_content":false,"_wpcom_ai_launchpad_first_post":false,"_jetpack_feature_clip_id":0,"_jetpack_memberships_contains_paid_content":false,"footnotes":"","jetpack_publicize_message":"{title}\n\n{excerpt}\n\n{url}","jetpack_publicize_feature_enabled":true,"jetpack_social_post_already_shared":false,"jetpack_social_options":{"image_generator_settings":{"template":"fullscreen","default_image_id":0,"font":"","enabled":false},"version":2},"_wpas_customize_per_network":false,"jetpack_post_was_ever_published":false},"categories":[38185,185853,21243],"tags":[877998,781171798],"class_list":["post-2052","post","type-post","status-publish","format-standard","has-post-thumbnail","hentry","category-brasil","category-financas","category-seguranca","tag-inss","tag-seguranca"],"jetpack_publicize_connections":[],"jetpack_likes_enabled":true,"jetpack_sharing_enabled":true,"jetpack_shortlink":"https:\/\/wp.me\/pgitne-x6","jetpack-related-posts":[{"id":2112,"url":"https:\/\/diariodegarca.com\/?p=2112","url_meta":{"origin":2052,"position":0},"title":"Pol\u00edcia Federal desmantela rede nacional de fraudes biom\u00e9tricas em contas do gov.br","author":"Di\u00e1rio de Gar\u00e7a","date":"13 de maio de 2025","format":false,"excerpt":"A Pol\u00edcia Federal (PF) deflagrou, nesta ter\u00e7a-feira, dia 13 de maio, uma opera\u00e7\u00e3o em nove estados brasileiros para desarticular um esquema criminoso especializado em fraudar o sistema de autentica\u00e7\u00e3o biom\u00e9trica do gov.br. A a\u00e7\u00e3o, que cumpre cinco mandados de pris\u00e3o tempor\u00e1ria e 16 de busca e apreens\u00e3o, mira um grupo\u2026","rel":"","context":"Em &quot;Brasil&quot;","block_context":{"text":"Brasil","link":"https:\/\/diariodegarca.com\/?cat=38185"},"img":{"alt_text":"","src":"","width":0,"height":0},"classes":[]},{"id":5297,"url":"https:\/\/diariodegarca.com\/?p=5297","url_meta":{"origin":2052,"position":1},"title":"Procon-SP ouve consumidores 60+ sobre desafios no mercado digital e pr\u00e1ticas abusivas","author":"Di\u00e1rio de Gar\u00e7a","date":"5 de agosto de 2025","format":false,"excerpt":"Question\u00e1rio online busca mapear problemas como descontos indevidos no INSS, empr\u00e9stimos n\u00e3o contratados e dificuldades com e-commerce; participa\u00e7\u00e3o vai at\u00e9 29 de agosto. A Funda\u00e7\u00e3o Procon-SP est\u00e1 realizando uma consulta p\u00fablica voltada exclusivamente para consumidores com 60 anos ou mais. O objetivo \u00e9 identificar os principais obst\u00e1culos enfrentados por essa\u2026","rel":"","context":"Em &quot;Finan\u00e7as&quot;","block_context":{"text":"Finan\u00e7as","link":"https:\/\/diariodegarca.com\/?cat=185853"},"img":{"alt_text":"","src":"https:\/\/i0.wp.com\/diariodegarca.com\/wp-content\/uploads\/2025\/08\/aproxime-se-da-pessoa-senior-enquanto-aprende.jpg?fit=1200%2C800&ssl=1&resize=350%2C200","width":350,"height":200,"srcset":"https:\/\/i0.wp.com\/diariodegarca.com\/wp-content\/uploads\/2025\/08\/aproxime-se-da-pessoa-senior-enquanto-aprende.jpg?fit=1200%2C800&ssl=1&resize=350%2C200 1x, https:\/\/i0.wp.com\/diariodegarca.com\/wp-content\/uploads\/2025\/08\/aproxime-se-da-pessoa-senior-enquanto-aprende.jpg?fit=1200%2C800&ssl=1&resize=525%2C300 1.5x, https:\/\/i0.wp.com\/diariodegarca.com\/wp-content\/uploads\/2025\/08\/aproxime-se-da-pessoa-senior-enquanto-aprende.jpg?fit=1200%2C800&ssl=1&resize=700%2C400 2x, https:\/\/i0.wp.com\/diariodegarca.com\/wp-content\/uploads\/2025\/08\/aproxime-se-da-pessoa-senior-enquanto-aprende.jpg?fit=1200%2C800&ssl=1&resize=1050%2C600 3x"},"classes":[]},{"id":4261,"url":"https:\/\/diariodegarca.com\/?p=4261","url_meta":{"origin":2052,"position":2},"title":"Banco Pan \u00e9 multado em R$ 13 milh\u00f5es por descontos indevidos e cl\u00e1usulas abusivas","author":"Di\u00e1rio de Gar\u00e7a","date":"25 de junho de 2025","format":false,"excerpt":"Procon-SP identificou cobran\u00e7as n\u00e3o autorizadas de empr\u00e9stimos consignados e termos de uso que violam direitos do consumidor O Banco Pan foi autuado pelo Procon-SP no valor de\u00a0R$ 13.522.436,17\u00a0por descontos n\u00e3o autorizados em contas correntes de clientes e por incluir\u00a0cl\u00e1usulas abusivas\u00a0em seus Termos de Uso. A penalidade, aplicada com base no\u00a0C\u00f3digo\u2026","rel":"","context":"Em &quot;Finan\u00e7as&quot;","block_context":{"text":"Finan\u00e7as","link":"https:\/\/diariodegarca.com\/?cat=185853"},"img":{"alt_text":"","src":"https:\/\/i0.wp.com\/diariodegarca.com\/wp-content\/uploads\/2025\/06\/banco-e1631551631520.webp?fit=1024%2C675&ssl=1&resize=350%2C200","width":350,"height":200,"srcset":"https:\/\/i0.wp.com\/diariodegarca.com\/wp-content\/uploads\/2025\/06\/banco-e1631551631520.webp?fit=1024%2C675&ssl=1&resize=350%2C200 1x, https:\/\/i0.wp.com\/diariodegarca.com\/wp-content\/uploads\/2025\/06\/banco-e1631551631520.webp?fit=1024%2C675&ssl=1&resize=525%2C300 1.5x, https:\/\/i0.wp.com\/diariodegarca.com\/wp-content\/uploads\/2025\/06\/banco-e1631551631520.webp?fit=1024%2C675&ssl=1&resize=700%2C400 2x"},"classes":[]},{"id":4696,"url":"https:\/\/diariodegarca.com\/?p=4696","url_meta":{"origin":2052,"position":3},"title":"Procon-SP multa Ita\u00fa Consignado em R$ 5,8 milh\u00f5es por descontos indevidos","author":"Di\u00e1rio de Gar\u00e7a","date":"15 de julho de 2025","format":false,"excerpt":"Institui\u00e7\u00e3o n\u00e3o comprovou legalidade nas autoriza\u00e7\u00f5es para descontos diretos em contas de consumidores, violando o C\u00f3digo de Defesa do Consumidor. O Procon-SP multou o Banco Ita\u00fa Consignado S\/A em R$ 5.842.228,84 ap\u00f3s constatar descontos indevidos em benef\u00edcios previdenci\u00e1rios de consumidores. A autarquia identificou que a institui\u00e7\u00e3o realizou d\u00e9bitos diretos em\u2026","rel":"","context":"Em &quot;Fiscaliza\u00e7\u00e3o&quot;","block_context":{"text":"Fiscaliza\u00e7\u00e3o","link":"https:\/\/diariodegarca.com\/?cat=1192752"},"img":{"alt_text":"","src":"","width":0,"height":0},"classes":[]},{"id":2119,"url":"https:\/\/diariodegarca.com\/?p=2119","url_meta":{"origin":2052,"position":4},"title":"INSS notifica, via aplicativo, 9 milh\u00f5es de aposentados sobre descontos por associa\u00e7\u00f5es","author":"Di\u00e1rio de Gar\u00e7a","date":"13 de maio de 2025","format":false,"excerpt":"O Instituto Nacional do Seguro Social (INSS) come\u00e7ou a notificar, nesta ter\u00e7a-feira, 13 de maio, cerca de nove milh\u00f5es de aposentados e pensionistas sobre descontos realizados por entidades associativas em seus benef\u00edcios. A comunica\u00e7\u00e3o est\u00e1 sendo enviada exclusivamente pelo aplicativo Meu INSS, e os benefici\u00e1rios devem ficar atentos para verificar\u2026","rel":"","context":"Em &quot;Brasil&quot;","block_context":{"text":"Brasil","link":"https:\/\/diariodegarca.com\/?cat=38185"},"img":{"alt_text":"","src":"","width":0,"height":0},"classes":[]},{"id":2230,"url":"https:\/\/diariodegarca.com\/?p=2230","url_meta":{"origin":2052,"position":5},"title":"Aposentados e pensionistas do INSS s\u00e3o alvo de golpe sobre devolu\u00e7\u00e3o de descontos","author":"Di\u00e1rio de Gar\u00e7a","date":"1 de maio de 2025","format":false,"excerpt":"O Minist\u00e9rio da Previd\u00eancia Social emitiu um alerta urgente para aposentados e pensionistas do Instituto Nacional do Seguro Social (INSS) ap\u00f3s identificar uma nova onda de golpes envolvendo supostos \"ressarcimentos de descontos de mensalidades associativas\".\u00a0Criminosos est\u00e3o abordando segurados por e-mail, aplicativos de mensagem e outros canais, oferecendo agilizar a devolu\u00e7\u00e3o\u2026","rel":"","context":"Em &quot;Brasil&quot;","block_context":{"text":"Brasil","link":"https:\/\/diariodegarca.com\/?cat=38185"},"img":{"alt_text":"","src":"","width":0,"height":0},"classes":[]}],"jetpack_featured_media_url":"https:\/\/i0.wp.com\/diariodegarca.com\/wp-content\/uploads\/2025\/05\/20231102_131441-1.jpg?fit=1170%2C700&ssl=1","_links":{"self":[{"href":"https:\/\/diariodegarca.com\/index.php?rest_route=\/wp\/v2\/posts\/2052","targetHints":{"allow":["GET"]}}],"collection":[{"href":"https:\/\/diariodegarca.com\/index.php?rest_route=\/wp\/v2\/posts"}],"about":[{"href":"https:\/\/diariodegarca.com\/index.php?rest_route=\/wp\/v2\/types\/post"}],"author":[{"embeddable":true,"href":"https:\/\/diariodegarca.com\/index.php?rest_route=\/wp\/v2\/users\/260896546"}],"replies":[{"embeddable":true,"href":"https:\/\/diariodegarca.com\/index.php?rest_route=%2Fwp%2Fv2%2Fcomments&post=2052"}],"version-history":[{"count":1,"href":"https:\/\/diariodegarca.com\/index.php?rest_route=\/wp\/v2\/posts\/2052\/revisions"}],"predecessor-version":[{"id":3039,"href":"https:\/\/diariodegarca.com\/index.php?rest_route=\/wp\/v2\/posts\/2052\/revisions\/3039"}],"wp:featuredmedia":[{"embeddable":true,"href":"https:\/\/diariodegarca.com\/index.php?rest_route=\/wp\/v2\/media\/3038"}],"wp:attachment":[{"href":"https:\/\/diariodegarca.com\/index.php?rest_route=%2Fwp%2Fv2%2Fmedia&parent=2052"}],"wp:term":[{"taxonomy":"category","embeddable":true,"href":"https:\/\/diariodegarca.com\/index.php?rest_route=%2Fwp%2Fv2%2Fcategories&post=2052"},{"taxonomy":"post_tag","embeddable":true,"href":"https:\/\/diariodegarca.com\/index.php?rest_route=%2Fwp%2Fv2%2Ftags&post=2052"}],"curies":[{"name":"wp","href":"https:\/\/api.w.org\/{rel}","templated":true}]}}