{"id":2054,"date":"2025-05-19T17:44:00","date_gmt":"2025-05-19T17:44:00","guid":{"rendered":"https:\/\/diariodegarca.com\/2025\/05\/19\/acidentes-por-animais-peconhentos-na-regiao-de-garca\/"},"modified":"2025-05-21T15:40:15","modified_gmt":"2025-05-21T18:40:15","slug":"acidentes-por-animais-peconhentos-na-regiao-de-garca","status":"publish","type":"post","link":"https:\/\/diariodegarca.com\/?p=2054","title":{"rendered":"Acidentes por animais pe\u00e7onhentos na regi\u00e3o de Gar\u00e7a"},"content":{"rendered":"<p class=\"ds-markdown-paragraph\">A Secretaria de Sa\u00fade do Estado de S\u00e3o Paulo e algumas as prefeituras da regi\u00e3o divulgaram os registros de acidentes envolvendo animais pe\u00e7onhentos em 2024 e no primeiro quadrimestre de 2025. Os dados servem como alerta para a popula\u00e7\u00e3o, destacando os riscos e a necessidade de preven\u00e7\u00e3o.<\/p>\n<h2><strong>Comparativo entre Gar\u00e7a e cidades vizinhas<\/strong><\/h2>\n<h3><strong>Gar\u00e7a<\/strong><\/h3>\n<p class=\"ds-markdown-paragraph\">Em 2024, Gar\u00e7a registrou\u00a0<strong>179 casos<\/strong>\u00a0de acidentes, com predomin\u00e2ncia de picadas de\u00a0<strong>escorpi\u00e3o (99 casos)<\/strong>\u00a0e\u00a0<strong>abelhas (48 casos)<\/strong>. Homens entre\u00a0<strong>20 e 29 anos<\/strong>\u00a0foram os mais afetados.<\/p>\n<p class=\"ds-markdown-paragraph\">Em 2025 (at\u00e9 5 de maio), j\u00e1 foram\u00a0<strong>30 notifica\u00e7\u00f5es<\/strong>, mantendo o escorpi\u00e3o como principal agressor (20 casos). Desta vez, homens de\u00a0<strong>40 a 49 anos<\/strong>\u00a0e mulheres de\u00a0<strong>50 a 59 anos<\/strong>\u00a0lideram as ocorr\u00eancias.<\/p>\n<h3><strong>Cidades vizianas: casos em menor volume<\/strong><\/h3>\n<ul>\n<li>\n<p class=\"ds-markdown-paragraph\" style=\"font-size: 16.002px;line-height: 28.575px;margin: 0px 0px 0px !important 0px\"><strong>\u00c1lvaro de Carvalho<\/strong>: 16 casos em 2024 (8 por escorpi\u00e3o) e 4 em 2025 (todos escorpi\u00f5es).<\/p>\n<\/li>\n<li style=\"margin-top: 4px\">\n<p class=\"ds-markdown-paragraph\" style=\"font-size: 16.002px;line-height: 28.575px;margin: 0px 0px 0px !important 0px\"><strong>Lup\u00e9rcio<\/strong>: 5 casos em 2024 (3 escorpi\u00f5es) e apenas 1 em 2025 (aranha).<\/p>\n<\/li>\n<li style=\"margin-top: 4px\">\n<p class=\"ds-markdown-paragraph\" style=\"font-size: 16.002px;line-height: 28.575px;margin: 0px 0px 0px !important 0px\"><strong>Vera Cruz<\/strong>: 25 casos em 2024 (16 escorpi\u00f5es) e 3 em 2025 (1 abelha, 1 escorpi\u00e3o, 1 serpente).<\/p>\n<\/li>\n<li style=\"margin-top: 4px\">\n<p class=\"ds-markdown-paragraph\" style=\"font-size: 16.002px;line-height: 28.575px;margin: 0px 0px 0px !important 0px\"><strong>G\u00e1lia<\/strong>: 32 casos em 2024 (24 escorpi\u00f5es) e 7 em 2025 (6 escorpi\u00f5es).<\/p>\n<\/li>\n<li style=\"margin-top: 4px\">\n<p class=\"ds-markdown-paragraph\" style=\"font-size: 16.002px;line-height: 28.575px;margin: 0px 0px 0px !important 0px\"><strong>Duartina<\/strong>: 63 casos em 2024 (28 escorpi\u00f5es, 25 abelhas) e 10 em 2025 (5 abelhas).<\/p>\n<\/li>\n<li style=\"margin-top: 4px\">\n<p class=\"ds-markdown-paragraph\" style=\"font-size: 16.002px;line-height: 28.575px;margin: 0px 0px 0px !important 0px\"><strong>Ocau\u00e7u<\/strong>: 10 casos em 2024 (3 escorpi\u00f5es, 3 aranhas) e 4 em 2025 (2 aranhas).<\/p>\n<\/li>\n<\/ul>\n<h3><strong>Mar\u00edlia: casos mais alarmantes<\/strong><\/h3>\n<p class=\"ds-markdown-paragraph\">A cidade-sede da regional registrou\u00a0<strong>273 casos em 2024<\/strong>, com\u00a0<strong>191 picadas de escorpi\u00e3o<\/strong>\u00a0e\u00a0<strong>1 \u00f3bito por picada de abelha<\/strong>. Em 2025, at\u00e9 dia 5 de maio, j\u00e1 s\u00e3o\u00a0<strong>121 notifica\u00e7\u00f5es<\/strong>, com escorpi\u00f5es (80) e aranhas (18) como principais causadores.<\/p>\n<h2><strong>Onde encontrar ant\u00eddotos?<\/strong><\/h2>\n<p class=\"ds-markdown-paragraph\">Os soros antiveneno est\u00e3o dispon\u00edveis nas\u00a0<strong>cidades-sede dos Departamentos Regionais de Sa\u00fade (DRS)<\/strong>. Para Gar\u00e7a e munic\u00edpios vizinhos (exceto Ocau\u00e7u), o\u00a0<strong>Hospital das Cl\u00ednicas de Mar\u00edlia<\/strong>\u00a0\u00e9 o referencial. Ocau\u00e7u, por pertencer a outra regional, deve buscar atendimento em\u00a0<strong>Assis<\/strong>.<\/p>\n<h2><strong>O que fazer em caso de picada?<\/strong><\/h2>\n<ul style=\"text-align: left\">\n<li><strong>Mantenha a calma<\/strong>\u00a0e evite movimentos bruscos.<\/li>\n<li><strong style=\"font-size: 16.002px\">Lave o local<\/strong><span style=\"font-size: 16.002px\">\u00a0<\/span><span style=\"font-size: 16.002px\">com \u00e1gua e sab\u00e3o.<\/span><\/li>\n<li><strong style=\"font-size: 16.002px\">N\u00c3O fa\u00e7a torniquetes<\/strong><span style=\"font-size: 16.002px\">, n\u00e3o corte o local nem aplique subst\u00e2ncias caseiras.<\/span><\/li>\n<li><strong style=\"font-size: 16.002px\">Procure imediatamente<\/strong><span style=\"font-size: 16.002px\">\u00a0<\/span><span style=\"font-size: 16.002px\">o servi\u00e7o de sa\u00fade mais pr\u00f3ximo.<\/span><\/li>\n<li><span style=\"font-size: 16.002px\">Se poss\u00edvel,<\/span><span style=\"font-size: 16.002px\">\u00a0<\/span><strong style=\"font-size: 16.002px\">fotografe o animal<\/strong><span style=\"font-size: 16.002px\">\u00a0<\/span><span style=\"font-size: 16.002px\">(sem toc\u00e1-lo) para identifica\u00e7\u00e3o.<\/span><\/li>\n<\/ul>\n<p class=\"ds-markdown-paragraph\">A preven\u00e7\u00e3o inclui\u00a0<strong>evitar acumulo de lixo, vedar frestas e usar luvas em atividades rurais<\/strong>. A aten\u00e7\u00e3o redobrada pode salvar vidas.<\/p>\n","protected":false},"excerpt":{"rendered":"<p>A Secretaria de Sa\u00fade do Estado de S\u00e3o Paulo e algumas as prefeituras da regi\u00e3o divulgaram os registros de acidentes envolvendo animais pe\u00e7onhentos em 2024 e no primeiro quadrimestre de 2025. Os dados servem como alerta para a popula\u00e7\u00e3o, destacando os riscos e a necessidade de preven\u00e7\u00e3o. Comparativo entre Gar\u00e7a e cidades vizinhas Gar\u00e7a Em [&hellip;]<\/p>\n","protected":false},"author":260896546,"featured_media":3040,"comment_status":"open","ping_status":"open","sticky":false,"template":"","format":"standard","meta":{"_crdt_document":"","_monsterinsights_skip_tracking":false,"_monsterinsights_sitenote_active":false,"_monsterinsights_sitenote_note":"","_monsterinsights_sitenote_category":0,"advanced_seo_description":"","jetpack_seo_html_title":"","jetpack_seo_noindex":false,"_jetpack_newsletter_access":"","_jetpack_dont_email_post_to_subs":false,"_jetpack_newsletter_tier_id":0,"_jetpack_memberships_contains_paywalled_content":false,"_jetpack_memberships_contains_paid_content":false,"footnotes":"","jetpack_publicize_message":"","jetpack_publicize_feature_enabled":true,"jetpack_social_post_already_shared":false,"jetpack_social_options":{"image_generator_settings":{"template":"fullscreen","default_image_id":0,"font":"","enabled":false},"version":2},"_wpas_customize_per_network":false,"jetpack_post_was_ever_published":false},"categories":[29815376,2559959,781171664,1600904,22303061,683453294,9098995,72064,963369],"tags":[781171834,781171801,781171820,781171816,781171832,222752,781171828,781171809],"class_list":["post-2054","post","type-post","status-publish","format-standard","has-post-thumbnail","hentry","category-alvaro-de-carvalho","category-duartina","category-garca-cidade","category-galia","category-lupercio","category-marilia-cidade","category-ocaucu","category-saude","category-vera-cruz","tag-alvaro-de-carvalho","tag-brasil","tag-duartina","tag-galia","tag-lupercio","tag-marilia","tag-ocaucu","tag-vera-cruz"],"jetpack_publicize_connections":[],"jetpack_featured_media_url":"https:\/\/i0.wp.com\/diariodegarca.com\/wp-content\/uploads\/2025\/05\/hottentotta-scorpion-with-babys-body-hottentotta-scorpion-front-view-green-leaves.jpg?fit=6960%2C4640&ssl=1","jetpack_likes_enabled":true,"jetpack_sharing_enabled":true,"jetpack_shortlink":"https:\/\/wp.me\/pgitne-x8","jetpack-related-posts":[{"id":2947,"url":"https:\/\/diariodegarca.com\/?p=2947","url_meta":{"origin":2054,"position":0},"title":"Pesquisa de Percep\u00e7\u00e3o do Turismo: mobiliza Regi\u00f5es Tur\u00edsticas do Estado de S\u00e3o Paulo","author":"Di\u00e1rio de Gar\u00e7a","date":"27 de janeiro de 2025","format":false,"excerpt":"A 5\u00aa edi\u00e7\u00e3o da Pesquisa Online de Percep\u00e7\u00e3o do Turismo nos Munic\u00edpios, coordenada pelo Centro de Intelig\u00eancia da Economia do Turismo da Secretaria de Turismo e Viagens (CIET\/SETUR-SP), est\u00e1 a todo vapor. Este levantamento, que tem o objetivo de entender como os moradores percebem o turismo em suas cidades, j\u00e1\u2026","rel":"","context":"Em &quot;Brasil&quot;","block_context":{"text":"Brasil","link":"https:\/\/diariodegarca.com\/?cat=38185"},"img":{"alt_text":"","src":"","width":0,"height":0},"classes":[]},{"id":5451,"url":"https:\/\/diariodegarca.com\/?p=5451","url_meta":{"origin":2054,"position":1},"title":"Regi\u00e3o de Bauru e Mar\u00edlia registra quase 500 acidentes com escorpi\u00f5es por m\u00eas; saiba como se proteger","author":"Di\u00e1rio de Gar\u00e7a","date":"9 de agosto de 2025","format":false,"excerpt":"Aumento de casos exige aten\u00e7\u00e3o e medidas preventivas. Dados da Secretaria de Estado da Sa\u00fade de S\u00e3o Paulo (SES-SP) revelam um cen\u00e1rio preocupante: apenas em 2025, j\u00e1 foram registrados\u00a024.366 acidentes com escorpi\u00f5es\u00a0no estado, com uma morte confirmada. Nas regi\u00f5es de Bauru e Mar\u00edlia, os n\u00fameros s\u00e3o alarmantes, somando\u00a03.455 ocorr\u00eancias\u00a0este ano,\u2026","rel":"","context":"Em &quot;Bauru&quot;","block_context":{"text":"Bauru","link":"https:\/\/diariodegarca.com\/?cat=1357691"},"img":{"alt_text":"","src":"https:\/\/i0.wp.com\/diariodegarca.com\/wp-content\/uploads\/2025\/08\/escorpiao-hottentotta-com-babys-no-corpo-vista-frontal-escorpiao-hottentotta-em-folhas-verdes.jpg?fit=1200%2C800&ssl=1&resize=350%2C200","width":350,"height":200,"srcset":"https:\/\/i0.wp.com\/diariodegarca.com\/wp-content\/uploads\/2025\/08\/escorpiao-hottentotta-com-babys-no-corpo-vista-frontal-escorpiao-hottentotta-em-folhas-verdes.jpg?fit=1200%2C800&ssl=1&resize=350%2C200 1x, https:\/\/i0.wp.com\/diariodegarca.com\/wp-content\/uploads\/2025\/08\/escorpiao-hottentotta-com-babys-no-corpo-vista-frontal-escorpiao-hottentotta-em-folhas-verdes.jpg?fit=1200%2C800&ssl=1&resize=525%2C300 1.5x, https:\/\/i0.wp.com\/diariodegarca.com\/wp-content\/uploads\/2025\/08\/escorpiao-hottentotta-com-babys-no-corpo-vista-frontal-escorpiao-hottentotta-em-folhas-verdes.jpg?fit=1200%2C800&ssl=1&resize=700%2C400 2x, https:\/\/i0.wp.com\/diariodegarca.com\/wp-content\/uploads\/2025\/08\/escorpiao-hottentotta-com-babys-no-corpo-vista-frontal-escorpiao-hottentotta-em-folhas-verdes.jpg?fit=1200%2C800&ssl=1&resize=1050%2C600 3x"},"classes":[]},{"id":6922,"url":"https:\/\/diariodegarca.com\/?p=6922","url_meta":{"origin":2054,"position":2},"title":"Gar\u00e7a conquista nota A em transpar\u00eancia e salta 500 posi\u00e7\u00f5es no ranking nacional em 2024","author":"Di\u00e1rio de Gar\u00e7a","date":"19 de setembro de 2025","format":false,"excerpt":"Munic\u00edpio alcan\u00e7a conceito Aicf no Ranking Siconfi 2025, com desempenho de 95,3%, ap\u00f3s evolu\u00e7\u00e3o constante na qualidade da presta\u00e7\u00e3o de contas nos \u00faltimos anos. A cidade de Gar\u00e7a, no interior de S\u00e3o Paulo, deu um salto na transpar\u00eancia de suas contas p\u00fablicas, conforme revelam os dados mais recentes do Ranking\u2026","rel":"","context":"Em &quot;Alvinl\u00e2ndia&quot;","block_context":{"text":"Alvinl\u00e2ndia","link":"https:\/\/diariodegarca.com\/?cat=32102633"},"img":{"alt_text":"","src":"https:\/\/i0.wp.com\/diariodegarca.com\/wp-content\/uploads\/2025\/09\/1442494993.jpg?fit=1200%2C800&ssl=1&resize=350%2C200","width":350,"height":200,"srcset":"https:\/\/i0.wp.com\/diariodegarca.com\/wp-content\/uploads\/2025\/09\/1442494993.jpg?fit=1200%2C800&ssl=1&resize=350%2C200 1x, https:\/\/i0.wp.com\/diariodegarca.com\/wp-content\/uploads\/2025\/09\/1442494993.jpg?fit=1200%2C800&ssl=1&resize=525%2C300 1.5x, https:\/\/i0.wp.com\/diariodegarca.com\/wp-content\/uploads\/2025\/09\/1442494993.jpg?fit=1200%2C800&ssl=1&resize=700%2C400 2x, https:\/\/i0.wp.com\/diariodegarca.com\/wp-content\/uploads\/2025\/09\/1442494993.jpg?fit=1200%2C800&ssl=1&resize=1050%2C600 3x"},"classes":[]},{"id":3007,"url":"https:\/\/diariodegarca.com\/?p=3007","url_meta":{"origin":2054,"position":3},"title":"Regi\u00e3o","author":"Di\u00e1rio de Gar\u00e7a","date":"11 de fevereiro de 2025","format":false,"excerpt":"\u00a0Confira a dist\u00e2ncia de Gar\u00e7a at\u00e9 algumas cidades vizinhas!\u00a0Se quiser ler as not\u00edcias que j\u00e1 publicamos sobre elas, basta clicar no nome da cidade para ser redirecionado.\u00a0Aproveite para explorar as informa\u00e7\u00f5es e ficar por dentro do que acontece na regi\u00e3o.\u00a0\u00a0\u00c1lvaro de Carvalho\u00a0- 18 kmVera Cruz\u00a0- 20 kmG\u00e1lia\u00a0- 20 kmFern\u00e3o\u00a0- 29\u2026","rel":"","context":"Em &quot;Brasil&quot;","block_context":{"text":"Brasil","link":"https:\/\/diariodegarca.com\/?cat=38185"},"img":{"alt_text":"","src":"","width":0,"height":0},"classes":[]},{"id":2863,"url":"https:\/\/diariodegarca.com\/?p=2863","url_meta":{"origin":2054,"position":4},"title":"Dengue e Chikungunya avan\u00e7am na regi\u00e3o: prefeituras refor\u00e7am a\u00e7\u00f5es de combate aos focos do Aedes aegypti","author":"Di\u00e1rio de Gar\u00e7a","date":"10 de fevereiro de 2025","format":false,"excerpt":"Dados atualizados at\u00e9 esta segunda-feira, dia 10 de fevereiro, \u00e0s 10h, no portal do Governo Federal, mostram um cen\u00e1rio preocupante em rela\u00e7\u00e3o \u00e0s arboviroses na regi\u00e3o. A dengue e a chikungunya, doen\u00e7as transmitidas pelo mosquito Aedes aegypti, seguem em ascens\u00e3o, com munic\u00edpios registrando n\u00fameros expressivos de casos positivos e suspeitos.\u2026","rel":"","context":"Em &quot;Brasil&quot;","block_context":{"text":"Brasil","link":"https:\/\/diariodegarca.com\/?cat=38185"},"img":{"alt_text":"","src":"","width":0,"height":0},"classes":[]},{"id":5147,"url":"https:\/\/diariodegarca.com\/?p=5147","url_meta":{"origin":2054,"position":5},"title":"Escorpi\u00f5es lideram acidentes com animais pe\u00e7onhentos no Brasil; Butantan lan\u00e7a curso gratuito para preven\u00e7\u00e3o","author":"Di\u00e1rio de Gar\u00e7a","date":"29 de julho de 2025","format":false,"excerpt":"Com casos em ascens\u00e3o, principalmente no Sudeste e Nordeste, especialista do Instituto Butantan oferece capacita\u00e7\u00e3o online sobre biologia, preven\u00e7\u00e3o e manejo desses aracn\u00eddeos. Desde meados dos anos 2000, os escorpi\u00f5es s\u00e3o os respons\u00e1veis pelo maior n\u00famero de acidentes envolvendo animais pe\u00e7onhentos no Brasil. Os registros n\u00e3o param de crescer, especialmente\u2026","rel":"","context":"Em &quot;Brasil&quot;","block_context":{"text":"Brasil","link":"https:\/\/diariodegarca.com\/?cat=38185"},"img":{"alt_text":"","src":"https:\/\/i0.wp.com\/diariodegarca.com\/wp-content\/uploads\/2025\/07\/f09fa682-voce-sabia-que-os-escorpioes-sao-os-responsaveis-pelo-maior-numero-de-acidentes-por-animais-p.jpg?fit=960%2C1200&ssl=1&resize=350%2C200","width":350,"height":200,"srcset":"https:\/\/i0.wp.com\/diariodegarca.com\/wp-content\/uploads\/2025\/07\/f09fa682-voce-sabia-que-os-escorpioes-sao-os-responsaveis-pelo-maior-numero-de-acidentes-por-animais-p.jpg?fit=960%2C1200&ssl=1&resize=350%2C200 1x, https:\/\/i0.wp.com\/diariodegarca.com\/wp-content\/uploads\/2025\/07\/f09fa682-voce-sabia-que-os-escorpioes-sao-os-responsaveis-pelo-maior-numero-de-acidentes-por-animais-p.jpg?fit=960%2C1200&ssl=1&resize=525%2C300 1.5x, https:\/\/i0.wp.com\/diariodegarca.com\/wp-content\/uploads\/2025\/07\/f09fa682-voce-sabia-que-os-escorpioes-sao-os-responsaveis-pelo-maior-numero-de-acidentes-por-animais-p.jpg?fit=960%2C1200&ssl=1&resize=700%2C400 2x"},"classes":[]}],"_links":{"self":[{"href":"https:\/\/diariodegarca.com\/index.php?rest_route=\/wp\/v2\/posts\/2054","targetHints":{"allow":["GET"]}}],"collection":[{"href":"https:\/\/diariodegarca.com\/index.php?rest_route=\/wp\/v2\/posts"}],"about":[{"href":"https:\/\/diariodegarca.com\/index.php?rest_route=\/wp\/v2\/types\/post"}],"author":[{"embeddable":true,"href":"https:\/\/diariodegarca.com\/index.php?rest_route=\/wp\/v2\/users\/260896546"}],"replies":[{"embeddable":true,"href":"https:\/\/diariodegarca.com\/index.php?rest_route=%2Fwp%2Fv2%2Fcomments&post=2054"}],"version-history":[{"count":2,"href":"https:\/\/diariodegarca.com\/index.php?rest_route=\/wp\/v2\/posts\/2054\/revisions"}],"predecessor-version":[{"id":3042,"href":"https:\/\/diariodegarca.com\/index.php?rest_route=\/wp\/v2\/posts\/2054\/revisions\/3042"}],"wp:featuredmedia":[{"embeddable":true,"href":"https:\/\/diariodegarca.com\/index.php?rest_route=\/wp\/v2\/media\/3040"}],"wp:attachment":[{"href":"https:\/\/diariodegarca.com\/index.php?rest_route=%2Fwp%2Fv2%2Fmedia&parent=2054"}],"wp:term":[{"taxonomy":"category","embeddable":true,"href":"https:\/\/diariodegarca.com\/index.php?rest_route=%2Fwp%2Fv2%2Fcategories&post=2054"},{"taxonomy":"post_tag","embeddable":true,"href":"https:\/\/diariodegarca.com\/index.php?rest_route=%2Fwp%2Fv2%2Ftags&post=2054"}],"curies":[{"name":"wp","href":"https:\/\/api.w.org\/{rel}","templated":true}]}}