{"id":2060,"date":"2025-05-19T00:42:00","date_gmt":"2025-05-19T00:42:00","guid":{"rendered":"https:\/\/diariodegarca.com\/2025\/05\/19\/operacao-da-pm-apreende-grande-quantidade-de-drogas-e-prende-traficante-em-marilia\/"},"modified":"2025-05-21T15:53:50","modified_gmt":"2025-05-21T18:53:50","slug":"operacao-da-pm-apreende-grande-quantidade-de-drogas-e-prende-traficante-em-marilia","status":"publish","type":"post","link":"https:\/\/diariodegarca.com\/?p=2060","title":{"rendered":"Opera\u00e7\u00e3o da PM apreende grande quantidade de drogas e prende traficante em Mar\u00edlia"},"content":{"rendered":"<div>\n<div class=\"separator\" style=\"clear: both;text-align: center\"><\/div>\n<\/div>\n<div>Na noite de s\u00e1bado, 17 de maio, uma a\u00e7\u00e3o estrat\u00e9gica do 9\u00ba Batalh\u00e3o de Pol\u00edcia Militar do Interior resultou na apreens\u00e3o de drogas e na pris\u00e3o de um homem envolvido no tr\u00e1fico na regi\u00e3o do bairro Argolo Ferr\u00e3o, em Mar\u00edlia. Por volta das 22h30, equipes da For\u00e7a T\u00e1tica, em patrulhamento de rotina, flagraram um indiv\u00edduo em atitude suspeita, praticando a venda de entorpecentes.<\/div>\n<div><\/div>\n<div>Durante a abordagem, os policiais encontraram com o suspeito uma quantidade significativa de maconha, coca\u00edna, crack e lan\u00e7a-perfume, al\u00e9m de uma quantia em dinheiro, presumivelmente proveniente das vendas ilegais. Em depoimento, o homem confessou atuar no tr\u00e1fico na \u00e1rea h\u00e1 cerca de duas semanas, aproveitando-se da movimenta\u00e7\u00e3o local para distribuir as subst\u00e2ncias.<\/div>\n<div><\/div>\n<div>O material apreendido foi encaminhado para per\u00edcia, enquanto o acusado foi levado \u00e0 Central de Pol\u00edcia Judici\u00e1ria, onde permanece custodiado \u00e0 disposi\u00e7\u00e3o da Justi\u00e7a.<\/div>\n","protected":false},"excerpt":{"rendered":"<p>Na noite de s\u00e1bado, 17 de maio, uma a\u00e7\u00e3o estrat\u00e9gica do 9\u00ba Batalh\u00e3o de Pol\u00edcia Militar do Interior resultou na apreens\u00e3o de drogas e na pris\u00e3o de um homem envolvido no tr\u00e1fico na regi\u00e3o do bairro Argolo Ferr\u00e3o, em Mar\u00edlia. Por volta das 22h30, equipes da For\u00e7a T\u00e1tica, em patrulhamento de rotina, flagraram um indiv\u00edduo [&hellip;]<\/p>\n","protected":false},"author":260896546,"featured_media":0,"comment_status":"open","ping_status":"open","sticky":false,"template":"","format":"standard","meta":{"_crdt_document":"","_monsterinsights_skip_tracking":false,"_monsterinsights_sitenote_active":false,"_monsterinsights_sitenote_note":"","_monsterinsights_sitenote_category":0,"advanced_seo_description":"","jetpack_seo_html_title":"","jetpack_seo_noindex":false,"_jetpack_newsletter_access":"","_jetpack_dont_email_post_to_subs":false,"_jetpack_newsletter_tier_id":0,"_jetpack_memberships_contains_paywalled_content":false,"_jetpack_memberships_contains_paid_content":false,"footnotes":"","jetpack_publicize_message":"","jetpack_publicize_feature_enabled":true,"jetpack_social_post_already_shared":false,"jetpack_social_options":{"image_generator_settings":{"template":"fullscreen","default_image_id":0,"font":"","enabled":false},"version":2},"_wpas_customize_per_network":false,"jetpack_post_was_ever_published":false},"categories":[683453294,21243],"tags":[222752,1036487],"class_list":["post-2060","post","type-post","status-publish","format-standard","hentry","category-marilia-cidade","category-seguranca","tag-marilia","tag-seguranca-publica"],"jetpack_publicize_connections":[],"jetpack_featured_media_url":"","jetpack_likes_enabled":true,"jetpack_sharing_enabled":true,"jetpack_shortlink":"https:\/\/wp.me\/pgitne-xe","jetpack-related-posts":[{"id":7995,"url":"https:\/\/diariodegarca.com\/?p=7995","url_meta":{"origin":2060,"position":0},"title":"Opera\u00e7\u00e3o apreende 1,5 kg de coca\u00edna e prende homem por tr\u00e1fico em Mar\u00edlia","author":"Di\u00e1rio de Gar\u00e7a","date":"24 de outubro de 2025","format":false,"excerpt":"Suspeito foi flagrado durante fuga em viela da Vila Barros; al\u00e9m das drogas, policiais encontraram dinheiro e anota\u00e7\u00f5es de vendas. Uma a\u00e7\u00e3o de rotina da pol\u00edcia militar na zona norte de Mar\u00edlia resultou na apreens\u00e3o de uma grande quantidade de drogas e na pris\u00e3o de um homem por tr\u00e1fico na\u2026","rel":"","context":"Em &quot;Mar\u00edlia&quot;","block_context":{"text":"Mar\u00edlia","link":"https:\/\/diariodegarca.com\/?cat=683453294"},"img":{"alt_text":"","src":"https:\/\/i0.wp.com\/diariodegarca.com\/wp-content\/uploads\/2025\/10\/WhatsApp-Image-2025-10-21-at-10.58.51.jpeg?fit=1200%2C677&ssl=1&resize=350%2C200","width":350,"height":200,"srcset":"https:\/\/i0.wp.com\/diariodegarca.com\/wp-content\/uploads\/2025\/10\/WhatsApp-Image-2025-10-21-at-10.58.51.jpeg?fit=1200%2C677&ssl=1&resize=350%2C200 1x, https:\/\/i0.wp.com\/diariodegarca.com\/wp-content\/uploads\/2025\/10\/WhatsApp-Image-2025-10-21-at-10.58.51.jpeg?fit=1200%2C677&ssl=1&resize=525%2C300 1.5x, https:\/\/i0.wp.com\/diariodegarca.com\/wp-content\/uploads\/2025\/10\/WhatsApp-Image-2025-10-21-at-10.58.51.jpeg?fit=1200%2C677&ssl=1&resize=700%2C400 2x, https:\/\/i0.wp.com\/diariodegarca.com\/wp-content\/uploads\/2025\/10\/WhatsApp-Image-2025-10-21-at-10.58.51.jpeg?fit=1200%2C677&ssl=1&resize=1050%2C600 3x"},"classes":[]},{"id":8927,"url":"https:\/\/diariodegarca.com\/?p=8927","url_meta":{"origin":2060,"position":1},"title":"Pol\u00edcia Militar apreende quase 600 por\u00e7\u00f5es de drogas e homem em Mar\u00edlia","author":"Andreza Sega","date":"23 de novembro de 2025","format":false,"excerpt":"A\u00e7\u00e3o da For\u00e7a T\u00e1tica no bairro Nova Mar\u00edlia IV resultou na captura de um homem e na apreens\u00e3o de coca\u00edna, crack, maconha e dinheiro. Uma a\u00e7\u00e3o da Pol\u00edcia Militar na madrugada de s\u00e1bado, 22 de novembro, resultou em um grande golpe contra o tr\u00e1fico de drogas em Mar\u00edlia. A Opera\u00e7\u00e3o\u2026","rel":"","context":"Em &quot;Mar\u00edlia&quot;","block_context":{"text":"Mar\u00edlia","link":"https:\/\/diariodegarca.com\/?cat=683453294"},"img":{"alt_text":"","src":"https:\/\/i0.wp.com\/diariodegarca.com\/wp-content\/uploads\/2025\/11\/SnapInsta.to_AQOExf-WAg1-k2uCy9jD6TSXnceMGjkKEMRV69wrn-PUqE3z4aN13PTQHvrIj7fXfFPOMOchXZfC30y5EsieuUlu7R9LzS6CxsnV2lg_100-rotated.jpg?fit=854%2C480&ssl=1&resize=350%2C200","width":350,"height":200,"srcset":"https:\/\/i0.wp.com\/diariodegarca.com\/wp-content\/uploads\/2025\/11\/SnapInsta.to_AQOExf-WAg1-k2uCy9jD6TSXnceMGjkKEMRV69wrn-PUqE3z4aN13PTQHvrIj7fXfFPOMOchXZfC30y5EsieuUlu7R9LzS6CxsnV2lg_100-rotated.jpg?fit=854%2C480&ssl=1&resize=350%2C200 1x, https:\/\/i0.wp.com\/diariodegarca.com\/wp-content\/uploads\/2025\/11\/SnapInsta.to_AQOExf-WAg1-k2uCy9jD6TSXnceMGjkKEMRV69wrn-PUqE3z4aN13PTQHvrIj7fXfFPOMOchXZfC30y5EsieuUlu7R9LzS6CxsnV2lg_100-rotated.jpg?fit=854%2C480&ssl=1&resize=525%2C300 1.5x, https:\/\/i0.wp.com\/diariodegarca.com\/wp-content\/uploads\/2025\/11\/SnapInsta.to_AQOExf-WAg1-k2uCy9jD6TSXnceMGjkKEMRV69wrn-PUqE3z4aN13PTQHvrIj7fXfFPOMOchXZfC30y5EsieuUlu7R9LzS6CxsnV2lg_100-rotated.jpg?fit=854%2C480&ssl=1&resize=700%2C400 2x"},"classes":[]},{"id":7329,"url":"https:\/\/diariodegarca.com\/?p=7329","url_meta":{"origin":2060,"position":2},"title":"For\u00e7a T\u00e1tica prende homem em flagrante por tr\u00e1fico em Mar\u00edlia","author":"Andreza Sega","date":"30 de setembro de 2025","format":false,"excerpt":"Homem foi abordado durante patrulhamento no Parque das Azaleias e confessou a pr\u00e1tica do crime; grande quantidade de drogas foi retirada de circula\u00e7\u00e3o. Uma a\u00e7\u00e3o de rotina das equipes de For\u00e7a T\u00e1tica da Pol\u00edcia Militar resultou na pris\u00e3o em flagrante de um homem por tr\u00e1fico de drogas na noite desta\u2026","rel":"","context":"Em &quot;Mar\u00edlia&quot;","block_context":{"text":"Mar\u00edlia","link":"https:\/\/diariodegarca.com\/?cat=683453294"},"img":{"alt_text":"","src":"https:\/\/i0.wp.com\/diariodegarca.com\/wp-content\/uploads\/2025\/09\/SnapInsta.to_558192859_18317964181246526_5105385478154052438_n.jpg?fit=1200%2C1200&ssl=1&resize=350%2C200","width":350,"height":200,"srcset":"https:\/\/i0.wp.com\/diariodegarca.com\/wp-content\/uploads\/2025\/09\/SnapInsta.to_558192859_18317964181246526_5105385478154052438_n.jpg?fit=1200%2C1200&ssl=1&resize=350%2C200 1x, https:\/\/i0.wp.com\/diariodegarca.com\/wp-content\/uploads\/2025\/09\/SnapInsta.to_558192859_18317964181246526_5105385478154052438_n.jpg?fit=1200%2C1200&ssl=1&resize=525%2C300 1.5x, https:\/\/i0.wp.com\/diariodegarca.com\/wp-content\/uploads\/2025\/09\/SnapInsta.to_558192859_18317964181246526_5105385478154052438_n.jpg?fit=1200%2C1200&ssl=1&resize=700%2C400 2x, https:\/\/i0.wp.com\/diariodegarca.com\/wp-content\/uploads\/2025\/09\/SnapInsta.to_558192859_18317964181246526_5105385478154052438_n.jpg?fit=1200%2C1200&ssl=1&resize=1050%2C600 3x"},"classes":[]},{"id":7263,"url":"https:\/\/diariodegarca.com\/?p=7263","url_meta":{"origin":2060,"position":3},"title":"Opera\u00e7\u00e3o da PM apreende grande quantidade de crack e prende traficante em Mar\u00edlia","author":"Di\u00e1rio de Gar\u00e7a","date":"29 de setembro de 2025","format":false,"excerpt":"Homem confessou aos policiais que vendia drogas para quitar uma d\u00edvida, segundo registro da ocorr\u00eancia. Um homem foi preso em flagrante pela Pol\u00edcia Militar na noite desta s\u00e1bado, 27 de setembro, no bairro Toffoli, na zona sul de Mar\u00edlia, com uma quantidade consider\u00e1vel de drogas destinadas ao tr\u00e1fico. A a\u00e7\u00e3o\u2026","rel":"","context":"Em &quot;Mar\u00edlia&quot;","block_context":{"text":"Mar\u00edlia","link":"https:\/\/diariodegarca.com\/?cat=683453294"},"img":{"alt_text":"","src":"https:\/\/i0.wp.com\/diariodegarca.com\/wp-content\/uploads\/2025\/09\/SnapInsta.to_AQMvH8Wjru0mggzS1rwA5_8kyyId_Dm2oa9xFbpx6eytavo5_z94X_qAye4uGgLJPsAT7LL_zGURGKsTyGwY135AQU0-tHnJhm8OE7E_077.jpg?fit=720%2C485&ssl=1&resize=350%2C200","width":350,"height":200,"srcset":"https:\/\/i0.wp.com\/diariodegarca.com\/wp-content\/uploads\/2025\/09\/SnapInsta.to_AQMvH8Wjru0mggzS1rwA5_8kyyId_Dm2oa9xFbpx6eytavo5_z94X_qAye4uGgLJPsAT7LL_zGURGKsTyGwY135AQU0-tHnJhm8OE7E_077.jpg?fit=720%2C485&ssl=1&resize=350%2C200 1x, https:\/\/i0.wp.com\/diariodegarca.com\/wp-content\/uploads\/2025\/09\/SnapInsta.to_AQMvH8Wjru0mggzS1rwA5_8kyyId_Dm2oa9xFbpx6eytavo5_z94X_qAye4uGgLJPsAT7LL_zGURGKsTyGwY135AQU0-tHnJhm8OE7E_077.jpg?fit=720%2C485&ssl=1&resize=525%2C300 1.5x, https:\/\/i0.wp.com\/diariodegarca.com\/wp-content\/uploads\/2025\/09\/SnapInsta.to_AQMvH8Wjru0mggzS1rwA5_8kyyId_Dm2oa9xFbpx6eytavo5_z94X_qAye4uGgLJPsAT7LL_zGURGKsTyGwY135AQU0-tHnJhm8OE7E_077.jpg?fit=720%2C485&ssl=1&resize=700%2C400 2x"},"classes":[]},{"id":1980,"url":"https:\/\/diariodegarca.com\/?p=1980","url_meta":{"origin":2060,"position":4},"title":"Pol\u00edcia Militar apreende grande quantidade de drogas e det\u00eam suspeito em Mar\u00edlia","author":"Di\u00e1rio de Gar\u00e7a","date":"20 de maio de 2025","format":false,"excerpt":"Na segunda-feira, dia 19 de maio, durante patrulhamento na zona norte de Mar\u00edlia, equipes da Ronda Ostensiva Com Apoio de Motocicleta (ROCAM) do 9\u00ba Batalh\u00e3o de Pol\u00edcia Militar do Interior flagraram um indiv\u00edduo em atitude suspeita em uma \u00e1rea conhecida por pontos de venda de entorpecentes. Ao avistar os policiais,\u2026","rel":"","context":"Em &quot;Mar\u00edlia&quot;","block_context":{"text":"Mar\u00edlia","link":"https:\/\/diariodegarca.com\/?cat=683453294"},"img":{"alt_text":"","src":"","width":0,"height":0},"classes":[]},{"id":7693,"url":"https:\/\/diariodegarca.com\/?p=7693","url_meta":{"origin":2060,"position":5},"title":"Opera\u00e7\u00e3o antidrogas em Mar\u00edlia prende homem e apreende adolescente com entorpecentes","author":"Andreza Sega","date":"15 de outubro de 2025","format":false,"excerpt":"A\u00e7\u00e3o conjunta da For\u00e7a T\u00e1tica e do ROCAM no Jardim Azaleias resultou na apreens\u00e3o de crack, maconha, dry e dinheiro em esp\u00e9cie. Uma opera\u00e7\u00e3o policial direcionada ao combate do tr\u00e1fico de drogas resultou na pris\u00e3o de um homem e na apreens\u00e3o de um adolescente na tarde de ter\u00e7a-feira, dia 14\u2026","rel":"","context":"Em &quot;Mar\u00edlia&quot;","block_context":{"text":"Mar\u00edlia","link":"https:\/\/diariodegarca.com\/?cat=683453294"},"img":{"alt_text":"","src":"https:\/\/i0.wp.com\/diariodegarca.com\/wp-content\/uploads\/2025\/10\/WhatsApp-Image-2025-10-15-at-15.46.18-e1760650988641.jpeg?fit=900%2C552&ssl=1&resize=350%2C200","width":350,"height":200,"srcset":"https:\/\/i0.wp.com\/diariodegarca.com\/wp-content\/uploads\/2025\/10\/WhatsApp-Image-2025-10-15-at-15.46.18-e1760650988641.jpeg?fit=900%2C552&ssl=1&resize=350%2C200 1x, https:\/\/i0.wp.com\/diariodegarca.com\/wp-content\/uploads\/2025\/10\/WhatsApp-Image-2025-10-15-at-15.46.18-e1760650988641.jpeg?fit=900%2C552&ssl=1&resize=525%2C300 1.5x, https:\/\/i0.wp.com\/diariodegarca.com\/wp-content\/uploads\/2025\/10\/WhatsApp-Image-2025-10-15-at-15.46.18-e1760650988641.jpeg?fit=900%2C552&ssl=1&resize=700%2C400 2x"},"classes":[]}],"_links":{"self":[{"href":"https:\/\/diariodegarca.com\/index.php?rest_route=\/wp\/v2\/posts\/2060","targetHints":{"allow":["GET"]}}],"collection":[{"href":"https:\/\/diariodegarca.com\/index.php?rest_route=\/wp\/v2\/posts"}],"about":[{"href":"https:\/\/diariodegarca.com\/index.php?rest_route=\/wp\/v2\/types\/post"}],"author":[{"embeddable":true,"href":"https:\/\/diariodegarca.com\/index.php?rest_route=\/wp\/v2\/users\/260896546"}],"replies":[{"embeddable":true,"href":"https:\/\/diariodegarca.com\/index.php?rest_route=%2Fwp%2Fv2%2Fcomments&post=2060"}],"version-history":[{"count":1,"href":"https:\/\/diariodegarca.com\/index.php?rest_route=\/wp\/v2\/posts\/2060\/revisions"}],"predecessor-version":[{"id":3053,"href":"https:\/\/diariodegarca.com\/index.php?rest_route=\/wp\/v2\/posts\/2060\/revisions\/3053"}],"wp:attachment":[{"href":"https:\/\/diariodegarca.com\/index.php?rest_route=%2Fwp%2Fv2%2Fmedia&parent=2060"}],"wp:term":[{"taxonomy":"category","embeddable":true,"href":"https:\/\/diariodegarca.com\/index.php?rest_route=%2Fwp%2Fv2%2Fcategories&post=2060"},{"taxonomy":"post_tag","embeddable":true,"href":"https:\/\/diariodegarca.com\/index.php?rest_route=%2Fwp%2Fv2%2Ftags&post=2060"}],"curies":[{"name":"wp","href":"https:\/\/api.w.org\/{rel}","templated":true}]}}