{"id":2061,"date":"2025-05-19T00:32:00","date_gmt":"2025-05-19T00:32:00","guid":{"rendered":"https:\/\/diariodegarca.com\/2025\/05\/19\/policia-militar-recaptura-homem-e-mulher-procurados-pela-justica-em-tupa\/"},"modified":"2025-05-21T15:59:03","modified_gmt":"2025-05-21T18:59:03","slug":"policia-militar-recaptura-homem-e-mulher-procurados-pela-justica-em-tupa","status":"publish","type":"post","link":"https:\/\/diariodegarca.com\/?p=2061","title":{"rendered":"Pol\u00edcia Militar recaptura homem e mulher procurados pela Justi\u00e7a em Tup\u00e3"},"content":{"rendered":"<div>\n<div class=\"separator\" style=\"clear: both;text-align: center\"><\/div>\n<\/div>\n<div>Em a\u00e7\u00f5es coordenadas pelo 9\u00ba Batalh\u00e3o de Pol\u00edcia Militar do Interior, dois indiv\u00edduos com mandados de pris\u00e3o em aberto foram recapturados em Tup\u00e3. As opera\u00e7\u00f5es ocorreram em pontos distintos da cidade, refor\u00e7ando o patrulhamento em \u00e1reas cr\u00edticas.<\/div>\n<div><\/div>\n<div><b>Primeira recaptura: mandado por furto<\/b><\/div>\n<div>Na noite de ter\u00e7a-feira, dia 16 maio, por volta das 18h10, uma guarni\u00e7\u00e3o da PM realizava patrulhamento na Vila Ind\u00fastria, regi\u00e3o sul do munic\u00edpio, conhecida por registrar altos \u00edndices de tr\u00e1fico de drogas. Durante a a\u00e7\u00e3o, dois homens foram abordados pela equipe. Ap\u00f3s consulta ao sistema, verificou-se que um deles era procurado pela Justi\u00e7a por furto, com pena de 2 anos e 8 meses a ser cumprida em regime fechado. O homem foi detido imediatamente.<\/div>\n<div><\/div>\n<div><b>Segunda recaptura: mulher com pend\u00eancias judiciais\u00a0\u00a0<\/b><\/div>\n<div>J\u00e1 na madrugada de quarta-feira, dia 17 de maio, por volta das 2h20, policiais militares atuavam no centro da cidade, \u00e1rea com hist\u00f3rico de aglomera\u00e7\u00f5es, perturba\u00e7\u00e3o do sossego p\u00fablico e dire\u00e7\u00e3o perigosa sob efeito de \u00e1lcool. Durante a ronda, uma mulher chamou a aten\u00e7\u00e3o pelo comportamento. Na abordagem, ela admitiu espontaneamente ter pend\u00eancias judiciais. A confirma\u00e7\u00e3o da exist\u00eancia de um mandado de pris\u00e3o contra ela foi realizada no local, resultando em sua captura.<\/div>\n<div><\/div>\n<div><b>Condu\u00e7\u00e3o<\/b><\/div>\n<div>Os dois detidos foram encaminhados \u00e0 Central de Pol\u00edcia Judici\u00e1ria para os procedimentos cab\u00edveis. De acordo com o 9\u00ba BPM\/Interior, as opera\u00e7\u00f5es integram estrat\u00e9gias cont\u00ednuas de combate \u00e0 criminalidade e refor\u00e7o da seguran\u00e7a p\u00fablica.<\/div>\n","protected":false},"excerpt":{"rendered":"<p>Em a\u00e7\u00f5es coordenadas pelo 9\u00ba Batalh\u00e3o de Pol\u00edcia Militar do Interior, dois indiv\u00edduos com mandados de pris\u00e3o em aberto foram recapturados em Tup\u00e3. As opera\u00e7\u00f5es ocorreram em pontos distintos da cidade, refor\u00e7ando o patrulhamento em \u00e1reas cr\u00edticas. Primeira recaptura: mandado por furto Na noite de ter\u00e7a-feira, dia 16 maio, por volta das 18h10, uma guarni\u00e7\u00e3o [&hellip;]<\/p>\n","protected":false},"author":260896546,"featured_media":3056,"comment_status":"open","ping_status":"open","sticky":false,"template":"","format":"standard","meta":{"_crdt_document":"","_monsterinsights_skip_tracking":false,"_monsterinsights_sitenote_active":false,"_monsterinsights_sitenote_note":"","_monsterinsights_sitenote_category":0,"advanced_seo_description":"","jetpack_seo_html_title":"","jetpack_seo_noindex":false,"_jetpack_newsletter_access":"","_jetpack_dont_email_post_to_subs":false,"_jetpack_newsletter_tier_id":0,"_jetpack_memberships_contains_paywalled_content":false,"_jetpack_memberships_contains_paid_content":false,"footnotes":"","jetpack_publicize_message":"","jetpack_publicize_feature_enabled":true,"jetpack_social_post_already_shared":false,"jetpack_social_options":{"image_generator_settings":{"template":"fullscreen","default_image_id":0,"font":"","enabled":false},"version":2},"_wpas_customize_per_network":false,"jetpack_post_was_ever_published":false},"categories":[21243,781171665],"tags":[1036487,2099801],"class_list":["post-2061","post","type-post","status-publish","format-standard","has-post-thumbnail","hentry","category-seguranca","category-tupa-cidade","tag-seguranca-publica","tag-tupa"],"jetpack_publicize_connections":[],"jetpack_featured_media_url":"https:\/\/i0.wp.com\/diariodegarca.com\/wp-content\/uploads\/2025\/05\/1747614796816088-0-e1763988403926.jpg?fit=1080%2C670&ssl=1","jetpack_likes_enabled":true,"jetpack_sharing_enabled":true,"jetpack_shortlink":"https:\/\/wp.me\/pgitne-xf","jetpack-related-posts":[{"id":6987,"url":"https:\/\/diariodegarca.com\/?p=6987","url_meta":{"origin":2061,"position":0},"title":"A\u00e7\u00f5es da PM resultam em quatro pris\u00f5es em cidades da regi\u00e3o em tr\u00eas dias","author":"Di\u00e1rio de Gar\u00e7a","date":"21 de setembro de 2025","format":false,"excerpt":"Opera\u00e7\u00f5es de rotina e atendimento a den\u00fancias levaram \u00e0 captura de procurados por crimes como furto, estelionato e tr\u00e1fico de drogas; todos foram encaminhados \u00e0 pol\u00edcia judici\u00e1ria. Em uma s\u00e9rie de opera\u00e7\u00f5es realizadas entre quinta-feira, 18, e s\u00e1bado, 20 de setembro, policiais militares do 9\u00ba Batalh\u00e3o cumpriram mandados de pris\u00e3o\u2026","rel":"","context":"Em &quot;Iacri&quot;","block_context":{"text":"Iacri","link":"https:\/\/diariodegarca.com\/?cat=71537226"},"img":{"alt_text":"","src":"https:\/\/i0.wp.com\/diariodegarca.com\/wp-content\/uploads\/2025\/09\/SnapInsta.to_551970903_18316317214246526_1097097420418584703_n.webp?fit=1200%2C1200&ssl=1&resize=350%2C200","width":350,"height":200,"srcset":"https:\/\/i0.wp.com\/diariodegarca.com\/wp-content\/uploads\/2025\/09\/SnapInsta.to_551970903_18316317214246526_1097097420418584703_n.webp?fit=1200%2C1200&ssl=1&resize=350%2C200 1x, https:\/\/i0.wp.com\/diariodegarca.com\/wp-content\/uploads\/2025\/09\/SnapInsta.to_551970903_18316317214246526_1097097420418584703_n.webp?fit=1200%2C1200&ssl=1&resize=525%2C300 1.5x, https:\/\/i0.wp.com\/diariodegarca.com\/wp-content\/uploads\/2025\/09\/SnapInsta.to_551970903_18316317214246526_1097097420418584703_n.webp?fit=1200%2C1200&ssl=1&resize=700%2C400 2x, https:\/\/i0.wp.com\/diariodegarca.com\/wp-content\/uploads\/2025\/09\/SnapInsta.to_551970903_18316317214246526_1097097420418584703_n.webp?fit=1200%2C1200&ssl=1&resize=1050%2C600 3x"},"classes":[]},{"id":4816,"url":"https:\/\/diariodegarca.com\/?p=4816","url_meta":{"origin":2061,"position":1},"title":"Mar\u00edlia, Tup\u00e3 e G\u00e1lia: PM prende suspeitos de tr\u00e1fico e recaptura foragido em opera\u00e7\u00f5es\u00a0","author":"Di\u00e1rio de Gar\u00e7a","date":"18 de julho de 2025","format":false,"excerpt":"A\u00e7\u00f5es do 9\u00ba BPM resultaram em apreens\u00e3o de drogas, dinheiro e materiais usados no com\u00e9rcio ilegal; veja detalhes das ocorr\u00eancias. Na noite de quinta-feira, dia 17 de julho, e madrugada de sexta, dia 18 de julho, policiais militares do 9\u00ba Batalh\u00e3o do Interior intensificaram opera\u00e7\u00f5es contra o tr\u00e1fico de drogas\u2026","rel":"","context":"Em &quot;G\u00e1lia&quot;","block_context":{"text":"G\u00e1lia","link":"https:\/\/diariodegarca.com\/?cat=1600904"},"img":{"alt_text":"","src":"","width":0,"height":0},"classes":[]},{"id":6158,"url":"https:\/\/diariodegarca.com\/?p=6158","url_meta":{"origin":2061,"position":2},"title":"Dois procurados da Justi\u00e7a s\u00e3o capturados em cidades distintas em menos de tr\u00eas horas","author":"Di\u00e1rio de Gar\u00e7a","date":"28 de agosto de 2025","format":false,"excerpt":"A\u00e7\u00f5es independentes da PM em G\u00e1lia e Pomp\u00e9ia, na segunda-feira, resultaram na recaptura de dois homens com mandados de pris\u00e3o em aberto. Um deles era investigado por tr\u00e1fico de drogas. Em uma noite de opera\u00e7\u00f5es de rotina, agentes do 9\u00ba Batalh\u00e3o do Interior de S\u00e3o Paulo conseguiram a recaptura de\u2026","rel":"","context":"Em &quot;G\u00e1lia&quot;","block_context":{"text":"G\u00e1lia","link":"https:\/\/diariodegarca.com\/?cat=1600904"},"img":{"alt_text":"","src":"https:\/\/i0.wp.com\/diariodegarca.com\/wp-content\/uploads\/2025\/08\/snapinsta.to_537054804_18313669852246526_6756489479500565260_n.webp?fit=1080%2C1080&ssl=1&resize=350%2C200","width":350,"height":200,"srcset":"https:\/\/i0.wp.com\/diariodegarca.com\/wp-content\/uploads\/2025\/08\/snapinsta.to_537054804_18313669852246526_6756489479500565260_n.webp?fit=1080%2C1080&ssl=1&resize=350%2C200 1x, https:\/\/i0.wp.com\/diariodegarca.com\/wp-content\/uploads\/2025\/08\/snapinsta.to_537054804_18313669852246526_6756489479500565260_n.webp?fit=1080%2C1080&ssl=1&resize=525%2C300 1.5x, https:\/\/i0.wp.com\/diariodegarca.com\/wp-content\/uploads\/2025\/08\/snapinsta.to_537054804_18313669852246526_6756489479500565260_n.webp?fit=1080%2C1080&ssl=1&resize=700%2C400 2x, https:\/\/i0.wp.com\/diariodegarca.com\/wp-content\/uploads\/2025\/08\/snapinsta.to_537054804_18313669852246526_6756489479500565260_n.webp?fit=1080%2C1080&ssl=1&resize=1050%2C600 3x"},"classes":[]},{"id":3451,"url":"https:\/\/diariodegarca.com\/?p=3451","url_meta":{"origin":2061,"position":3},"title":"Pol\u00edcia Militar recaptura foragido do sistema prisional em Gar\u00e7a","author":"Di\u00e1rio de Gar\u00e7a","date":"26 de maio de 2025","format":false,"excerpt":"Homem que havia fugido do Centro de Ressocializa\u00e7\u00e3o de Mar\u00edlia foi localizado em via p\u00fablica; recaptura ocorreu durante patrulhamento de rotina. Na madrugada deste domingo, 25 de maio, a Pol\u00edcia Militar recapturou um homem foragido do Centro de Ressocializa\u00e7\u00e3o de Mar\u00edlia. O indiv\u00edduo, que havia deixado a unidade prisional no\u2026","rel":"","context":"Em &quot;Gar\u00e7a&quot;","block_context":{"text":"Gar\u00e7a","link":"https:\/\/diariodegarca.com\/?cat=781171664"},"img":{"alt_text":"","src":"https:\/\/i0.wp.com\/diariodegarca.com\/wp-content\/uploads\/2025\/05\/500084858_18302219050246526_4028368060180630968_n-e1760650460275.webp?fit=1080%2C704&ssl=1&resize=350%2C200","width":350,"height":200,"srcset":"https:\/\/i0.wp.com\/diariodegarca.com\/wp-content\/uploads\/2025\/05\/500084858_18302219050246526_4028368060180630968_n-e1760650460275.webp?fit=1080%2C704&ssl=1&resize=350%2C200 1x, https:\/\/i0.wp.com\/diariodegarca.com\/wp-content\/uploads\/2025\/05\/500084858_18302219050246526_4028368060180630968_n-e1760650460275.webp?fit=1080%2C704&ssl=1&resize=525%2C300 1.5x, https:\/\/i0.wp.com\/diariodegarca.com\/wp-content\/uploads\/2025\/05\/500084858_18302219050246526_4028368060180630968_n-e1760650460275.webp?fit=1080%2C704&ssl=1&resize=700%2C400 2x, https:\/\/i0.wp.com\/diariodegarca.com\/wp-content\/uploads\/2025\/05\/500084858_18302219050246526_4028368060180630968_n-e1760650460275.webp?fit=1080%2C704&ssl=1&resize=1050%2C600 3x"},"classes":[]},{"id":8187,"url":"https:\/\/diariodegarca.com\/?p=8187","url_meta":{"origin":2061,"position":4},"title":"Foragido da Penitenci\u00e1ria de \u00c1lvaro de Carvalho \u00e9 recapturado pela Pol\u00edcia Militar","author":"Andreza Sega","date":"29 de outubro de 2025","format":false,"excerpt":"Homem de 45 anos, que estava no regime fechado desde 2011, foi localizado durante patrulhamento na zona rural do munic\u00edpio. Um preso foragido do sistema prisional de \u00c1lvaro de Carvalho foi recapturado na manh\u00e3 de ter\u00e7a-feira, 28 de outubro de 2025. A a\u00e7\u00e3o foi realizada pela 4\u00aa Companhia da Pol\u00edcia\u2026","rel":"","context":"Em &quot;\u00c1lvaro de Carvalho&quot;","block_context":{"text":"\u00c1lvaro de Carvalho","link":"https:\/\/diariodegarca.com\/?cat=29815376"},"img":{"alt_text":"","src":"https:\/\/i0.wp.com\/diariodegarca.com\/wp-content\/uploads\/2025\/09\/SnapInsta.to_553032039_18317046430246526_2415893925996311691_n-e1762784179548.webp?fit=1200%2C832&ssl=1&resize=350%2C200","width":350,"height":200,"srcset":"https:\/\/i0.wp.com\/diariodegarca.com\/wp-content\/uploads\/2025\/09\/SnapInsta.to_553032039_18317046430246526_2415893925996311691_n-e1762784179548.webp?fit=1200%2C832&ssl=1&resize=350%2C200 1x, https:\/\/i0.wp.com\/diariodegarca.com\/wp-content\/uploads\/2025\/09\/SnapInsta.to_553032039_18317046430246526_2415893925996311691_n-e1762784179548.webp?fit=1200%2C832&ssl=1&resize=525%2C300 1.5x, https:\/\/i0.wp.com\/diariodegarca.com\/wp-content\/uploads\/2025\/09\/SnapInsta.to_553032039_18317046430246526_2415893925996311691_n-e1762784179548.webp?fit=1200%2C832&ssl=1&resize=700%2C400 2x, https:\/\/i0.wp.com\/diariodegarca.com\/wp-content\/uploads\/2025\/09\/SnapInsta.to_553032039_18317046430246526_2415893925996311691_n-e1762784179548.webp?fit=1200%2C832&ssl=1&resize=1050%2C600 3x"},"classes":[]},{"id":5460,"url":"https:\/\/diariodegarca.com\/?p=5460","url_meta":{"origin":2061,"position":5},"title":"Pol\u00edcia Militar prende quatro procurados pela Justi\u00e7a em Tup\u00e3 e Mar\u00edlia","author":"Di\u00e1rio de Gar\u00e7a","date":"9 de agosto de 2025","format":false,"excerpt":"Dois homens foram capturados em Tup\u00e3 e outros dois em Mar\u00edlia, com mandados por tr\u00e1fico, estelionato e furto. Na noite de sexta-feira, 8 de agosto, equipes do 9\u00ba Batalh\u00e3o de Pol\u00edcia Militar do Interior prenderam quatro homens com mandados judiciais em Tup\u00e3 e Mar\u00edlia. As a\u00e7\u00f5es fazem parte de opera\u00e7\u00f5es\u2026","rel":"","context":"Em &quot;Mar\u00edlia&quot;","block_context":{"text":"Mar\u00edlia","link":"https:\/\/diariodegarca.com\/?cat=683453294"},"img":{"alt_text":"","src":"https:\/\/i0.wp.com\/diariodegarca.com\/wp-content\/uploads\/2025\/08\/na-sexta-feira-08-equipes-do-9o-batalhao-de-policia-militar-do-interior-realizaram-a-captura.webp?fit=1080%2C810&ssl=1&resize=350%2C200","width":350,"height":200,"srcset":"https:\/\/i0.wp.com\/diariodegarca.com\/wp-content\/uploads\/2025\/08\/na-sexta-feira-08-equipes-do-9o-batalhao-de-policia-militar-do-interior-realizaram-a-captura.webp?fit=1080%2C810&ssl=1&resize=350%2C200 1x, https:\/\/i0.wp.com\/diariodegarca.com\/wp-content\/uploads\/2025\/08\/na-sexta-feira-08-equipes-do-9o-batalhao-de-policia-militar-do-interior-realizaram-a-captura.webp?fit=1080%2C810&ssl=1&resize=525%2C300 1.5x, https:\/\/i0.wp.com\/diariodegarca.com\/wp-content\/uploads\/2025\/08\/na-sexta-feira-08-equipes-do-9o-batalhao-de-policia-militar-do-interior-realizaram-a-captura.webp?fit=1080%2C810&ssl=1&resize=700%2C400 2x, https:\/\/i0.wp.com\/diariodegarca.com\/wp-content\/uploads\/2025\/08\/na-sexta-feira-08-equipes-do-9o-batalhao-de-policia-militar-do-interior-realizaram-a-captura.webp?fit=1080%2C810&ssl=1&resize=1050%2C600 3x"},"classes":[]}],"_links":{"self":[{"href":"https:\/\/diariodegarca.com\/index.php?rest_route=\/wp\/v2\/posts\/2061","targetHints":{"allow":["GET"]}}],"collection":[{"href":"https:\/\/diariodegarca.com\/index.php?rest_route=\/wp\/v2\/posts"}],"about":[{"href":"https:\/\/diariodegarca.com\/index.php?rest_route=\/wp\/v2\/types\/post"}],"author":[{"embeddable":true,"href":"https:\/\/diariodegarca.com\/index.php?rest_route=\/wp\/v2\/users\/260896546"}],"replies":[{"embeddable":true,"href":"https:\/\/diariodegarca.com\/index.php?rest_route=%2Fwp%2Fv2%2Fcomments&post=2061"}],"version-history":[{"count":1,"href":"https:\/\/diariodegarca.com\/index.php?rest_route=\/wp\/v2\/posts\/2061\/revisions"}],"predecessor-version":[{"id":3054,"href":"https:\/\/diariodegarca.com\/index.php?rest_route=\/wp\/v2\/posts\/2061\/revisions\/3054"}],"wp:featuredmedia":[{"embeddable":true,"href":"https:\/\/diariodegarca.com\/index.php?rest_route=\/wp\/v2\/media\/3056"}],"wp:attachment":[{"href":"https:\/\/diariodegarca.com\/index.php?rest_route=%2Fwp%2Fv2%2Fmedia&parent=2061"}],"wp:term":[{"taxonomy":"category","embeddable":true,"href":"https:\/\/diariodegarca.com\/index.php?rest_route=%2Fwp%2Fv2%2Fcategories&post=2061"},{"taxonomy":"post_tag","embeddable":true,"href":"https:\/\/diariodegarca.com\/index.php?rest_route=%2Fwp%2Fv2%2Ftags&post=2061"}],"curies":[{"name":"wp","href":"https:\/\/api.w.org\/{rel}","templated":true}]}}