{"id":2062,"date":"2025-05-18T13:15:00","date_gmt":"2025-05-18T13:15:00","guid":{"rendered":"https:\/\/diariodegarca.com\/2025\/05\/18\/inpi-oferece-curso-gratuito-sobre-propriedade-intelectual\/"},"modified":"2025-05-18T13:15:00","modified_gmt":"2025-05-18T13:15:00","slug":"inpi-oferece-curso-gratuito-sobre-propriedade-intelectual","status":"publish","type":"post","link":"https:\/\/diariodegarca.com\/?p=2062","title":{"rendered":"INPI oferece curso gratuito sobre propriedade intelectual"},"content":{"rendered":"<p>\u00a0<\/p>\n<div class=\"separator\" style=\"clear: both;text-align: center\"><a href=\"https:\/\/i0.wp.com\/blogger.googleusercontent.com\/img\/b\/R29vZ2xl\/AVvXsEiMzTizHmWVh3dAsbfZ7fk8O3Fwg9G9Z1pdfcP8jRuOchFfN0caj5FsRbqoz_WeZBgcg3Rxnkca4HlB68o6tC46bIIDpLRWflwQnRyDuuKga5QS3TxNdTSCrj_UjRVPYeFNHNVlilBzDN5mSBXQ4IH4O1ZLwuGEzjujm9vr8m7hF673lNmUkXCcXVfDOJE\/s6789\/interior-designer-working-decoration-project.jpg?ssl=1\" style=\"margin-left: 1em;margin-right: 1em\"><img data-recalc-dims=\"1\" loading=\"lazy\" decoding=\"async\" border=\"0\" height=\"266\" src=\"https:\/\/i0.wp.com\/blogger.googleusercontent.com\/img\/b\/R29vZ2xl\/AVvXsEiMzTizHmWVh3dAsbfZ7fk8O3Fwg9G9Z1pdfcP8jRuOchFfN0caj5FsRbqoz_WeZBgcg3Rxnkca4HlB68o6tC46bIIDpLRWflwQnRyDuuKga5QS3TxNdTSCrj_UjRVPYeFNHNVlilBzDN5mSBXQ4IH4O1ZLwuGEzjujm9vr8m7hF673lNmUkXCcXVfDOJE\/w400-h266\/interior-designer-working-decoration-project.jpg?resize=400%2C266&#038;ssl=1\" width=\"400\" \/><\/a><\/div>\n<p><\/p>\n<p class=\"ds-markdown-paragraph\">O\u00a0<strong>Instituto Federal Sul de Minas (IFSULDEMINAS)<\/strong>, em parceria com o\u00a0<strong>Instituto Nacional da Propriedade Industrial (INPI)<\/strong>, est\u00e1 oferecendo um curso\u00a0<strong>100% online e gratuito<\/strong>\u00a0sobre propriedade intelectual. Com foco em\u00a0<strong>marcas, desenho industrial e indica\u00e7\u00f5es geogr\u00e1ficas<\/strong>, a capacita\u00e7\u00e3o \u00e9 uma oportunidade para empreendedores, criadores e profissionais entenderem como proteger suas ideias e inova\u00e7\u00f5es no mercado.<\/p>\n<hr \/>\n<h3><strong>Conte\u00fado program\u00e1tico<\/strong><\/h3>\n<p class=\"ds-markdown-paragraph\">O curso, que ocorre entre\u00a0<strong>27 de maio e 10 de junho<\/strong>, ter\u00e1 os seguintes m\u00f3dulos:<\/p>\n<h4><strong>\ud83d\udcc5 27\/05 \u2013 Indica\u00e7\u00e3o Geogr\u00e1fica<\/strong><\/h4>\n<ul>\n<li>\n<p class=\"ds-markdown-paragraph\" style=\"font-size: 16.002px;line-height: 28.575px;margin-bottom: 0px !important;margin-left: 0px;margin-right: 0px;margin-top: 0px\">Conceito e esp\u00e9cies<\/p>\n<\/li>\n<li style=\"margin-top: 4px\">\n<p class=\"ds-markdown-paragraph\" style=\"font-size: 16.002px;line-height: 28.575px;margin-bottom: 0px !important;margin-left: 0px;margin-right: 0px;margin-top: 0px\">Normas aplic\u00e1veis: legisla\u00e7\u00e3o, instru\u00e7\u00f5es normativas e manual de IG<\/p>\n<\/li>\n<li style=\"margin-top: 4px\">\n<p class=\"ds-markdown-paragraph\" style=\"font-size: 16.002px;line-height: 28.575px;margin-bottom: 0px !important;margin-left: 0px;margin-right: 0px;margin-top: 0px\">O que pode e o que n\u00e3o pode ser registrado<\/p>\n<\/li>\n<li style=\"margin-top: 4px\">\n<p class=\"ds-markdown-paragraph\" style=\"font-size: 16.002px;line-height: 28.575px;margin-bottom: 0px !important;margin-left: 0px;margin-right: 0px;margin-top: 0px\">Quem pode usar a Indica\u00e7\u00e3o Geogr\u00e1fica<\/p>\n<\/li>\n<li style=\"margin-top: 4px\">\n<p class=\"ds-markdown-paragraph\" style=\"font-size: 16.002px;line-height: 28.575px;margin-bottom: 0px !important;margin-left: 0px;margin-right: 0px;margin-top: 0px\">Documenta\u00e7\u00e3o necess\u00e1ria para registro<\/p>\n<\/li>\n<li style=\"margin-top: 4px\">\n<p class=\"ds-markdown-paragraph\" style=\"font-size: 16.002px;line-height: 28.575px;margin-bottom: 0px !important;margin-left: 0px;margin-right: 0px;margin-top: 0px\">Fluxo do pedido<\/p>\n<\/li>\n<li style=\"margin-top: 4px\">\n<p class=\"ds-markdown-paragraph\" style=\"font-size: 16.002px;line-height: 28.575px;margin-bottom: 0px !important;margin-left: 0px;margin-right: 0px;margin-top: 0px\">Custos e informa\u00e7\u00f5es gerais<\/p>\n<\/li>\n<li style=\"margin-top: 4px\">\n<p class=\"ds-markdown-paragraph\" style=\"font-size: 16.002px;line-height: 28.575px;margin-bottom: 0px !important;margin-left: 0px;margin-right: 0px;margin-top: 0px\">Potenciais impactos econ\u00f4micos<\/p>\n<\/li>\n<li style=\"margin-top: 4px\">\n<p class=\"ds-markdown-paragraph\" style=\"font-size: 16.002px;line-height: 28.575px;margin-bottom: 0px !important;margin-left: 0px;margin-right: 0px;margin-top: 0px\">Base de dados de IG<\/p>\n<\/li>\n<li style=\"margin-top: 4px\">\n<p class=\"ds-markdown-paragraph\" style=\"font-size: 16.002px;line-height: 28.575px;margin-bottom: 0px !important;margin-left: 0px;margin-right: 0px;margin-top: 0px\">Peticionamento eletr\u00f4nico<\/p>\n<\/li>\n<\/ul>\n<h4><strong>\ud83d\udcc5 29\/05 \u2013 Marca Parte I: Protocolo de Madri<\/strong><\/h4>\n<ul>\n<li>\n<p class=\"ds-markdown-paragraph\" style=\"font-size: 16.002px;line-height: 28.575px;margin-bottom: 0px !important;margin-left: 0px;margin-right: 0px;margin-top: 0px\">Introdu\u00e7\u00e3o ao Protocolo de Madri<\/p>\n<\/li>\n<li style=\"margin-top: 4px\">\n<p class=\"ds-markdown-paragraph\" style=\"font-size: 16.002px;line-height: 28.575px;margin-bottom: 0px !important;margin-left: 0px;margin-right: 0px;margin-top: 0px\">Escrit\u00f3rio de Origem x Escrit\u00f3rio Designado<\/p>\n<\/li>\n<li style=\"margin-top: 4px\">\n<p class=\"ds-markdown-paragraph\" style=\"font-size: 16.002px;line-height: 28.575px;margin-bottom: 0px !important;margin-left: 0px;margin-right: 0px;margin-top: 0px\">Fases processuais do Registro Internacional de Marcas<\/p>\n<\/li>\n<li style=\"margin-top: 4px\">\n<p class=\"ds-markdown-paragraph\" style=\"font-size: 16.002px;line-height: 28.575px;margin-bottom: 0px !important;margin-left: 0px;margin-right: 0px;margin-top: 0px\">Ferramentas eletr\u00f4nicas<\/p>\n<\/li>\n<li style=\"margin-top: 4px\">\n<p class=\"ds-markdown-paragraph\" style=\"font-size: 16.002px;line-height: 28.575px;margin-bottom: 0px !important;margin-left: 0px;margin-right: 0px;margin-top: 0px\">Altera\u00e7\u00f5es na Inscri\u00e7\u00e3o Internacional<\/p>\n<\/li>\n<li style=\"margin-top: 4px\">\n<p class=\"ds-markdown-paragraph\" style=\"font-size: 16.002px;line-height: 28.575px;margin-bottom: 0px !important;margin-left: 0px;margin-right: 0px;margin-top: 0px\">Taxas e pagamento<\/p>\n<\/li>\n<li style=\"margin-top: 4px\">\n<p class=\"ds-markdown-paragraph\" style=\"font-size: 16.002px;line-height: 28.575px;margin-bottom: 0px !important;margin-left: 0px;margin-right: 0px;margin-top: 0px\">Dep\u00f3sito do Formul\u00e1rio MM2<\/p>\n<\/li>\n<\/ul>\n<h4><strong>\ud83d\udcc5 03\/06 \u2013 Marca Parte II: Conceitos<\/strong><\/h4>\n<ul>\n<li>\n<p class=\"ds-markdown-paragraph\" style=\"font-size: 16.002px;line-height: 28.575px;margin-bottom: 0px !important;margin-left: 0px;margin-right: 0px;margin-top: 0px\">Fun\u00e7\u00e3o, conceito e registrabilidade<\/p>\n<\/li>\n<li style=\"margin-top: 4px\">\n<p class=\"ds-markdown-paragraph\" style=\"font-size: 16.002px;line-height: 28.575px;margin-bottom: 0px !important;margin-left: 0px;margin-right: 0px;margin-top: 0px\">Natureza e apresenta\u00e7\u00e3o<\/p>\n<\/li>\n<li style=\"margin-top: 4px\">\n<p class=\"ds-markdown-paragraph\" style=\"font-size: 16.002px;line-height: 28.575px;margin-bottom: 0px !important;margin-left: 0px;margin-right: 0px;margin-top: 0px\">Normas e princ\u00edpios aplic\u00e1veis<\/p>\n<\/li>\n<li style=\"margin-top: 4px\">\n<p class=\"ds-markdown-paragraph\" style=\"font-size: 16.002px;line-height: 28.575px;margin-bottom: 0px !important;margin-left: 0px;margin-right: 0px;margin-top: 0px\">Sinais n\u00e3o registr\u00e1veis (proibi\u00e7\u00f5es mais relevantes)<\/p>\n<\/li>\n<li style=\"margin-top: 4px\">\n<p class=\"ds-markdown-paragraph\" style=\"font-size: 16.002px;line-height: 28.575px;margin-bottom: 0px !important;margin-left: 0px;margin-right: 0px;margin-top: 0px\">Risco de confus\u00e3o e sua an\u00e1lise<\/p>\n<\/li>\n<\/ul>\n<h4><strong>\ud83d\udcc5 05\/06 \u2013 Marca Parte III: O registro e a prote\u00e7\u00e3o no INPI<\/strong><\/h4>\n<ul>\n<li>\n<p class=\"ds-markdown-paragraph\" style=\"font-size: 16.002px;line-height: 28.575px;margin-bottom: 0px !important;margin-left: 0px;margin-right: 0px;margin-top: 0px\">Classifica\u00e7\u00e3o de Nice<\/p>\n<\/li>\n<li style=\"margin-top: 4px\">\n<p class=\"ds-markdown-paragraph\" style=\"font-size: 16.002px;line-height: 28.575px;margin-bottom: 0px !important;margin-left: 0px;margin-right: 0px;margin-top: 0px\">An\u00e1lise de afinidade mercadol\u00f3gica<\/p>\n<\/li>\n<li style=\"margin-top: 4px\">\n<p class=\"ds-markdown-paragraph\" style=\"font-size: 16.002px;line-height: 28.575px;margin-bottom: 0px !important;margin-left: 0px;margin-right: 0px;margin-top: 0px\">Fluxograma do pedido de registro de marca<\/p>\n<\/li>\n<li style=\"margin-top: 4px\">\n<p class=\"ds-markdown-paragraph\" style=\"font-size: 16.002px;line-height: 28.575px;margin-bottom: 0px !important;margin-left: 0px;margin-right: 0px;margin-top: 0px\">Manuten\u00e7\u00e3o ou perda dos direitos<\/p>\n<\/li>\n<li style=\"margin-top: 4px\">\n<p class=\"ds-markdown-paragraph\" style=\"font-size: 16.002px;line-height: 28.575px;margin-bottom: 0px !important;margin-left: 0px;margin-right: 0px;margin-top: 0px\">Custos do registro de marca<\/p>\n<\/li>\n<li style=\"margin-top: 4px\">\n<p class=\"ds-markdown-paragraph\" style=\"font-size: 16.002px;line-height: 28.575px;margin-bottom: 0px !important;margin-left: 0px;margin-right: 0px;margin-top: 0px\">O pedido de registro na pr\u00e1tica<\/p>\n<\/li>\n<li style=\"margin-top: 4px\">\n<p class=\"ds-markdown-paragraph\" style=\"font-size: 16.002px;line-height: 28.575px;margin-bottom: 0px !important;margin-left: 0px;margin-right: 0px;margin-top: 0px\">Acompanhamento do pedido\/registro<\/p>\n<\/li>\n<\/ul>\n<h4><strong>\ud83d\udcc5 10\/06 \u2013 Desenho Industrial<\/strong><\/h4>\n<ul>\n<li>\n<p class=\"ds-markdown-paragraph\" style=\"font-size: 16.002px;line-height: 28.575px;margin-bottom: 0px !important;margin-left: 0px;margin-right: 0px;margin-top: 0px\">Disposi\u00e7\u00f5es gerais<\/p>\n<\/li>\n<li style=\"margin-top: 4px\">\n<p class=\"ds-markdown-paragraph\" style=\"font-size: 16.002px;line-height: 28.575px;margin-bottom: 0px !important;margin-left: 0px;margin-right: 0px;margin-top: 0px\">O que \u00e9 considerado Desenho Industrial<\/p>\n<\/li>\n<li style=\"margin-top: 4px\">\n<p class=\"ds-markdown-paragraph\" style=\"font-size: 16.002px;line-height: 28.575px;margin-bottom: 0px !important;margin-left: 0px;margin-right: 0px;margin-top: 0px\">O pedido de registro<\/p>\n<\/li>\n<li style=\"margin-top: 4px\">\n<p class=\"ds-markdown-paragraph\" style=\"font-size: 16.002px;line-height: 28.575px;margin-bottom: 0px !important;margin-left: 0px;margin-right: 0px;margin-top: 0px\">Concess\u00e3o, manuten\u00e7\u00e3o e extin\u00e7\u00e3o do registro<\/p>\n<\/li>\n<li style=\"margin-top: 4px\">\n<p class=\"ds-markdown-paragraph\" style=\"font-size: 16.002px;line-height: 28.575px;margin-bottom: 0px !important;margin-left: 0px;margin-right: 0px;margin-top: 0px\">Acordo de Haia<\/p>\n<\/li>\n<li style=\"margin-top: 4px\">\n<p class=\"ds-markdown-paragraph\" style=\"font-size: 16.002px;line-height: 28.575px;margin-bottom: 0px !important;margin-left: 0px;margin-right: 0px;margin-top: 0px\">Acompanhamento do pedido\/registro<\/p>\n<\/li>\n<\/ul>\n<hr \/>\n<h3><strong>Informa\u00e7\u00f5es gerais e inscri\u00e7\u00f5es<\/strong><\/h3>\n<p class=\"ds-markdown-paragraph\">A propriedade intelectual \u00e9 um diferencial competitivo para neg\u00f3cios e projetos criativos. Com aulas ministradas por especialistas do\u00a0<strong>INPI<\/strong>, os participantes aprender\u00e3o desde os conceitos b\u00e1sicos at\u00e9 os tr\u00e2mites legais para proteger suas marcas e inova\u00e7\u00f5es.<\/p>\n<p class=\"ds-markdown-paragraph\"><span style=\"font-size: 16.002px\">As aulas acontecer\u00e3o de\u00a0<\/span><strong style=\"font-size: 16.002px\">27 de maio a 10 de junho<\/strong><span style=\"font-size: 16.002px\">, sempre \u00e0s<\/span><span style=\"font-size: 16.002px\">\u00a0<\/span><strong style=\"font-size: 16.002px\">ter\u00e7as e quintas<\/strong><span style=\"font-size: 16.002px\">, das<\/span><span style=\"font-size: 16.002px\">\u00a0<\/span><strong style=\"font-size: 16.002px\">14h30 \u00e0s 16h30<\/strong><span style=\"font-size: 16.002px\">, em formato<\/span><span style=\"font-size: 16.002px\">\u00a0<\/span><strong style=\"font-size: 16.002px\">100% online com transmiss\u00e3o ao vivo<\/strong><span style=\"font-size: 16.002px\">. Com carga hor\u00e1ria total de<\/span><span style=\"font-size: 16.002px\">\u00a0<\/span><strong style=\"font-size: 16.002px\">10 horas<\/strong><span style=\"font-size: 16.002px\">, o curso emitir\u00e1<\/span><span style=\"font-size: 16.002px\">\u00a0<\/span><strong style=\"font-size: 16.002px\">certificado de conclus\u00e3o pelo INPI<\/strong><span style=\"font-size: 16.002px\">\u00a0<\/span><span style=\"font-size: 16.002px\">para todos os participantes.<\/span><\/p>\n<p class=\"ds-markdown-paragraph\"><strong>Inscri\u00e7\u00f5es:<\/strong><br \/>Vagas limitadas! Garanta sua participa\u00e7\u00e3o atrav\u00e9s do link:<\/p>\n<p class=\"ds-markdown-paragraph\"><span style=\"font-size: 16.002px\">\ud83d\udd17<\/span><span style=\"font-size: 16.002px\">\u00a0<\/span><strong style=\"font-size: 16.002px\"><a href=\"https:\/\/academiavirtual.inpi.gov.br\/\" rel=\"noreferrer\" style=\"border-color: rgba(255, 255, 255, 0);border-radius: 6.858px;border-style: solid;border-width: 2px 3px;color: #3b82f6;margin-left: -3px;margin-right: -3px;position: relative\" target=\"_blank\">https:\/\/academiavirtual.inpi.gov.br<\/a><\/strong><\/p>\n","protected":false},"excerpt":{"rendered":"<p>\u00a0 O\u00a0Instituto Federal Sul de Minas (IFSULDEMINAS), em parceria com o\u00a0Instituto Nacional da Propriedade Industrial (INPI), est\u00e1 oferecendo um curso\u00a0100% online e gratuito\u00a0sobre propriedade intelectual. Com foco em\u00a0marcas, desenho industrial e indica\u00e7\u00f5es geogr\u00e1ficas, a capacita\u00e7\u00e3o \u00e9 uma oportunidade para empreendedores, criadores e profissionais entenderem como proteger suas ideias e inova\u00e7\u00f5es no mercado. Conte\u00fado program\u00e1tico O [&hellip;]<\/p>\n","protected":false},"author":260896546,"featured_media":0,"comment_status":"open","ping_status":"open","sticky":false,"template":"","format":"standard","meta":{"_crdt_document":"","_monsterinsights_skip_tracking":false,"_monsterinsights_sitenote_active":false,"_monsterinsights_sitenote_note":"","_monsterinsights_sitenote_category":0,"advanced_seo_description":"","jetpack_seo_html_title":"","jetpack_seo_noindex":false,"_jetpack_newsletter_access":"","_jetpack_dont_email_post_to_subs":false,"_jetpack_newsletter_tier_id":0,"_jetpack_memberships_contains_paywalled_content":false,"_jetpack_memberships_contains_paid_content":false,"footnotes":"","jetpack_publicize_message":"","jetpack_publicize_feature_enabled":true,"jetpack_social_post_already_shared":false,"jetpack_social_options":{"image_generator_settings":{"template":"fullscreen","default_image_id":0,"font":"","enabled":false},"version":2},"_wpas_customize_per_network":false,"jetpack_post_was_ever_published":false},"categories":[38185],"tags":[781171800],"class_list":["post-2062","post","type-post","status-publish","format-standard","hentry","category-brasil","tag-curso"],"jetpack_publicize_connections":[],"jetpack_featured_media_url":"","jetpack_likes_enabled":true,"jetpack_sharing_enabled":true,"jetpack_shortlink":"https:\/\/wp.me\/pgitne-xg","jetpack-related-posts":[{"id":3668,"url":"https:\/\/diariodegarca.com\/?p=3668","url_meta":{"origin":2062,"position":0},"title":"Pesquisadoras do Butantan desenvolvem pomada cicatrizante a partir de fungo da Caatinga","author":"Di\u00e1rio de Gar\u00e7a","date":"4 de junho de 2025","format":false,"excerpt":"Composto extra\u00eddo do fungo Exserohilum rostratum demonstra potencial para regenera\u00e7\u00e3o celular e redu\u00e7\u00e3o de queloides Um avan\u00e7o cient\u00edfico brasileiro pode revolucionar o tratamento de feridas e queimaduras. Pesquisadoras do Instituto Butantan desenvolveram uma pomada cicatrizante com base em um composto produzido pelo fungo\u00a0Exserohilum rostratum, encontrado na vegeta\u00e7\u00e3o da Caatinga. A\u2026","rel":"","context":"Em &quot;Brasil&quot;","block_context":{"text":"Brasil","link":"https:\/\/diariodegarca.com\/?cat=38185"},"img":{"alt_text":"","src":"","width":0,"height":0},"classes":[]},{"id":5147,"url":"https:\/\/diariodegarca.com\/?p=5147","url_meta":{"origin":2062,"position":1},"title":"Escorpi\u00f5es lideram acidentes com animais pe\u00e7onhentos no Brasil; Butantan lan\u00e7a curso gratuito para preven\u00e7\u00e3o","author":"Di\u00e1rio de Gar\u00e7a","date":"29 de julho de 2025","format":false,"excerpt":"Com casos em ascens\u00e3o, principalmente no Sudeste e Nordeste, especialista do Instituto Butantan oferece capacita\u00e7\u00e3o online sobre biologia, preven\u00e7\u00e3o e manejo desses aracn\u00eddeos. Desde meados dos anos 2000, os escorpi\u00f5es s\u00e3o os respons\u00e1veis pelo maior n\u00famero de acidentes envolvendo animais pe\u00e7onhentos no Brasil. Os registros n\u00e3o param de crescer, especialmente\u2026","rel":"","context":"Em &quot;Brasil&quot;","block_context":{"text":"Brasil","link":"https:\/\/diariodegarca.com\/?cat=38185"},"img":{"alt_text":"","src":"https:\/\/i0.wp.com\/diariodegarca.com\/wp-content\/uploads\/2025\/07\/f09fa682-voce-sabia-que-os-escorpioes-sao-os-responsaveis-pelo-maior-numero-de-acidentes-por-animais-p.jpg?fit=960%2C1200&ssl=1&resize=350%2C200","width":350,"height":200,"srcset":"https:\/\/i0.wp.com\/diariodegarca.com\/wp-content\/uploads\/2025\/07\/f09fa682-voce-sabia-que-os-escorpioes-sao-os-responsaveis-pelo-maior-numero-de-acidentes-por-animais-p.jpg?fit=960%2C1200&ssl=1&resize=350%2C200 1x, https:\/\/i0.wp.com\/diariodegarca.com\/wp-content\/uploads\/2025\/07\/f09fa682-voce-sabia-que-os-escorpioes-sao-os-responsaveis-pelo-maior-numero-de-acidentes-por-animais-p.jpg?fit=960%2C1200&ssl=1&resize=525%2C300 1.5x, https:\/\/i0.wp.com\/diariodegarca.com\/wp-content\/uploads\/2025\/07\/f09fa682-voce-sabia-que-os-escorpioes-sao-os-responsaveis-pelo-maior-numero-de-acidentes-por-animais-p.jpg?fit=960%2C1200&ssl=1&resize=700%2C400 2x"},"classes":[]},{"id":2689,"url":"https:\/\/diariodegarca.com\/?p=2689","url_meta":{"origin":2062,"position":2},"title":"Fiocruz oferece curso online e gratuito sobre leptospirose","author":"Di\u00e1rio de Gar\u00e7a","date":"6 de mar\u00e7o de 2025","format":false,"excerpt":"A Funda\u00e7\u00e3o Oswaldo Cruz (Fiocruz), refer\u00eancia em pesquisa e educa\u00e7\u00e3o na \u00e1rea da sa\u00fade, est\u00e1 oferecendo um curso gratuito e online sobre leptospirose, doen\u00e7a infecciosa que preocupa especialmente em regi\u00f5es afetadas por desastres clim\u00e1ticos.\u00a0A iniciativa \u00e9 fruto de uma parceria entre o Campus Virtual Fiocruz, o Instituto Nacional de Infectologia\u2026","rel":"","context":"Em &quot;Brasil&quot;","block_context":{"text":"Brasil","link":"https:\/\/diariodegarca.com\/?cat=38185"},"img":{"alt_text":"","src":"","width":0,"height":0},"classes":[]},{"id":6059,"url":"https:\/\/diariodegarca.com\/?p=6059","url_meta":{"origin":2062,"position":3},"title":"Plataforma \u201cSeu Primeiro Passo\u201d oferece cursos on-line gratuitos para inscritos no Cad\u00danico","author":"Di\u00e1rio de Gar\u00e7a","date":"25 de agosto de 2025","format":false,"excerpt":"Iniciativa do Minist\u00e9rio do Desenvolvimento Social visa qualificar jovens em situa\u00e7\u00e3o de vulnerabilidade para o mercado de trabalho e empreendedorismo atrav\u00e9s de trilhas de aprendizado online. A qualifica\u00e7\u00e3o profissional \u00e9 um dos caminhos mais eficazes para romper o ciclo da vulnerabilidade social. Por esse motivo foi lan\u00e7ada a plataforma\u00a0\u201cSeu Primeiro\u2026","rel":"","context":"Em &quot;Curso&quot;","block_context":{"text":"Curso","link":"https:\/\/diariodegarca.com\/?cat=36947"},"img":{"alt_text":"","src":"https:\/\/i0.wp.com\/diariodegarca.com\/wp-content\/uploads\/2025\/08\/colheita-mae-e-filha-usando-laptop.jpg?fit=1200%2C800&ssl=1&resize=350%2C200","width":350,"height":200,"srcset":"https:\/\/i0.wp.com\/diariodegarca.com\/wp-content\/uploads\/2025\/08\/colheita-mae-e-filha-usando-laptop.jpg?fit=1200%2C800&ssl=1&resize=350%2C200 1x, https:\/\/i0.wp.com\/diariodegarca.com\/wp-content\/uploads\/2025\/08\/colheita-mae-e-filha-usando-laptop.jpg?fit=1200%2C800&ssl=1&resize=525%2C300 1.5x, https:\/\/i0.wp.com\/diariodegarca.com\/wp-content\/uploads\/2025\/08\/colheita-mae-e-filha-usando-laptop.jpg?fit=1200%2C800&ssl=1&resize=700%2C400 2x, https:\/\/i0.wp.com\/diariodegarca.com\/wp-content\/uploads\/2025\/08\/colheita-mae-e-filha-usando-laptop.jpg?fit=1200%2C800&ssl=1&resize=1050%2C600 3x"},"classes":[]},{"id":5370,"url":"https:\/\/diariodegarca.com\/?p=5370","url_meta":{"origin":2062,"position":4},"title":"Butantan abre inscri\u00e7\u00f5es para cursos gratuitos em gest\u00e3o ambiental, pesquisa com zebrafish e escorpi\u00f5es","author":"Di\u00e1rio de Gar\u00e7a","date":"7 de agosto de 2025","format":false,"excerpt":"Capacita\u00e7\u00f5es online abordam temas estrat\u00e9gicos para sa\u00fade p\u00fablica, sustentabilidade e ci\u00eancia; vagas s\u00e3o limitadas. O Instituto Butantan, refer\u00eancia em pesquisa cient\u00edfica e sa\u00fade p\u00fablica, est\u00e1 com inscri\u00e7\u00f5es abertas para tr\u00eas cursos gratuitos em diferentes \u00e1reas do conhecimento. As forma\u00e7\u00f5es, oferecidas pela Escola Superior do Instituto Butantan (ESIB), incluem temas como\u2026","rel":"","context":"Em &quot;Brasil&quot;","block_context":{"text":"Brasil","link":"https:\/\/diariodegarca.com\/?cat=38185"},"img":{"alt_text":"","src":"https:\/\/i0.wp.com\/diariodegarca.com\/wp-content\/uploads\/2025\/08\/escorpiao-hottentotta-com-babys-no-corpo-vista-frontal-escorpiao-hottentotta-em-folhas-verdes.jpg?fit=1200%2C800&ssl=1&resize=350%2C200","width":350,"height":200,"srcset":"https:\/\/i0.wp.com\/diariodegarca.com\/wp-content\/uploads\/2025\/08\/escorpiao-hottentotta-com-babys-no-corpo-vista-frontal-escorpiao-hottentotta-em-folhas-verdes.jpg?fit=1200%2C800&ssl=1&resize=350%2C200 1x, https:\/\/i0.wp.com\/diariodegarca.com\/wp-content\/uploads\/2025\/08\/escorpiao-hottentotta-com-babys-no-corpo-vista-frontal-escorpiao-hottentotta-em-folhas-verdes.jpg?fit=1200%2C800&ssl=1&resize=525%2C300 1.5x, https:\/\/i0.wp.com\/diariodegarca.com\/wp-content\/uploads\/2025\/08\/escorpiao-hottentotta-com-babys-no-corpo-vista-frontal-escorpiao-hottentotta-em-folhas-verdes.jpg?fit=1200%2C800&ssl=1&resize=700%2C400 2x, https:\/\/i0.wp.com\/diariodegarca.com\/wp-content\/uploads\/2025\/08\/escorpiao-hottentotta-com-babys-no-corpo-vista-frontal-escorpiao-hottentotta-em-folhas-verdes.jpg?fit=1200%2C800&ssl=1&resize=1050%2C600 3x"},"classes":[]},{"id":3587,"url":"https:\/\/diariodegarca.com\/?p=3587","url_meta":{"origin":2062,"position":5},"title":"Instituto Butantan oferece curso gratuito sobre pesquisa cient\u00edfica com PubMed e IA","author":"Di\u00e1rio de Gar\u00e7a","date":"29 de maio de 2025","format":false,"excerpt":"Capacita\u00e7\u00e3o online ensinar\u00e1 t\u00e9cnicas avan\u00e7adas de busca em bases de dados e uso de intelig\u00eancia artificial para pesquisa acad\u00eamica A\u00a0Escola Superior do Instituto Butantan (ESIB)\u00a0est\u00e1 com inscri\u00e7\u00f5es abertas para o curso\u00a0\"Como Pesquisar Conceitos e Literatura Usando PubMed e Intelig\u00eancia Artificial\". A forma\u00e7\u00e3o, voltada para\u00a0graduandos e graduados, ocorrer\u00e1 nos dias\u00a011, 12\u2026","rel":"","context":"Em &quot;Ci\u00eancia&quot;","block_context":{"text":"Ci\u00eancia","link":"https:\/\/diariodegarca.com\/?cat=3213"},"img":{"alt_text":"","src":"","width":0,"height":0},"classes":[]}],"_links":{"self":[{"href":"https:\/\/diariodegarca.com\/index.php?rest_route=\/wp\/v2\/posts\/2062","targetHints":{"allow":["GET"]}}],"collection":[{"href":"https:\/\/diariodegarca.com\/index.php?rest_route=\/wp\/v2\/posts"}],"about":[{"href":"https:\/\/diariodegarca.com\/index.php?rest_route=\/wp\/v2\/types\/post"}],"author":[{"embeddable":true,"href":"https:\/\/diariodegarca.com\/index.php?rest_route=\/wp\/v2\/users\/260896546"}],"replies":[{"embeddable":true,"href":"https:\/\/diariodegarca.com\/index.php?rest_route=%2Fwp%2Fv2%2Fcomments&post=2062"}],"version-history":[{"count":0,"href":"https:\/\/diariodegarca.com\/index.php?rest_route=\/wp\/v2\/posts\/2062\/revisions"}],"wp:attachment":[{"href":"https:\/\/diariodegarca.com\/index.php?rest_route=%2Fwp%2Fv2%2Fmedia&parent=2062"}],"wp:term":[{"taxonomy":"category","embeddable":true,"href":"https:\/\/diariodegarca.com\/index.php?rest_route=%2Fwp%2Fv2%2Fcategories&post=2062"},{"taxonomy":"post_tag","embeddable":true,"href":"https:\/\/diariodegarca.com\/index.php?rest_route=%2Fwp%2Fv2%2Ftags&post=2062"}],"curies":[{"name":"wp","href":"https:\/\/api.w.org\/{rel}","templated":true}]}}