{"id":2064,"date":"2025-05-18T11:21:00","date_gmt":"2025-05-18T11:21:00","guid":{"rendered":"https:\/\/diariodegarca.com\/2025\/05\/18\/maio-marrom-campanha-alerta-para-a-prevencao-de-doencas-oculares\/"},"modified":"2025-05-18T11:21:00","modified_gmt":"2025-05-18T11:21:00","slug":"maio-marrom-campanha-alerta-para-a-prevencao-de-doencas-oculares","status":"publish","type":"post","link":"https:\/\/diariodegarca.com\/?p=2064","title":{"rendered":"Maio Marrom: campanha alerta para a preven\u00e7\u00e3o de doen\u00e7as oculares"},"content":{"rendered":"<div class=\"separator\" style=\"clear: both;text-align: center\"><a href=\"https:\/\/i0.wp.com\/blogger.googleusercontent.com\/img\/b\/R29vZ2xl\/AVvXsEh0vQHZHa-ELnsK70BdTlrXwYEcn9UMYnmcztoyLSqexvMfRf2Z_IQWDxJOKRb0eunhNAUFZfkHBnhYC5tzKzk48O7nYXqPJ1xvm15aGDR_kp0mv-4Y8fR-XmFdpzeNrOyM9Mt6mzTTRcCoXkO32TYoQgq-ZuysN3b9cXmPad3oU3R9-gFuWPb1lc5mi44\/s9504\/young-brunette-woman-wearing-bikini-yellow-background-covering-eyes-with-hand-looking-serious-sad-sightless-hiding-rejection-concept.jpg?ssl=1\" style=\"margin-left: 1em;margin-right: 1em\"><img data-recalc-dims=\"1\" loading=\"lazy\" decoding=\"async\" border=\"0\" height=\"213\" src=\"https:\/\/i0.wp.com\/blogger.googleusercontent.com\/img\/b\/R29vZ2xl\/AVvXsEh0vQHZHa-ELnsK70BdTlrXwYEcn9UMYnmcztoyLSqexvMfRf2Z_IQWDxJOKRb0eunhNAUFZfkHBnhYC5tzKzk48O7nYXqPJ1xvm15aGDR_kp0mv-4Y8fR-XmFdpzeNrOyM9Mt6mzTTRcCoXkO32TYoQgq-ZuysN3b9cXmPad3oU3R9-gFuWPb1lc5mi44\/s320\/young-brunette-woman-wearing-bikini-yellow-background-covering-eyes-with-hand-looking-serious-sad-sightless-hiding-rejection-concept.jpg?resize=320%2C213&#038;ssl=1\" width=\"320\" \/><\/a><\/div>\n<p class=\"ds-markdown-paragraph\">O\u00a0<strong>Maio Marrom<\/strong>\u00a0\u00e9 uma campanha nacional de conscientiza\u00e7\u00e3o sobre a sa\u00fade ocular, criada para alertar a popula\u00e7\u00e3o sobre a import\u00e2ncia da preven\u00e7\u00e3o e do diagn\u00f3stico precoce de doen\u00e7as que podem comprometer a vis\u00e3o. A iniciativa busca educar sobre os riscos, sintomas e medidas preventivas, incentivando consultas regulares com oftalmologistas.<\/p>\n<h2><strong>A import\u00e2ncia da campanha<\/strong><\/h2>\n<p class=\"ds-markdown-paragraph\">Segundo a Organiza\u00e7\u00e3o Mundial da Sa\u00fade (OMS), cerca de\u00a0<strong>75% dos casos de cegueira no mundo poderiam ser evitados<\/strong>\u00a0com preven\u00e7\u00e3o e tratamento adequados. No Brasil, milh\u00f5es de pessoas sofrem com problemas visuais que, se detectados a tempo, teriam maior chance de controle ou cura. O\u00a0<strong>Maio Marrom<\/strong>\u00a0visa reduzir esses n\u00fameros, destacando a necessidade de exames peri\u00f3dicos e cuidados com os olhos em todas as fases da vida.<\/p>\n<h2><strong>Principais doen\u00e7as oculares e seus sintomas<\/strong><\/h2>\n<p class=\"ds-markdown-paragraph\">Algumas das condi\u00e7\u00f5es mais comuns que afetam a vis\u00e3o incluem:<\/p>\n<ul>\n<li>\n<p class=\"ds-markdown-paragraph\" style=\"font-size: 16.002px;line-height: 28.575px;margin-bottom: 0px !important;margin-left: 0px;margin-right: 0px;margin-top: 0px\"><strong>Catarata<\/strong>: opacifica\u00e7\u00e3o do cristalino, causando vis\u00e3o emba\u00e7ada e sensibilidade \u00e0 luz.<\/p>\n<\/li>\n<li style=\"margin-top: 4px\">\n<p class=\"ds-markdown-paragraph\" style=\"font-size: 16.002px;line-height: 28.575px;margin-bottom: 0px !important;margin-left: 0px;margin-right: 0px;margin-top: 0px\"><strong>Glaucoma<\/strong>: aumento da press\u00e3o intraocular, que pode levar \u00e0 perda progressiva da vis\u00e3o perif\u00e9rica.<\/p>\n<\/li>\n<li style=\"margin-top: 4px\">\n<p class=\"ds-markdown-paragraph\" style=\"font-size: 16.002px;line-height: 28.575px;margin-bottom: 0px !important;margin-left: 0px;margin-right: 0px;margin-top: 0px\"><strong>Degenera\u00e7\u00e3o Macular Relacionada \u00e0 Idade (DMRI)<\/strong>: afeta a m\u00e1cula, regi\u00e3o central da retina, prejudicando a vis\u00e3o de detalhes.<\/p>\n<\/li>\n<li style=\"margin-top: 4px\">\n<p class=\"ds-markdown-paragraph\" style=\"font-size: 16.002px;line-height: 28.575px;margin-bottom: 0px !important;margin-left: 0px;margin-right: 0px;margin-top: 0px\"><strong>Retinopatia Diab\u00e9tica<\/strong>: complica\u00e7\u00e3o do diabetes que danifica os vasos sangu\u00edneos da retina.<\/p>\n<\/li>\n<li style=\"margin-top: 4px\">\n<p class=\"ds-markdown-paragraph\" style=\"font-size: 16.002px;line-height: 28.575px;margin-bottom: 0px !important;margin-left: 0px;margin-right: 0px;margin-top: 0px\"><strong>Ceratocone<\/strong>: altera\u00e7\u00e3o na estrutura da c\u00f3rnea, causando vis\u00e3o distorcida e dificuldade para enxergar.<\/p>\n<\/li>\n<\/ul>\n<h3><strong>Quando procurar um oftamologista?<\/strong><\/h3>\n<p class=\"ds-markdown-paragraph\">\u00c9 fundamental buscar um oftalmologista ao notar sintomas como:<\/p>\n<ul>\n<li>\n<p class=\"ds-markdown-paragraph\" style=\"font-size: 16.002px;line-height: 28.575px;margin-bottom: 0px !important;margin-left: 0px;margin-right: 0px;margin-top: 0px\">Vis\u00e3o emba\u00e7ada ou dupla;<\/p>\n<\/li>\n<li style=\"margin-top: 4px\">\n<p class=\"ds-markdown-paragraph\" style=\"font-size: 16.002px;line-height: 28.575px;margin-bottom: 0px !important;margin-left: 0px;margin-right: 0px;margin-top: 0px\">Dificuldade para enxergar \u00e0 noite;<\/p>\n<\/li>\n<li style=\"margin-top: 4px\">\n<p class=\"ds-markdown-paragraph\" style=\"font-size: 16.002px;line-height: 28.575px;margin-bottom: 0px !important;margin-left: 0px;margin-right: 0px;margin-top: 0px\">Dor ou vermelhid\u00e3o nos olhos;<\/p>\n<\/li>\n<li style=\"margin-top: 4px\">\n<p class=\"ds-markdown-paragraph\" style=\"font-size: 16.002px;line-height: 28.575px;margin-bottom: 0px !important;margin-left: 0px;margin-right: 0px;margin-top: 0px\">Sensa\u00e7\u00e3o de press\u00e3o ocular;<\/p>\n<\/li>\n<li style=\"margin-top: 4px\">\n<p class=\"ds-markdown-paragraph\" style=\"font-size: 16.002px;line-height: 28.575px;margin-bottom: 0px !important;margin-left: 0px;margin-right: 0px;margin-top: 0px\">Perda s\u00fabita ou gradual da vis\u00e3o.<\/p>\n<\/li>\n<\/ul>\n<p class=\"ds-markdown-paragraph\">Al\u00e9m disso, mesmo sem sintomas, recomenda-se fazer\u00a0<strong>consultas anuais<\/strong>, especialmente ap\u00f3s os 40 anos ou em casos de hist\u00f3rico familiar de doen\u00e7as oculares.<\/p>\n<h2><strong>Como prevenir problemas na vis\u00e3o?<\/strong><\/h2>\n<p class=\"ds-markdown-paragraph\">Algumas medidas simples podem ajudar a manter a sa\u00fade dos olhos:<\/p>\n<ul>\n<li>\n<p class=\"ds-markdown-paragraph\" style=\"font-size: 16.002px;line-height: 28.575px;margin-bottom: 0px !important;margin-left: 0px;margin-right: 0px;margin-top: 0px\"><strong>Usar \u00f3culos de sol com prote\u00e7\u00e3o UV<\/strong>;<\/p>\n<\/li>\n<li style=\"margin-top: 4px\">\n<p class=\"ds-markdown-paragraph\" style=\"font-size: 16.002px;line-height: 28.575px;margin-bottom: 0px !important;margin-left: 0px;margin-right: 0px;margin-top: 0px\"><strong>Evitar co\u00e7ar os olhos<\/strong>, para prevenir les\u00f5es;<\/p>\n<\/li>\n<li style=\"margin-top: 4px\">\n<p class=\"ds-markdown-paragraph\" style=\"font-size: 16.002px;line-height: 28.575px;margin-bottom: 0px !important;margin-left: 0px;margin-right: 0px;margin-top: 0px\"><strong>Controlar doen\u00e7as cr\u00f4nicas<\/strong>, como diabetes e hipertens\u00e3o;<\/p>\n<\/li>\n<li style=\"margin-top: 4px\">\n<p class=\"ds-markdown-paragraph\" style=\"font-size: 16.002px;line-height: 28.575px;margin-bottom: 0px !important;margin-left: 0px;margin-right: 0px;margin-top: 0px\"><strong>Manter uma alimenta\u00e7\u00e3o rica em vitaminas A, C e E<\/strong>\u00a0(cenoura, peixes, folhas verdes);<\/p>\n<\/li>\n<li style=\"margin-top: 4px\">\n<p class=\"ds-markdown-paragraph\" style=\"font-size: 16.002px;line-height: 28.575px;margin-bottom: 0px !important;margin-left: 0px;margin-right: 0px;margin-top: 0px\"><strong>Reduzir o tempo de exposi\u00e7\u00e3o a telas<\/strong>\u00a0e fazer pausas para descansar a vis\u00e3o;<\/p>\n<\/li>\n<li style=\"margin-top: 4px\">\n<p class=\"ds-markdown-paragraph\" style=\"font-size: 16.002px;line-height: 28.575px;margin-bottom: 0px !important;margin-left: 0px;margin-right: 0px;margin-top: 0px\"><strong>N\u00e3o compartilhar maquiagens ou col\u00edrios<\/strong>\u00a0sem orienta\u00e7\u00e3o m\u00e9dica.<\/p>\n<\/li>\n<\/ul>\n<p class=\"ds-markdown-paragraph\">A campanha refor\u00e7a que\u00a0<strong>cuidar da vis\u00e3o \u00e9 cuidar da qualidade de vida<\/strong>. Escolas, empresas e institui\u00e7\u00f5es de sa\u00fade podem participar promovendo palestras, mutir\u00f5es de exames e divulga\u00e7\u00e3o de informa\u00e7\u00f5es. A detec\u00e7\u00e3o precoce salva vidas e preserva a independ\u00eancia de milh\u00f5es de pessoas.<\/p>\n","protected":false},"excerpt":{"rendered":"<p>O\u00a0Maio Marrom\u00a0\u00e9 uma campanha nacional de conscientiza\u00e7\u00e3o sobre a sa\u00fade ocular, criada para alertar a popula\u00e7\u00e3o sobre a import\u00e2ncia da preven\u00e7\u00e3o e do diagn\u00f3stico precoce de doen\u00e7as que podem comprometer a vis\u00e3o. A iniciativa busca educar sobre os riscos, sintomas e medidas preventivas, incentivando consultas regulares com oftalmologistas. A import\u00e2ncia da campanha Segundo a Organiza\u00e7\u00e3o [&hellip;]<\/p>\n","protected":false},"author":260896546,"featured_media":0,"comment_status":"open","ping_status":"open","sticky":false,"template":"","format":"standard","meta":{"_crdt_document":"","_monsterinsights_skip_tracking":false,"_monsterinsights_sitenote_active":false,"_monsterinsights_sitenote_note":"","_monsterinsights_sitenote_category":0,"advanced_seo_description":"","jetpack_seo_html_title":"","jetpack_seo_noindex":false,"_jetpack_newsletter_access":"","_jetpack_dont_email_post_to_subs":false,"_jetpack_newsletter_tier_id":0,"_jetpack_memberships_contains_paywalled_content":false,"_jetpack_memberships_contains_paid_content":false,"footnotes":"","jetpack_publicize_message":"","jetpack_publicize_feature_enabled":true,"jetpack_social_post_already_shared":false,"jetpack_social_options":{"image_generator_settings":{"template":"fullscreen","default_image_id":0,"font":"","enabled":false},"version":2},"_wpas_customize_per_network":false,"jetpack_post_was_ever_published":false},"categories":[38185],"tags":[781171839,781171802],"class_list":["post-2064","post","type-post","status-publish","format-standard","hentry","category-brasil","tag-campanha-mensal","tag-saude"],"jetpack_publicize_connections":[],"jetpack_featured_media_url":"","jetpack_likes_enabled":true,"jetpack_sharing_enabled":true,"jetpack_shortlink":"https:\/\/wp.me\/pgitne-xi","jetpack-related-posts":[{"id":4480,"url":"https:\/\/diariodegarca.com\/?p=4480","url_meta":{"origin":2064,"position":0},"title":"Julho Roxo: m\u00eas de conscientiza\u00e7\u00e3o e preven\u00e7\u00e3o do c\u00e2ncer de bexiga","author":"Di\u00e1rio de Gar\u00e7a","date":"7 de julho de 2025","format":false,"excerpt":"Campanha alerta para sintomas, diagn\u00f3stico precoce e h\u00e1bitos que reduzem os riscos da doen\u00e7a O\u00a0Julho Roxo\u00a0\u00e9 uma campanha dedicada \u00e0 conscientiza\u00e7\u00e3o e preven\u00e7\u00e3o do\u00a0c\u00e2ncer de bexiga, tipo de tumor que afeta milhares de brasileiros todos os anos. A iniciativa busca informar a popula\u00e7\u00e3o sobre os sintomas, fatores de risco e\u2026","rel":"","context":"Em &quot;Brasil&quot;","block_context":{"text":"Brasil","link":"https:\/\/diariodegarca.com\/?cat=38185"},"img":{"alt_text":"","src":"https:\/\/i0.wp.com\/diariodegarca.com\/wp-content\/uploads\/2025\/07\/foto-delicada-flor.jpg?fit=1200%2C800&ssl=1&resize=350%2C200","width":350,"height":200,"srcset":"https:\/\/i0.wp.com\/diariodegarca.com\/wp-content\/uploads\/2025\/07\/foto-delicada-flor.jpg?fit=1200%2C800&ssl=1&resize=350%2C200 1x, https:\/\/i0.wp.com\/diariodegarca.com\/wp-content\/uploads\/2025\/07\/foto-delicada-flor.jpg?fit=1200%2C800&ssl=1&resize=525%2C300 1.5x, https:\/\/i0.wp.com\/diariodegarca.com\/wp-content\/uploads\/2025\/07\/foto-delicada-flor.jpg?fit=1200%2C800&ssl=1&resize=700%2C400 2x, https:\/\/i0.wp.com\/diariodegarca.com\/wp-content\/uploads\/2025\/07\/foto-delicada-flor.jpg?fit=1200%2C800&ssl=1&resize=1050%2C600 3x"},"classes":[]},{"id":2757,"url":"https:\/\/diariodegarca.com\/?p=2757","url_meta":{"origin":2064,"position":1},"title":"Butantan oferece curso gratuito sobre aranha-marrom","author":"Di\u00e1rio de Gar\u00e7a","date":"25 de fevereiro de 2025","format":false,"excerpt":"Conhe\u00e7a os riscos e m\u00e9todos de preven\u00e7\u00e3o O Instituto Butantan, refer\u00eancia em pesquisa e educa\u00e7\u00e3o em sa\u00fade, lan\u00e7ou um curso online e gratuito sobre a aranha-marrom (Loxosceles), uma das esp\u00e9cies de maior relev\u00e2ncia m\u00e9dica no Brasil devido ao n\u00famero expressivo de acidentes. A iniciativa tem o objetivo de disseminar conhecimento\u2026","rel":"","context":"Em &quot;Brasil&quot;","block_context":{"text":"Brasil","link":"https:\/\/diariodegarca.com\/?cat=38185"},"img":{"alt_text":"","src":"","width":0,"height":0},"classes":[]},{"id":2168,"url":"https:\/\/diariodegarca.com\/?p=2168","url_meta":{"origin":2064,"position":2},"title":"Maio Furta-Cor: campanha destaca import\u00e2ncia da sa\u00fade mental materna e refor\u00e7a luta por pol\u00edticas p\u00fablicas","author":"Di\u00e1rio de Gar\u00e7a","date":"8 de maio de 2025","format":false,"excerpt":"Em meio \u00e0s celebra\u00e7\u00f5es do Dia das M\u00e3es, o\u00a0Maio Furta-Cor\u00a0surge como um movimento para debater a\u00a0sa\u00fade mental materna, tema ainda cercado de tabus e invisibilidade. A campanha, criada em 2021, tem como objetivo\u00a0sensibilizar a sociedade, promover a\u00e7\u00f5es baseadas em evid\u00eancias cient\u00edficas e pressionar por pol\u00edticas p\u00fablicas\u00a0que garantam suporte adequado \u00e0s\u2026","rel":"","context":"Em &quot;Brasil&quot;","block_context":{"text":"Brasil","link":"https:\/\/diariodegarca.com\/?cat=38185"},"img":{"alt_text":"","src":"https:\/\/i0.wp.com\/blogger.googleusercontent.com\/img\/b\/R29vZ2xl\/AVvXsEihyHGkI3uKwqhI6pfmeHU4JLeBOesuNugVpBe0ItV-wgk-Ub1q475dko3s2wf3oLWBbLesm5Q9XvNq685StpxIekXXJo5Z1jJfRiz3jRS7gIj-HP5qVZJNhri8bry10FNa8MMnESSeP0xfrn0mGbbbTDAf6enDeJ8ZJGo_Uhp_BeUbkB6dNDRWi7C5-sU\/w400-h266\/side-view-mother-with-cute-newborn.jpg?resize=350%2C200&ssl=1","width":350,"height":200},"classes":[]},{"id":2056,"url":"https:\/\/diariodegarca.com\/?p=2056","url_meta":{"origin":2064,"position":3},"title":"Maio Dourado: a import\u00e2ncia da amamenta\u00e7\u00e3o exclusiva","author":"Di\u00e1rio de Gar\u00e7a","date":"19 de maio de 2025","format":false,"excerpt":"O\u00a0Maio Dourado\u00a0\u00e9 uma campanha nacional que destaca a import\u00e2ncia do\u00a0aleitamento materno\u00a0e da\u00a0doa\u00e7\u00e3o de leite humano, refor\u00e7ando seu papel vital na sa\u00fade infantil. Com o s\u00edmbolo do la\u00e7o dourado \u2013 representando o padr\u00e3o ouro da nutri\u00e7\u00e3o para beb\u00eas \u2013, a iniciativa busca conscientizar sobre os benef\u00edcios da amamenta\u00e7\u00e3o exclusiva e incentivar\u2026","rel":"","context":"Em &quot;Brasil&quot;","block_context":{"text":"Brasil","link":"https:\/\/diariodegarca.com\/?cat=38185"},"img":{"alt_text":"","src":"https:\/\/i0.wp.com\/diariodegarca.com\/wp-content\/uploads\/2025\/05\/portrait-baby-boy-mother.jpg?fit=1200%2C800&ssl=1&resize=350%2C200","width":350,"height":200,"srcset":"https:\/\/i0.wp.com\/diariodegarca.com\/wp-content\/uploads\/2025\/05\/portrait-baby-boy-mother.jpg?fit=1200%2C800&ssl=1&resize=350%2C200 1x, https:\/\/i0.wp.com\/diariodegarca.com\/wp-content\/uploads\/2025\/05\/portrait-baby-boy-mother.jpg?fit=1200%2C800&ssl=1&resize=525%2C300 1.5x, https:\/\/i0.wp.com\/diariodegarca.com\/wp-content\/uploads\/2025\/05\/portrait-baby-boy-mother.jpg?fit=1200%2C800&ssl=1&resize=700%2C400 2x, https:\/\/i0.wp.com\/diariodegarca.com\/wp-content\/uploads\/2025\/05\/portrait-baby-boy-mother.jpg?fit=1200%2C800&ssl=1&resize=1050%2C600 3x"},"classes":[]},{"id":2068,"url":"https:\/\/diariodegarca.com\/?p=2068","url_meta":{"origin":2064,"position":4},"title":"Maio Cinza: campanha alerta para a preven\u00e7\u00e3o e diagn\u00f3stico precoce de tumores cerebrais","author":"Di\u00e1rio de Gar\u00e7a","date":"17 de maio de 2025","format":false,"excerpt":"O\u00a0Maio Cinza\u00a0\u00e9 uma campanha dedicada \u00e0 conscientiza\u00e7\u00e3o sobre os\u00a0tumores cerebrais, neoplasias que podem surgir no c\u00e9rebro ou em outras partes do sistema nervoso central. A iniciativa busca informar a popula\u00e7\u00e3o sobre os sintomas, a import\u00e2ncia do diagn\u00f3stico precoce e as formas de tratamento, al\u00e9m de destacar a necessidade de mais\u2026","rel":"","context":"Em &quot;Brasil&quot;","block_context":{"text":"Brasil","link":"https:\/\/diariodegarca.com\/?cat=38185"},"img":{"alt_text":"","src":"https:\/\/i0.wp.com\/blogger.googleusercontent.com\/img\/b\/R29vZ2xl\/AVvXsEgKkbiXcFK6Ti_X8CHfAsspbJwzZPUBCVEslKiSMIaa-6AQsv85FUxb5wFPqz2Y2xUitQpN_JFJZM79CrNW4-NS6uyBAFrKK5wNYw5VC2rCLCOd9kJ_Xgy9L6jVnCswF9IQFAZQFWIp6PrklApyrWckfMDYw-0eRk0scH6P2xBH-ch1ssFiMcSlE56lLng\/s320\/side-view-young-woman-portrait.jpg?resize=350%2C200&ssl=1","width":350,"height":200},"classes":[]},{"id":8028,"url":"https:\/\/diariodegarca.com\/?p=8028","url_meta":{"origin":2064,"position":5},"title":"Filhotes aguardam um lar em Gar\u00e7a: 11 c\u00e3ezinhos est\u00e3o dispon\u00edveis para ado\u00e7\u00e3o","author":"Andreza Sega","date":"24 de outubro de 2025","format":false,"excerpt":"Animais resgatados esperam por fam\u00edlias amorosas; h\u00e1 machos e f\u00eameas de diferentes cores e personalidades. Interessados devem entrar em contato com Amanda pelo telefone (14) 99136-3260. Onze filhotes, com aproximadamente dois meses de idade, est\u00e3o \u00e0 procura de um lar em Gar\u00e7a. Entre eles, h\u00e1 machos e f\u00eameas, de pelo\u2026","rel":"","context":"Em &quot;Causa animal&quot;","block_context":{"text":"Causa animal","link":"https:\/\/diariodegarca.com\/?cat=26891317"},"img":{"alt_text":"","src":"https:\/\/i0.wp.com\/diariodegarca.com\/wp-content\/uploads\/2025\/10\/Design-sem-nome-e1761330840150.png?fit=1200%2C805&ssl=1&resize=350%2C200","width":350,"height":200,"srcset":"https:\/\/i0.wp.com\/diariodegarca.com\/wp-content\/uploads\/2025\/10\/Design-sem-nome-e1761330840150.png?fit=1200%2C805&ssl=1&resize=350%2C200 1x, https:\/\/i0.wp.com\/diariodegarca.com\/wp-content\/uploads\/2025\/10\/Design-sem-nome-e1761330840150.png?fit=1200%2C805&ssl=1&resize=525%2C300 1.5x, https:\/\/i0.wp.com\/diariodegarca.com\/wp-content\/uploads\/2025\/10\/Design-sem-nome-e1761330840150.png?fit=1200%2C805&ssl=1&resize=700%2C400 2x, https:\/\/i0.wp.com\/diariodegarca.com\/wp-content\/uploads\/2025\/10\/Design-sem-nome-e1761330840150.png?fit=1200%2C805&ssl=1&resize=1050%2C600 3x"},"classes":[]}],"_links":{"self":[{"href":"https:\/\/diariodegarca.com\/index.php?rest_route=\/wp\/v2\/posts\/2064","targetHints":{"allow":["GET"]}}],"collection":[{"href":"https:\/\/diariodegarca.com\/index.php?rest_route=\/wp\/v2\/posts"}],"about":[{"href":"https:\/\/diariodegarca.com\/index.php?rest_route=\/wp\/v2\/types\/post"}],"author":[{"embeddable":true,"href":"https:\/\/diariodegarca.com\/index.php?rest_route=\/wp\/v2\/users\/260896546"}],"replies":[{"embeddable":true,"href":"https:\/\/diariodegarca.com\/index.php?rest_route=%2Fwp%2Fv2%2Fcomments&post=2064"}],"version-history":[{"count":0,"href":"https:\/\/diariodegarca.com\/index.php?rest_route=\/wp\/v2\/posts\/2064\/revisions"}],"wp:attachment":[{"href":"https:\/\/diariodegarca.com\/index.php?rest_route=%2Fwp%2Fv2%2Fmedia&parent=2064"}],"wp:term":[{"taxonomy":"category","embeddable":true,"href":"https:\/\/diariodegarca.com\/index.php?rest_route=%2Fwp%2Fv2%2Fcategories&post=2064"},{"taxonomy":"post_tag","embeddable":true,"href":"https:\/\/diariodegarca.com\/index.php?rest_route=%2Fwp%2Fv2%2Ftags&post=2064"}],"curies":[{"name":"wp","href":"https:\/\/api.w.org\/{rel}","templated":true}]}}