{"id":2068,"date":"2025-05-17T11:15:00","date_gmt":"2025-05-17T11:15:00","guid":{"rendered":"https:\/\/diariodegarca.com\/2025\/05\/17\/maio-cinza-campanha-alerta-para-a-prevencao-e-diagnostico-precoce-de-tumores-cerebrais\/"},"modified":"2025-05-17T11:15:00","modified_gmt":"2025-05-17T11:15:00","slug":"maio-cinza-campanha-alerta-para-a-prevencao-e-diagnostico-precoce-de-tumores-cerebrais","status":"publish","type":"post","link":"https:\/\/diariodegarca.com\/?p=2068","title":{"rendered":"Maio Cinza: campanha alerta para a preven\u00e7\u00e3o e diagn\u00f3stico precoce de tumores cerebrais"},"content":{"rendered":"<div class=\"separator\" style=\"clear: both;text-align: center\"><a href=\"https:\/\/i0.wp.com\/blogger.googleusercontent.com\/img\/b\/R29vZ2xl\/AVvXsEgKkbiXcFK6Ti_X8CHfAsspbJwzZPUBCVEslKiSMIaa-6AQsv85FUxb5wFPqz2Y2xUitQpN_JFJZM79CrNW4-NS6uyBAFrKK5wNYw5VC2rCLCOd9kJ_Xgy9L6jVnCswF9IQFAZQFWIp6PrklApyrWckfMDYw-0eRk0scH6P2xBH-ch1ssFiMcSlE56lLng\/s5734\/side-view-young-woman-portrait.jpg?ssl=1\" style=\"margin-left: 1em;margin-right: 1em\"><img data-recalc-dims=\"1\" loading=\"lazy\" decoding=\"async\" border=\"0\" height=\"320\" src=\"https:\/\/i0.wp.com\/blogger.googleusercontent.com\/img\/b\/R29vZ2xl\/AVvXsEgKkbiXcFK6Ti_X8CHfAsspbJwzZPUBCVEslKiSMIaa-6AQsv85FUxb5wFPqz2Y2xUitQpN_JFJZM79CrNW4-NS6uyBAFrKK5wNYw5VC2rCLCOd9kJ_Xgy9L6jVnCswF9IQFAZQFWIp6PrklApyrWckfMDYw-0eRk0scH6P2xBH-ch1ssFiMcSlE56lLng\/s320\/side-view-young-woman-portrait.jpg?resize=320%2C320&#038;ssl=1\" width=\"320\" \/><\/a><\/div>\n<p class=\"ds-markdown-paragraph\">O\u00a0<strong>Maio Cinza<\/strong>\u00a0\u00e9 uma campanha dedicada \u00e0 conscientiza\u00e7\u00e3o sobre os\u00a0<strong>tumores cerebrais<\/strong>, neoplasias que podem surgir no c\u00e9rebro ou em outras partes do sistema nervoso central. A iniciativa busca informar a popula\u00e7\u00e3o sobre os sintomas, a import\u00e2ncia do diagn\u00f3stico precoce e as formas de tratamento, al\u00e9m de destacar a necessidade de mais pesquisas e apoio aos pacientes.<\/p>\n<h2><strong>A import\u00e2ncia da campanha<\/strong><\/h2>\n<p class=\"ds-markdown-paragraph\">Os tumores cerebrais podem ser\u00a0<strong>benignos ou malignos<\/strong>\u00a0(c\u00e2ncer) e, dependendo da localiza\u00e7\u00e3o e do tipo, trazem s\u00e9rias complica\u00e7\u00f5es \u00e0 sa\u00fade. Segundo a\u00a0<strong>Organiza\u00e7\u00e3o Mundial da Sa\u00fade (OMS)<\/strong>, esses tumores representam cerca de\u00a0<strong>2% de todos os casos de c\u00e2ncer<\/strong>, mas podem ser especialmente agressivos.<\/p>\n<p class=\"ds-markdown-paragraph\">O\u00a0<strong>Maio Cinza<\/strong>\u00a0visa\u00a0<strong>reduzir o estigma<\/strong>\u00a0em torno da doen\u00e7a, incentivar a procura por especialistas ao surgirem os primeiros sinais e promover a\u00a0<strong>discuss\u00e3o sobre pol\u00edticas p\u00fablicas<\/strong>\u00a0para melhorar o acesso a tratamentos.<\/p>\n<h2><strong>Sintomas que exigem aten\u00e7\u00e3o<\/strong><\/h2>\n<p class=\"ds-markdown-paragraph\">Os sinais de um tumor cerebral variam conforme sua localiza\u00e7\u00e3o e tamanho, mas os mais comuns incluem:<\/p>\n<ul>\n<li>\n<p class=\"ds-markdown-paragraph\" style=\"font-size: 16.002px;line-height: 28.575px;margin-bottom: 0px !important;margin-left: 0px;margin-right: 0px;margin-top: 0px\"><strong>Dores de cabe\u00e7a persistentes e intensas<\/strong>\u00a0(especialmente ao acordar);<\/p>\n<\/li>\n<li style=\"margin-top: 4px\">\n<p class=\"ds-markdown-paragraph\" style=\"font-size: 16.002px;line-height: 28.575px;margin-bottom: 0px !important;margin-left: 0px;margin-right: 0px;margin-top: 0px\"><strong>N\u00e1useas e v\u00f4mitos sem causa aparente<\/strong>;<\/p>\n<\/li>\n<li style=\"margin-top: 4px\">\n<p class=\"ds-markdown-paragraph\" style=\"font-size: 16.002px;line-height: 28.575px;margin-bottom: 0px !important;margin-left: 0px;margin-right: 0px;margin-top: 0px\"><strong>Convuls\u00f5es<\/strong>;<\/p>\n<\/li>\n<li style=\"margin-top: 4px\">\n<p class=\"ds-markdown-paragraph\" style=\"font-size: 16.002px;line-height: 28.575px;margin-bottom: 0px !important;margin-left: 0px;margin-right: 0px;margin-top: 0px\"><strong>Altera\u00e7\u00f5es na vis\u00e3o ou audi\u00e7\u00e3o<\/strong>;<\/p>\n<\/li>\n<li style=\"margin-top: 4px\">\n<p class=\"ds-markdown-paragraph\" style=\"font-size: 16.002px;line-height: 28.575px;margin-bottom: 0px !important;margin-left: 0px;margin-right: 0px;margin-top: 0px\"><strong>Dificuldade de equil\u00edbrio ou coordena\u00e7\u00e3o<\/strong>;<\/p>\n<\/li>\n<li style=\"margin-top: 4px\">\n<p class=\"ds-markdown-paragraph\" style=\"font-size: 16.002px;line-height: 28.575px;margin-bottom: 0px !important;margin-left: 0px;margin-right: 0px;margin-top: 0px\"><strong>Mudan\u00e7as de personalidade ou confus\u00e3o mental<\/strong>;<\/p>\n<\/li>\n<li style=\"margin-top: 4px\">\n<p class=\"ds-markdown-paragraph\" style=\"font-size: 16.002px;line-height: 28.575px;margin-bottom: 0px !important;margin-left: 0px;margin-right: 0px;margin-top: 0px\"><strong>Fraqueza em membros<\/strong>\u00a0(bra\u00e7os ou pernas).<\/p>\n<\/li>\n<\/ul>\n<h2><strong>Quando procurar um m\u00e9dico?<\/strong><\/h2>\n<p class=\"ds-markdown-paragraph\">Qualquer sintoma\u00a0<strong>persistente ou que piore com o tempo<\/strong>\u00a0deve ser investigado. Muitas vezes, os sinais s\u00e3o confundidos com outras condi\u00e7\u00f5es, como enxaqueca ou estresse, mas um\u00a0<strong>diagn\u00f3stico precoce<\/strong>\u00a0pode ser decisivo para o sucesso do tratamento.<\/p>\n<h2><strong>\u00c9 poss\u00edvel prevenir?<\/strong><\/h2>\n<p class=\"ds-markdown-paragraph\">Ainda n\u00e3o h\u00e1 uma forma comprovada de\u00a0<strong>evitar completamente<\/strong>\u00a0os tumores cerebrais, mas alguns h\u00e1bitos podem reduzir os riscos:<\/p>\n<ul>\n<li>\n<p class=\"ds-markdown-paragraph\" style=\"font-size: 16.002px;line-height: 28.575px;margin-bottom: 0px !important;margin-left: 0px;margin-right: 0px;margin-top: 0px\"><strong>Evitar exposi\u00e7\u00e3o excessiva a radia\u00e7\u00e3o<\/strong>\u00a0(como em exames de imagem sem necessidade);<\/p>\n<\/li>\n<li style=\"margin-top: 4px\">\n<p class=\"ds-markdown-paragraph\" style=\"font-size: 16.002px;line-height: 28.575px;margin-bottom: 0px !important;margin-left: 0px;margin-right: 0px;margin-top: 0px\"><strong>Manter uma alimenta\u00e7\u00e3o balanceada e praticar exerc\u00edcios<\/strong>;<\/p>\n<\/li>\n<li style=\"margin-top: 4px\">\n<p class=\"ds-markdown-paragraph\" style=\"font-size: 16.002px;line-height: 28.575px;margin-bottom: 0px !important;margin-left: 0px;margin-right: 0px;margin-top: 0px\"><strong>N\u00e3o fumar e moderar o consumo de \u00e1lcool<\/strong>;<\/p>\n<\/li>\n<li style=\"margin-top: 4px\">\n<p class=\"ds-markdown-paragraph\" style=\"font-size: 16.002px;line-height: 28.575px;margin-bottom: 0px !important;margin-left: 0px;margin-right: 0px;margin-top: 0px\"><strong>Usar protetor solar e evitar produtos qu\u00edmicos cancer\u00edgenos<\/strong>.<\/p>\n<\/li>\n<\/ul>\n<p class=\"ds-markdown-paragraph\">Al\u00e9m disso, pessoas com\u00a0<strong>hist\u00f3rico familiar<\/strong>\u00a0de tumores ou s\u00edndromes gen\u00e9ticas devem fazer acompanhamento m\u00e9dico regular.<\/p>\n<h2><strong>Tratamento<\/strong><\/h2>\n<p class=\"ds-markdown-paragraph\">O tratamento depende do\u00a0<strong>tipo, tamanho e localiza\u00e7\u00e3o<\/strong>\u00a0do tumor. Op\u00e7\u00f5es incluem:<\/p>\n<ul>\n<li>\n<p class=\"ds-markdown-paragraph\" style=\"font-size: 16.002px;line-height: 28.575px;margin-bottom: 0px !important;margin-left: 0px;margin-right: 0px;margin-top: 0px\"><strong>Cirurgia<\/strong>\u00a0(quando poss\u00edvel);<\/p>\n<\/li>\n<li style=\"margin-top: 4px\">\n<p class=\"ds-markdown-paragraph\" style=\"font-size: 16.002px;line-height: 28.575px;margin-bottom: 0px !important;margin-left: 0px;margin-right: 0px;margin-top: 0px\"><strong>Radioterapia e quimioterapia<\/strong>;<\/p>\n<\/li>\n<li style=\"margin-top: 4px\">\n<p class=\"ds-markdown-paragraph\" style=\"font-size: 16.002px;line-height: 28.575px;margin-bottom: 0px !important;margin-left: 0px;margin-right: 0px;margin-top: 0px\"><strong>Medicamentos espec\u00edficos<\/strong>\u00a0(terapia-alvo e imunoterapia).<\/p>\n<\/li>\n<\/ul>\n<p class=\"ds-markdown-paragraph\">Pesquisas recentes t\u00eam explorado\u00a0<strong>terapias gen\u00e9ticas e t\u00e9cnicas menos invasivas<\/strong>, aumentando as chances de recupera\u00e7\u00e3o.<\/p>\n<p class=\"ds-markdown-paragraph\">O\u00a0<strong>Maio Cinza<\/strong>\u00a0\u00e9 um alerta para que a sociedade n\u00e3o ignore os sinais do corpo e valorize a sa\u00fade do c\u00e9rebro, um \u00f3rg\u00e3o vital que merece aten\u00e7\u00e3o.<\/p>\n","protected":false},"excerpt":{"rendered":"<p>O\u00a0Maio Cinza\u00a0\u00e9 uma campanha dedicada \u00e0 conscientiza\u00e7\u00e3o sobre os\u00a0tumores cerebrais, neoplasias que podem surgir no c\u00e9rebro ou em outras partes do sistema nervoso central. A iniciativa busca informar a popula\u00e7\u00e3o sobre os sintomas, a import\u00e2ncia do diagn\u00f3stico precoce e as formas de tratamento, al\u00e9m de destacar a necessidade de mais pesquisas e apoio aos pacientes. [&hellip;]<\/p>\n","protected":false},"author":260896546,"featured_media":0,"comment_status":"open","ping_status":"open","sticky":false,"template":"","format":"standard","meta":{"_crdt_document":"","_monsterinsights_skip_tracking":false,"_monsterinsights_sitenote_active":false,"_monsterinsights_sitenote_note":"","_monsterinsights_sitenote_category":0,"advanced_seo_description":"","jetpack_seo_html_title":"","jetpack_seo_noindex":false,"_jetpack_newsletter_access":"","_jetpack_dont_email_post_to_subs":false,"_jetpack_newsletter_tier_id":0,"_jetpack_memberships_contains_paywalled_content":false,"_jetpack_memberships_contains_paid_content":false,"footnotes":"","jetpack_publicize_message":"","jetpack_publicize_feature_enabled":true,"jetpack_social_post_already_shared":false,"jetpack_social_options":{"image_generator_settings":{"template":"fullscreen","default_image_id":0,"font":"","enabled":false},"version":2},"_wpas_customize_per_network":false,"jetpack_post_was_ever_published":false},"categories":[38185],"tags":[781171839,781171802],"class_list":["post-2068","post","type-post","status-publish","format-standard","hentry","category-brasil","tag-campanha-mensal","tag-saude"],"jetpack_publicize_connections":[],"jetpack_featured_media_url":"","jetpack_likes_enabled":true,"jetpack_sharing_enabled":true,"jetpack_shortlink":"https:\/\/wp.me\/pgitne-xm","jetpack-related-posts":[{"id":2078,"url":"https:\/\/diariodegarca.com\/?p=2078","url_meta":{"origin":2068,"position":0},"title":"Maio Vermelho: campanha alerta para a preven\u00e7\u00e3o e diagn\u00f3stico precoce do c\u00e2ncer de boca","author":"Di\u00e1rio de Gar\u00e7a","date":"16 de maio de 2025","format":false,"excerpt":"O\u00a0Maio Vermelho\u00a0\u00e9 uma campanha de conscientiza\u00e7\u00e3o dedicada ao combate e preven\u00e7\u00e3o do\u00a0c\u00e2ncer de boca, um dos tipos mais comuns de tumores malignos no Brasil. A iniciativa busca informar a popula\u00e7\u00e3o sobre os riscos, sintomas e medidas preventivas, al\u00e9m de incentivar a procura por diagn\u00f3stico precoce, que pode salvar vidas.O que\u2026","rel":"","context":"Em &quot;Brasil&quot;","block_context":{"text":"Brasil","link":"https:\/\/diariodegarca.com\/?cat=38185"},"img":{"alt_text":"","src":"https:\/\/i0.wp.com\/blogger.googleusercontent.com\/img\/b\/R29vZ2xl\/AVvXsEhGdy-U2XVkFsDtqHp3n1DbgPeaEiPVy9W0v8AFNJ-oLbNUb_TVKXlRS8awsZZj-L9mYFXWHu9YsTAHNQ23pqyzssngkzwOYYbqaxQTk169DWbJLmpl8JiJDdTcGI1Z8XeSSrBzouB7_Zc_fvsLDGpWJGZz3TnYK2QklgQlQ9hKNs3XnZb7sPh9MHWqnhE\/s320\/displeased-young-brunette-girl-covering-mouth-with-hand-white-backround.jpg?resize=350%2C200&ssl=1","width":350,"height":200},"classes":[]},{"id":4475,"url":"https:\/\/diariodegarca.com\/?p=4475","url_meta":{"origin":2068,"position":1},"title":"Julho Verde: m\u00eas de conscientiza\u00e7\u00e3o sobre o c\u00e2ncer de cabe\u00e7a e pesco\u00e7o","author":"Di\u00e1rio de Gar\u00e7a","date":"6 de julho de 2025","format":false,"excerpt":"Campanha alerta para preven\u00e7\u00e3o, diagn\u00f3stico precoce e tratamento de tumores que afetam boca, laringe e outras regi\u00f5es O\u00a0Julho Verde\u00a0\u00e9 uma campanha nacional dedicada \u00e0 conscientiza\u00e7\u00e3o sobre o\u00a0c\u00e2ncer de cabe\u00e7a e pesco\u00e7o, tipos de tumores que atingem regi\u00f5es como boca, laringe, faringe, tireoide e seios paranasais. Promovida pela\u00a0Sociedade Brasileira de Cirurgia\u2026","rel":"","context":"Em &quot;Brasil&quot;","block_context":{"text":"Brasil","link":"https:\/\/diariodegarca.com\/?cat=38185"},"img":{"alt_text":"","src":"https:\/\/i0.wp.com\/diariodegarca.com\/wp-content\/uploads\/2025\/07\/ela-tem-problemas-com-dor-de-garganta.jpg?fit=1200%2C800&ssl=1&resize=350%2C200","width":350,"height":200,"srcset":"https:\/\/i0.wp.com\/diariodegarca.com\/wp-content\/uploads\/2025\/07\/ela-tem-problemas-com-dor-de-garganta.jpg?fit=1200%2C800&ssl=1&resize=350%2C200 1x, https:\/\/i0.wp.com\/diariodegarca.com\/wp-content\/uploads\/2025\/07\/ela-tem-problemas-com-dor-de-garganta.jpg?fit=1200%2C800&ssl=1&resize=525%2C300 1.5x, https:\/\/i0.wp.com\/diariodegarca.com\/wp-content\/uploads\/2025\/07\/ela-tem-problemas-com-dor-de-garganta.jpg?fit=1200%2C800&ssl=1&resize=700%2C400 2x, https:\/\/i0.wp.com\/diariodegarca.com\/wp-content\/uploads\/2025\/07\/ela-tem-problemas-com-dor-de-garganta.jpg?fit=1200%2C800&ssl=1&resize=1050%2C600 3x"},"classes":[]},{"id":5224,"url":"https:\/\/diariodegarca.com\/?p=5224","url_meta":{"origin":2068,"position":2},"title":"Agosto Verde Claro: m\u00eas de preven\u00e7\u00e3o e combate ao c\u00e2ncer de cabe\u00e7a e pesco\u00e7o","author":"Di\u00e1rio de Gar\u00e7a","date":"2 de agosto de 2025","format":false,"excerpt":"Campanha alerta para fatores de risco como tabagismo, \u00e1lcool e HPV, incentivando diagn\u00f3stico precoce e tratamento adequado O\u00a0Agosto Verde Claro\u00a0\u00e9 uma campanha nacional dedicada \u00e0 conscientiza\u00e7\u00e3o sobre o\u00a0c\u00e2ncer de cabe\u00e7a e pesco\u00e7o, que engloba tumores na boca, laringe, faringe, tireoide e seios paranasais. A iniciativa visa\u00a0informar a popula\u00e7\u00e3o sobre os\u2026","rel":"","context":"Em &quot;Brasil&quot;","block_context":{"text":"Brasil","link":"https:\/\/diariodegarca.com\/?cat=38185"},"img":{"alt_text":"","src":"https:\/\/i0.wp.com\/diariodegarca.com\/wp-content\/uploads\/2025\/08\/moca-close-up-na-dor-e1754055228395.jpg?fit=1200%2C900&ssl=1&resize=350%2C200","width":350,"height":200,"srcset":"https:\/\/i0.wp.com\/diariodegarca.com\/wp-content\/uploads\/2025\/08\/moca-close-up-na-dor-e1754055228395.jpg?fit=1200%2C900&ssl=1&resize=350%2C200 1x, https:\/\/i0.wp.com\/diariodegarca.com\/wp-content\/uploads\/2025\/08\/moca-close-up-na-dor-e1754055228395.jpg?fit=1200%2C900&ssl=1&resize=525%2C300 1.5x, https:\/\/i0.wp.com\/diariodegarca.com\/wp-content\/uploads\/2025\/08\/moca-close-up-na-dor-e1754055228395.jpg?fit=1200%2C900&ssl=1&resize=700%2C400 2x, https:\/\/i0.wp.com\/diariodegarca.com\/wp-content\/uploads\/2025\/08\/moca-close-up-na-dor-e1754055228395.jpg?fit=1200%2C900&ssl=1&resize=1050%2C600 3x"},"classes":[]},{"id":4480,"url":"https:\/\/diariodegarca.com\/?p=4480","url_meta":{"origin":2068,"position":3},"title":"Julho Roxo: m\u00eas de conscientiza\u00e7\u00e3o e preven\u00e7\u00e3o do c\u00e2ncer de bexiga","author":"Di\u00e1rio de Gar\u00e7a","date":"7 de julho de 2025","format":false,"excerpt":"Campanha alerta para sintomas, diagn\u00f3stico precoce e h\u00e1bitos que reduzem os riscos da doen\u00e7a O\u00a0Julho Roxo\u00a0\u00e9 uma campanha dedicada \u00e0 conscientiza\u00e7\u00e3o e preven\u00e7\u00e3o do\u00a0c\u00e2ncer de bexiga, tipo de tumor que afeta milhares de brasileiros todos os anos. A iniciativa busca informar a popula\u00e7\u00e3o sobre os sintomas, fatores de risco e\u2026","rel":"","context":"Em &quot;Brasil&quot;","block_context":{"text":"Brasil","link":"https:\/\/diariodegarca.com\/?cat=38185"},"img":{"alt_text":"","src":"https:\/\/i0.wp.com\/diariodegarca.com\/wp-content\/uploads\/2025\/07\/foto-delicada-flor.jpg?fit=1200%2C800&ssl=1&resize=350%2C200","width":350,"height":200,"srcset":"https:\/\/i0.wp.com\/diariodegarca.com\/wp-content\/uploads\/2025\/07\/foto-delicada-flor.jpg?fit=1200%2C800&ssl=1&resize=350%2C200 1x, https:\/\/i0.wp.com\/diariodegarca.com\/wp-content\/uploads\/2025\/07\/foto-delicada-flor.jpg?fit=1200%2C800&ssl=1&resize=525%2C300 1.5x, https:\/\/i0.wp.com\/diariodegarca.com\/wp-content\/uploads\/2025\/07\/foto-delicada-flor.jpg?fit=1200%2C800&ssl=1&resize=700%2C400 2x, https:\/\/i0.wp.com\/diariodegarca.com\/wp-content\/uploads\/2025\/07\/foto-delicada-flor.jpg?fit=1200%2C800&ssl=1&resize=1050%2C600 3x"},"classes":[]},{"id":4349,"url":"https:\/\/diariodegarca.com\/?p=4349","url_meta":{"origin":2068,"position":4},"title":"Julho Azul Escuro: m\u00eas de conscientiza\u00e7\u00e3o sobre o c\u00e2ncer de cabe\u00e7a e pesco\u00e7o","author":"Di\u00e1rio de Gar\u00e7a","date":"2 de julho de 2025","format":false,"excerpt":"Campanha alerta para a preven\u00e7\u00e3o e diagn\u00f3stico precoce de tumores que afetam boca, laringe, faringe e outras regi\u00f5es O\u00a0Julho Azul Escuro\u00a0\u00e9 uma campanha dedicada \u00e0\u00a0conscientiza\u00e7\u00e3o sobre o c\u00e2ncer de cabe\u00e7a e pesco\u00e7o, que engloba tumores na\u00a0boca, l\u00edngua, garganta, laringe, tireoide e seios paranasais. A iniciativa busca\u00a0informar sobre fatores de risco,\u2026","rel":"","context":"Em &quot;Campanha mensal&quot;","block_context":{"text":"Campanha mensal","link":"https:\/\/diariodegarca.com\/?cat=582590134"},"img":{"alt_text":"","src":"https:\/\/i0.wp.com\/diariodegarca.com\/wp-content\/uploads\/2025\/07\/medica-examinando-um-paciente-com-cancer-de-pele.jpg?fit=1200%2C800&ssl=1&resize=350%2C200","width":350,"height":200,"srcset":"https:\/\/i0.wp.com\/diariodegarca.com\/wp-content\/uploads\/2025\/07\/medica-examinando-um-paciente-com-cancer-de-pele.jpg?fit=1200%2C800&ssl=1&resize=350%2C200 1x, https:\/\/i0.wp.com\/diariodegarca.com\/wp-content\/uploads\/2025\/07\/medica-examinando-um-paciente-com-cancer-de-pele.jpg?fit=1200%2C800&ssl=1&resize=525%2C300 1.5x, https:\/\/i0.wp.com\/diariodegarca.com\/wp-content\/uploads\/2025\/07\/medica-examinando-um-paciente-com-cancer-de-pele.jpg?fit=1200%2C800&ssl=1&resize=700%2C400 2x, https:\/\/i0.wp.com\/diariodegarca.com\/wp-content\/uploads\/2025\/07\/medica-examinando-um-paciente-com-cancer-de-pele.jpg?fit=1200%2C800&ssl=1&resize=1050%2C600 3x"},"classes":[]},{"id":2628,"url":"https:\/\/diariodegarca.com\/?p=2628","url_meta":{"origin":2068,"position":5},"title":"Mar\u00e7o Vermelho: conscientiza\u00e7\u00e3o e preven\u00e7\u00e3o do c\u00e2ncer renal","author":"Di\u00e1rio de Gar\u00e7a","date":"13 de mar\u00e7o de 2025","format":false,"excerpt":"O Mar\u00e7o Vermelho \u00e9 uma campanha dedicada \u00e0 conscientiza\u00e7\u00e3o e preven\u00e7\u00e3o do c\u00e2ncer renal, um tipo de tumor que afeta os rins e representa cerca de 2% a 3% de todos os casos de c\u00e2ncer no mundo. A iniciativa tem como objetivo alertar a popula\u00e7\u00e3o sobre os fatores de risco,\u2026","rel":"","context":"Em &quot;Brasil&quot;","block_context":{"text":"Brasil","link":"https:\/\/diariodegarca.com\/?cat=38185"},"img":{"alt_text":"","src":"","width":0,"height":0},"classes":[]}],"_links":{"self":[{"href":"https:\/\/diariodegarca.com\/index.php?rest_route=\/wp\/v2\/posts\/2068","targetHints":{"allow":["GET"]}}],"collection":[{"href":"https:\/\/diariodegarca.com\/index.php?rest_route=\/wp\/v2\/posts"}],"about":[{"href":"https:\/\/diariodegarca.com\/index.php?rest_route=\/wp\/v2\/types\/post"}],"author":[{"embeddable":true,"href":"https:\/\/diariodegarca.com\/index.php?rest_route=\/wp\/v2\/users\/260896546"}],"replies":[{"embeddable":true,"href":"https:\/\/diariodegarca.com\/index.php?rest_route=%2Fwp%2Fv2%2Fcomments&post=2068"}],"version-history":[{"count":0,"href":"https:\/\/diariodegarca.com\/index.php?rest_route=\/wp\/v2\/posts\/2068\/revisions"}],"wp:attachment":[{"href":"https:\/\/diariodegarca.com\/index.php?rest_route=%2Fwp%2Fv2%2Fmedia&parent=2068"}],"wp:term":[{"taxonomy":"category","embeddable":true,"href":"https:\/\/diariodegarca.com\/index.php?rest_route=%2Fwp%2Fv2%2Fcategories&post=2068"},{"taxonomy":"post_tag","embeddable":true,"href":"https:\/\/diariodegarca.com\/index.php?rest_route=%2Fwp%2Fv2%2Ftags&post=2068"}],"curies":[{"name":"wp","href":"https:\/\/api.w.org\/{rel}","templated":true}]}}