{"id":2095,"date":"2025-05-15T11:25:00","date_gmt":"2025-05-15T11:25:00","guid":{"rendered":"https:\/\/diariodegarca.com\/2025\/05\/15\/maio-roxo-mes-de-conscientizacao-sobre-doencas-inflamatorias-intestinais\/"},"modified":"2025-05-15T11:25:00","modified_gmt":"2025-05-15T11:25:00","slug":"maio-roxo-mes-de-conscientizacao-sobre-doencas-inflamatorias-intestinais","status":"publish","type":"post","link":"https:\/\/diariodegarca.com\/?p=2095","title":{"rendered":"Maio Roxo: m\u00eas de conscientiza\u00e7\u00e3o sobre doen\u00e7as inflamat\u00f3rias intestinais"},"content":{"rendered":"<div class=\"separator\" style=\"clear: both;text-align: center\"><a href=\"https:\/\/i0.wp.com\/blogger.googleusercontent.com\/img\/b\/R29vZ2xl\/AVvXsEjdW9duMnOzkl3CeC3QOsAzh1ZyZ1ZAKv7jpy3SueUO0adlfbl9sTDDkky9AhO3CCOYE9OzL58WPmCe8WtVYWMpi_iMDnSwQJg_lbAFn-8Vv5qSkycnHDbLZCx1Nd3j2i8QmiXZ9e6JO8LPjkEJM7ghjJyDG2G38syTvXdBReI_az4_ngN4VRyY062rjgU\/s6720\/young-lady-suffering-from-stomachache-green-shirt-looking-painful-front-view.jpg?ssl=1\" style=\"margin-left: 1em;margin-right: 1em\"><img data-recalc-dims=\"1\" loading=\"lazy\" decoding=\"async\" border=\"0\" height=\"213\" src=\"https:\/\/i0.wp.com\/blogger.googleusercontent.com\/img\/b\/R29vZ2xl\/AVvXsEjdW9duMnOzkl3CeC3QOsAzh1ZyZ1ZAKv7jpy3SueUO0adlfbl9sTDDkky9AhO3CCOYE9OzL58WPmCe8WtVYWMpi_iMDnSwQJg_lbAFn-8Vv5qSkycnHDbLZCx1Nd3j2i8QmiXZ9e6JO8LPjkEJM7ghjJyDG2G38syTvXdBReI_az4_ngN4VRyY062rjgU\/s320\/young-lady-suffering-from-stomachache-green-shirt-looking-painful-front-view.jpg?resize=320%2C213&#038;ssl=1\" width=\"320\" \/><\/a><\/div>\n<p class=\"ds-markdown-paragraph\">O\u00a0<strong>Maio Roxo<\/strong>\u00a0\u00e9 uma campanha dedicada \u00e0 conscientiza\u00e7\u00e3o sobre as\u00a0<strong>Doen\u00e7as Inflamat\u00f3rias Intestinais (DII)<\/strong>, que incluem principalmente a\u00a0<strong>Doen\u00e7a de Crohn<\/strong>\u00a0e a\u00a0<strong>Retocolite Ulcerativa<\/strong>. Essas condi\u00e7\u00f5es cr\u00f4nicas afetam o sistema digestivo, causando inflama\u00e7\u00f5es persistentes e impactando significativamente a qualidade de vida dos pacientes. A iniciativa busca\u00a0<strong>informar a popula\u00e7\u00e3o, reduzir o preconceito e incentivar o diagn\u00f3stico precoce<\/strong>, essencial para um tratamento eficaz.<\/p>\n<h3><strong>O que s\u00e3o as Doen\u00e7as Inflamat\u00f3rias Intestinais?<\/strong><\/h3>\n<p class=\"ds-markdown-paragraph\">As DII s\u00e3o dist\u00farbios cr\u00f4nicos caracterizados por\u00a0<strong>inflama\u00e7\u00f5es no trato gastrointestinal<\/strong>. Enquanto a\u00a0<strong>Doen\u00e7a de Crohn<\/strong>\u00a0pode atingir qualquer parte do sistema digestivo (da boca ao \u00e2nus), a\u00a0<strong>Retocolite Ulcerativa<\/strong>\u00a0afeta principalmente o c\u00f3lon e o reto. Ambas podem causar\u00a0<strong>dor abdominal, diarreia persistente, sangramento retal, perda de peso e fadiga<\/strong>.<\/p>\n<h3><strong>Sinais de alerta: quando procurar um m\u00e9dico?<\/strong><\/h3>\n<p class=\"ds-markdown-paragraph\">\u00c9 importante buscar ajuda m\u00e9dica se os sintomas persistirem por mais de\u00a0<strong>duas semanas<\/strong>, especialmente em casos de:<\/p>\n<p class=\"ds-markdown-paragraph\">\n<ul style=\"text-align: left\">\n<li>Diarreia frequente com sangue ou muco;<\/li>\n<li><span>Dores abdominais intensas;<\/span><\/li>\n<li><span>Perda de peso sem motivo aparente;<\/span><\/li>\n<li><span>Cansa\u00e7o excessivo e febre baixa recorrente.<\/span><\/li>\n<\/ul>\n<p class=\"ds-markdown-paragraph\">O diagn\u00f3stico precoce pode evitar complica\u00e7\u00f5es como\u00a0<strong>estenoses, f\u00edstulas e at\u00e9 risco aumentado de c\u00e2ncer colorretal<\/strong>.<\/p>\n<h3><strong>Preven\u00e7\u00e3o<\/strong><\/h3>\n<p class=\"ds-markdown-paragraph\">Embora as causas exatas das DII ainda n\u00e3o sejam totalmente conhecidas, acredita-se que envolvam\u00a0<strong>fatores gen\u00e9ticos, imunol\u00f3gicos e ambientais<\/strong>. Algumas medidas podem ajudar a\u00a0<strong>controlar os sintomas e prevenir crises<\/strong>:<\/p>\n<p class=\"ds-markdown-paragraph\">\n<ul style=\"text-align: left\">\n<li><strong>Dieta equilibrada<\/strong>, evitando alimentos que irritem o intestino (como gordura, lactose e condimentos fortes);<\/li>\n<li><strong>Controle do estresse<\/strong><span>, que pode agravar as crises;<\/span><\/li>\n<li><strong>Exerc\u00edcios f\u00edsicos moderados<\/strong><span>\u00a0para fortalecer a sa\u00fade geral;<\/span><\/li>\n<li><strong>Evitar o tabagismo<\/strong><span>, um fator de risco conhecido para a Doen\u00e7a de Crohn.<\/span><\/li>\n<\/ul>\n<h3><strong>A import\u00e2ncia do Maio Roxo<\/strong><\/h3>\n<p class=\"ds-markdown-paragraph\">A campanha\u00a0<strong>Maio Roxo<\/strong>\u00a0\u00e9 fundamental para\u00a0<strong>disseminar informa\u00e7\u00f5es corretas, combater estigmas e promover acesso a tratamentos adequados<\/strong>. No Brasil, estima-se que mais de\u00a0<strong>100 mil pessoas<\/strong>\u00a0convivam com DII, muitas sem diagn\u00f3stico. A conscientiza\u00e7\u00e3o pode\u00a0<strong>salvar vidas<\/strong>\u00a0ao incentivar a procura por especialistas e o acompanhamento cont\u00ednuo.<\/p>\n<p class=\"ds-markdown-paragraph\">Pacientes e familiares podem encontrar apoio em\u00a0<strong>associa\u00e7\u00f5es como a ABCD (Associa\u00e7\u00e3o Brasileira de Colite Ulcerativa e Doen\u00e7a de Crohn)<\/strong>, que oferecem orienta\u00e7\u00e3o e recursos para melhorar o manejo da doen\u00e7a.<\/p>\n","protected":false},"excerpt":{"rendered":"<p>O\u00a0Maio Roxo\u00a0\u00e9 uma campanha dedicada \u00e0 conscientiza\u00e7\u00e3o sobre as\u00a0Doen\u00e7as Inflamat\u00f3rias Intestinais (DII), que incluem principalmente a\u00a0Doen\u00e7a de Crohn\u00a0e a\u00a0Retocolite Ulcerativa. Essas condi\u00e7\u00f5es cr\u00f4nicas afetam o sistema digestivo, causando inflama\u00e7\u00f5es persistentes e impactando significativamente a qualidade de vida dos pacientes. A iniciativa busca\u00a0informar a popula\u00e7\u00e3o, reduzir o preconceito e incentivar o diagn\u00f3stico precoce, essencial para um [&hellip;]<\/p>\n","protected":false},"author":260896546,"featured_media":0,"comment_status":"open","ping_status":"open","sticky":false,"template":"","format":"standard","meta":{"_crdt_document":"","_monsterinsights_skip_tracking":false,"_monsterinsights_sitenote_active":false,"_monsterinsights_sitenote_note":"","_monsterinsights_sitenote_category":0,"advanced_seo_description":"","jetpack_seo_html_title":"","jetpack_seo_noindex":false,"_jetpack_newsletter_access":"","_jetpack_dont_email_post_to_subs":false,"_jetpack_newsletter_tier_id":0,"_jetpack_memberships_contains_paywalled_content":false,"_jetpack_memberships_contains_paid_content":false,"footnotes":"","jetpack_publicize_message":"","jetpack_publicize_feature_enabled":true,"jetpack_social_post_already_shared":false,"jetpack_social_options":{"image_generator_settings":{"template":"fullscreen","default_image_id":0,"font":"","enabled":false},"version":2},"_wpas_customize_per_network":false,"jetpack_post_was_ever_published":false},"categories":[38185],"tags":[781171839,781171802],"class_list":["post-2095","post","type-post","status-publish","format-standard","hentry","category-brasil","tag-campanha-mensal","tag-saude"],"jetpack_publicize_connections":[],"jetpack_featured_media_url":"","jetpack_likes_enabled":true,"jetpack_sharing_enabled":true,"jetpack_shortlink":"https:\/\/wp.me\/pgitne-xN","jetpack-related-posts":[{"id":2653,"url":"https:\/\/diariodegarca.com\/?p=2653","url_meta":{"origin":2095,"position":0},"title":"Mar\u00e7o Azul: m\u00eas de conscientiza\u00e7\u00e3o e preven\u00e7\u00e3o do c\u00e2ncer colorretal","author":"Di\u00e1rio de Gar\u00e7a","date":"11 de mar\u00e7o de 2025","format":false,"excerpt":"O Mar\u00e7o Azul \u00e9 uma campanha dedicada \u00e0 conscientiza\u00e7\u00e3o e preven\u00e7\u00e3o do c\u00e2ncer colorretal, um dos tipos de c\u00e2ncer mais comuns e que pode ser evitado com diagn\u00f3stico precoce e mudan\u00e7as no estilo de vida. A iniciativa tem o objetivo de alertar a popula\u00e7\u00e3o sobre os riscos, sintomas e medidas\u2026","rel":"","context":"Em &quot;Brasil&quot;","block_context":{"text":"Brasil","link":"https:\/\/diariodegarca.com\/?cat=38185"},"img":{"alt_text":"","src":"","width":0,"height":0},"classes":[]},{"id":2641,"url":"https:\/\/diariodegarca.com\/?p=2641","url_meta":{"origin":2095,"position":1},"title":"Mar\u00e7o Amarelo: m\u00eas de conscientiza\u00e7\u00e3o sobre a Endometriose","author":"Di\u00e1rio de Gar\u00e7a","date":"12 de mar\u00e7o de 2025","format":false,"excerpt":"O Mar\u00e7o Amarelo \u00e9 uma campanha dedicada \u00e0 conscientiza\u00e7\u00e3o sobre a endometriose, uma doen\u00e7a cr\u00f4nica que afeta aproximadamente 10% das mulheres em idade reprodutiva no mundo, segundo a Organiza\u00e7\u00e3o Mundial da Sa\u00fade (OMS).\u00a0A iniciativa busca informar a popula\u00e7\u00e3o sobre os sintomas, tratamentos e a import\u00e2ncia do diagn\u00f3stico precoce, al\u00e9m de\u2026","rel":"","context":"Em &quot;Brasil&quot;","block_context":{"text":"Brasil","link":"https:\/\/diariodegarca.com\/?cat=38185"},"img":{"alt_text":"","src":"","width":0,"height":0},"classes":[]},{"id":6769,"url":"https:\/\/diariodegarca.com\/?p=6769","url_meta":{"origin":2095,"position":2},"title":"Setembro Roxo\/Lil\u00e1s: campanha por visibilidade e acolhimento \u00e0s doen\u00e7as cr\u00f4nicas","author":"Di\u00e1rio de Gar\u00e7a","date":"15 de setembro de 2025","format":false,"excerpt":"Iniciativas buscam informar a sociedade, combater o estigma e destacar a import\u00e2ncia do diagn\u00f3stico precoce e do suporte a pacientes e fam\u00edlias que convivem com Fibromialgia, Alzheimer e L\u00fapus. O m\u00eas de setembro \u00e9 marcado por campanhas v\u00e1rias campanhas importantes, entre elas: o\u00a0Setembro Roxo, de viabiliza\u00e7\u00e3o ao L\u00fapus e a\u2026","rel":"","context":"Em &quot;Campanha mensal&quot;","block_context":{"text":"Campanha mensal","link":"https:\/\/diariodegarca.com\/?cat=582590134"},"img":{"alt_text":"","src":"https:\/\/i0.wp.com\/diariodegarca.com\/wp-content\/uploads\/2025\/09\/satisfeita-com-os-olhos-fechados-uma-bela-jovem-vestindo-um-sueter-de-gola-alta-marrom-colocando-as-maos-no-ombro-isolado-na-parede-roxa.jpg?fit=1200%2C800&ssl=1&resize=350%2C200","width":350,"height":200,"srcset":"https:\/\/i0.wp.com\/diariodegarca.com\/wp-content\/uploads\/2025\/09\/satisfeita-com-os-olhos-fechados-uma-bela-jovem-vestindo-um-sueter-de-gola-alta-marrom-colocando-as-maos-no-ombro-isolado-na-parede-roxa.jpg?fit=1200%2C800&ssl=1&resize=350%2C200 1x, https:\/\/i0.wp.com\/diariodegarca.com\/wp-content\/uploads\/2025\/09\/satisfeita-com-os-olhos-fechados-uma-bela-jovem-vestindo-um-sueter-de-gola-alta-marrom-colocando-as-maos-no-ombro-isolado-na-parede-roxa.jpg?fit=1200%2C800&ssl=1&resize=525%2C300 1.5x, https:\/\/i0.wp.com\/diariodegarca.com\/wp-content\/uploads\/2025\/09\/satisfeita-com-os-olhos-fechados-uma-bela-jovem-vestindo-um-sueter-de-gola-alta-marrom-colocando-as-maos-no-ombro-isolado-na-parede-roxa.jpg?fit=1200%2C800&ssl=1&resize=700%2C400 2x, https:\/\/i0.wp.com\/diariodegarca.com\/wp-content\/uploads\/2025\/09\/satisfeita-com-os-olhos-fechados-uma-bela-jovem-vestindo-um-sueter-de-gola-alta-marrom-colocando-as-maos-no-ombro-isolado-na-parede-roxa.jpg?fit=1200%2C800&ssl=1&resize=1050%2C600 3x"},"classes":[]},{"id":6392,"url":"https:\/\/diariodegarca.com\/?p=6392","url_meta":{"origin":2095,"position":3},"title":"Setembro Verde: campanha para transforma a morte em vida","author":"Di\u00e1rio de Gar\u00e7a","date":"5 de setembro de 2025","format":false,"excerpt":"Campanha nacional de conscientiza\u00e7\u00e3o sobre doa\u00e7\u00e3o de \u00f3rg\u00e3os busca vencer a desinforma\u00e7\u00e3o e salvar milhares de vidas. Entenda a import\u00e2ncia, o processo legal e como expressar sua vontade. Setembro chega ao Brasil vestido de verde, a cor internacional da doa\u00e7\u00e3o de \u00f3rg\u00e3os. Muito al\u00e9m de uma campanha de conscientiza\u00e7\u00e3o, o\u2026","rel":"","context":"Em &quot;Brasil&quot;","block_context":{"text":"Brasil","link":"https:\/\/diariodegarca.com\/?cat=38185"},"img":{"alt_text":"","src":"https:\/\/i0.wp.com\/diariodegarca.com\/wp-content\/uploads\/2025\/09\/dia-mundial-da-saude-mental-fita-verde-colocada-nas-maos-de-humanos-sobre-fundo-azul.jpg?fit=1200%2C800&ssl=1&resize=350%2C200","width":350,"height":200,"srcset":"https:\/\/i0.wp.com\/diariodegarca.com\/wp-content\/uploads\/2025\/09\/dia-mundial-da-saude-mental-fita-verde-colocada-nas-maos-de-humanos-sobre-fundo-azul.jpg?fit=1200%2C800&ssl=1&resize=350%2C200 1x, https:\/\/i0.wp.com\/diariodegarca.com\/wp-content\/uploads\/2025\/09\/dia-mundial-da-saude-mental-fita-verde-colocada-nas-maos-de-humanos-sobre-fundo-azul.jpg?fit=1200%2C800&ssl=1&resize=525%2C300 1.5x, https:\/\/i0.wp.com\/diariodegarca.com\/wp-content\/uploads\/2025\/09\/dia-mundial-da-saude-mental-fita-verde-colocada-nas-maos-de-humanos-sobre-fundo-azul.jpg?fit=1200%2C800&ssl=1&resize=700%2C400 2x, https:\/\/i0.wp.com\/diariodegarca.com\/wp-content\/uploads\/2025\/09\/dia-mundial-da-saude-mental-fita-verde-colocada-nas-maos-de-humanos-sobre-fundo-azul.jpg?fit=1200%2C800&ssl=1&resize=1050%2C600 3x"},"classes":[]},{"id":2870,"url":"https:\/\/diariodegarca.com\/?p=2870","url_meta":{"origin":2095,"position":4},"title":"Fevereiro Roxo e Laranja: conscientiza\u00e7\u00e3o e cuidados com a sa\u00fade","author":"Di\u00e1rio de Gar\u00e7a","date":"8 de fevereiro de 2025","format":false,"excerpt":"Fevereiro \u00e9 um m\u00eas marcado por duas importantes campanhas de conscientiza\u00e7\u00e3o: o Fevereiro Roxo, que alerta sobre l\u00fapus, fibromialgia e Alzheimer, e o Fevereiro Laranja, dedicado \u00e0 leucemia. Essas iniciativas t\u00eam o objetivo de informar a popula\u00e7\u00e3o sobre os sintomas dessas doen\u00e7as, incentivar o diagn\u00f3stico precoce e destacar a import\u00e2ncia\u2026","rel":"","context":"Em &quot;Brasil&quot;","block_context":{"text":"Brasil","link":"https:\/\/diariodegarca.com\/?cat=38185"},"img":{"alt_text":"","src":"","width":0,"height":0},"classes":[]},{"id":3955,"url":"https:\/\/diariodegarca.com\/?p=3955","url_meta":{"origin":2095,"position":5},"title":"Junho Roxo: m\u00eas de conscientiza\u00e7\u00e3o sobre a esclerose m\u00faltipla","author":"Di\u00e1rio de Gar\u00e7a","date":"16 de junho de 2025","format":false,"excerpt":"Campanha busca informar a popula\u00e7\u00e3o sobre a doen\u00e7a neurol\u00f3gica cr\u00f4nica, seus sintomas e tratamentos, al\u00e9m de refor\u00e7ar a import\u00e2ncia do diagn\u00f3stico precoce A esclerose m\u00faltipla (EM) \u00e9 uma doen\u00e7a neurol\u00f3gica, cr\u00f4nica e autoimune que afeta o sistema nervoso central, comprometendo a comunica\u00e7\u00e3o entre o c\u00e9rebro e o corpo. Para ampliar\u2026","rel":"","context":"Em &quot;Campanha mensal&quot;","block_context":{"text":"Campanha mensal","link":"https:\/\/diariodegarca.com\/?cat=582590134"},"img":{"alt_text":"","src":"https:\/\/i0.wp.com\/diariodegarca.com\/wp-content\/uploads\/2025\/06\/mulher-triste-no-lar-de-idosos.jpg?fit=1200%2C800&ssl=1&resize=350%2C200","width":350,"height":200,"srcset":"https:\/\/i0.wp.com\/diariodegarca.com\/wp-content\/uploads\/2025\/06\/mulher-triste-no-lar-de-idosos.jpg?fit=1200%2C800&ssl=1&resize=350%2C200 1x, https:\/\/i0.wp.com\/diariodegarca.com\/wp-content\/uploads\/2025\/06\/mulher-triste-no-lar-de-idosos.jpg?fit=1200%2C800&ssl=1&resize=525%2C300 1.5x, https:\/\/i0.wp.com\/diariodegarca.com\/wp-content\/uploads\/2025\/06\/mulher-triste-no-lar-de-idosos.jpg?fit=1200%2C800&ssl=1&resize=700%2C400 2x, https:\/\/i0.wp.com\/diariodegarca.com\/wp-content\/uploads\/2025\/06\/mulher-triste-no-lar-de-idosos.jpg?fit=1200%2C800&ssl=1&resize=1050%2C600 3x"},"classes":[]}],"_links":{"self":[{"href":"https:\/\/diariodegarca.com\/index.php?rest_route=\/wp\/v2\/posts\/2095","targetHints":{"allow":["GET"]}}],"collection":[{"href":"https:\/\/diariodegarca.com\/index.php?rest_route=\/wp\/v2\/posts"}],"about":[{"href":"https:\/\/diariodegarca.com\/index.php?rest_route=\/wp\/v2\/types\/post"}],"author":[{"embeddable":true,"href":"https:\/\/diariodegarca.com\/index.php?rest_route=\/wp\/v2\/users\/260896546"}],"replies":[{"embeddable":true,"href":"https:\/\/diariodegarca.com\/index.php?rest_route=%2Fwp%2Fv2%2Fcomments&post=2095"}],"version-history":[{"count":0,"href":"https:\/\/diariodegarca.com\/index.php?rest_route=\/wp\/v2\/posts\/2095\/revisions"}],"wp:attachment":[{"href":"https:\/\/diariodegarca.com\/index.php?rest_route=%2Fwp%2Fv2%2Fmedia&parent=2095"}],"wp:term":[{"taxonomy":"category","embeddable":true,"href":"https:\/\/diariodegarca.com\/index.php?rest_route=%2Fwp%2Fv2%2Fcategories&post=2095"},{"taxonomy":"post_tag","embeddable":true,"href":"https:\/\/diariodegarca.com\/index.php?rest_route=%2Fwp%2Fv2%2Ftags&post=2095"}],"curies":[{"name":"wp","href":"https:\/\/api.w.org\/{rel}","templated":true}]}}