{"id":2099,"date":"2025-05-14T20:56:00","date_gmt":"2025-05-14T20:56:00","guid":{"rendered":"https:\/\/diariodegarca.com\/2025\/05\/14\/audiencia-publica-virtual-discutira-orcamento-do-estado-para-marilia-e-regiao-em-2026\/"},"modified":"2025-05-14T20:56:00","modified_gmt":"2025-05-14T20:56:00","slug":"audiencia-publica-virtual-discutira-orcamento-do-estado-para-marilia-e-regiao-em-2026","status":"publish","type":"post","link":"https:\/\/diariodegarca.com\/?p=2099","title":{"rendered":"Audi\u00eancia p\u00fablica virtual discutir\u00e1 or\u00e7amento do Estado para Mar\u00edlia e regi\u00e3o em 2026"},"content":{"rendered":"<div class=\"separator\" style=\"clear: both;text-align: center\"><a href=\"https:\/\/i0.wp.com\/blogger.googleusercontent.com\/img\/b\/R29vZ2xl\/AVvXsEhDH7z5RoBio9stQNCjVf-8rrLzmEPkCHLeGNxE2dX1ffS7mse4PEto9FFkjUg9qtkAB7Bx1BonmEEcdjSN6hpqetxy-H_kVmDz9FgnQuw0tOkOO3NtuCC0f6-snOaJ8HCGiia7OhAR13G-0mhwdgqZ58I3oqfZzE4FNX-HNPbWtNpM0B8DnEUk2fiY6fk\/s984\/marilia.webp?ssl=1\" style=\"margin-left: 1em;margin-right: 1em\"><img data-recalc-dims=\"1\" loading=\"lazy\" decoding=\"async\" border=\"0\" height=\"234\" src=\"https:\/\/i0.wp.com\/blogger.googleusercontent.com\/img\/b\/R29vZ2xl\/AVvXsEhDH7z5RoBio9stQNCjVf-8rrLzmEPkCHLeGNxE2dX1ffS7mse4PEto9FFkjUg9qtkAB7Bx1BonmEEcdjSN6hpqetxy-H_kVmDz9FgnQuw0tOkOO3NtuCC0f6-snOaJ8HCGiia7OhAR13G-0mhwdgqZ58I3oqfZzE4FNX-HNPbWtNpM0B8DnEUk2fiY6fk\/w400-h234\/marilia.webp?resize=400%2C234&#038;ssl=1\" width=\"400\" \/><\/a><\/div>\n<p class=\"ds-markdown-paragraph\">Nesta quinta-feira, dia 15 de maio, a cidade de Mar\u00edlia sediar\u00e1 uma audi\u00eancia p\u00fablica virtual promovida pela Secretaria da Fazenda e Planejamento do Estado de S\u00e3o Paulo para debater a proposta or\u00e7ament\u00e1ria de 2026. O evento, que <b>abrange n\u00e3o apenas Mar\u00edlia mas toda a regi\u00e3o<\/b>, tem como objetivo apresentar as prioridades de investimentos do governo estadual e ouvir sugest\u00f5es da popula\u00e7\u00e3o.<\/p>\n<p class=\"ds-markdown-paragraph\">A audi\u00eancia atende \u00e0s exig\u00eancias da Lei de Responsabilidade Fiscal e da Lei de Diretrizes Or\u00e7ament\u00e1rias (LDO), garantindo transpar\u00eancia no planejamento dos recursos p\u00fablicos. Al\u00e9m de expor os projetos previstos, o encontro permite que cidad\u00e3os, entidades civis e representantes da administra\u00e7\u00e3o p\u00fablica manifestem suas demandas em \u00e1reas como sa\u00fade, educa\u00e7\u00e3o, meio ambiente, infraestrutura e seguran\u00e7a.<\/p>\n<p class=\"ds-markdown-paragraph\">A participa\u00e7\u00e3o ocorrer\u00e1 de forma remota, por meio da plataforma Microsoft Teams. <a href=\"https:\/\/teams.microsoft.com\/dl\/launcher\/launcher.html?url=%2F_%23%2Fl%2Fmeetup-join%2F19%3Ameeting_MGNiYWRmMWYtYTRlOC00OGUxLWExZDgtMTE3OWM1Mjg5YzM1%40thread.v2%2F0%3Fcontext%3D%257b%2522Tid%2522%253a%2522ccb3a8f5-7e40-4e20-9b73-2a6bd0be61a4%2522%252c%2522Oid%2522%253a%2522982158c7-613a-4915-98d8-6deb59bed22b%2522%257d%26anon%3Dtrue&amp;type=meetup-join&amp;deeplinkId=74479d16-ff40-43f5-a7b3-87775bca3ba4&amp;directDl=true&amp;msLaunch=true&amp;enableMobilePage=true&amp;suppressPrompt=true\" target=\"_blank\">O link de acesso est\u00e1 dispon\u00edvel para que interessados<\/a> possam acompanhar as discuss\u00f5es e contribuir com propostas. A iniciativa refor\u00e7a a import\u00e2ncia da participa\u00e7\u00e3o popular na defini\u00e7\u00e3o de pol\u00edticas p\u00fablicas que impactam diretamente o desenvolvimento regional.<\/p>\n","protected":false},"excerpt":{"rendered":"<p>Nesta quinta-feira, dia 15 de maio, a cidade de Mar\u00edlia sediar\u00e1 uma audi\u00eancia p\u00fablica virtual promovida pela Secretaria da Fazenda e Planejamento do Estado de S\u00e3o Paulo para debater a proposta or\u00e7ament\u00e1ria de 2026. O evento, que abrange n\u00e3o apenas Mar\u00edlia mas toda a regi\u00e3o, tem como objetivo apresentar as prioridades de investimentos do governo [&hellip;]<\/p>\n","protected":false},"author":260896546,"featured_media":0,"comment_status":"open","ping_status":"open","sticky":false,"template":"","format":"standard","meta":{"_monsterinsights_skip_tracking":false,"advanced_seo_description":"","jetpack_seo_html_title":"","jetpack_seo_noindex":false,"jetpack_seo_schema_type":"","_jetpack_newsletter_access":"","_jetpack_dont_email_post_to_subs":false,"_jetpack_newsletter_tier_id":0,"_jetpack_memberships_contains_paywalled_content":false,"_wpcom_ai_launchpad_first_post":false,"_jetpack_feature_clip_id":0,"_jetpack_memberships_contains_paid_content":false,"footnotes":"","jetpack_publicize_message":"{title}\n\n{excerpt}\n\n{url}","jetpack_publicize_feature_enabled":true,"jetpack_social_post_already_shared":false,"jetpack_social_options":{"image_generator_settings":{"template":"fullscreen","default_image_id":0,"font":"","enabled":false},"version":2},"_wpas_customize_per_network":false,"jetpack_post_was_ever_published":false},"categories":[38185],"tags":[781171834,781171801,781171827,781171816,222752,781171815,781171809],"class_list":["post-2099","post","type-post","status-publish","format-standard","hentry","category-brasil","tag-alvaro-de-carvalho","tag-brasil","tag-fernao","tag-galia","tag-marilia","tag-pompeia","tag-vera-cruz"],"jetpack_publicize_connections":[],"jetpack_likes_enabled":true,"jetpack_sharing_enabled":true,"jetpack_shortlink":"https:\/\/wp.me\/pgitne-xR","jetpack-related-posts":[{"id":2733,"url":"https:\/\/diariodegarca.com\/?p=2733","url_meta":{"origin":2099,"position":0},"title":"Opera\u00e7\u00e3o Adaga prende homem condenado por homic\u00eddio em Mar\u00edlia","author":"Di\u00e1rio de Gar\u00e7a","date":"28 de fevereiro de 2025","format":false,"excerpt":"Na tarde de ontem, 27 de fevereiro, por volta das 18h30, policiais militares do 9\u00ba Batalh\u00e3o de Pol\u00edcia Militar do Interior prenderam um homem procurado pela justi\u00e7a no bairro Jardim Calif\u00f3rnia, em Mar\u00edlia. A a\u00e7\u00e3o faz parte da Opera\u00e7\u00e3o Adaga, iniciativa que visa capturar foragidos com mandados de pris\u00e3o em\u2026","rel":"","context":"Em &quot;Brasil&quot;","block_context":{"text":"Brasil","link":"https:\/\/diariodegarca.com\/?cat=38185"},"img":{"alt_text":"","src":"","width":0,"height":0},"classes":[]},{"id":2569,"url":"https:\/\/diariodegarca.com\/?p=2569","url_meta":{"origin":2099,"position":1},"title":"Homem \u00e9 preso em flagrante por roubo ap\u00f3s a\u00e7\u00e3o r\u00e1pida da ROCAM em Mar\u00edlia","author":"Di\u00e1rio de Gar\u00e7a","date":"21 de mar\u00e7o de 2025","format":false,"excerpt":"Na quinta-feira, dia 20 de mar\u00e7o, por volta das 18h, as equipes do ROCAM (Rondas Ostensivas Com Apoio e Motocicletas) do 9\u00ba Batalh\u00e3o de Pol\u00edcia Militar do Interior prenderam um homem em flagrante por roubo na regi\u00e3o central de Mar\u00edlia. A a\u00e7\u00e3o foi desencadeada ap\u00f3s o COPOM (Centro de Opera\u00e7\u00f5es\u2026","rel":"","context":"Em &quot;Brasil&quot;","block_context":{"text":"Brasil","link":"https:\/\/diariodegarca.com\/?cat=38185"},"img":{"alt_text":"","src":"","width":0,"height":0},"classes":[]},{"id":2910,"url":"https:\/\/diariodegarca.com\/?p=2910","url_meta":{"origin":2099,"position":2},"title":"Pol\u00edcia Militar prende homem por furto em Mar\u00edlia","author":"Di\u00e1rio de Gar\u00e7a","date":"3 de fevereiro de 2025","format":false,"excerpt":"Na tarde de domingo, dia 2 de fevereiro, policiais militares do 9\u00ba Batalh\u00e3o de Pol\u00edcia Militar do Interior prenderam um homem por furto em Mar\u00edlia.\u00a0O indiv\u00edduo, j\u00e1 conhecido pela pr\u00e1tica de crimes semelhantes, foi capturado ap\u00f3s intensifica\u00e7\u00e3o do patrulhamento na regi\u00e3o.\u00a0A a\u00e7\u00e3o foi desencadeada ap\u00f3s um furto em um estabelecimento\u2026","rel":"","context":"Em &quot;Brasil&quot;","block_context":{"text":"Brasil","link":"https:\/\/diariodegarca.com\/?cat=38185"},"img":{"alt_text":"","src":"","width":0,"height":0},"classes":[]},{"id":2455,"url":"https:\/\/diariodegarca.com\/?p=2455","url_meta":{"origin":2099,"position":3},"title":"Homem \u00e9 preso em flagrante por furto de ve\u00edculo em Mar\u00edlia","author":"Di\u00e1rio de Gar\u00e7a","date":"6 de abril de 2025","format":false,"excerpt":"Na noite de s\u00e1bado, dia 5 de abril, equipes do Radiopatrulhamento do 9\u00ba Batalh\u00e3o de Pol\u00edcia Militar do Interior prenderam em flagrante um homem acusado de furtar um ve\u00edculo em Mar\u00edlia. O carro foi recuperado e devolvido ao propriet\u00e1rio horas ap\u00f3s o crime.\u00a0\u00a0O caso ocorreu por volta das 22h, ap\u00f3s\u2026","rel":"","context":"Em &quot;Brasil&quot;","block_context":{"text":"Brasil","link":"https:\/\/diariodegarca.com\/?cat=38185"},"img":{"alt_text":"","src":"","width":0,"height":0},"classes":[]},{"id":3861,"url":"https:\/\/diariodegarca.com\/?p=3861","url_meta":{"origin":2099,"position":4},"title":"Pol\u00edcia Militar desarticula rede de drogas e prende procurados em Mar\u00edlia e Echapor\u00e3","author":"Di\u00e1rio de Gar\u00e7a","date":"10 de junho de 2025","format":false,"excerpt":"Opera\u00e7\u00f5es da For\u00e7a T\u00e1tica resultam em apreens\u00e3o de entorpecentes, armas e captura de criminosos A Pol\u00edcia Militar do Estado de S\u00e3o Paulo segue atuando no combate ao crime, seja no enfrentamento ao tr\u00e1fico de drogas, na apreens\u00e3o de armas ilegais ou na captura de procurados pela justi\u00e7a. Opera\u00e7\u00f5es recentes do\u2026","rel":"","context":"Em &quot;Echapor\u00e3&quot;","block_context":{"text":"Echapor\u00e3","link":"https:\/\/diariodegarca.com\/?cat=9098997"},"img":{"alt_text":"","src":"","width":0,"height":0},"classes":[]},{"id":2859,"url":"https:\/\/diariodegarca.com\/?p=2859","url_meta":{"origin":2099,"position":5},"title":"PM prende homem por viol\u00eancia dom\u00e9stica e mulher por suspeita de tr\u00e1fico de drogas em Gar\u00e7a","author":"Di\u00e1rio de Gar\u00e7a","date":"10 de fevereiro de 2025","format":false,"excerpt":"No \u00faltimo domingo, dia 9 de fevereiro, a Pol\u00edcia Militar realizou duas pris\u00f5es em bairros distintos de Gar\u00e7a.\u00a0Um homem foi detido por viol\u00eancia dom\u00e9stica no bairro Salgueiro, enquanto uma mulher foi presa por suspeita de tr\u00e1fico de drogas durante a Opera\u00e7\u00e3o Impacto, no bairro Labien\u00f3polis. Ambos aguardam audi\u00eancia de cust\u00f3dia.\u00a0\u00a0No\u2026","rel":"","context":"Em &quot;Brasil&quot;","block_context":{"text":"Brasil","link":"https:\/\/diariodegarca.com\/?cat=38185"},"img":{"alt_text":"","src":"","width":0,"height":0},"classes":[]}],"jetpack_featured_media_url":"","_links":{"self":[{"href":"https:\/\/diariodegarca.com\/index.php?rest_route=\/wp\/v2\/posts\/2099","targetHints":{"allow":["GET"]}}],"collection":[{"href":"https:\/\/diariodegarca.com\/index.php?rest_route=\/wp\/v2\/posts"}],"about":[{"href":"https:\/\/diariodegarca.com\/index.php?rest_route=\/wp\/v2\/types\/post"}],"author":[{"embeddable":true,"href":"https:\/\/diariodegarca.com\/index.php?rest_route=\/wp\/v2\/users\/260896546"}],"replies":[{"embeddable":true,"href":"https:\/\/diariodegarca.com\/index.php?rest_route=%2Fwp%2Fv2%2Fcomments&post=2099"}],"version-history":[{"count":0,"href":"https:\/\/diariodegarca.com\/index.php?rest_route=\/wp\/v2\/posts\/2099\/revisions"}],"wp:attachment":[{"href":"https:\/\/diariodegarca.com\/index.php?rest_route=%2Fwp%2Fv2%2Fmedia&parent=2099"}],"wp:term":[{"taxonomy":"category","embeddable":true,"href":"https:\/\/diariodegarca.com\/index.php?rest_route=%2Fwp%2Fv2%2Fcategories&post=2099"},{"taxonomy":"post_tag","embeddable":true,"href":"https:\/\/diariodegarca.com\/index.php?rest_route=%2Fwp%2Fv2%2Ftags&post=2099"}],"curies":[{"name":"wp","href":"https:\/\/api.w.org\/{rel}","templated":true}]}}