{"id":2103,"date":"2025-05-14T16:26:00","date_gmt":"2025-05-14T16:26:00","guid":{"rendered":"https:\/\/diariodegarca.com\/2025\/05\/14\/djamila-ribeiro-discute-literatura-poder-e-lugar-de-fala-em-palestra-online-gratuita\/"},"modified":"2025-05-14T16:26:00","modified_gmt":"2025-05-14T16:26:00","slug":"djamila-ribeiro-discute-literatura-poder-e-lugar-de-fala-em-palestra-online-gratuita","status":"publish","type":"post","link":"https:\/\/diariodegarca.com\/?p=2103","title":{"rendered":"Djamila Ribeiro discute literatura, poder e lugar de fala em palestra online gratuita"},"content":{"rendered":"<\/p>\n<div>\n  <a href=\"https:\/\/blogger.googleusercontent.com\/img\/a\/AVvXsEi7PfBH9tJTUPqazIaDWX3Vc19atHF925MPKn5pyHupCT-lQleOeGO6BGJCk7U_3PS1XzF4_IhQ0HJ-eAExUBJGnYCgBngI_MelB_CTEsDH4Dxngmz27Plx18OzadzaUimqRp0H2dWUoUiC-td9YvmRZd0RcSlhr5bv2RAzhQ1B5TgjBVdpiLi6t5NRMxw\"><br \/>\n    <img decoding=\"async\" border=\"0\" src=\"https:\/\/blogger.googleusercontent.com\/img\/a\/AVvXsEi7PfBH9tJTUPqazIaDWX3Vc19atHF925MPKn5pyHupCT-lQleOeGO6BGJCk7U_3PS1XzF4_IhQ0HJ-eAExUBJGnYCgBngI_MelB_CTEsDH4Dxngmz27Plx18OzadzaUimqRp0H2dWUoUiC-td9YvmRZd0RcSlhr5bv2RAzhQ1B5TgjBVdpiLi6t5NRMxw\" width=\"400\"><br \/>\n  <\/a>\n<\/div>\n<p><\/p>\n<p>No pr\u00f3ximo dia <strong>20 de maio<\/strong>, das <strong>15h \u00e0s 16h30<\/strong>, a fil\u00f3sofa, escritora e ativista <strong>Djamila Ribeiro<\/strong> ministrar\u00e1 a palestra online <strong>\u201cQuem conta as hist\u00f3rias? Literatura, poder e lugar de fala\u201d<\/strong>, promovida pela <strong>BibliON<\/strong>, biblioteca digital da Secretaria de Cultura e Economia Criativa do Estado de S\u00e3o Paulo.\u00a0<\/p>\n<p>O evento, que ser\u00e1 transmitido <strong>ao vivo pelo YouTube<\/strong> e contar\u00e1 com <strong>tradu\u00e7\u00e3o em Libras<\/strong>, abordar\u00e1 temas como o <strong>c\u00e2none liter\u00e1rio<\/strong>, <strong>acesso \u00e0 literatura no Brasil<\/strong> e o <strong>papel das bibliotecas na amplia\u00e7\u00e3o de vozes marginalizadas<\/strong>.<\/p>\n<p>Autora de obras como <strong>\u201cPequeno Manual Antirracista\u201d<\/strong> e <strong>\u201cLugar de Fala\u201d<\/strong> \u2013 que juntas venderam mais de <strong>1 milh\u00e3o de exemplares<\/strong> \u2013, Djamila Ribeiro \u00e9 refer\u00eancia nacional em debates sobre <strong>equidade racial<\/strong>, <strong>feminismos plurais<\/strong> e <strong>descoloniza\u00e7\u00e3o do conhecimento<\/strong>.\u00a0<\/p>\n<p>A palestra integra uma iniciativa para fomentar a diversidade na produ\u00e7\u00e3o liter\u00e1ria e questionar <strong>quem tem o direito de narrar hist\u00f3rias<\/strong> no cen\u00e1rio cultural brasileiro.<\/p>\n<h3>Como participar<\/h3>\n<ul>\n<li><strong>Inscri\u00e7\u00f5es gratuitas<\/strong>: <a href=\"https:\/\/cadastro.siseb.org.br\/biblion\/inscrito\/novo\">cadastro.siseb.org.br\/biblion<\/a><\/li>\n<li><strong>Transmiss\u00e3o ao vivo<\/strong>: <a href=\"https:\/\/www.youtube.com\/watch?v=MZIjO98eEDo\">YouTube da BibliON<\/a><\/li>\n<\/ul>\n<p>A BibliON \u00e9 gerida pela <strong>SP Leituras\u00a0<\/strong>e oferece um acervo digital com obras de autores diversos, incluindo t\u00edtulos de Djamila Ribeiro.<\/p>\n","protected":false},"excerpt":{"rendered":"<p>No pr\u00f3ximo dia 20 de maio, das 15h \u00e0s 16h30, a fil\u00f3sofa, escritora e ativista Djamila Ribeiro ministrar\u00e1 a palestra online \u201cQuem conta as hist\u00f3rias? Literatura, poder e lugar de fala\u201d, promovida pela BibliON, biblioteca digital da Secretaria de Cultura e Economia Criativa do Estado de S\u00e3o Paulo.\u00a0 O evento, que ser\u00e1 transmitido ao vivo [&hellip;]<\/p>\n","protected":false},"author":260896546,"featured_media":0,"comment_status":"open","ping_status":"open","sticky":false,"template":"","format":"standard","meta":{"_crdt_document":"","_monsterinsights_skip_tracking":false,"_monsterinsights_sitenote_active":false,"_monsterinsights_sitenote_note":"","_monsterinsights_sitenote_category":0,"advanced_seo_description":"","jetpack_seo_html_title":"","jetpack_seo_noindex":false,"_jetpack_newsletter_access":"","_jetpack_dont_email_post_to_subs":false,"_jetpack_newsletter_tier_id":0,"_jetpack_memberships_contains_paywalled_content":false,"_jetpack_memberships_contains_paid_content":false,"footnotes":"","jetpack_publicize_message":"","jetpack_publicize_feature_enabled":true,"jetpack_social_post_already_shared":false,"jetpack_social_options":{"image_generator_settings":{"template":"fullscreen","default_image_id":0,"font":"","enabled":false},"version":2},"_wpas_customize_per_network":false,"jetpack_post_was_ever_published":false},"categories":[38185],"tags":[781171790,781171800],"class_list":["post-2103","post","type-post","status-publish","format-standard","hentry","category-brasil","tag-cultura","tag-curso"],"jetpack_publicize_connections":[],"jetpack_featured_media_url":"","jetpack_likes_enabled":true,"jetpack_sharing_enabled":true,"jetpack_shortlink":"https:\/\/wp.me\/pgitne-xV","jetpack-related-posts":[{"id":8604,"url":"https:\/\/diariodegarca.com\/?p=8604","url_meta":{"origin":2103,"position":0},"title":"CultSP PRO oferece semana especial cultural de qualifica\u00e7\u00e3o com palestras online gratuitas","author":"Andreza Sega","date":"10 de novembro de 2025","format":false,"excerpt":"A Semana Especial do CULTSP PRO, de 10 a 17 de novembro, oferece palestras online gratuitas sobre economia criativa, abordando temas como audiovisual, games e literatura, com foco no desenvolvimento profissional.","rel":"","context":"Em &quot;Cultura&quot;","block_context":{"text":"Cultura","link":"https:\/\/diariodegarca.com\/?cat=2367"},"img":{"alt_text":"","src":"https:\/\/i0.wp.com\/diariodegarca.com\/wp-content\/uploads\/2025\/11\/grupo-de-amigos-planejando-uma-viagem-em-um-cafe.jpg?fit=1200%2C800&ssl=1&resize=350%2C200","width":350,"height":200,"srcset":"https:\/\/i0.wp.com\/diariodegarca.com\/wp-content\/uploads\/2025\/11\/grupo-de-amigos-planejando-uma-viagem-em-um-cafe.jpg?fit=1200%2C800&ssl=1&resize=350%2C200 1x, https:\/\/i0.wp.com\/diariodegarca.com\/wp-content\/uploads\/2025\/11\/grupo-de-amigos-planejando-uma-viagem-em-um-cafe.jpg?fit=1200%2C800&ssl=1&resize=525%2C300 1.5x, https:\/\/i0.wp.com\/diariodegarca.com\/wp-content\/uploads\/2025\/11\/grupo-de-amigos-planejando-uma-viagem-em-um-cafe.jpg?fit=1200%2C800&ssl=1&resize=700%2C400 2x, https:\/\/i0.wp.com\/diariodegarca.com\/wp-content\/uploads\/2025\/11\/grupo-de-amigos-planejando-uma-viagem-em-um-cafe.jpg?fit=1200%2C800&ssl=1&resize=1050%2C600 3x"},"classes":[]},{"id":7577,"url":"https:\/\/diariodegarca.com\/?p=7577","url_meta":{"origin":2103,"position":1},"title":"Literatura japonesa contempor\u00e2nea \u00e9 tema de palestra online com a tradutora Rita Kohl","author":"Andreza Sega","date":"9 de outubro de 2025","format":false,"excerpt":"Especialista abordar\u00e1 obras de Murakami, Yoshimoto e Murata, explorando temas como solid\u00e3o, mem\u00f3ria e o di\u00e1logo com o leitor brasileiro. Inscri\u00e7\u00f5es gratuitas. A cena liter\u00e1ria japonesa, com sua capacidade \u00fanica de mesclar o cotidiano com o fant\u00e1stico e explorar profundamente a psique humana, tem conquistado um n\u00famero crescente de leitores\u2026","rel":"","context":"Em &quot;Cultura&quot;","block_context":{"text":"Cultura","link":"https:\/\/diariodegarca.com\/?cat=2367"},"img":{"alt_text":"","src":"https:\/\/i0.wp.com\/diariodegarca.com\/wp-content\/uploads\/2025\/10\/palestrante.png?fit=1200%2C992&ssl=1&resize=350%2C200","width":350,"height":200,"srcset":"https:\/\/i0.wp.com\/diariodegarca.com\/wp-content\/uploads\/2025\/10\/palestrante.png?fit=1200%2C992&ssl=1&resize=350%2C200 1x, https:\/\/i0.wp.com\/diariodegarca.com\/wp-content\/uploads\/2025\/10\/palestrante.png?fit=1200%2C992&ssl=1&resize=525%2C300 1.5x, https:\/\/i0.wp.com\/diariodegarca.com\/wp-content\/uploads\/2025\/10\/palestrante.png?fit=1200%2C992&ssl=1&resize=700%2C400 2x, https:\/\/i0.wp.com\/diariodegarca.com\/wp-content\/uploads\/2025\/10\/palestrante.png?fit=1200%2C992&ssl=1&resize=1050%2C600 3x"},"classes":[]},{"id":5135,"url":"https:\/\/diariodegarca.com\/?p=5135","url_meta":{"origin":2103,"position":2},"title":"&#8220;Patativa, Presente!&#8221;: neto de Patativa do Assar\u00e9 celebra legado do poeta em palestra online","author":"Di\u00e1rio de Gar\u00e7a","date":"29 de julho de 2025","format":false,"excerpt":"Evento gratuito na BDB Cultural mergulha na vida e obra do \u00edcone da literatura de cordel, com recita\u00e7\u00e3o de cl\u00e1ssicos e visita virtual ao memorial do artista. Em homenagem ao Dia do Poeta da Literatura de Cordel (1\u00ba de agosto), a Biblioteca Demonstrativa de Bras\u00edlia (BDB) promove, nesta sexta-feira (1\u00ba),\u2026","rel":"","context":"Em &quot;Brasil&quot;","block_context":{"text":"Brasil","link":"https:\/\/diariodegarca.com\/?cat=38185"},"img":{"alt_text":"","src":"https:\/\/i0.wp.com\/diariodegarca.com\/wp-content\/uploads\/2025\/07\/9475592469664080769.jpeg?fit=500%2C261&ssl=1&resize=350%2C200","width":350,"height":200},"classes":[]},{"id":8483,"url":"https:\/\/diariodegarca.com\/?p=8483","url_meta":{"origin":2103,"position":3},"title":"Universo Young Adult \u00e9 tema de palestra online e gratuita com autor e roteirista Felipe Cabral","author":"Andreza Sega","date":"6 de novembro de 2025","format":false,"excerpt":"Evento promovido pela biblioteca digital BibliON vai explorar os subg\u00eaneros, personagens e a relev\u00e2ncia cultural da literatura que conquistou milh\u00f5es de leitores. A literatura Young Adult (YA), g\u00eanero que conquistou leitores de todas as idades ao abordar temas intensos e atuais com linguagem acess\u00edvel, ser\u00e1 o foco de uma palestra\u2026","rel":"","context":"Em &quot;Cultura&quot;","block_context":{"text":"Cultura","link":"https:\/\/diariodegarca.com\/?cat=2367"},"img":{"alt_text":"","src":"https:\/\/i0.wp.com\/diariodegarca.com\/wp-content\/uploads\/2025\/11\/foto-Narrativas-Young-Adult-Felipe-Cabral-e1762347333977.jpg?fit=1200%2C903&ssl=1&resize=350%2C200","width":350,"height":200,"srcset":"https:\/\/i0.wp.com\/diariodegarca.com\/wp-content\/uploads\/2025\/11\/foto-Narrativas-Young-Adult-Felipe-Cabral-e1762347333977.jpg?fit=1200%2C903&ssl=1&resize=350%2C200 1x, https:\/\/i0.wp.com\/diariodegarca.com\/wp-content\/uploads\/2025\/11\/foto-Narrativas-Young-Adult-Felipe-Cabral-e1762347333977.jpg?fit=1200%2C903&ssl=1&resize=525%2C300 1.5x, https:\/\/i0.wp.com\/diariodegarca.com\/wp-content\/uploads\/2025\/11\/foto-Narrativas-Young-Adult-Felipe-Cabral-e1762347333977.jpg?fit=1200%2C903&ssl=1&resize=700%2C400 2x, https:\/\/i0.wp.com\/diariodegarca.com\/wp-content\/uploads\/2025\/11\/foto-Narrativas-Young-Adult-Felipe-Cabral-e1762347333977.jpg?fit=1200%2C903&ssl=1&resize=1050%2C600 3x"},"classes":[]},{"id":3878,"url":"https:\/\/diariodegarca.com\/?p=3878","url_meta":{"origin":2103,"position":4},"title":"Dalton Trevisan: 100 Anos de um Labirinto Liter\u00e1rio","author":"Di\u00e1rio de Gar\u00e7a","date":"12 de junho de 2025","format":false,"excerpt":"Webinar gratuito celebra o centen\u00e1rio do \"Bruxo da Vila\" com palestra do especialista H\u00e9lio Guimar\u00e3es, explorando o universo complexo e fascinante do autor paranaense. No pr\u00f3ximo dia 17 de junho, segunda-feira, das 19h \u00e0s 20h30, a obra de Dalton Trevisan, um dos nomes mais enigm\u00e1ticos e influentes da literatura brasileira,\u2026","rel":"","context":"Em &quot;Cultura&quot;","block_context":{"text":"Cultura","link":"https:\/\/diariodegarca.com\/?cat=2367"},"img":{"alt_text":"","src":"","width":0,"height":0},"classes":[]},{"id":2695,"url":"https:\/\/diariodegarca.com\/?p=2695","url_meta":{"origin":2103,"position":5},"title":"BibliOn promove encontro com Edimilson de Almeida Pereira sobre poesia e literatura","author":"Di\u00e1rio de Gar\u00e7a","date":"6 de mar\u00e7o de 2025","format":false,"excerpt":"No pr\u00f3ximo dia 13 de mar\u00e7o, a BibliON promove um evento imperd\u00edvel para os amantes da literatura e da cultura.\u00a0O poeta, ensa\u00edsta e professor Edimilson de Almeida Pereira ser\u00e1 o convidado especial de uma palestra que promete mergulhar no universo da escrita po\u00e9tica e na trajet\u00f3ria de um dos nomes\u2026","rel":"","context":"Em &quot;Brasil&quot;","block_context":{"text":"Brasil","link":"https:\/\/diariodegarca.com\/?cat=38185"},"img":{"alt_text":"","src":"","width":0,"height":0},"classes":[]}],"_links":{"self":[{"href":"https:\/\/diariodegarca.com\/index.php?rest_route=\/wp\/v2\/posts\/2103","targetHints":{"allow":["GET"]}}],"collection":[{"href":"https:\/\/diariodegarca.com\/index.php?rest_route=\/wp\/v2\/posts"}],"about":[{"href":"https:\/\/diariodegarca.com\/index.php?rest_route=\/wp\/v2\/types\/post"}],"author":[{"embeddable":true,"href":"https:\/\/diariodegarca.com\/index.php?rest_route=\/wp\/v2\/users\/260896546"}],"replies":[{"embeddable":true,"href":"https:\/\/diariodegarca.com\/index.php?rest_route=%2Fwp%2Fv2%2Fcomments&post=2103"}],"version-history":[{"count":0,"href":"https:\/\/diariodegarca.com\/index.php?rest_route=\/wp\/v2\/posts\/2103\/revisions"}],"wp:attachment":[{"href":"https:\/\/diariodegarca.com\/index.php?rest_route=%2Fwp%2Fv2%2Fmedia&parent=2103"}],"wp:term":[{"taxonomy":"category","embeddable":true,"href":"https:\/\/diariodegarca.com\/index.php?rest_route=%2Fwp%2Fv2%2Fcategories&post=2103"},{"taxonomy":"post_tag","embeddable":true,"href":"https:\/\/diariodegarca.com\/index.php?rest_route=%2Fwp%2Fv2%2Ftags&post=2103"}],"curies":[{"name":"wp","href":"https:\/\/api.w.org\/{rel}","templated":true}]}}