{"id":2108,"date":"2025-05-14T11:30:00","date_gmt":"2025-05-14T11:30:00","guid":{"rendered":"https:\/\/diariodegarca.com\/2025\/05\/14\/maio-laranja-mes-de-combate-ao-abuso-e-a-exploracao-sexual-infantil\/"},"modified":"2025-05-14T11:30:00","modified_gmt":"2025-05-14T11:30:00","slug":"maio-laranja-mes-de-combate-ao-abuso-e-a-exploracao-sexual-infantil","status":"publish","type":"post","link":"https:\/\/diariodegarca.com\/?p=2108","title":{"rendered":"Maio Laranja: m\u00eas de combate ao abuso e \u00e0 explora\u00e7\u00e3o sexual infantil"},"content":{"rendered":"<div class=\"separator\" style=\"clear: both;text-align: center\"><a href=\"https:\/\/i0.wp.com\/blogger.googleusercontent.com\/img\/b\/R29vZ2xl\/AVvXsEgsJBUmOTlX7zlYjNI5pT7a6mZQx_pAVZdIFGJ_0tcbyZYJC-wf7Kd3t2ikOz-D9hr12Hp9us4y-OVuv7ADKYGSs3X7wL7geC0g84uekG5J7ZHFGfSrZBSqPYT43U2V0D4aVcENpVunJZRQvhrAVJ6gjpdBEnwVWJ7bqQTMJca1A8zU0USmIflhLSE0NHM\/s6000\/medium-shot-girl-being-abused-portrait.jpg?ssl=1\" style=\"margin-left: 1em;margin-right: 1em\"><img data-recalc-dims=\"1\" loading=\"lazy\" decoding=\"async\" border=\"0\" height=\"213\" src=\"https:\/\/i0.wp.com\/blogger.googleusercontent.com\/img\/b\/R29vZ2xl\/AVvXsEgsJBUmOTlX7zlYjNI5pT7a6mZQx_pAVZdIFGJ_0tcbyZYJC-wf7Kd3t2ikOz-D9hr12Hp9us4y-OVuv7ADKYGSs3X7wL7geC0g84uekG5J7ZHFGfSrZBSqPYT43U2V0D4aVcENpVunJZRQvhrAVJ6gjpdBEnwVWJ7bqQTMJca1A8zU0USmIflhLSE0NHM\/s320\/medium-shot-girl-being-abused-portrait.jpg?resize=320%2C213&#038;ssl=1\" width=\"320\" \/><\/a><\/div>\n<p class=\"ds-markdown-paragraph\"><strong>Campanha alerta para a import\u00e2ncia da preven\u00e7\u00e3o, identifica\u00e7\u00e3o e den\u00fancia de viol\u00eancias contra crian\u00e7as e adolescentes.<\/strong><\/p>\n<p class=\"ds-markdown-paragraph\">O\u00a0<strong>Maio Laranja<\/strong>\u00a0\u00e9 uma campanha nacional dedicada ao enfrentamento do abuso e da explora\u00e7\u00e3o sexual de crian\u00e7as e adolescentes. A iniciativa visa conscientizar a sociedade sobre a gravidade do problema, que muitas vezes ocorre de forma silenciosa, dentro de casa ou em ambientes pr\u00f3ximos \u00e0 v\u00edtima. A cor laranja simboliza a necessidade de dar visibilidade a essa causa, incentivando a preven\u00e7\u00e3o e a a\u00e7\u00e3o coletiva.<\/p>\n<h2><strong>A import\u00e2ncia da campanha<\/strong><\/h2>\n<p class=\"ds-markdown-paragraph\">Segundo dados do\u00a0<strong>Disque 100<\/strong>, canal de den\u00fancias do Minist\u00e9rio dos Direitos Humanos, apenas em 2023 foram registradas mais de 100 mil viola\u00e7\u00f5es de direitos contra menores, sendo a viol\u00eancia sexual uma das mais frequentes. Muitos casos, por\u00e9m, n\u00e3o s\u00e3o notificados devido ao medo, \u00e0 vergonha ou \u00e0 falta de informa\u00e7\u00e3o.<\/p>\n<p class=\"ds-markdown-paragraph\">O\u00a0<strong>Maio Laranja<\/strong>\u00a0busca quebrar esse sil\u00eancio, destacando que a prote\u00e7\u00e3o de crian\u00e7as e adolescentes \u00e9 responsabilidade de todos: fam\u00edlia, escola, poder p\u00fablico e comunidade.<\/p>\n<div class=\"separator\" style=\"clear: both;text-align: center\"><a href=\"https:\/\/i0.wp.com\/blogger.googleusercontent.com\/img\/b\/R29vZ2xl\/AVvXsEg8A5hmudeM20BLdFxlL4vYKjOLNpK7W-CCHKB3XrDJhaVGnD40-41lBZ02uFQjYqVpsViyHyzuMS8hYNlJ4Y6CpDy5uWvzJ3iKGowjMtIbwZ2Rz8ijFKd92KhFM5pCTMHRdIsaHezhvEcinNmNz2OSAtE1TTDcbFeiO-Lkx9e4tIHHcnx3Gzqtg7s4H7M\/s6700\/young-caucasian-girl-staying-hospital.jpg?ssl=1\" style=\"margin-left: 1em;margin-right: 1em\"><img data-recalc-dims=\"1\" loading=\"lazy\" decoding=\"async\" border=\"0\" height=\"218\" src=\"https:\/\/i0.wp.com\/blogger.googleusercontent.com\/img\/b\/R29vZ2xl\/AVvXsEg8A5hmudeM20BLdFxlL4vYKjOLNpK7W-CCHKB3XrDJhaVGnD40-41lBZ02uFQjYqVpsViyHyzuMS8hYNlJ4Y6CpDy5uWvzJ3iKGowjMtIbwZ2Rz8ijFKd92KhFM5pCTMHRdIsaHezhvEcinNmNz2OSAtE1TTDcbFeiO-Lkx9e4tIHHcnx3Gzqtg7s4H7M\/s320\/young-caucasian-girl-staying-hospital.jpg?resize=320%2C218&#038;ssl=1\" width=\"320\" \/><\/a><\/div>\n<h2><strong>Como identificar poss\u00edveis abusos<\/strong><\/h2>\n<p class=\"ds-markdown-paragraph\">Alguns sinais podem indicar que uma crian\u00e7a ou adolescente est\u00e1 sofrendo abuso sexual:<\/p>\n<p class=\"ds-markdown-paragraph\">\n<ul style=\"text-align: left\">\n<li><strong>Mudan\u00e7as repentinas de comportamento<\/strong>\u00a0(agressividade, isolamento, medo excessivo);<\/li>\n<li><strong>Regress\u00e3o a comportamentos infantis<\/strong><span>\u00a0<\/span><span>(como voltar a fazer xixi na cama);<\/span><\/li>\n<li><strong>Coment\u00e1rios ou brincadeiras com conota\u00e7\u00e3o sexual inadequada para a idade<\/strong><span>;<\/span><\/li>\n<li><strong>Marcas f\u00edsicas inexplic\u00e1veis<\/strong><span>\u00a0<\/span><span>(hematomas, dores ao sentar ou andar);<\/span><\/li>\n<li><strong>Queda no rendimento escolar ou recusa em ir \u00e0 escola<\/strong><span>.<\/span><\/li>\n<\/ul>\n<p class=\"ds-markdown-paragraph\">\u00c9 importante observar esses sinais com aten\u00e7\u00e3o, pois muitas v\u00edtimas n\u00e3o verbalizam o que est\u00e3o passando.<\/p>\n<h2><strong>O que fazer e a quem reportar?<\/strong><\/h2>\n<p class=\"ds-markdown-paragraph\">Se houver suspeita ou confirma\u00e7\u00e3o de abuso, \u00e9 fundamental\u00a0<strong>agir imediatamente<\/strong>:<\/p>\n<p class=\"ds-markdown-paragraph\">\n<ol style=\"text-align: left\">\n<li><strong>Ou\u00e7a e acolha a v\u00edtima<\/strong>\u00a0sem julgamentos, garantindo que ela se sinta segura.<\/li>\n<li><strong>Registre um Boletim de Ocorr\u00eancia<\/strong><span>\u00a0<\/span><span>em uma delegacia especializada (Delegacia da Crian\u00e7a e do Adolescente \u2013 DCA) ou na delegacia mais pr\u00f3xima.<\/span><\/li>\n<li><strong>Disque 100<\/strong><span>\u00a0<\/span><span>\u2013 Servi\u00e7o gratuito e an\u00f4nimo para den\u00fancias de viola\u00e7\u00f5es de direitos humanos.<\/span><\/li>\n<li><strong>Conselho Tutelar<\/strong><span>\u00a0<\/span><span>\u2013 \u00d3rg\u00e3o respons\u00e1vel por zelar pelos direitos da crian\u00e7a e do adolescente.<\/span><\/li>\n<li><strong>Procure ajuda profissional<\/strong><span>\u00a0<\/span><span>(psic\u00f3logos, assistentes sociais) para acompanhar a v\u00edtima.<\/span><\/li>\n<\/ol>\n<p class=\"ds-markdown-paragraph\"><strong>N\u00e3o se cale!<\/strong>\u00a0A den\u00fancia pode salvar vidas e interromper ciclos de viol\u00eancia.<\/p>\n<div class=\"separator\" style=\"clear: both;text-align: center\"><a href=\"https:\/\/i0.wp.com\/blogger.googleusercontent.com\/img\/b\/R29vZ2xl\/AVvXsEijq2SKIl1t9P59AB0yCQ73jkALOblUeqbcP_-hAe6K8C2XFoxjPNM7E2h7dmZ9-uhoY9hZqW8OB5c-2fEIRxJ8KiFshxSaKUDbEqo4Gj17LG511K-2BCepxfZ4XAFLiFXRQCriS3ysJZ5KznAmLSkdPAeYOrui_8jcGnxj9RgABCsw0ayBXDT5e4qXtdM\/s7999\/non-explicit-image-child-abuse.jpg?ssl=1\" style=\"margin-left: 1em;margin-right: 1em\"><img data-recalc-dims=\"1\" loading=\"lazy\" decoding=\"async\" border=\"0\" height=\"213\" src=\"https:\/\/i0.wp.com\/blogger.googleusercontent.com\/img\/b\/R29vZ2xl\/AVvXsEijq2SKIl1t9P59AB0yCQ73jkALOblUeqbcP_-hAe6K8C2XFoxjPNM7E2h7dmZ9-uhoY9hZqW8OB5c-2fEIRxJ8KiFshxSaKUDbEqo4Gj17LG511K-2BCepxfZ4XAFLiFXRQCriS3ysJZ5KznAmLSkdPAeYOrui_8jcGnxj9RgABCsw0ayBXDT5e4qXtdM\/s320\/non-explicit-image-child-abuse.jpg?resize=320%2C213&#038;ssl=1\" width=\"320\" \/><\/a><\/div>\n<h2><strong>Como proteger crian\u00e7as e adolescentes?<\/strong><\/h2>\n<p class=\"ds-markdown-paragraph\">A melhor forma de combater o abuso e a explora\u00e7\u00e3o sexual \u00e9 a\u00a0<strong>preven\u00e7\u00e3o<\/strong>. Algumas medidas essenciais incluem:<\/p>\n<p class=\"ds-markdown-paragraph\">\n<ul style=\"text-align: left\">\n<li><strong>Educa\u00e7\u00e3o sexual adequada \u00e0 idade<\/strong>, ensinando sobre partes do corpo, consentimento e limites;<\/li>\n<li><strong>Di\u00e1logo aberto<\/strong><span>\u00a0<\/span><span>para que a crian\u00e7a se sinta \u00e0 vontade para relatar situa\u00e7\u00f5es desconfort\u00e1veis;<\/span><\/li>\n<li><strong>Supervis\u00e3o<\/strong><span>\u00a0<\/span><span>em ambientes online (redes sociais e jogos, onde predadores podem se aproximar);<\/span><\/li>\n<li><strong>Fortalecimento de redes de apoio<\/strong><span>\u00a0<\/span><span>(escolas, postos de sa\u00fade, comunidades).<\/span><\/li>\n<\/ul>\n<h2><strong>Quando procurar ajuda?<\/strong><\/h2>\n<p class=\"ds-markdown-paragraph\">A ajuda deve ser buscada\u00a0<strong>sempre que houver suspeita<\/strong>, mesmo que n\u00e3o haja certeza. Profissionais da sa\u00fade, educa\u00e7\u00e3o e assist\u00eancia social podem auxiliar na identifica\u00e7\u00e3o e no encaminhamento correto.<\/p>\n<p class=\"ds-markdown-paragraph\">O\u00a0<strong>Maio Laranja<\/strong>\u00a0\u00e9 um chamado \u00e0 a\u00e7\u00e3o. Combater o abuso e a explora\u00e7\u00e3o sexual infantil exige\u00a0<strong>conscientiza\u00e7\u00e3o, coragem para denunciar e compromisso com a prote\u00e7\u00e3o das v\u00edtimas<\/strong>. Cada pessoa pode fazer a diferen\u00e7a, seja observando, orientando ou denunciando.<\/p>\n<p class=\"ds-markdown-paragraph\"><strong>Proteger nossas crian\u00e7as \u00e9 garantir um futuro mais seguro para todos.<\/strong><\/p>\n","protected":false},"excerpt":{"rendered":"<p>Campanha alerta para a import\u00e2ncia da preven\u00e7\u00e3o, identifica\u00e7\u00e3o e den\u00fancia de viol\u00eancias contra crian\u00e7as e adolescentes. O\u00a0Maio Laranja\u00a0\u00e9 uma campanha nacional dedicada ao enfrentamento do abuso e da explora\u00e7\u00e3o sexual de crian\u00e7as e adolescentes. A iniciativa visa conscientizar a sociedade sobre a gravidade do problema, que muitas vezes ocorre de forma silenciosa, dentro de casa [&hellip;]<\/p>\n","protected":false},"author":260896546,"featured_media":0,"comment_status":"open","ping_status":"open","sticky":false,"template":"","format":"standard","meta":{"_crdt_document":"","_monsterinsights_skip_tracking":false,"_monsterinsights_sitenote_active":false,"_monsterinsights_sitenote_note":"","_monsterinsights_sitenote_category":0,"advanced_seo_description":"","jetpack_seo_html_title":"","jetpack_seo_noindex":false,"_jetpack_newsletter_access":"","_jetpack_dont_email_post_to_subs":false,"_jetpack_newsletter_tier_id":0,"_jetpack_memberships_contains_paywalled_content":false,"_jetpack_memberships_contains_paid_content":false,"footnotes":"","jetpack_publicize_message":"","jetpack_publicize_feature_enabled":true,"jetpack_social_post_already_shared":false,"jetpack_social_options":{"image_generator_settings":{"template":"fullscreen","default_image_id":0,"font":"","enabled":false},"version":2},"_wpas_customize_per_network":false,"jetpack_post_was_ever_published":false},"categories":[38185],"tags":[781171839,4230849],"class_list":["post-2108","post","type-post","status-publish","format-standard","hentry","category-brasil","tag-campanha-mensal","tag-causa-social"],"jetpack_publicize_connections":[],"jetpack_featured_media_url":"","jetpack_likes_enabled":true,"jetpack_sharing_enabled":true,"jetpack_shortlink":"https:\/\/wp.me\/pgitne-y0","jetpack-related-posts":[{"id":2484,"url":"https:\/\/diariodegarca.com\/?p=2484","url_meta":{"origin":2108,"position":0},"title":"Abril Laranja: M\u00eas de Conscientiza\u00e7\u00e3o e Combate \u00e0 Crueldade Animal","author":"Di\u00e1rio de Gar\u00e7a","date":"3 de abril de 2025","format":false,"excerpt":"O\u00a0Abril Laranja\u00a0\u00e9 uma campanha nacional dedicada \u00e0 preven\u00e7\u00e3o e ao combate da crueldade contra animais. Criada para conscientizar a sociedade sobre os direitos dos animais e promover a\u00e7\u00f5es de prote\u00e7\u00e3o, a iniciativa refor\u00e7a a import\u00e2ncia da den\u00fancia de maus-tratos e destaca avan\u00e7os legais, como a\u00a0Lei n\u00ba 14.064\/2020, que prev\u00ea pena\u2026","rel":"","context":"Em &quot;Brasil&quot;","block_context":{"text":"Brasil","link":"https:\/\/diariodegarca.com\/?cat=38185"},"img":{"alt_text":"","src":"https:\/\/i0.wp.com\/blogger.googleusercontent.com\/img\/b\/R29vZ2xl\/AVvXsEideOc_41mJQz4HZ1iyeuF9LE3ILML6sjo_SOGymUxPoCsaSF6Vg7MEbM7Ks_9NG9PMohwg2QCyXNFoUeyqwxD1R5o3zxF4w0f_5-2Kwe4SOUZIUp1X9O7OfkaVdsugskfl3p5ZpJtnFkX4teVqndFHDN6xWFK_3RcqZhbK9ViZNYt9SKk-kyV6tOM2dhs\/s320\/Abril%20Laranja%20%281%29.png?resize=350%2C200&ssl=1","width":350,"height":200},"classes":[]},{"id":10106,"url":"https:\/\/diariodegarca.com\/?p=10106","url_meta":{"origin":2108,"position":1},"title":"Procon-SP lan\u00e7a quiz para medir conhecimento do consumidor sobre direitos","author":"Di\u00e1rio de Gar\u00e7a","date":"17 de janeiro de 2026","format":false,"excerpt":"O Procon-SP realiza uma pesquisa online para avaliar o conhecimento dos consumidores sobre o C\u00f3digo de Defesa do Consumidor, visando direcionar campanhas educativas e ampliar a conscientiza\u00e7\u00e3o sobre direitos de consumo.","rel":"","context":"Em &quot;Fiscaliza\u00e7\u00e3o&quot;","block_context":{"text":"Fiscaliza\u00e7\u00e3o","link":"https:\/\/diariodegarca.com\/?cat=1192752"},"img":{"alt_text":"","src":"https:\/\/i0.wp.com\/diariodegarca.com\/wp-content\/uploads\/2026\/01\/compras.jpg?fit=1200%2C960&ssl=1&resize=350%2C200","width":350,"height":200,"srcset":"https:\/\/i0.wp.com\/diariodegarca.com\/wp-content\/uploads\/2026\/01\/compras.jpg?fit=1200%2C960&ssl=1&resize=350%2C200 1x, https:\/\/i0.wp.com\/diariodegarca.com\/wp-content\/uploads\/2026\/01\/compras.jpg?fit=1200%2C960&ssl=1&resize=525%2C300 1.5x, https:\/\/i0.wp.com\/diariodegarca.com\/wp-content\/uploads\/2026\/01\/compras.jpg?fit=1200%2C960&ssl=1&resize=700%2C400 2x, https:\/\/i0.wp.com\/diariodegarca.com\/wp-content\/uploads\/2026\/01\/compras.jpg?fit=1200%2C960&ssl=1&resize=1050%2C600 3x"},"classes":[]},{"id":4298,"url":"https:\/\/diariodegarca.com\/?p=4298","url_meta":{"origin":2108,"position":2},"title":"Consumidores desconhecem regulamenta\u00e7\u00e3o de pre\u00e7os e uso de dados pessoais em farm\u00e1cias, alertam Procon-SP e Idec","author":"Di\u00e1rio de Gar\u00e7a","date":"27 de junho de 2025","format":false,"excerpt":"Pesquisas revelam que 86% dos consumidores n\u00e3o sabem como suas informa\u00e7\u00f5es s\u00e3o utilizadas, enquanto varia\u00e7\u00f5es abusivas nos pre\u00e7os de medicamentos chegam a 2.000% Uma recente consulta realizada pelo\u00a0Procon-SP\u00a0com 1.378 consumidores exp\u00f4s graves falhas na transpar\u00eancia do setor farmac\u00eautico. Segundo o levantamento: 74,8%\u00a0desconhecem que a maioria dos medicamentos tem pre\u00e7o m\u00e1ximo\u2026","rel":"","context":"Em &quot;Fiscaliza\u00e7\u00e3o&quot;","block_context":{"text":"Fiscaliza\u00e7\u00e3o","link":"https:\/\/diariodegarca.com\/?cat=1192752"},"img":{"alt_text":"","src":"https:\/\/i0.wp.com\/diariodegarca.com\/wp-content\/uploads\/2025\/06\/closeup-vista-da-mao-farmaceutico-tirando-caixa-de-remedios-da-prateleira-da-farmacia.jpg?fit=1200%2C801&ssl=1&resize=350%2C200","width":350,"height":200,"srcset":"https:\/\/i0.wp.com\/diariodegarca.com\/wp-content\/uploads\/2025\/06\/closeup-vista-da-mao-farmaceutico-tirando-caixa-de-remedios-da-prateleira-da-farmacia.jpg?fit=1200%2C801&ssl=1&resize=350%2C200 1x, https:\/\/i0.wp.com\/diariodegarca.com\/wp-content\/uploads\/2025\/06\/closeup-vista-da-mao-farmaceutico-tirando-caixa-de-remedios-da-prateleira-da-farmacia.jpg?fit=1200%2C801&ssl=1&resize=525%2C300 1.5x, https:\/\/i0.wp.com\/diariodegarca.com\/wp-content\/uploads\/2025\/06\/closeup-vista-da-mao-farmaceutico-tirando-caixa-de-remedios-da-prateleira-da-farmacia.jpg?fit=1200%2C801&ssl=1&resize=700%2C400 2x, https:\/\/i0.wp.com\/diariodegarca.com\/wp-content\/uploads\/2025\/06\/closeup-vista-da-mao-farmaceutico-tirando-caixa-de-remedios-da-prateleira-da-farmacia.jpg?fit=1200%2C801&ssl=1&resize=1050%2C600 3x"},"classes":[]},{"id":4054,"url":"https:\/\/diariodegarca.com\/?p=4054","url_meta":{"origin":2108,"position":3},"title":"Junho Violeta: m\u00eas de combate \u00e0 viol\u00eancia contra a pessoa idosa","author":"Di\u00e1rio de Gar\u00e7a","date":"18 de junho de 2025","format":false,"excerpt":"Campanha alerta para a prote\u00e7\u00e3o dos direitos dos idosos e incentiva den\u00fancias contra maus-tratos O\u00a0Junho Violeta\u00a0\u00e9 uma campanha dedicada ao\u00a0enfrentamento da viol\u00eancia contra a pessoa idosa, problema grave que afeta milhares de brasileiros. Criado em alus\u00e3o ao\u00a0Dia Mundial de Conscientiza\u00e7\u00e3o da Viol\u00eancia contra a Pessoa Idosa (15 de junho), o\u2026","rel":"","context":"Em &quot;Brasil&quot;","block_context":{"text":"Brasil","link":"https:\/\/diariodegarca.com\/?cat=38185"},"img":{"alt_text":"","src":"https:\/\/i0.wp.com\/diariodegarca.com\/wp-content\/uploads\/2025\/06\/pessoas-idosas-enfrentando-doenca-de-alzheimer-juntas.jpg?fit=1200%2C800&ssl=1&resize=350%2C200","width":350,"height":200,"srcset":"https:\/\/i0.wp.com\/diariodegarca.com\/wp-content\/uploads\/2025\/06\/pessoas-idosas-enfrentando-doenca-de-alzheimer-juntas.jpg?fit=1200%2C800&ssl=1&resize=350%2C200 1x, https:\/\/i0.wp.com\/diariodegarca.com\/wp-content\/uploads\/2025\/06\/pessoas-idosas-enfrentando-doenca-de-alzheimer-juntas.jpg?fit=1200%2C800&ssl=1&resize=525%2C300 1.5x, https:\/\/i0.wp.com\/diariodegarca.com\/wp-content\/uploads\/2025\/06\/pessoas-idosas-enfrentando-doenca-de-alzheimer-juntas.jpg?fit=1200%2C800&ssl=1&resize=700%2C400 2x, https:\/\/i0.wp.com\/diariodegarca.com\/wp-content\/uploads\/2025\/06\/pessoas-idosas-enfrentando-doenca-de-alzheimer-juntas.jpg?fit=1200%2C800&ssl=1&resize=1050%2C600 3x"},"classes":[]},{"id":3161,"url":"https:\/\/diariodegarca.com\/?p=3161","url_meta":{"origin":2108,"position":4},"title":"Procon-SP oferece curso online sobre direitos do consumidor para fornecedores","author":"Di\u00e1rio de Gar\u00e7a","date":"22 de maio de 2025","format":false,"excerpt":"Capacita\u00e7\u00e3o aborda desde garantias legais at\u00e9 pr\u00e1ticas abusivas, com foco na aplica\u00e7\u00e3o do C\u00f3digo de Defesa do Consumidor O\u00a0Procon-SP\u00a0est\u00e1 com inscri\u00e7\u00f5es abertas para o\u00a0Curso B\u00e1sico sobre Direitos do Consumidor, voltado a fornecedores de produtos e servi\u00e7os. A forma\u00e7\u00e3o acontecer\u00e1 no dia\u00a029 de maio, das\u00a09h \u00e0s 13h, em formato online pela\u2026","rel":"","context":"Em &quot;Brasil&quot;","block_context":{"text":"Brasil","link":"https:\/\/diariodegarca.com\/?cat=38185"},"img":{"alt_text":"","src":"","width":0,"height":0},"classes":[]},{"id":3935,"url":"https:\/\/diariodegarca.com\/?p=3935","url_meta":{"origin":2108,"position":5},"title":"Procon-SP faz pesquisa para mapear h\u00e1bitos de consumo no inverno","author":"Di\u00e1rio de Gar\u00e7a","date":"13 de junho de 2025","format":false,"excerpt":"\u00d3rg\u00e3o busca entender como os paulistas gastam durante a esta\u00e7\u00e3o fria para aprimorar pol\u00edticas de defesa do consumidor Com a chegada do inverno, muitos consumidores mudam seus h\u00e1bitos de consumo, seja na compra de roupas mais quentes, alimentos t\u00edpicos ou at\u00e9 mesmo na contrata\u00e7\u00e3o de servi\u00e7os como viagens e eventos\u2026","rel":"","context":"Em &quot;Ci\u00eancia&quot;","block_context":{"text":"Ci\u00eancia","link":"https:\/\/diariodegarca.com\/?cat=3213"},"img":{"alt_text":"","src":"https:\/\/i0.wp.com\/diariodegarca.com\/wp-content\/uploads\/2025\/06\/amigos-se-divertindo-juntos.jpg?fit=1200%2C800&ssl=1&resize=350%2C200","width":350,"height":200,"srcset":"https:\/\/i0.wp.com\/diariodegarca.com\/wp-content\/uploads\/2025\/06\/amigos-se-divertindo-juntos.jpg?fit=1200%2C800&ssl=1&resize=350%2C200 1x, https:\/\/i0.wp.com\/diariodegarca.com\/wp-content\/uploads\/2025\/06\/amigos-se-divertindo-juntos.jpg?fit=1200%2C800&ssl=1&resize=525%2C300 1.5x, https:\/\/i0.wp.com\/diariodegarca.com\/wp-content\/uploads\/2025\/06\/amigos-se-divertindo-juntos.jpg?fit=1200%2C800&ssl=1&resize=700%2C400 2x, https:\/\/i0.wp.com\/diariodegarca.com\/wp-content\/uploads\/2025\/06\/amigos-se-divertindo-juntos.jpg?fit=1200%2C800&ssl=1&resize=1050%2C600 3x"},"classes":[]}],"_links":{"self":[{"href":"https:\/\/diariodegarca.com\/index.php?rest_route=\/wp\/v2\/posts\/2108","targetHints":{"allow":["GET"]}}],"collection":[{"href":"https:\/\/diariodegarca.com\/index.php?rest_route=\/wp\/v2\/posts"}],"about":[{"href":"https:\/\/diariodegarca.com\/index.php?rest_route=\/wp\/v2\/types\/post"}],"author":[{"embeddable":true,"href":"https:\/\/diariodegarca.com\/index.php?rest_route=\/wp\/v2\/users\/260896546"}],"replies":[{"embeddable":true,"href":"https:\/\/diariodegarca.com\/index.php?rest_route=%2Fwp%2Fv2%2Fcomments&post=2108"}],"version-history":[{"count":0,"href":"https:\/\/diariodegarca.com\/index.php?rest_route=\/wp\/v2\/posts\/2108\/revisions"}],"wp:attachment":[{"href":"https:\/\/diariodegarca.com\/index.php?rest_route=%2Fwp%2Fv2%2Fmedia&parent=2108"}],"wp:term":[{"taxonomy":"category","embeddable":true,"href":"https:\/\/diariodegarca.com\/index.php?rest_route=%2Fwp%2Fv2%2Fcategories&post=2108"},{"taxonomy":"post_tag","embeddable":true,"href":"https:\/\/diariodegarca.com\/index.php?rest_route=%2Fwp%2Fv2%2Ftags&post=2108"}],"curies":[{"name":"wp","href":"https:\/\/api.w.org\/{rel}","templated":true}]}}