{"id":2117,"date":"2025-05-13T18:47:00","date_gmt":"2025-05-13T18:47:00","guid":{"rendered":"https:\/\/diariodegarca.com\/2025\/05\/13\/nubank-pagbank-e-c6-bank-vao-mudar-de-nome-entenda-a-proposta-do-bc\/"},"modified":"2025-05-13T18:47:00","modified_gmt":"2025-05-13T18:47:00","slug":"nubank-pagbank-e-c6-bank-vao-mudar-de-nome-entenda-a-proposta-do-bc","status":"publish","type":"post","link":"https:\/\/diariodegarca.com\/?p=2117","title":{"rendered":"Nubank, PagBank e C6 Bank v\u00e3o mudar de nome? Entenda a proposta do BC"},"content":{"rendered":"<div class=\"separator\" style=\"clear: both;text-align: center\"><a href=\"https:\/\/i0.wp.com\/blogger.googleusercontent.com\/img\/b\/R29vZ2xl\/AVvXsEgZWlTZaCboZgiEY3R1fs_F7L87NvwkHtoAH6lt5OqPNqYl-tHPEeTS5z2iSo5NyLR4tdYtWw1vdkUZhine1bfjlcZU8V2SFsqazad2IAMv-Go3ZuDbY4UAiH114qUx945G4U4QiF_tbWz24S4BKVlYlT25sch-CKIHBV_PWA9T6DdkbSB2kdMtyIPsiCM\/s1200\/9066f8e89aaf42fd542a52958a5f0603.webp?ssl=1\" style=\"margin-left: 1em;margin-right: 1em\"><img data-recalc-dims=\"1\" loading=\"lazy\" decoding=\"async\" border=\"0\" height=\"213\" src=\"https:\/\/i0.wp.com\/blogger.googleusercontent.com\/img\/b\/R29vZ2xl\/AVvXsEgZWlTZaCboZgiEY3R1fs_F7L87NvwkHtoAH6lt5OqPNqYl-tHPEeTS5z2iSo5NyLR4tdYtWw1vdkUZhine1bfjlcZU8V2SFsqazad2IAMv-Go3ZuDbY4UAiH114qUx945G4U4QiF_tbWz24S4BKVlYlT25sch-CKIHBV_PWA9T6DdkbSB2kdMtyIPsiCM\/s320\/9066f8e89aaf42fd542a52958a5f0603.webp?resize=320%2C213&#038;ssl=1\" width=\"320\" \/><\/a><\/div>\n<div>\n<p class=\"ds-markdown-paragraph\">O Banco Central (BC) est\u00e1 avaliando uma nova regra que pode impactar o nome de fintechs como\u00a0<strong>Nubank, C6 Bank, PagBank, Next, Will Bank e Zro Bank<\/strong>, entre outras. A proposta, em consulta p\u00fablica at\u00e9\u00a0<strong>31 de maio de 2025<\/strong>, pretende proibir o uso dos termos\u00a0<strong>&#8220;banco&#8221; ou &#8220;bank&#8221;<\/strong>\u00a0em empresas que n\u00e3o t\u00eam autoriza\u00e7\u00e3o para operar como institui\u00e7\u00f5es banc\u00e1rias.<\/p>\n<p class=\"ds-markdown-paragraph\">A medida, elaborada em conjunto com o\u00a0<strong>Conselho Monet\u00e1rio Nacional (CMN)<\/strong>, busca evitar que nomes comerciais, marcas e at\u00e9 dom\u00ednios de internet causem confus\u00e3o nos consumidores. O objetivo \u00e9 garantir que as empresas usem designa\u00e7\u00f5es que reflitam com clareza os servi\u00e7os que realmente oferecem.<\/p>\n<h2><strong>Como ficariam os nomes das fintechs?<\/strong><\/h2>\n<p class=\"ds-markdown-paragraph\">Segundo a proposta, apenas institui\u00e7\u00f5es com\u00a0<strong>licen\u00e7a para operar como banco<\/strong>\u00a0poder\u00e3o manter &#8220;banco&#8221; ou &#8220;bank&#8221; em seus nomes. Empresas que atuam como\u00a0<strong>correspondentes banc\u00e1rios, fintechs de pagamento ou outras modalidades reguladas<\/strong>\u00a0ter\u00e3o que ajustar suas marcas.<\/p>\n<p class=\"ds-markdown-paragraph\">Por exemplo:<\/p>\n<ul>\n<li>\n<p class=\"ds-markdown-paragraph\" style=\"font-size: 16.002px;line-height: 28.575px;margin-bottom: 0px !important;margin-left: 0px;margin-right: 0px;margin-top: 0px\"><strong>C6 Bank<\/strong>\u00a0n\u00e3o precisaria mudar, pois tem autoriza\u00e7\u00e3o como\u00a0<strong>banco m\u00faltiplo<\/strong>.<\/p>\n<\/li>\n<li style=\"margin-top: 4px\">\n<p class=\"ds-markdown-paragraph\" style=\"font-size: 16.002px;line-height: 28.575px;margin-bottom: 0px !important;margin-left: 0px;margin-right: 0px;margin-top: 0px\">J\u00e1 outras fintechs que usam &#8220;bank&#8221; sem serem bancos de fato podem ter que se adaptar.<\/p>\n<\/li>\n<\/ul>\n<p class=\"ds-markdown-paragraph\">Al\u00e9m disso, a regra tamb\u00e9m afeta\u00a0<strong>parcerias<\/strong>\u00a0com empresas n\u00e3o reguladas que usem nomes enganosos. Se uma fintech autorizada se associar a uma plataforma de pagamentos n\u00e3o regulada com um nome confuso, a parceria pode ser vetada.<\/p>\n<h2><strong>Transpar\u00eancia para o consumidor<\/strong><\/h2>\n<p class=\"ds-markdown-paragraph\">Outra exig\u00eancia \u00e9 que as institui\u00e7\u00f5es\u00a0<strong>informem claramente<\/strong>\u00a0em seus canais quais servi\u00e7os est\u00e3o autorizadas a oferecer e a qual grupo financeiro pertencem. A medida visa aumentar a\u00a0<strong>seguran\u00e7a e clareza<\/strong>\u00a0para os clientes.<\/p>\n<p class=\"ds-markdown-paragraph\">A consulta p\u00fablica est\u00e1 aberta para contribui\u00e7\u00f5es at\u00e9\u00a0<strong>31 de maio de 2025<\/strong>, por meio do site do\u00a0<strong><a href=\"https:\/\/www.bcb.gov.br\/\" target=\"_blank\">Banco Central<\/a><\/strong>\u00a0ou da plataforma\u00a0<strong><a href=\"https:\/\/www.gov.br\/participamaisbrasil\/pagina-inicial\" target=\"_blank\">Participa + Brasil<\/a><\/strong>. Sugest\u00f5es tamb\u00e9m podem ser enviadas por e-mail para\u00a0<strong><a href=\"https:\/\/mailto:denor@bcb.gov.br\/\" rel=\"noreferrer\" style=\"border-color: rgba(255, 255, 255, 0);border-radius: 6.858px;border-style: solid;border-width: 2px 3px;color: #3b82f6;margin-left: -3px;margin-right: -3px;position: relative\" target=\"_blank\">denor@bcb.gov.br<\/a><\/strong>. Ap\u00f3s esse per\u00edodo, o BC analisar\u00e1 as opini\u00f5es antes de finalizar a norma.<\/p>\n<\/div>\n","protected":false},"excerpt":{"rendered":"<p>O Banco Central (BC) est\u00e1 avaliando uma nova regra que pode impactar o nome de fintechs como\u00a0Nubank, C6 Bank, PagBank, Next, Will Bank e Zro Bank, entre outras. A proposta, em consulta p\u00fablica at\u00e9\u00a031 de maio de 2025, pretende proibir o uso dos termos\u00a0&#8220;banco&#8221; ou &#8220;bank&#8221;\u00a0em empresas que n\u00e3o t\u00eam autoriza\u00e7\u00e3o para operar como institui\u00e7\u00f5es [&hellip;]<\/p>\n","protected":false},"author":260896546,"featured_media":0,"comment_status":"open","ping_status":"open","sticky":false,"template":"","format":"standard","meta":{"_crdt_document":"","_monsterinsights_skip_tracking":false,"_monsterinsights_sitenote_active":false,"_monsterinsights_sitenote_note":"","_monsterinsights_sitenote_category":0,"advanced_seo_description":"","jetpack_seo_html_title":"","jetpack_seo_noindex":false,"_jetpack_newsletter_access":"","_jetpack_dont_email_post_to_subs":false,"_jetpack_newsletter_tier_id":0,"_jetpack_memberships_contains_paywalled_content":false,"_jetpack_memberships_contains_paid_content":false,"footnotes":"","jetpack_publicize_message":"","jetpack_publicize_feature_enabled":true,"jetpack_social_post_already_shared":false,"jetpack_social_options":{"image_generator_settings":{"template":"fullscreen","default_image_id":0,"font":"","enabled":false},"version":2},"_wpas_customize_per_network":false,"jetpack_post_was_ever_published":false},"categories":[38185],"tags":[2372,781171805,781171787],"class_list":["post-2117","post","type-post","status-publish","format-standard","hentry","category-brasil","tag-economia","tag-financas","tag-tecnologia"],"jetpack_publicize_connections":[],"jetpack_featured_media_url":"","jetpack_likes_enabled":true,"jetpack_sharing_enabled":true,"jetpack_shortlink":"https:\/\/wp.me\/pgitne-y9","jetpack-related-posts":[{"id":3508,"url":"https:\/\/diariodegarca.com\/?p=3508","url_meta":{"origin":2117,"position":0},"title":"Banco Central anuncia sistema para bloquear abertura de contas fraudulentas","author":"Di\u00e1rio de Gar\u00e7a","date":"28 de maio de 2025","format":false,"excerpt":"Medida visa aumentar seguran\u00e7a digital e evitar golpes; servi\u00e7o estar\u00e1 dispon\u00edvel em at\u00e9 seis meses O Banco Central (BC) anunciou na segunda-feira, dia 26 de maio, um novo sistema que permitir\u00e1 aos cidad\u00e3os bloquear preventivamente a abertura de contas banc\u00e1rias em seu nome. A ferramenta, que deve entrar em opera\u00e7\u00e3o\u2026","rel":"","context":"Em &quot;Seguran\u00e7a&quot;","block_context":{"text":"Seguran\u00e7a","link":"https:\/\/diariodegarca.com\/?cat=21243"},"img":{"alt_text":"","src":"","width":0,"height":0},"classes":[]},{"id":5010,"url":"https:\/\/diariodegarca.com\/?p=5010","url_meta":{"origin":2117,"position":1},"title":"Banco Central celebra seis d\u00e9cadas com moeda comemorativa de 1 real","author":"Di\u00e1rio de Gar\u00e7a","date":"25 de julho de 2025","format":false,"excerpt":"Pe\u00e7a faz parte das comemora\u00e7\u00f5es do anivers\u00e1rio da institui\u00e7\u00e3o e ter\u00e1 mais de 23 milh\u00f5es de unidades em circula\u00e7\u00e3o. O Banco Central do Brasil (BC) anunciou, nesta quinta-feira, dia 25 de julho, o lan\u00e7amento de uma moeda comemorativa em homenagem aos seus 60 anos. Com valor de face de 1\u2026","rel":"","context":"Em &quot;Brasil&quot;","block_context":{"text":"Brasil","link":"https:\/\/diariodegarca.com\/?cat=38185"},"img":{"alt_text":"","src":"https:\/\/i0.wp.com\/diariodegarca.com\/wp-content\/uploads\/2025\/07\/522719910_1167553208752003_4301844847186977050_n.jpg?fit=879%2C816&ssl=1&resize=350%2C200","width":350,"height":200,"srcset":"https:\/\/i0.wp.com\/diariodegarca.com\/wp-content\/uploads\/2025\/07\/522719910_1167553208752003_4301844847186977050_n.jpg?fit=879%2C816&ssl=1&resize=350%2C200 1x, https:\/\/i0.wp.com\/diariodegarca.com\/wp-content\/uploads\/2025\/07\/522719910_1167553208752003_4301844847186977050_n.jpg?fit=879%2C816&ssl=1&resize=525%2C300 1.5x, https:\/\/i0.wp.com\/diariodegarca.com\/wp-content\/uploads\/2025\/07\/522719910_1167553208752003_4301844847186977050_n.jpg?fit=879%2C816&ssl=1&resize=700%2C400 2x"},"classes":[]},{"id":2997,"url":"https:\/\/diariodegarca.com\/?p=2997","url_meta":{"origin":2117,"position":2},"title":"Banco digital emite alerta para clientes que tentam transferir dinheiro para casas de apostas","author":"Di\u00e1rio de Gar\u00e7a","date":"19 de janeiro de 2025","format":false,"excerpt":"O Brasil sempre foi um pa\u00eds de apostas, seja na tradicional \"f\u00e9zinha\" da Mega-Sena de fim de ano ou nos bol\u00f5es entre amigos. Por\u00e9m, com a populariza\u00e7\u00e3o das plataformas de apostas online, conhecidas como bets, o n\u00famero de brasileiros que t\u00eam perdido o controle financeiro cresceu significativamente.A necessidade de regulamenta\u00e7\u00e3o\u2026","rel":"","context":"Em &quot;Brasil&quot;","block_context":{"text":"Brasil","link":"https:\/\/diariodegarca.com\/?cat=38185"},"img":{"alt_text":"","src":"","width":0,"height":0},"classes":[]},{"id":7754,"url":"https:\/\/diariodegarca.com\/?p=7754","url_meta":{"origin":2117,"position":3},"title":"Brasil abre consulta para construir pol\u00edtica de prote\u00e7\u00e3o de menores no mundo digital","author":"Di\u00e1rio de Gar\u00e7a","date":"16 de outubro de 2025","format":false,"excerpt":"Sociedade pode contribuir at\u00e9 14 de novembro com propostas para temas como combate a abusos, prote\u00e7\u00e3o de dados, modera\u00e7\u00e3o de conte\u00fado e educa\u00e7\u00e3o midi\u00e1tica. O Minist\u00e9rio dos Direitos Humanos e da Cidadania (MDHC), em conjunto com outros \u00f3rg\u00e3os do Governo Federal, deu in\u00edcio a uma consulta p\u00fablica para a constru\u00e7\u00e3o\u2026","rel":"","context":"Em &quot;Educa\u00e7\u00e3o&quot;","block_context":{"text":"Educa\u00e7\u00e3o","link":"https:\/\/diariodegarca.com\/?cat=17964"},"img":{"alt_text":"","src":"https:\/\/i0.wp.com\/diariodegarca.com\/wp-content\/uploads\/2025\/10\/grupo-de-criancas-usando-telefones.jpg?fit=1200%2C800&ssl=1&resize=350%2C200","width":350,"height":200,"srcset":"https:\/\/i0.wp.com\/diariodegarca.com\/wp-content\/uploads\/2025\/10\/grupo-de-criancas-usando-telefones.jpg?fit=1200%2C800&ssl=1&resize=350%2C200 1x, https:\/\/i0.wp.com\/diariodegarca.com\/wp-content\/uploads\/2025\/10\/grupo-de-criancas-usando-telefones.jpg?fit=1200%2C800&ssl=1&resize=525%2C300 1.5x, https:\/\/i0.wp.com\/diariodegarca.com\/wp-content\/uploads\/2025\/10\/grupo-de-criancas-usando-telefones.jpg?fit=1200%2C800&ssl=1&resize=700%2C400 2x, https:\/\/i0.wp.com\/diariodegarca.com\/wp-content\/uploads\/2025\/10\/grupo-de-criancas-usando-telefones.jpg?fit=1200%2C800&ssl=1&resize=1050%2C600 3x"},"classes":[]},{"id":2284,"url":"https:\/\/diariodegarca.com\/?p=2284","url_meta":{"origin":2117,"position":4},"title":"Senado aprova cria\u00e7\u00e3o da Carteira Nacional Docente (CND) para professores","author":"Di\u00e1rio de Gar\u00e7a","date":"24 de abril de 2025","format":false,"excerpt":"O Senado Federal deu um passo importante para a valoriza\u00e7\u00e3o dos profissionais da educa\u00e7\u00e3o ao aprovar o Projeto de Lei n\u00ba 41\/2025, que autoriza a cria\u00e7\u00e3o da\u00a0Carteira Nacional Docente (CND). O documento, proposto pelo senador Camilo Santana (CE), ser\u00e1 v\u00e1lido em todo o territ\u00f3rio nacional e servir\u00e1 como identifica\u00e7\u00e3o padronizada\u2026","rel":"","context":"Em &quot;Brasil&quot;","block_context":{"text":"Brasil","link":"https:\/\/diariodegarca.com\/?cat=38185"},"img":{"alt_text":"","src":"https:\/\/i0.wp.com\/blogger.googleusercontent.com\/img\/b\/R29vZ2xl\/AVvXsEgC5F4gWSqlvJxE8O-BLVZg4yAI1f8duzA1XpbO5EbVE8m6aSK1AdPUoYfYI2rsv3PzN9E4Oht71xl3i1RyGaFBamLmD-xr4tRMoAv_nWCcPjjSfLedBXuNiD9gixB3QQQOLeZZwfZVqxhq21x5gA0ahGLrc8C4JZy460kkUaSw0C7TqSmrSNxpEvnEMjU\/s320\/close-up-smiling-person-conference-room.jpg?resize=350%2C200&ssl=1","width":350,"height":200},"classes":[]},{"id":4189,"url":"https:\/\/diariodegarca.com\/?p=4189","url_meta":{"origin":2117,"position":5},"title":"Prefeitura de Fern\u00e3o avalia implanta\u00e7\u00e3o de linha intermunicipal de \u00f4nibus","author":"Di\u00e1rio de Gar\u00e7a","date":"23 de junho de 2025","format":false,"excerpt":"Pesquisa em andamento coleta dados sobre demanda por transporte coletivo entre Fern\u00e3o, Duartina, G\u00e1lia e Gar\u00e7a A\u00a0Prefeitura de Fern\u00e3o\u00a0iniciou um estudo para avaliar a\u00a0viabilidade t\u00e9cnica e econ\u00f4mica\u00a0de uma nova linha de \u00f4nibus ligando o munic\u00edpio a cidades vizinhas. O projeto, em fase preliminar, est\u00e1 sendo conduzido em parceria com uma\u2026","rel":"","context":"Em &quot;Fern\u00e3o&quot;","block_context":{"text":"Fern\u00e3o","link":"https:\/\/diariodegarca.com\/?cat=7386895"},"img":{"alt_text":"","src":"https:\/\/i0.wp.com\/diariodegarca.com\/wp-content\/uploads\/2025\/06\/fernao.jpg?fit=651%2C434&ssl=1&resize=350%2C200","width":350,"height":200,"srcset":"https:\/\/i0.wp.com\/diariodegarca.com\/wp-content\/uploads\/2025\/06\/fernao.jpg?fit=651%2C434&ssl=1&resize=350%2C200 1x, https:\/\/i0.wp.com\/diariodegarca.com\/wp-content\/uploads\/2025\/06\/fernao.jpg?fit=651%2C434&ssl=1&resize=525%2C300 1.5x"},"classes":[]}],"_links":{"self":[{"href":"https:\/\/diariodegarca.com\/index.php?rest_route=\/wp\/v2\/posts\/2117","targetHints":{"allow":["GET"]}}],"collection":[{"href":"https:\/\/diariodegarca.com\/index.php?rest_route=\/wp\/v2\/posts"}],"about":[{"href":"https:\/\/diariodegarca.com\/index.php?rest_route=\/wp\/v2\/types\/post"}],"author":[{"embeddable":true,"href":"https:\/\/diariodegarca.com\/index.php?rest_route=\/wp\/v2\/users\/260896546"}],"replies":[{"embeddable":true,"href":"https:\/\/diariodegarca.com\/index.php?rest_route=%2Fwp%2Fv2%2Fcomments&post=2117"}],"version-history":[{"count":0,"href":"https:\/\/diariodegarca.com\/index.php?rest_route=\/wp\/v2\/posts\/2117\/revisions"}],"wp:attachment":[{"href":"https:\/\/diariodegarca.com\/index.php?rest_route=%2Fwp%2Fv2%2Fmedia&parent=2117"}],"wp:term":[{"taxonomy":"category","embeddable":true,"href":"https:\/\/diariodegarca.com\/index.php?rest_route=%2Fwp%2Fv2%2Fcategories&post=2117"},{"taxonomy":"post_tag","embeddable":true,"href":"https:\/\/diariodegarca.com\/index.php?rest_route=%2Fwp%2Fv2%2Ftags&post=2117"}],"curies":[{"name":"wp","href":"https:\/\/api.w.org\/{rel}","templated":true}]}}