{"id":2121,"date":"2025-05-13T16:05:00","date_gmt":"2025-05-13T16:05:00","guid":{"rendered":"https:\/\/diariodegarca.com\/2025\/05\/13\/marilia-anuncia-helide-parrera-como-nova-secretaria-de-cidadania\/"},"modified":"2025-05-13T16:05:00","modified_gmt":"2025-05-13T16:05:00","slug":"marilia-anuncia-helide-parrera-como-nova-secretaria-de-cidadania","status":"publish","type":"post","link":"https:\/\/diariodegarca.com\/?p=2121","title":{"rendered":"Mar\u00edlia anuncia H\u00e9lide Parrera como nova secret\u00e1ria de Cidadania"},"content":{"rendered":"<p><div class=\"separator\" style=\"clear: both;text-align: center\">\n  <a href=\"https:\/\/blogger.googleusercontent.com\/img\/a\/AVvXsEjMB6n6lVZoucT2BiCna3YQuNZ7rtau5DxqIbi0lr3iZ_R9hU3iNM7FM4f5DAdUglF7looR5qqb7QKL4e2q_I87Avj-wnrCSTkzD-yRQLbZVW8425InjfwORbO0beNCD1_92P02x5t8uW_rsgs71RFvzlzf2fIuobroKdOoIgtyOeVLgJfX-xXHVJWOcvc\" style=\"margin-left: 1em;margin-right: 1em\"><br \/>\n    <img decoding=\"async\" border=\"0\" src=\"https:\/\/blogger.googleusercontent.com\/img\/a\/AVvXsEjMB6n6lVZoucT2BiCna3YQuNZ7rtau5DxqIbi0lr3iZ_R9hU3iNM7FM4f5DAdUglF7looR5qqb7QKL4e2q_I87Avj-wnrCSTkzD-yRQLbZVW8425InjfwORbO0beNCD1_92P02x5t8uW_rsgs71RFvzlzf2fIuobroKdOoIgtyOeVLgJfX-xXHVJWOcvc\" width=\"400\"><br \/>\n  <\/a>\n<\/div>\n<\/p>\n<p>A Diretoria de Divulga\u00e7\u00e3o e Comunica\u00e7\u00e3o da Prefeitura de Mar\u00edlia informou, nesta segunda-feira, a nomea\u00e7\u00e3o da psic\u00f3loga <strong>H\u00e9lide Maria Parrera<\/strong> como nova secret\u00e1ria municipal de Cidadania. Ela assume o cargo em substitui\u00e7\u00e3o a <strong>Sandra Roim<\/strong>, que deixou a pasta a pedido, citando a necessidade de dedicar-se a &#8220;assuntos particulares e atua\u00e7\u00e3o no terceiro setor&#8221;.<\/p>\n<p>H\u00e9lide Parrera traz uma trajet\u00f3ria consolidada na \u00e1rea de assist\u00eancia e desenvolvimento social, com aproximadamente <strong>dez anos de experi\u00eancia<\/strong>. Antes de chegar a Mar\u00edlia, atuou como <strong>coordenadora de servi\u00e7os de acolhimento institucional para crian\u00e7as e adolescentes<\/strong> no munic\u00edpio de Gar\u00e7a, onde posteriormente exerceu o cargo de <strong>secret\u00e1ria municipal de Assist\u00eancia e Desenvolvimento Social<\/strong>. Mais recentemente, ocupou a <strong>Diretoria Regional da DRADS Mar\u00edlia<\/strong>, \u00f3rg\u00e3o vinculado ao governo do Estado de S\u00e3o Paulo, entre 2023 e 2025.<\/p>\n<p>Em nota, a nova secret\u00e1ria expressou gratid\u00e3o ao prefeito <strong>Vinicius Camarinha<\/strong> pelo convite e destacou seu compromisso com a <strong>reestrutura\u00e7\u00e3o dos servi\u00e7os p\u00fablicos<\/strong>. <em>&#8220;Espero cumprir o planejamento em andamento e ajudar a atender a popula\u00e7\u00e3o da melhor maneira poss\u00edvel&#8221;<\/em>, afirmou Parrera.<\/p>\n<p>J\u00e1 Sandra Roim, que possui hist\u00f3rico de atua\u00e7\u00e3o no terceiro setor, agradeceu pela oportunidade \u00e0 frente da secretaria \u2013 antiga <strong>Secretaria de Assist\u00eancia Social<\/strong>, hoje ampliada para incluir pol\u00edticas como <strong>Direitos Humanos<\/strong> \u2013 e refor\u00e7ou que retoma suas atividades em projetos sociais.<\/p>\n<p>A transi\u00e7\u00e3o ocorre em meio aos desafios da gest\u00e3o municipal em consolidar pol\u00edticas p\u00fablicas integradas na \u00e1rea de cidadania.<\/p>\n","protected":false},"excerpt":{"rendered":"<p>A Diretoria de Divulga\u00e7\u00e3o e Comunica\u00e7\u00e3o da Prefeitura de Mar\u00edlia informou, nesta segunda-feira, a nomea\u00e7\u00e3o da psic\u00f3loga H\u00e9lide Maria Parrera como nova secret\u00e1ria municipal de Cidadania. Ela assume o cargo em substitui\u00e7\u00e3o a Sandra Roim, que deixou a pasta a pedido, citando a necessidade de dedicar-se a &#8220;assuntos particulares e atua\u00e7\u00e3o no terceiro setor&#8221;. H\u00e9lide [&hellip;]<\/p>\n","protected":false},"author":260896546,"featured_media":0,"comment_status":"open","ping_status":"open","sticky":false,"template":"","format":"standard","meta":{"_crdt_document":"","_monsterinsights_skip_tracking":false,"_monsterinsights_sitenote_active":false,"_monsterinsights_sitenote_note":"","_monsterinsights_sitenote_category":0,"advanced_seo_description":"","jetpack_seo_html_title":"","jetpack_seo_noindex":false,"_jetpack_newsletter_access":"","_jetpack_dont_email_post_to_subs":false,"_jetpack_newsletter_tier_id":0,"_jetpack_memberships_contains_paywalled_content":false,"_jetpack_memberships_contains_paid_content":false,"footnotes":"","jetpack_publicize_message":"","jetpack_publicize_feature_enabled":true,"jetpack_social_post_already_shared":false,"jetpack_social_options":{"image_generator_settings":{"template":"fullscreen","default_image_id":0,"font":"","enabled":false},"version":2},"_wpas_customize_per_network":false,"jetpack_post_was_ever_published":false},"categories":[38185],"tags":[511512,4230849,187874,222752,798],"class_list":["post-2121","post","type-post","status-publish","format-standard","hentry","category-brasil","tag-assistencia","tag-causa-social","tag-direitos-humanos","tag-marilia","tag-politica"],"jetpack_publicize_connections":[],"jetpack_featured_media_url":"","jetpack_likes_enabled":true,"jetpack_sharing_enabled":true,"jetpack_shortlink":"https:\/\/wp.me\/pgitne-yd","jetpack-related-posts":[{"id":9204,"url":"https:\/\/diariodegarca.com\/?p=9204","url_meta":{"origin":2121,"position":0},"title":"Mar\u00edlia sedia roda de conversa sobre viol\u00eancia digital contra a mulher em campanha estadual","author":"Andreza Sega","date":"30 de novembro de 2025","format":false,"excerpt":"Evento integra a campanha \"SP Por Todas\" e contar\u00e1 com a presen\u00e7a de autoridades estaduais e locais para debater preven\u00e7\u00e3o, orienta\u00e7\u00e3o e combate a crimes online. A cidade de Mar\u00edlia foi escolhida como uma das sedes da campanha estadual \"SP Por Todas: 21 Dias por Elas\", que promove uma s\u00e9rie\u2026","rel":"","context":"Em &quot;Causa social&quot;","block_context":{"text":"Causa social","link":"https:\/\/diariodegarca.com\/?cat=781171849"},"img":{"alt_text":"","src":"https:\/\/i0.wp.com\/diariodegarca.com\/wp-content\/uploads\/2025\/11\/helide-parrera-e1764524289552.webp?fit=720%2C498&ssl=1&resize=350%2C200","width":350,"height":200,"srcset":"https:\/\/i0.wp.com\/diariodegarca.com\/wp-content\/uploads\/2025\/11\/helide-parrera-e1764524289552.webp?fit=720%2C498&ssl=1&resize=350%2C200 1x, https:\/\/i0.wp.com\/diariodegarca.com\/wp-content\/uploads\/2025\/11\/helide-parrera-e1764524289552.webp?fit=720%2C498&ssl=1&resize=525%2C300 1.5x, https:\/\/i0.wp.com\/diariodegarca.com\/wp-content\/uploads\/2025\/11\/helide-parrera-e1764524289552.webp?fit=720%2C498&ssl=1&resize=700%2C400 2x"},"classes":[]},{"id":2508,"url":"https:\/\/diariodegarca.com\/?p=2508","url_meta":{"origin":2121,"position":1},"title":"Mar\u00edlia oferece cursos presenciais de Inform\u00e1tica B\u00e1sica e Cuidador de Idosos","author":"Di\u00e1rio de Gar\u00e7a","date":"1 de abril de 2025","format":false,"excerpt":"O\u00a0Centro Profissionalizante Municipal de Mar\u00edlia (CEPROM), vinculado \u00e0\u00a0Prefeitura de Mar\u00edlia, abre inscri\u00e7\u00f5es para dois cursos gratuitos e presenciais a partir de hoje, ter\u00e7a-feira,\u00a01\u00ba de abril:\u00a0Inform\u00e1tica B\u00e1sica\u00a0e\u00a0Cuidador de Idosos. As vagas s\u00e3o limitadas, e as inscri\u00e7\u00f5es seguem at\u00e9\u00a011 de abril, diretamente no CEPROM.Os cursos t\u00eam dura\u00e7\u00e3o de\u00a040 horas, ser\u00e3o realizados de\u2026","rel":"","context":"Em &quot;Brasil&quot;","block_context":{"text":"Brasil","link":"https:\/\/diariodegarca.com\/?cat=38185"},"img":{"alt_text":"","src":"https:\/\/i0.wp.com\/blogger.googleusercontent.com\/img\/b\/R29vZ2xl\/AVvXsEie-EBFuaT9Fk_ehavEquKVA8XycOqhYsOCbdWRVMYY_fRaP1FRFjzWLUPg9ETrMDU8JMFgDZKbJgWhh0zf-bn4_D4txySrIAMeqf34lQzplogyzXXcI0Mf-N1ey97CnMlM1UQCmhFy893x6bxs_-e7MzHpBCUUlSOjgFgjDElYevwjgxcd6uGVGIa9i1A\/s320\/closeup-support-hands.jpg?resize=350%2C200&ssl=1","width":350,"height":200},"classes":[]},{"id":4871,"url":"https:\/\/diariodegarca.com\/?p=4871","url_meta":{"origin":2121,"position":2},"title":"Mar\u00edlia abre inscri\u00e7\u00f5es para curso gratuito de Almoxarifado on-line","author":"Di\u00e1rio de Gar\u00e7a","date":"22 de julho de 2025","format":false,"excerpt":"Capacita\u00e7\u00e3o profissional visa preparar alunos para gest\u00e3o de estoques e log\u00edstica; inscri\u00e7\u00f5es come\u00e7am em 4 de agosto. O Centro Profissionalizante Municipal de Mar\u00edlia (CEPROM), vinculado \u00e0 Secretaria de Assist\u00eancia Social e Cidadania, abrir\u00e1 inscri\u00e7\u00f5es para o curso\u00a0Almoxarifado, na modalidade Educa\u00e7\u00e3o a Dist\u00e2ncia (EaD). O objetivo \u00e9 capacitar profissionais para atuar\u2026","rel":"","context":"Em &quot;Curso&quot;","block_context":{"text":"Curso","link":"https:\/\/diariodegarca.com\/?cat=36947"},"img":{"alt_text":"","src":"https:\/\/i0.wp.com\/diariodegarca.com\/wp-content\/uploads\/2025\/07\/homem-tiro-medio-carregando-item-de-madeira.jpg?fit=1200%2C800&ssl=1&resize=350%2C200","width":350,"height":200,"srcset":"https:\/\/i0.wp.com\/diariodegarca.com\/wp-content\/uploads\/2025\/07\/homem-tiro-medio-carregando-item-de-madeira.jpg?fit=1200%2C800&ssl=1&resize=350%2C200 1x, https:\/\/i0.wp.com\/diariodegarca.com\/wp-content\/uploads\/2025\/07\/homem-tiro-medio-carregando-item-de-madeira.jpg?fit=1200%2C800&ssl=1&resize=525%2C300 1.5x, https:\/\/i0.wp.com\/diariodegarca.com\/wp-content\/uploads\/2025\/07\/homem-tiro-medio-carregando-item-de-madeira.jpg?fit=1200%2C800&ssl=1&resize=700%2C400 2x, https:\/\/i0.wp.com\/diariodegarca.com\/wp-content\/uploads\/2025\/07\/homem-tiro-medio-carregando-item-de-madeira.jpg?fit=1200%2C800&ssl=1&resize=1050%2C600 3x"},"classes":[]},{"id":4866,"url":"https:\/\/diariodegarca.com\/?p=4866","url_meta":{"origin":2121,"position":3},"title":"Mar\u00edlia abre inscri\u00e7\u00f5es para cursos gratuitos de Cuidador de Idosos e Eletricista Instalador","author":"Di\u00e1rio de Gar\u00e7a","date":"21 de julho de 2025","format":false,"excerpt":"Oportunidades presenciais t\u00eam in\u00edcio em agosto e exigem ensino fundamental completo. O Centro Profissionalizante Municipal de Mar\u00edlia (CEPROM) est\u00e1 com inscri\u00e7\u00f5es abertas para dois cursos gratuitos e presenciais:\u00a0Cuidador de Idosos\u00a0e\u00a0Eletricista Instalador. As vagas s\u00e3o limitadas e as aulas come\u00e7am no dia 11 de agosto. As inscri\u00e7\u00f5es podem ser feitas entre\u2026","rel":"","context":"Em &quot;Curso&quot;","block_context":{"text":"Curso","link":"https:\/\/diariodegarca.com\/?cat=36947"},"img":{"alt_text":"","src":"https:\/\/i0.wp.com\/diariodegarca.com\/wp-content\/uploads\/2025\/07\/conceito-de-aposentadoria-em-casa-com-enfermeira.jpg?fit=1200%2C800&ssl=1&resize=350%2C200","width":350,"height":200,"srcset":"https:\/\/i0.wp.com\/diariodegarca.com\/wp-content\/uploads\/2025\/07\/conceito-de-aposentadoria-em-casa-com-enfermeira.jpg?fit=1200%2C800&ssl=1&resize=350%2C200 1x, https:\/\/i0.wp.com\/diariodegarca.com\/wp-content\/uploads\/2025\/07\/conceito-de-aposentadoria-em-casa-com-enfermeira.jpg?fit=1200%2C800&ssl=1&resize=525%2C300 1.5x, https:\/\/i0.wp.com\/diariodegarca.com\/wp-content\/uploads\/2025\/07\/conceito-de-aposentadoria-em-casa-com-enfermeira.jpg?fit=1200%2C800&ssl=1&resize=700%2C400 2x, https:\/\/i0.wp.com\/diariodegarca.com\/wp-content\/uploads\/2025\/07\/conceito-de-aposentadoria-em-casa-com-enfermeira.jpg?fit=1200%2C800&ssl=1&resize=1050%2C600 3x"},"classes":[]},{"id":6902,"url":"https:\/\/diariodegarca.com\/?p=6902","url_meta":{"origin":2121,"position":4},"title":"Mar\u00edlia oferta cursos presenciais de Inform\u00e1tica B\u00e1sica e Auxiliar de RH","author":"Di\u00e1rio de Gar\u00e7a","date":"19 de setembro de 2025","format":false,"excerpt":"Inscri\u00e7\u00f5es para as capacita\u00e7\u00f5es come\u00e7am na pr\u00f3xima segunda-feira, 22, e seguem at\u00e9 3 de outubro; vagas s\u00e3o limitadas. O Centro Profissionalizante Municipal de Mar\u00edlia (Ceprom) est\u00e1 com inscri\u00e7\u00f5es abertas para dois cursos profissionalizantes gratuitos e presenciais: Inform\u00e1tica B\u00e1sica e Auxiliar de Recursos Humanos. As oportunidades s\u00e3o voltadas para quem busca\u2026","rel":"","context":"Em &quot;Curso&quot;","block_context":{"text":"Curso","link":"https:\/\/diariodegarca.com\/?cat=36947"},"img":{"alt_text":"","src":"https:\/\/i0.wp.com\/diariodegarca.com\/wp-content\/uploads\/2025\/09\/estudantes-universitarios-de-diferentes-etnias-lotando.jpg?fit=1200%2C800&ssl=1&resize=350%2C200","width":350,"height":200,"srcset":"https:\/\/i0.wp.com\/diariodegarca.com\/wp-content\/uploads\/2025\/09\/estudantes-universitarios-de-diferentes-etnias-lotando.jpg?fit=1200%2C800&ssl=1&resize=350%2C200 1x, https:\/\/i0.wp.com\/diariodegarca.com\/wp-content\/uploads\/2025\/09\/estudantes-universitarios-de-diferentes-etnias-lotando.jpg?fit=1200%2C800&ssl=1&resize=525%2C300 1.5x, https:\/\/i0.wp.com\/diariodegarca.com\/wp-content\/uploads\/2025\/09\/estudantes-universitarios-de-diferentes-etnias-lotando.jpg?fit=1200%2C800&ssl=1&resize=700%2C400 2x, https:\/\/i0.wp.com\/diariodegarca.com\/wp-content\/uploads\/2025\/09\/estudantes-universitarios-de-diferentes-etnias-lotando.jpg?fit=1200%2C800&ssl=1&resize=1050%2C600 3x"},"classes":[]},{"id":7183,"url":"https:\/\/diariodegarca.com\/?p=7183","url_meta":{"origin":2121,"position":5},"title":"Mar\u00edlia oferta cursos gratuitos EaD em empreendedorismo, design e monitoramento escolar","author":"Di\u00e1rio de Gar\u00e7a","date":"26 de setembro de 2025","format":false,"excerpt":"Inscri\u00e7\u00f5es para forma\u00e7\u00f5es com CEPROM come\u00e7am em 6 de outubro; oportunidade \u00e9 voltada a maiores de 18 anos com ensino fundamental completo. O Centro Profissionalizante Municipal de Mar\u00edlia (CEPROM), vinculado \u00e0 Secretaria de Assist\u00eancia Social e Cidadania, abrir\u00e1 inscri\u00e7\u00f5es para uma nova leva de cursos gratuitos na modalidade Educa\u00e7\u00e3o a\u2026","rel":"","context":"Em &quot;Curso&quot;","block_context":{"text":"Curso","link":"https:\/\/diariodegarca.com\/?cat=36947"},"img":{"alt_text":"","src":"https:\/\/i0.wp.com\/diariodegarca.com\/wp-content\/uploads\/2025\/09\/Divulgacao-Detran-AM-transporte-escolar-scaled-1.jpg?fit=1200%2C801&ssl=1&resize=350%2C200","width":350,"height":200,"srcset":"https:\/\/i0.wp.com\/diariodegarca.com\/wp-content\/uploads\/2025\/09\/Divulgacao-Detran-AM-transporte-escolar-scaled-1.jpg?fit=1200%2C801&ssl=1&resize=350%2C200 1x, https:\/\/i0.wp.com\/diariodegarca.com\/wp-content\/uploads\/2025\/09\/Divulgacao-Detran-AM-transporte-escolar-scaled-1.jpg?fit=1200%2C801&ssl=1&resize=525%2C300 1.5x, https:\/\/i0.wp.com\/diariodegarca.com\/wp-content\/uploads\/2025\/09\/Divulgacao-Detran-AM-transporte-escolar-scaled-1.jpg?fit=1200%2C801&ssl=1&resize=700%2C400 2x, https:\/\/i0.wp.com\/diariodegarca.com\/wp-content\/uploads\/2025\/09\/Divulgacao-Detran-AM-transporte-escolar-scaled-1.jpg?fit=1200%2C801&ssl=1&resize=1050%2C600 3x"},"classes":[]}],"_links":{"self":[{"href":"https:\/\/diariodegarca.com\/index.php?rest_route=\/wp\/v2\/posts\/2121","targetHints":{"allow":["GET"]}}],"collection":[{"href":"https:\/\/diariodegarca.com\/index.php?rest_route=\/wp\/v2\/posts"}],"about":[{"href":"https:\/\/diariodegarca.com\/index.php?rest_route=\/wp\/v2\/types\/post"}],"author":[{"embeddable":true,"href":"https:\/\/diariodegarca.com\/index.php?rest_route=\/wp\/v2\/users\/260896546"}],"replies":[{"embeddable":true,"href":"https:\/\/diariodegarca.com\/index.php?rest_route=%2Fwp%2Fv2%2Fcomments&post=2121"}],"version-history":[{"count":0,"href":"https:\/\/diariodegarca.com\/index.php?rest_route=\/wp\/v2\/posts\/2121\/revisions"}],"wp:attachment":[{"href":"https:\/\/diariodegarca.com\/index.php?rest_route=%2Fwp%2Fv2%2Fmedia&parent=2121"}],"wp:term":[{"taxonomy":"category","embeddable":true,"href":"https:\/\/diariodegarca.com\/index.php?rest_route=%2Fwp%2Fv2%2Fcategories&post=2121"},{"taxonomy":"post_tag","embeddable":true,"href":"https:\/\/diariodegarca.com\/index.php?rest_route=%2Fwp%2Fv2%2Ftags&post=2121"}],"curies":[{"name":"wp","href":"https:\/\/api.w.org\/{rel}","templated":true}]}}