{"id":2129,"date":"2025-05-12T12:19:00","date_gmt":"2025-05-12T12:19:00","guid":{"rendered":"https:\/\/diariodegarca.com\/2025\/05\/12\/mulher-e-presa-em-marilia-durante-patrulhamento-da-forca-tatica\/"},"modified":"2025-05-12T12:19:00","modified_gmt":"2025-05-12T12:19:00","slug":"mulher-e-presa-em-marilia-durante-patrulhamento-da-forca-tatica","status":"publish","type":"post","link":"https:\/\/diariodegarca.com\/?p=2129","title":{"rendered":"Mulher \u00e9 presa em Mar\u00edlia durante Patrulhamento da For\u00e7a T\u00e1tica"},"content":{"rendered":"<div>\u00a0\u00a0<\/p>\n<div class=\"separator\" style=\"clear: both;text-align: center\">\n  <a href=\"https:\/\/blogger.googleusercontent.com\/img\/a\/AVvXsEjHfBJzHr0Gr9KlEmgfJ-IUg4oTonQ8Wf3JuzS01-wPBcmWtFWxI1CROd9vMFbP6lwKKf3W75XV7zq3Q3mlKApCe7K9bTe34odjU7X9BS-aVl7oHOwebTpTbsn1BFO-qevoypaUtcR_r7Jw2SPp-zoSJw2pJIxGgdHhOhVELgjB47CFawRCY1vkbTyBZgs\" style=\"margin-left: 1em;margin-right: 1em\"><br \/>\n    <img decoding=\"async\" border=\"0\" src=\"https:\/\/blogger.googleusercontent.com\/img\/a\/AVvXsEjHfBJzHr0Gr9KlEmgfJ-IUg4oTonQ8Wf3JuzS01-wPBcmWtFWxI1CROd9vMFbP6lwKKf3W75XV7zq3Q3mlKApCe7K9bTe34odjU7X9BS-aVl7oHOwebTpTbsn1BFO-qevoypaUtcR_r7Jw2SPp-zoSJw2pJIxGgdHhOhVELgjB47CFawRCY1vkbTyBZgs\" width=\"400\"><br \/>\n  <\/a>\n<\/div>\n<\/div>\n<div><\/div>\n<div>Na noite de s\u00e1bado, dia 10 de maio, agentes do 9\u00ba Batalh\u00e3o de Pol\u00edcia Militar do Interior (9\u00ba BPM\/I) prenderam uma mulher durante opera\u00e7\u00e3o de rotina no bairro Vila Barros, em Mar\u00edlia. A a\u00e7\u00e3o ocorreu por volta das 23h28 durante patrulhamento de rotina realizado pela For\u00e7a T\u00e1tica.\u00a0\u00a0<\/div>\n<div>\n<div><\/div>\n<div>Durante a abordagem, os militares identificaram que a mulher possu\u00eda um mandado de pris\u00e3o em aberto. Apesar de a natureza do mandado n\u00e3o ter sido divulgada, a equipe confirmou a legalidade da ordem judicial atrav\u00e9s de consulta aos sistemas policiais.\u00a0\u00a0<\/div>\n<div><\/div>\n<div>Conduzida \u00e0 Central de Pol\u00edcia Judici\u00e1ria, a detida ficou \u00e0 disposi\u00e7\u00e3o da Justi\u00e7a para os procedimentos cab\u00edveis.\u00a0<\/div>\n<\/div>\n","protected":false},"excerpt":{"rendered":"<p>\u00a0\u00a0 Na noite de s\u00e1bado, dia 10 de maio, agentes do 9\u00ba Batalh\u00e3o de Pol\u00edcia Militar do Interior (9\u00ba BPM\/I) prenderam uma mulher durante opera\u00e7\u00e3o de rotina no bairro Vila Barros, em Mar\u00edlia. A a\u00e7\u00e3o ocorreu por volta das 23h28 durante patrulhamento de rotina realizado pela For\u00e7a T\u00e1tica.\u00a0\u00a0 Durante a abordagem, os militares identificaram que [&hellip;]<\/p>\n","protected":false},"author":260896546,"featured_media":0,"comment_status":"open","ping_status":"open","sticky":false,"template":"","format":"standard","meta":{"_crdt_document":"","_monsterinsights_skip_tracking":false,"_monsterinsights_sitenote_active":false,"_monsterinsights_sitenote_note":"","_monsterinsights_sitenote_category":0,"advanced_seo_description":"","jetpack_seo_html_title":"","jetpack_seo_noindex":false,"_jetpack_newsletter_access":"","_jetpack_dont_email_post_to_subs":false,"_jetpack_newsletter_tier_id":0,"_jetpack_memberships_contains_paywalled_content":false,"_jetpack_memberships_contains_paid_content":false,"footnotes":"","jetpack_publicize_message":"","jetpack_publicize_feature_enabled":true,"jetpack_social_post_already_shared":false,"jetpack_social_options":{"image_generator_settings":{"template":"fullscreen","default_image_id":0,"font":"","enabled":false},"version":2},"_wpas_customize_per_network":false,"jetpack_post_was_ever_published":false},"categories":[38185],"tags":[222752,1036487],"class_list":["post-2129","post","type-post","status-publish","format-standard","hentry","category-brasil","tag-marilia","tag-seguranca-publica"],"jetpack_publicize_connections":[],"jetpack_featured_media_url":"","jetpack_likes_enabled":true,"jetpack_sharing_enabled":true,"jetpack_shortlink":"https:\/\/wp.me\/pgitne-yl","jetpack-related-posts":[{"id":3022,"url":"https:\/\/diariodegarca.com\/?p=3022","url_meta":{"origin":2129,"position":0},"title":"Pol\u00edcia prende suspeitos de homic\u00eddio e dupla com mandados em Mar\u00edlia","author":"Di\u00e1rio de Gar\u00e7a","date":"21 de maio de 2025","format":false,"excerpt":"O 9\u00ba Batalh\u00e3o de Pol\u00edcia Militar do Interior (9\u00ba BPM\/I) divulgou informa\u00e7\u00f5es de duas a\u00e7\u00f5es que aconteceram nos \u00faltimos dias na cidade de Mar\u00edlia. Captura de homem procurado por homic\u00eddio na zona norte da cidade Na noite de segunda-feira, dia 19 de maio, por volta das 23h, equipes de Radiopatrulhamento\u2026","rel":"","context":"Em &quot;Mar\u00edlia&quot;","block_context":{"text":"Mar\u00edlia","link":"https:\/\/diariodegarca.com\/?cat=683453294"},"img":{"alt_text":"","src":"https:\/\/i0.wp.com\/diariodegarca.com\/wp-content\/uploads\/2025\/05\/500084858_18302219050246526_4028368060180630968_n-e1760650460275.webp?fit=1080%2C704&ssl=1&resize=350%2C200","width":350,"height":200,"srcset":"https:\/\/i0.wp.com\/diariodegarca.com\/wp-content\/uploads\/2025\/05\/500084858_18302219050246526_4028368060180630968_n-e1760650460275.webp?fit=1080%2C704&ssl=1&resize=350%2C200 1x, https:\/\/i0.wp.com\/diariodegarca.com\/wp-content\/uploads\/2025\/05\/500084858_18302219050246526_4028368060180630968_n-e1760650460275.webp?fit=1080%2C704&ssl=1&resize=525%2C300 1.5x, https:\/\/i0.wp.com\/diariodegarca.com\/wp-content\/uploads\/2025\/05\/500084858_18302219050246526_4028368060180630968_n-e1760650460275.webp?fit=1080%2C704&ssl=1&resize=700%2C400 2x, https:\/\/i0.wp.com\/diariodegarca.com\/wp-content\/uploads\/2025\/05\/500084858_18302219050246526_4028368060180630968_n-e1760650460275.webp?fit=1080%2C704&ssl=1&resize=1050%2C600 3x"},"classes":[]},{"id":4537,"url":"https:\/\/diariodegarca.com\/?p=4537","url_meta":{"origin":2129,"position":1},"title":"Tr\u00e1fico de drogas: Mar\u00edlia, Gar\u00e7a e Tup\u00e3 t\u00eam suspeitos presos em a\u00e7\u00f5es","author":"Di\u00e1rio de Gar\u00e7a","date":"8 de julho de 2025","format":false,"excerpt":"Opera\u00e7\u00f5es da Pol\u00edcia Militar apreendem coca\u00edna, crack e maconha; tr\u00eas homens foram detidos. O 9\u00ba Batalh\u00e3o de Pol\u00edcia Militar do Interior (9\u00ba BPM\/I) registrou tr\u00eas ocorr\u00eancias em diferentes cidades da regi\u00e3o, mostrando a atua\u00e7\u00e3o firme das equipes em Mar\u00edlia, Gar\u00e7a e Tup\u00e3. Mar\u00edlia: Homem preso com 158 doses de coca\u00edna\u2026","rel":"","context":"Em &quot;Gar\u00e7a&quot;","block_context":{"text":"Gar\u00e7a","link":"https:\/\/diariodegarca.com\/?cat=781171664"},"img":{"alt_text":"","src":"https:\/\/i0.wp.com\/diariodegarca.com\/wp-content\/uploads\/2025\/05\/502985877_18303467734246526_5566770497985067473_n.webp?fit=960%2C1200&ssl=1&resize=350%2C200","width":350,"height":200,"srcset":"https:\/\/i0.wp.com\/diariodegarca.com\/wp-content\/uploads\/2025\/05\/502985877_18303467734246526_5566770497985067473_n.webp?fit=960%2C1200&ssl=1&resize=350%2C200 1x, https:\/\/i0.wp.com\/diariodegarca.com\/wp-content\/uploads\/2025\/05\/502985877_18303467734246526_5566770497985067473_n.webp?fit=960%2C1200&ssl=1&resize=525%2C300 1.5x, https:\/\/i0.wp.com\/diariodegarca.com\/wp-content\/uploads\/2025\/05\/502985877_18303467734246526_5566770497985067473_n.webp?fit=960%2C1200&ssl=1&resize=700%2C400 2x"},"classes":[]},{"id":8388,"url":"https:\/\/diariodegarca.com\/?p=8388","url_meta":{"origin":2129,"position":2},"title":"Adolescente \u00e9 apreendido com entorpecentes no Jardim Azal\u00e9ia, em Mar\u00edlia","author":"Andreza Sega","date":"3 de novembro de 2025","format":false,"excerpt":"Durante patrulhamento de rotina, policiais da For\u00e7a T\u00e1tica interceptam menor infrator em ponto conhecido de venda de drogas; al\u00e9m da droga, foi apreendida quantia em dinheiro. Na noite do \u00faltimo s\u00e1bado, 1\u00ba de novembro, uma a\u00e7\u00e3o de rotina da For\u00e7a T\u00e1tica do 9\u00ba Batalh\u00e3o resultou na apreens\u00e3o de uma grande\u2026","rel":"","context":"Em &quot;Mar\u00edlia&quot;","block_context":{"text":"Mar\u00edlia","link":"https:\/\/diariodegarca.com\/?cat=683453294"},"img":{"alt_text":"","src":"https:\/\/i0.wp.com\/diariodegarca.com\/wp-content\/uploads\/2025\/11\/WhatsApp-Image-2025-11-03-at-09.46.12-e1762175519175.jpeg?fit=1200%2C638&ssl=1&resize=350%2C200","width":350,"height":200,"srcset":"https:\/\/i0.wp.com\/diariodegarca.com\/wp-content\/uploads\/2025\/11\/WhatsApp-Image-2025-11-03-at-09.46.12-e1762175519175.jpeg?fit=1200%2C638&ssl=1&resize=350%2C200 1x, https:\/\/i0.wp.com\/diariodegarca.com\/wp-content\/uploads\/2025\/11\/WhatsApp-Image-2025-11-03-at-09.46.12-e1762175519175.jpeg?fit=1200%2C638&ssl=1&resize=525%2C300 1.5x, https:\/\/i0.wp.com\/diariodegarca.com\/wp-content\/uploads\/2025\/11\/WhatsApp-Image-2025-11-03-at-09.46.12-e1762175519175.jpeg?fit=1200%2C638&ssl=1&resize=700%2C400 2x, https:\/\/i0.wp.com\/diariodegarca.com\/wp-content\/uploads\/2025\/11\/WhatsApp-Image-2025-11-03-at-09.46.12-e1762175519175.jpeg?fit=1200%2C638&ssl=1&resize=1050%2C600 3x"},"classes":[]},{"id":8563,"url":"https:\/\/diariodegarca.com\/?p=8563","url_meta":{"origin":2129,"position":3},"title":"Apreens\u00e3o de 335 por\u00e7\u00f5es de crack e pris\u00e3o por tr\u00e1fico no Parque das Azaleias","author":"Andreza Sega","date":"8 de novembro de 2025","format":false,"excerpt":"Homem foi detido pela For\u00e7a T\u00e1tica da Pol\u00edcia Militar ap\u00f3s tentativa de fuga durante patrulhamento em Mar\u00edlia. Um homem foi preso em flagrante na noite da \u00faltima sexta-feira, 7 de novembro, por suspeita de tr\u00e1fico de drogas na Zona Sul de Mar\u00edlia. A a\u00e7\u00e3o foi realizada por equipes da For\u00e7a\u2026","rel":"","context":"Em &quot;Mar\u00edlia&quot;","block_context":{"text":"Mar\u00edlia","link":"https:\/\/diariodegarca.com\/?cat=683453294"},"img":{"alt_text":"","src":"https:\/\/i0.wp.com\/diariodegarca.com\/wp-content\/uploads\/2025\/11\/WhatsApp-Image-2025-11-08-at-13.37.25-e1762635913510.jpeg?fit=1200%2C786&ssl=1&resize=350%2C200","width":350,"height":200,"srcset":"https:\/\/i0.wp.com\/diariodegarca.com\/wp-content\/uploads\/2025\/11\/WhatsApp-Image-2025-11-08-at-13.37.25-e1762635913510.jpeg?fit=1200%2C786&ssl=1&resize=350%2C200 1x, https:\/\/i0.wp.com\/diariodegarca.com\/wp-content\/uploads\/2025\/11\/WhatsApp-Image-2025-11-08-at-13.37.25-e1762635913510.jpeg?fit=1200%2C786&ssl=1&resize=525%2C300 1.5x, https:\/\/i0.wp.com\/diariodegarca.com\/wp-content\/uploads\/2025\/11\/WhatsApp-Image-2025-11-08-at-13.37.25-e1762635913510.jpeg?fit=1200%2C786&ssl=1&resize=700%2C400 2x, https:\/\/i0.wp.com\/diariodegarca.com\/wp-content\/uploads\/2025\/11\/WhatsApp-Image-2025-11-08-at-13.37.25-e1762635913510.jpeg?fit=1200%2C786&ssl=1&resize=1050%2C600 3x"},"classes":[]},{"id":8194,"url":"https:\/\/diariodegarca.com\/?p=8194","url_meta":{"origin":2129,"position":4},"title":"Apreens\u00e3o de R$ 100 mil em coca\u00edna tira mais de 9 mil pinos de circula\u00e7\u00e3o em Mar\u00edlia","author":"Andreza Sega","date":"29 de outubro de 2025","format":false,"excerpt":"Dois homens foram presos pela For\u00e7a T\u00e1tica da PM durante patrulhamento na Vila Barros; droga estava escondida em um tambor enterrado. Uma opera\u00e7\u00e3o policial realizada na ter\u00e7a-feira, 28 de outubro, resultou na apreens\u00e3o de uma grande quantidade de coca\u00edna e na pris\u00e3o de dois homens por tr\u00e1fico de drogas em\u2026","rel":"","context":"Em &quot;Mar\u00edlia&quot;","block_context":{"text":"Mar\u00edlia","link":"https:\/\/diariodegarca.com\/?cat=683453294"},"img":{"alt_text":"","src":"https:\/\/i0.wp.com\/diariodegarca.com\/wp-content\/uploads\/2025\/10\/WhatsApp-Image-2025-10-29-at-14.38.31.jpeg?fit=1200%2C587&ssl=1&resize=350%2C200","width":350,"height":200,"srcset":"https:\/\/i0.wp.com\/diariodegarca.com\/wp-content\/uploads\/2025\/10\/WhatsApp-Image-2025-10-29-at-14.38.31.jpeg?fit=1200%2C587&ssl=1&resize=350%2C200 1x, https:\/\/i0.wp.com\/diariodegarca.com\/wp-content\/uploads\/2025\/10\/WhatsApp-Image-2025-10-29-at-14.38.31.jpeg?fit=1200%2C587&ssl=1&resize=525%2C300 1.5x, https:\/\/i0.wp.com\/diariodegarca.com\/wp-content\/uploads\/2025\/10\/WhatsApp-Image-2025-10-29-at-14.38.31.jpeg?fit=1200%2C587&ssl=1&resize=700%2C400 2x, https:\/\/i0.wp.com\/diariodegarca.com\/wp-content\/uploads\/2025\/10\/WhatsApp-Image-2025-10-29-at-14.38.31.jpeg?fit=1200%2C587&ssl=1&resize=1050%2C600 3x"},"classes":[]},{"id":8937,"url":"https:\/\/diariodegarca.com\/?p=8937","url_meta":{"origin":2129,"position":5},"title":"Opera\u00e7\u00e3o da PM apreende centenas de por\u00e7\u00f5es de drogas em ponto conhecido de Mar\u00edlia","author":"Andreza Sega","date":"23 de novembro de 2025","format":false,"excerpt":"Flagrante ocorreu no bairro Argolo Ferr\u00e3o ap\u00f3s policiais de For\u00e7a T\u00e1tica identificarem movimenta\u00e7\u00e3o suspeita durante patrulhamento. Na noite do \u00faltimo s\u00e1bado, 22 de novembro, uma a\u00e7\u00e3o da For\u00e7a T\u00e1tica do 9\u00ba Batalh\u00e3o da Pol\u00edcia Militar resultou na apreens\u00e3o de uma grande quantidade de drogas e na pris\u00e3o em flagrante de\u2026","rel":"","context":"Em &quot;Mar\u00edlia&quot;","block_context":{"text":"Mar\u00edlia","link":"https:\/\/diariodegarca.com\/?cat=683453294"},"img":{"alt_text":"","src":"https:\/\/i0.wp.com\/diariodegarca.com\/wp-content\/uploads\/2025\/11\/SnapInsta.to_589032859_18326585248246526_7817288581229629992_n-e1763938203106.jpg?fit=1080%2C760&ssl=1&resize=350%2C200","width":350,"height":200,"srcset":"https:\/\/i0.wp.com\/diariodegarca.com\/wp-content\/uploads\/2025\/11\/SnapInsta.to_589032859_18326585248246526_7817288581229629992_n-e1763938203106.jpg?fit=1080%2C760&ssl=1&resize=350%2C200 1x, https:\/\/i0.wp.com\/diariodegarca.com\/wp-content\/uploads\/2025\/11\/SnapInsta.to_589032859_18326585248246526_7817288581229629992_n-e1763938203106.jpg?fit=1080%2C760&ssl=1&resize=525%2C300 1.5x, https:\/\/i0.wp.com\/diariodegarca.com\/wp-content\/uploads\/2025\/11\/SnapInsta.to_589032859_18326585248246526_7817288581229629992_n-e1763938203106.jpg?fit=1080%2C760&ssl=1&resize=700%2C400 2x, https:\/\/i0.wp.com\/diariodegarca.com\/wp-content\/uploads\/2025\/11\/SnapInsta.to_589032859_18326585248246526_7817288581229629992_n-e1763938203106.jpg?fit=1080%2C760&ssl=1&resize=1050%2C600 3x"},"classes":[]}],"_links":{"self":[{"href":"https:\/\/diariodegarca.com\/index.php?rest_route=\/wp\/v2\/posts\/2129","targetHints":{"allow":["GET"]}}],"collection":[{"href":"https:\/\/diariodegarca.com\/index.php?rest_route=\/wp\/v2\/posts"}],"about":[{"href":"https:\/\/diariodegarca.com\/index.php?rest_route=\/wp\/v2\/types\/post"}],"author":[{"embeddable":true,"href":"https:\/\/diariodegarca.com\/index.php?rest_route=\/wp\/v2\/users\/260896546"}],"replies":[{"embeddable":true,"href":"https:\/\/diariodegarca.com\/index.php?rest_route=%2Fwp%2Fv2%2Fcomments&post=2129"}],"version-history":[{"count":0,"href":"https:\/\/diariodegarca.com\/index.php?rest_route=\/wp\/v2\/posts\/2129\/revisions"}],"wp:attachment":[{"href":"https:\/\/diariodegarca.com\/index.php?rest_route=%2Fwp%2Fv2%2Fmedia&parent=2129"}],"wp:term":[{"taxonomy":"category","embeddable":true,"href":"https:\/\/diariodegarca.com\/index.php?rest_route=%2Fwp%2Fv2%2Fcategories&post=2129"},{"taxonomy":"post_tag","embeddable":true,"href":"https:\/\/diariodegarca.com\/index.php?rest_route=%2Fwp%2Fv2%2Ftags&post=2129"}],"curies":[{"name":"wp","href":"https:\/\/api.w.org\/{rel}","templated":true}]}}