{"id":2132,"date":"2025-05-11T11:53:00","date_gmt":"2025-05-11T11:53:00","guid":{"rendered":"https:\/\/diariodegarca.com\/2025\/05\/11\/instituto-butantan-alerta-segunda-infeccao-por-dengue-pode-ser-mais-grave-e-exige-atencao\/"},"modified":"2025-05-11T11:53:00","modified_gmt":"2025-05-11T11:53:00","slug":"instituto-butantan-alerta-segunda-infeccao-por-dengue-pode-ser-mais-grave-e-exige-atencao","status":"publish","type":"post","link":"https:\/\/diariodegarca.com\/?p=2132","title":{"rendered":"Instituto Butantan alerta: segunda infec\u00e7\u00e3o por dengue pode ser mais grave e exige aten\u00e7\u00e3o"},"content":{"rendered":"<p><div class=\"separator\" style=\"clear: both;text-align: center\">\n  <a href=\"https:\/\/blogger.googleusercontent.com\/img\/a\/AVvXsEifiWB_HYZR_7GmJ03Xjs1-z1SF5JudKVnVJQGxs9tBqTrbV8hW-hRxZZaSm6gc9qnfl3LRXs7AWquGIqe_6GsoCfplo1x6DX_O1bf3L0Da1v9ptC9WeV0V6PTQhwHiCwM9HDx27BpZ15Ry2v-dAzTmZj6FexT30i6Ok9uu0I_WsOPVyZFWaAaN4YYwYgM\" style=\"margin-left: 1em;margin-right: 1em\"><br \/>\n    <img decoding=\"async\" border=\"0\" src=\"https:\/\/blogger.googleusercontent.com\/img\/a\/AVvXsEifiWB_HYZR_7GmJ03Xjs1-z1SF5JudKVnVJQGxs9tBqTrbV8hW-hRxZZaSm6gc9qnfl3LRXs7AWquGIqe_6GsoCfplo1x6DX_O1bf3L0Da1v9ptC9WeV0V6PTQhwHiCwM9HDx27BpZ15Ry2v-dAzTmZj6FexT30i6Ok9uu0I_WsOPVyZFWaAaN4YYwYgM\" width=\"400\"><br \/>\n  <\/a>\n<\/div>\n<p><\/p>\n<p>A dengue, doen\u00e7a transmitida pelo mosquito <em>Aedes aegypti<\/em>, \u00e9 causada por quatro sorotipos virais (DENV-1, DENV-2, DENV-3 e DENV-4). Na maioria dos casos, a infec\u00e7\u00e3o \u00e9 assintom\u00e1tica ou leve, com sintomas que desaparecem em at\u00e9 duas semanas, gra\u00e7as \u00e0 resposta imunol\u00f3gica do corpo. No entanto, a segunda infec\u00e7\u00e3o por um sorotipo diferente do primeiro preocupa especialistas, pois aumenta significativamente o risco de complica\u00e7\u00f5es graves.<\/p>\n<p>De acordo com pesquisas, o sistema imunol\u00f3gico pode desempenhar um papel importante nesse agravamento. Os anticorpos gerados na primeira infec\u00e7\u00e3o reconhecem o novo sorotipo, mas nem sempre conseguem neutraliz\u00e1-lo, facilitando a entrada do v\u00edrus nas c\u00e9lulas. Al\u00e9m disso, as c\u00e9lulas T de mem\u00f3ria, que deveriam proteger, podem desencadear uma resposta inflamat\u00f3ria excessiva, piorando o quadro.<\/p>\n<p><strong>Por que a vacina precisa ser tetravalente?<\/strong><\/p>\n<p>A comunidade cient\u00edfica defende que uma vacina eficaz contra a dengue deve proteger contra os quatro sorotipos simultaneamente, como a candidata desenvolvida pelo Instituto Butantan em parceria com o <em>National Institutes of Health<\/em> (NIH) dos EUA. Essa abordagem evita o risco de o imunizante agravar uma futura infec\u00e7\u00e3o e pode ser aplicada com seguran\u00e7a mesmo em quem j\u00e1 teve a doen\u00e7a.<\/p>\n<p><strong>Fatores que influenciam a gravidade<\/strong><\/p>\n<p>Al\u00e9m da resposta imunol\u00f3gica, a gen\u00e9tica do v\u00edrus e do hospedeiro, comorbidades e estado nutricional influenciam na evolu\u00e7\u00e3o da doen\u00e7a. Estudos indicam que, em pa\u00edses end\u00eamicos como o Brasil, o risco de dengue sintom\u00e1tica na segunda infec\u00e7\u00e3o \u00e9 <strong>9,4 vezes maior<\/strong>, e o de complica\u00e7\u00f5es graves, <strong>23,7 vezes maior<\/strong>.<\/p>\n<p><strong>Sinais de alerta e quando buscar ajuda<\/strong><\/p>\n<p>A dengue grave pode apresentar uma &#8220;falsa melhora&#8221;: ap\u00f3s alguns dias de sintomas cl\u00e1ssicos (febre, dor no corpo, cansa\u00e7o), o paciente parece se recuperar, mas a doen\u00e7a pode evoluir para hemorragias e fal\u00eancia org\u00e2nica. <strong>Sinais de alerta<\/strong> incluem:<\/p>\n<ul>\n<li>Dor abdominal intensa<\/li>\n<li>V\u00f4mitos persistentes ou com sangue<\/li>\n<li>Sangramento de mucosas<\/li>\n<li>Palidez e queda da temperatura corporal<\/li>\n<\/ul>\n<p><strong>Automedica\u00e7\u00e3o \u00e9 perigosa!<\/strong><br \/>\nAnti-inflamat\u00f3rios (como ibuprofeno e \u00e1cido acetilsalic\u00edlico) e corticoides podem agravar a doen\u00e7a. O tratamento deve ser acompanhado por um m\u00e9dico.<\/p>\n","protected":false},"excerpt":{"rendered":"<p>A dengue, doen\u00e7a transmitida pelo mosquito Aedes aegypti, \u00e9 causada por quatro sorotipos virais (DENV-1, DENV-2, DENV-3 e DENV-4). Na maioria dos casos, a infec\u00e7\u00e3o \u00e9 assintom\u00e1tica ou leve, com sintomas que desaparecem em at\u00e9 duas semanas, gra\u00e7as \u00e0 resposta imunol\u00f3gica do corpo. No entanto, a segunda infec\u00e7\u00e3o por um sorotipo diferente do primeiro preocupa [&hellip;]<\/p>\n","protected":false},"author":260896546,"featured_media":0,"comment_status":"open","ping_status":"open","sticky":false,"template":"","format":"standard","meta":{"_crdt_document":"","_monsterinsights_skip_tracking":false,"_monsterinsights_sitenote_active":false,"_monsterinsights_sitenote_note":"","_monsterinsights_sitenote_category":0,"advanced_seo_description":"","jetpack_seo_html_title":"","jetpack_seo_noindex":false,"_jetpack_newsletter_access":"","_jetpack_dont_email_post_to_subs":false,"_jetpack_newsletter_tier_id":0,"_jetpack_memberships_contains_paywalled_content":false,"_jetpack_memberships_contains_paid_content":false,"footnotes":"","jetpack_publicize_message":"","jetpack_publicize_feature_enabled":true,"jetpack_social_post_already_shared":false,"jetpack_social_options":{"image_generator_settings":{"template":"fullscreen","default_image_id":0,"font":"","enabled":false},"version":2},"_wpas_customize_per_network":false,"jetpack_post_was_ever_published":false},"categories":[38185],"tags":[781171791,781171795,781171802],"class_list":["post-2132","post","type-post","status-publish","format-standard","hentry","category-brasil","tag-ciencia","tag-pesquisa","tag-saude"],"jetpack_publicize_connections":[],"jetpack_featured_media_url":"","jetpack_likes_enabled":true,"jetpack_sharing_enabled":true,"jetpack_shortlink":"https:\/\/wp.me\/pgitne-yo","jetpack-related-posts":[{"id":9409,"url":"https:\/\/diariodegarca.com\/?p=9409","url_meta":{"origin":2132,"position":0},"title":"Butantan recebe registro da 1\u00aa vacina nacional contra Dengue; imunizante ser\u00e1 oferecido pelo SUS","author":"Andreza Sega","date":"8 de dezembro de 2025","format":false,"excerpt":"Aprova\u00e7\u00e3o pela Anvisa permite produ\u00e7\u00e3o e comercializa\u00e7\u00e3o da vacina tetravalente de dose \u00fanica, um marco no combate \u00e0 doen\u00e7a no pa\u00eds. A Ag\u00eancia Nacional de Vigil\u00e2ncia Sanit\u00e1ria (Anvisa) publicou nesta segunda-feira, 8 de dezembro, o registro da vacina contra a dengue desenvolvida pelo Instituto Butantan. A decis\u00e3o, oficializada no Di\u00e1rio\u2026","rel":"","context":"Em &quot;Brasil&quot;","block_context":{"text":"Brasil","link":"https:\/\/diariodegarca.com\/?cat=38185"},"img":{"alt_text":"","src":"https:\/\/i0.wp.com\/diariodegarca.com\/wp-content\/uploads\/2025\/12\/vacina-dengue-butantan.jpg?fit=838%2C624&ssl=1&resize=350%2C200","width":350,"height":200,"srcset":"https:\/\/i0.wp.com\/diariodegarca.com\/wp-content\/uploads\/2025\/12\/vacina-dengue-butantan.jpg?fit=838%2C624&ssl=1&resize=350%2C200 1x, https:\/\/i0.wp.com\/diariodegarca.com\/wp-content\/uploads\/2025\/12\/vacina-dengue-butantan.jpg?fit=838%2C624&ssl=1&resize=525%2C300 1.5x, https:\/\/i0.wp.com\/diariodegarca.com\/wp-content\/uploads\/2025\/12\/vacina-dengue-butantan.jpg?fit=838%2C624&ssl=1&resize=700%2C400 2x"},"classes":[]},{"id":4129,"url":"https:\/\/diariodegarca.com\/?p=4129","url_meta":{"origin":2132,"position":1},"title":"Fiocruz conquista certifica\u00e7\u00e3o internacional para diagn\u00f3stico molecular de febre amarela","author":"Di\u00e1rio de Gar\u00e7a","date":"20 de junho de 2025","format":false,"excerpt":"Reconhecimento global refor\u00e7a excel\u00eancia da institui\u00e7\u00e3o no combate a doen\u00e7as tropicais e vigil\u00e2ncia em sa\u00fade A\u00a0Funda\u00e7\u00e3o Oswaldo Cruz (Fiocruz)\u00a0acaba de alcan\u00e7ar um novo marco em sua trajet\u00f3ria cient\u00edfica: a certifica\u00e7\u00e3o internacional para o\u00a0diagn\u00f3stico molecular da febre amarela, concedida pelo\u00a0Quality Control for Molecular Diagnostics (QCMD). Trata-se de uma organiza\u00e7\u00e3o independente e\u2026","rel":"","context":"Em &quot;Brasil&quot;","block_context":{"text":"Brasil","link":"https:\/\/diariodegarca.com\/?cat=38185"},"img":{"alt_text":"","src":"","width":0,"height":0},"classes":[]},{"id":4732,"url":"https:\/\/diariodegarca.com\/?p=4732","url_meta":{"origin":2132,"position":2},"title":"Vacina contra zika desenvolvida na USP protege contra danos cerebrais e testiculares em testes com animais","author":"Di\u00e1rio de Gar\u00e7a","date":"16 de julho de 2025","format":false,"excerpt":"Pesquisadores utilizam tecnologia inovadora sem material gen\u00e9tico do v\u00edrus; resultados abrem caminho para futuros ensaios cl\u00ednicos. Uma nova vacina contra o v\u00edrus zika, desenvolvida por pesquisadores da Universidade de S\u00e3o Paulo (USP), demonstrou resultados promissores em testes com camundongos, protegendo os animais contra danos cerebrais e testiculares causados pela infec\u00e7\u00e3o.\u2026","rel":"","context":"Em &quot;Ci\u00eancia&quot;","block_context":{"text":"Ci\u00eancia","link":"https:\/\/diariodegarca.com\/?cat=3213"},"img":{"alt_text":"","src":"","width":0,"height":0},"classes":[]},{"id":3239,"url":"https:\/\/diariodegarca.com\/?p=3239","url_meta":{"origin":2132,"position":3},"title":"Situa\u00e7\u00e3o da dengue em Gar\u00e7a e na regi\u00e3o de Mar\u00edlia","author":"Di\u00e1rio de Gar\u00e7a","date":"22 de maio de 2025","format":false,"excerpt":"Dados da Secretaria de Sa\u00fade do Estado de S\u00e3o Paulo indicam que a regi\u00e3o j\u00e1 confirmou 38 \u00f3bitos e 22 seguem em an\u00e1lise cl\u00ednica para confirma\u00e7\u00e3o. A regi\u00e3o atendida pela Diretoria Regional de Sa\u00fade de Mar\u00edlia, ao qual Gar\u00e7a pertence, enfrenta um surto de dengue em 2025, com\u00a031.765 casos prov\u00e1veis\u00a0e\u00a038\u2026","rel":"","context":"Em &quot;Gar\u00e7a&quot;","block_context":{"text":"Gar\u00e7a","link":"https:\/\/diariodegarca.com\/?cat=781171664"},"img":{"alt_text":"","src":"https:\/\/i0.wp.com\/diariodegarca.com\/wp-content\/uploads\/2025\/05\/mosquito.jpg?fit=1200%2C800&ssl=1&resize=350%2C200","width":350,"height":200,"srcset":"https:\/\/i0.wp.com\/diariodegarca.com\/wp-content\/uploads\/2025\/05\/mosquito.jpg?fit=1200%2C800&ssl=1&resize=350%2C200 1x, https:\/\/i0.wp.com\/diariodegarca.com\/wp-content\/uploads\/2025\/05\/mosquito.jpg?fit=1200%2C800&ssl=1&resize=525%2C300 1.5x, https:\/\/i0.wp.com\/diariodegarca.com\/wp-content\/uploads\/2025\/05\/mosquito.jpg?fit=1200%2C800&ssl=1&resize=700%2C400 2x, https:\/\/i0.wp.com\/diariodegarca.com\/wp-content\/uploads\/2025\/05\/mosquito.jpg?fit=1200%2C800&ssl=1&resize=1050%2C600 3x"},"classes":[]},{"id":2592,"url":"https:\/\/diariodegarca.com\/?p=2592","url_meta":{"origin":2132,"position":4},"title":"Secret\u00e1rio de Sa\u00fade relaciona aumento de dengue a aglomera\u00e7\u00f5es do Carnaval, mas transmiss\u00e3o s\u00f3 ocorre por mosquito","author":"Di\u00e1rio de Gar\u00e7a","date":"19 de mar\u00e7o de 2025","format":false,"excerpt":"Gar\u00e7a enfrenta um aumento nos casos de dengue e um dos motivos para o crescimento, segundo o secret\u00e1rio municipal da Sa\u00fade, Pedro Scartezini, seria a aglomera\u00e7\u00e3o de pessoas durante as festividades do Carnaval. Para atendimento da popula\u00e7\u00e3o infectada, tr\u00eas unidades v\u00e3o receber pacientes com sintomas no per\u00edodo noturno.A cidade conta\u2026","rel":"","context":"Em &quot;Brasil&quot;","block_context":{"text":"Brasil","link":"https:\/\/diariodegarca.com\/?cat=38185"},"img":{"alt_text":"","src":"","width":0,"height":0},"classes":[]},{"id":3369,"url":"https:\/\/diariodegarca.com\/?p=3369","url_meta":{"origin":2132,"position":5},"title":"S\u00e3o Paulo registra 44 casos de febre de Oropouche","author":"Di\u00e1rio de Gar\u00e7a","date":"24 de maio de 2025","format":false,"excerpt":"Uma morte est\u00e1 sob investiga\u00e7\u00e3o O estado de S\u00e3o Paulo j\u00e1 confirmou 44 casos de febre de Oropouche em 2025, segundo dados do Centro de Vigil\u00e2ncia Epidemiol\u00f3gica (CVE). Os registros concentram-se na regi\u00e3o de Registro (incluindo Cajati, Juqui\u00e1, Miracatu, Eldorado, Pedro de Toledo, Itariri e Sete Barras) e no litoral\u2026","rel":"","context":"Em &quot;Sa\u00fade&quot;","block_context":{"text":"Sa\u00fade","link":"https:\/\/diariodegarca.com\/?cat=72064"},"img":{"alt_text":"","src":"","width":0,"height":0},"classes":[]}],"_links":{"self":[{"href":"https:\/\/diariodegarca.com\/index.php?rest_route=\/wp\/v2\/posts\/2132","targetHints":{"allow":["GET"]}}],"collection":[{"href":"https:\/\/diariodegarca.com\/index.php?rest_route=\/wp\/v2\/posts"}],"about":[{"href":"https:\/\/diariodegarca.com\/index.php?rest_route=\/wp\/v2\/types\/post"}],"author":[{"embeddable":true,"href":"https:\/\/diariodegarca.com\/index.php?rest_route=\/wp\/v2\/users\/260896546"}],"replies":[{"embeddable":true,"href":"https:\/\/diariodegarca.com\/index.php?rest_route=%2Fwp%2Fv2%2Fcomments&post=2132"}],"version-history":[{"count":0,"href":"https:\/\/diariodegarca.com\/index.php?rest_route=\/wp\/v2\/posts\/2132\/revisions"}],"wp:attachment":[{"href":"https:\/\/diariodegarca.com\/index.php?rest_route=%2Fwp%2Fv2%2Fmedia&parent=2132"}],"wp:term":[{"taxonomy":"category","embeddable":true,"href":"https:\/\/diariodegarca.com\/index.php?rest_route=%2Fwp%2Fv2%2Fcategories&post=2132"},{"taxonomy":"post_tag","embeddable":true,"href":"https:\/\/diariodegarca.com\/index.php?rest_route=%2Fwp%2Fv2%2Ftags&post=2132"}],"curies":[{"name":"wp","href":"https:\/\/api.w.org\/{rel}","templated":true}]}}