{"id":2142,"date":"2025-05-10T13:35:00","date_gmt":"2025-05-10T13:35:00","guid":{"rendered":"https:\/\/diariodegarca.com\/2025\/05\/10\/policia-civil-e-ong-resgatam-caes-em-situacao-de-maus-tratos-em-marilia\/"},"modified":"2025-05-10T13:35:00","modified_gmt":"2025-05-10T13:35:00","slug":"policia-civil-e-ong-resgatam-caes-em-situacao-de-maus-tratos-em-marilia","status":"publish","type":"post","link":"https:\/\/diariodegarca.com\/?p=2142","title":{"rendered":"Pol\u00edcia Civil e ONG resgatam c\u00e3es em situa\u00e7\u00e3o de maus-tratos em Mar\u00edlia"},"content":{"rendered":"<div>\n<div class=\"separator\" style=\"clear: both;text-align: center\">\n  <a href=\"https:\/\/blogger.googleusercontent.com\/img\/a\/AVvXsEiSvIteuLhoCVw5rKmOOgrlaoFpjCWlEZNDPmRHaK0qK1Y9zfHureoz9aUw40wQ85mLQqLXfdqUS92TGe85gJFLDLV8idcVTs7q2qDmnJwborGkQ9HffqE_4K3lIT3WrDRsdN8AXoGzBh0BFz49kLq40_s2HkQy1X5Puuw0Fc2HMOqbpBsUbQ9T88U4R1s\" style=\"margin-left: 1em;margin-right: 1em\"><br \/>\n    <img decoding=\"async\" border=\"0\" src=\"https:\/\/blogger.googleusercontent.com\/img\/a\/AVvXsEiSvIteuLhoCVw5rKmOOgrlaoFpjCWlEZNDPmRHaK0qK1Y9zfHureoz9aUw40wQ85mLQqLXfdqUS92TGe85gJFLDLV8idcVTs7q2qDmnJwborGkQ9HffqE_4K3lIT3WrDRsdN8AXoGzBh0BFz49kLq40_s2HkQy1X5Puuw0Fc2HMOqbpBsUbQ9T88U4R1s\" width=\"400\"><br \/>\n  <\/a>\n<\/div>\n<p><\/div>\n<div>Uma opera\u00e7\u00e3o conjunta entre a Pol\u00edcia Civil e a ONG Spaddes resultou no resgate de cinco c\u00e3es que viviam em condi\u00e7\u00f5es degradantes em Mar\u00edlia, incluindo um filhote em estado grave de sa\u00fade. A a\u00e7\u00e3o, realizada com base em mandados de busca e apreens\u00e3o expedidos pela 2\u00aa Vara da cidade, teve como objetivo investigar den\u00fancias de maus-tratos contra animais.\u00a0\u00a0<\/div>\n<div><\/div>\n<div>Em um dos endere\u00e7os visitados, os c\u00e3es j\u00e1 haviam sido transferidos para um local adequado pela tutora e estavam saud\u00e1veis, com acesso a \u00e1gua, alimenta\u00e7\u00e3o e ambiente limpo. No entanto, no bairro Santa Clara, na zona sul, a situa\u00e7\u00e3o era alarmante: cinco animais \u2013 dois da ra\u00e7a shih-tzu, um mesti\u00e7o de bull terrier e dois sem ra\u00e7a definida (SRD), incluindo um filhote \u2013 foram encontrados em um local insalubre, sem cuidados b\u00e1sicos e infestados por carrapatos. O filhote, em especial, apresentava sinais graves de doen\u00e7a e foi encaminhado para tratamento emergencial.\u00a0\u00a0<\/div>\n<div><\/div>\n<div>Todos os animais resgatados est\u00e3o agora sob os cuidados da ONG Spaddes, que providenciar\u00e1 atendimento veterin\u00e1rio e buscar\u00e1 lares respons\u00e1veis para eles. &#8220;\u00c9 uma situa\u00e7\u00e3o que exige interven\u00e7\u00e3o imediata. Esses animais sofriam neglig\u00eancia grave, e nossa prioridade \u00e9 recuper\u00e1-los&#8221;, afirmou Gabriel Fernando, diretor operacional da Spaddes.\u00a0\u00a0<\/div>\n<div><\/div>\n<div><b>Tutora ser\u00e1 investigada por crime de maus-tratos<\/b><\/div>\n<div>O delegado Fl\u00e1vio Augusto Rodrigues, titular do Setor de Investiga\u00e7\u00f5es Gerais (SIG), informou que a tutora dos animais, uma manicure de 39 anos, ser\u00e1 alvo de inqu\u00e9rito policial e poder\u00e1 responder criminalmente por maus-tratos, crime previsto no artigo 32 da Lei de Crimes Ambientais (Lei n\u00ba 9.605\/98). Caso condenada, ela pode enfrentar multa e deten\u00e7\u00e3o.\u00a0\u00a0<\/div>\n<div><\/div>\n<div>A opera\u00e7\u00e3o refor\u00e7a a import\u00e2ncia da den\u00fancia em casos de viol\u00eancia ou neglig\u00eancia contra animais. Autoridades lembram que a popula\u00e7\u00e3o pode e deve acionar \u00f3rg\u00e3os competentes ao presenciar situa\u00e7\u00f5es de risco, contribuindo para a prote\u00e7\u00e3o dos animais.\u00a0\u00a0<\/div>\n<div><\/div>\n<div><b>Fonte<\/b>: <a href=\"https:\/\/www.visaonoticias.com\/noticia\/maus-tratos-contra-animais-ong-spaddes-e-policia-civil-fazem-nova-operacao-em-marilia-60598\">Vis\u00e3o Not\u00edcias\u00a0<\/a><\/div>\n","protected":false},"excerpt":{"rendered":"<p>Uma opera\u00e7\u00e3o conjunta entre a Pol\u00edcia Civil e a ONG Spaddes resultou no resgate de cinco c\u00e3es que viviam em condi\u00e7\u00f5es degradantes em Mar\u00edlia, incluindo um filhote em estado grave de sa\u00fade. A a\u00e7\u00e3o, realizada com base em mandados de busca e apreens\u00e3o expedidos pela 2\u00aa Vara da cidade, teve como objetivo investigar den\u00fancias de [&hellip;]<\/p>\n","protected":false},"author":260896546,"featured_media":0,"comment_status":"open","ping_status":"open","sticky":false,"template":"","format":"standard","meta":{"_crdt_document":"","_monsterinsights_skip_tracking":false,"_monsterinsights_sitenote_active":false,"_monsterinsights_sitenote_note":"","_monsterinsights_sitenote_category":0,"advanced_seo_description":"","jetpack_seo_html_title":"","jetpack_seo_noindex":false,"jetpack_post_was_ever_published":false,"_jetpack_newsletter_access":"","_jetpack_dont_email_post_to_subs":false,"_jetpack_newsletter_tier_id":0,"_jetpack_memberships_contains_paywalled_content":false,"_jetpack_memberships_contains_paid_content":false,"footnotes":"","jetpack_publicize_message":"","jetpack_publicize_feature_enabled":true,"jetpack_social_post_already_shared":false,"jetpack_social_options":{"image_generator_settings":{"template":"fullscreen","default_image_id":0,"font":"","enabled":false},"version":2},"_wpas_customize_per_network":false},"categories":[38185],"tags":[781171833,222752],"class_list":["post-2142","post","type-post","status-publish","format-standard","hentry","category-brasil","tag-causa-animal","tag-marilia"],"jetpack_publicize_connections":[],"jetpack_featured_media_url":"","jetpack_likes_enabled":true,"jetpack_sharing_enabled":true,"jetpack_shortlink":"https:\/\/wp.me\/pgitne-yy","jetpack-related-posts":[{"id":6828,"url":"https:\/\/diariodegarca.com\/?p=6828","url_meta":{"origin":2142,"position":0},"title":"Opera\u00e7\u00e3o em G\u00e1lia resgata seis animais v\u00edtimas de abandono e maus-tratos","author":"Di\u00e1rio de Gar\u00e7a","date":"16 de setembro de 2025","format":false,"excerpt":"Ap\u00f3s den\u00fancia an\u00f4nima, Pol\u00edcia Civil e Ong. Spaddes encontraram cinco c\u00e3es e um gato em estado de sofrimento extremo; tutora, que estaria ausente h\u00e1 semanas, \u00e9 procurada pela pol\u00edcia. Em uma a\u00e7\u00e3o conjunta realizada na manh\u00e3 de segunda-feira, 15 de setembro, a Pol\u00edcia Civil de G\u00e1lia, sob o comando da\u2026","rel":"","context":"Em &quot;Causa animal&quot;","block_context":{"text":"Causa animal","link":"https:\/\/diariodegarca.com\/?cat=26891317"},"img":{"alt_text":"","src":"https:\/\/i0.wp.com\/diariodegarca.com\/wp-content\/uploads\/2025\/09\/SnapInsta.to_548887678_18055475420634281_372946021978032927_n-e1758048048745.jpg?fit=1080%2C817&ssl=1&resize=350%2C200","width":350,"height":200,"srcset":"https:\/\/i0.wp.com\/diariodegarca.com\/wp-content\/uploads\/2025\/09\/SnapInsta.to_548887678_18055475420634281_372946021978032927_n-e1758048048745.jpg?fit=1080%2C817&ssl=1&resize=350%2C200 1x, https:\/\/i0.wp.com\/diariodegarca.com\/wp-content\/uploads\/2025\/09\/SnapInsta.to_548887678_18055475420634281_372946021978032927_n-e1758048048745.jpg?fit=1080%2C817&ssl=1&resize=525%2C300 1.5x, https:\/\/i0.wp.com\/diariodegarca.com\/wp-content\/uploads\/2025\/09\/SnapInsta.to_548887678_18055475420634281_372946021978032927_n-e1758048048745.jpg?fit=1080%2C817&ssl=1&resize=700%2C400 2x, https:\/\/i0.wp.com\/diariodegarca.com\/wp-content\/uploads\/2025\/09\/SnapInsta.to_548887678_18055475420634281_372946021978032927_n-e1758048048745.jpg?fit=1080%2C817&ssl=1&resize=1050%2C600 3x"},"classes":[]},{"id":7198,"url":"https:\/\/diariodegarca.com\/?p=7198","url_meta":{"origin":2142,"position":1},"title":"Casos de maus-tratos e abandono de animais mobilizam ONG e pol\u00edcia em G\u00e1lia","author":"Di\u00e1rio de Gar\u00e7a","date":"26 de setembro de 2025","format":false,"excerpt":"Spaddes pede pris\u00e3o preventiva de idoso por crueldade e recorre \u00e0 Justi\u00e7a para resgatar cadela supostamente abandonada por casal. A ONG Spaddes protocolou uma representa\u00e7\u00e3o na Delegacia de G\u00e1lia solicitando a pris\u00e3o preventiva de um idoso investigado por maus-tratos a animais. A entidade alega haver risco de reitera\u00e7\u00e3o criminosa, uma\u2026","rel":"","context":"Em &quot;Causa animal&quot;","block_context":{"text":"Causa animal","link":"https:\/\/diariodegarca.com\/?cat=26891317"},"img":{"alt_text":"","src":"https:\/\/i0.wp.com\/diariodegarca.com\/wp-content\/uploads\/2025\/09\/Screenshot_20250926_130815_Chrome.jpg?fit=1069%2C1200&ssl=1&resize=350%2C200","width":350,"height":200,"srcset":"https:\/\/i0.wp.com\/diariodegarca.com\/wp-content\/uploads\/2025\/09\/Screenshot_20250926_130815_Chrome.jpg?fit=1069%2C1200&ssl=1&resize=350%2C200 1x, https:\/\/i0.wp.com\/diariodegarca.com\/wp-content\/uploads\/2025\/09\/Screenshot_20250926_130815_Chrome.jpg?fit=1069%2C1200&ssl=1&resize=525%2C300 1.5x, https:\/\/i0.wp.com\/diariodegarca.com\/wp-content\/uploads\/2025\/09\/Screenshot_20250926_130815_Chrome.jpg?fit=1069%2C1200&ssl=1&resize=700%2C400 2x, https:\/\/i0.wp.com\/diariodegarca.com\/wp-content\/uploads\/2025\/09\/Screenshot_20250926_130815_Chrome.jpg?fit=1069%2C1200&ssl=1&resize=1050%2C600 3x"},"classes":[]},{"id":8009,"url":"https:\/\/diariodegarca.com\/?p=8009","url_meta":{"origin":2142,"position":2},"title":"Opera\u00e7\u00e3o Virtude em Mar\u00edlia prende procurado e averigua 17 den\u00fancias de crimes contra idosos","author":"Andreza Sega","date":"24 de outubro de 2025","format":false,"excerpt":"Em opera\u00e7\u00e3o integrada, pol\u00edcias Civil e Militar averiguaram den\u00fancias e refor\u00e7aram a prote\u00e7\u00e3o a pessoas idosas; nenhum caso de maus-tratos foi confirmado durante as visitas. Uma for\u00e7a-tarefa envolvendo Pol\u00edcia Militar e Pol\u00edcia Civil moveu-se por Mar\u00edlia na \u00faltima quarta-feira, 22 de outubro, para proteger um dos grupos mais vulner\u00e1veis da\u2026","rel":"","context":"Em &quot;Mar\u00edlia&quot;","block_context":{"text":"Mar\u00edlia","link":"https:\/\/diariodegarca.com\/?cat=683453294"},"img":{"alt_text":"","src":"https:\/\/i0.wp.com\/diariodegarca.com\/wp-content\/uploads\/2025\/10\/SnapInsta.to_568632784_18321635047246526_6427962331807951485_n-e1761326290698.jpg?fit=1080%2C690&ssl=1&resize=350%2C200","width":350,"height":200,"srcset":"https:\/\/i0.wp.com\/diariodegarca.com\/wp-content\/uploads\/2025\/10\/SnapInsta.to_568632784_18321635047246526_6427962331807951485_n-e1761326290698.jpg?fit=1080%2C690&ssl=1&resize=350%2C200 1x, https:\/\/i0.wp.com\/diariodegarca.com\/wp-content\/uploads\/2025\/10\/SnapInsta.to_568632784_18321635047246526_6427962331807951485_n-e1761326290698.jpg?fit=1080%2C690&ssl=1&resize=525%2C300 1.5x, https:\/\/i0.wp.com\/diariodegarca.com\/wp-content\/uploads\/2025\/10\/SnapInsta.to_568632784_18321635047246526_6427962331807951485_n-e1761326290698.jpg?fit=1080%2C690&ssl=1&resize=700%2C400 2x, https:\/\/i0.wp.com\/diariodegarca.com\/wp-content\/uploads\/2025\/10\/SnapInsta.to_568632784_18321635047246526_6427962331807951485_n-e1761326290698.jpg?fit=1080%2C690&ssl=1&resize=1050%2C600 3x"},"classes":[]},{"id":2141,"url":"https:\/\/diariodegarca.com\/?p=2141","url_meta":{"origin":2142,"position":3},"title":"Homem \u00e9 condenado por maus-tratos a pitbull em Gar\u00e7a ap\u00f3s alegar que c\u00e3o tinha &#034;problemas psicol\u00f3gicos&#034;","author":"Di\u00e1rio de Gar\u00e7a","date":"10 de maio de 2025","format":false,"excerpt":"A Justi\u00e7a de Gar\u00e7a condenou um homem a 2 anos e 9 meses de reclus\u00e3o em regime semiaberto por maus-tratos a um pitbull encontrado em estado cr\u00edtico. O animal foi resgatado em maio de 2024, preso em um quintal, debilitado, com sarna, infestado de carrapatos e sem acesso a \u00e1gua\u2026","rel":"","context":"Em &quot;Brasil&quot;","block_context":{"text":"Brasil","link":"https:\/\/diariodegarca.com\/?cat=38185"},"img":{"alt_text":"","src":"","width":0,"height":0},"classes":[]},{"id":4392,"url":"https:\/\/diariodegarca.com\/?p=4392","url_meta":{"origin":2142,"position":4},"title":"Junho Dourado refor\u00e7a a import\u00e2ncia da vacina\u00e7\u00e3o e dos cuidados com a sa\u00fade animal","author":"Di\u00e1rio de Gar\u00e7a","date":"3 de julho de 2025","format":false,"excerpt":"M\u00eas \u00e9 dedicado \u00e0 conscientiza\u00e7\u00e3o sobre o bem-estar dos pets, preven\u00e7\u00e3o de zoonoses e refor\u00e7o da vacina\u00e7\u00e3o como ferramenta essencial \u00e0 sa\u00fade p\u00fablica e animal Um m\u00eas pela sa\u00fade dos animais O Junho Dourado \u00e9 uma campanha nacional voltada \u00e0 conscientiza\u00e7\u00e3o sobre a sa\u00fade animal, com \u00eanfase na vacina\u00e7\u00e3o, preven\u00e7\u00e3o\u2026","rel":"","context":"Em &quot;Brasil&quot;","block_context":{"text":"Brasil","link":"https:\/\/diariodegarca.com\/?cat=38185"},"img":{"alt_text":"","src":"https:\/\/i0.wp.com\/diariodegarca.com\/wp-content\/uploads\/2025\/07\/visao-de-gatos-e-caes-sendo-amigos-e1751484548616.jpg?fit=1200%2C982&ssl=1&resize=350%2C200","width":350,"height":200,"srcset":"https:\/\/i0.wp.com\/diariodegarca.com\/wp-content\/uploads\/2025\/07\/visao-de-gatos-e-caes-sendo-amigos-e1751484548616.jpg?fit=1200%2C982&ssl=1&resize=350%2C200 1x, https:\/\/i0.wp.com\/diariodegarca.com\/wp-content\/uploads\/2025\/07\/visao-de-gatos-e-caes-sendo-amigos-e1751484548616.jpg?fit=1200%2C982&ssl=1&resize=525%2C300 1.5x, https:\/\/i0.wp.com\/diariodegarca.com\/wp-content\/uploads\/2025\/07\/visao-de-gatos-e-caes-sendo-amigos-e1751484548616.jpg?fit=1200%2C982&ssl=1&resize=700%2C400 2x, https:\/\/i0.wp.com\/diariodegarca.com\/wp-content\/uploads\/2025\/07\/visao-de-gatos-e-caes-sendo-amigos-e1751484548616.jpg?fit=1200%2C982&ssl=1&resize=1050%2C600 3x"},"classes":[]},{"id":5489,"url":"https:\/\/diariodegarca.com\/?p=5489","url_meta":{"origin":2142,"position":5},"title":"Agosto Dourado, Laranja e Preto: m\u00eas de sa\u00fade e conscientiza\u00e7\u00e3o animal","author":"Di\u00e1rio de Gar\u00e7a","date":"11 de agosto de 2025","format":false,"excerpt":"Campanhas destacam ado\u00e7\u00e3o respons\u00e1vel, preven\u00e7\u00e3o de doen\u00e7as e combate ao preconceito contra gatos pretos. Enquanto agosto \u00e9 amplamente conhecido por campanhas de sa\u00fade humana, como o\u00a0\"Agosto Dourado\"\u00a0(aleitamento materno), o m\u00eas tamb\u00e9m \u00e9 marcado por importantes iniciativas voltadas aos animais. ONGs, protetores independentes e cl\u00ednicas veterin\u00e1rias promovem a\u00e7\u00f5es de conscientiza\u00e7\u00e3o sobre\u2026","rel":"","context":"Em &quot;Brasil&quot;","block_context":{"text":"Brasil","link":"https:\/\/diariodegarca.com\/?cat=38185"},"img":{"alt_text":"","src":"https:\/\/i0.wp.com\/diariodegarca.com\/wp-content\/uploads\/2025\/08\/visao-de-gatos-e-caes-sendo-amigos-1.jpg?fit=1200%2C673&ssl=1&resize=350%2C200","width":350,"height":200,"srcset":"https:\/\/i0.wp.com\/diariodegarca.com\/wp-content\/uploads\/2025\/08\/visao-de-gatos-e-caes-sendo-amigos-1.jpg?fit=1200%2C673&ssl=1&resize=350%2C200 1x, https:\/\/i0.wp.com\/diariodegarca.com\/wp-content\/uploads\/2025\/08\/visao-de-gatos-e-caes-sendo-amigos-1.jpg?fit=1200%2C673&ssl=1&resize=525%2C300 1.5x, https:\/\/i0.wp.com\/diariodegarca.com\/wp-content\/uploads\/2025\/08\/visao-de-gatos-e-caes-sendo-amigos-1.jpg?fit=1200%2C673&ssl=1&resize=700%2C400 2x, https:\/\/i0.wp.com\/diariodegarca.com\/wp-content\/uploads\/2025\/08\/visao-de-gatos-e-caes-sendo-amigos-1.jpg?fit=1200%2C673&ssl=1&resize=1050%2C600 3x"},"classes":[]}],"_links":{"self":[{"href":"https:\/\/diariodegarca.com\/index.php?rest_route=\/wp\/v2\/posts\/2142","targetHints":{"allow":["GET"]}}],"collection":[{"href":"https:\/\/diariodegarca.com\/index.php?rest_route=\/wp\/v2\/posts"}],"about":[{"href":"https:\/\/diariodegarca.com\/index.php?rest_route=\/wp\/v2\/types\/post"}],"author":[{"embeddable":true,"href":"https:\/\/diariodegarca.com\/index.php?rest_route=\/wp\/v2\/users\/260896546"}],"replies":[{"embeddable":true,"href":"https:\/\/diariodegarca.com\/index.php?rest_route=%2Fwp%2Fv2%2Fcomments&post=2142"}],"version-history":[{"count":0,"href":"https:\/\/diariodegarca.com\/index.php?rest_route=\/wp\/v2\/posts\/2142\/revisions"}],"wp:attachment":[{"href":"https:\/\/diariodegarca.com\/index.php?rest_route=%2Fwp%2Fv2%2Fmedia&parent=2142"}],"wp:term":[{"taxonomy":"category","embeddable":true,"href":"https:\/\/diariodegarca.com\/index.php?rest_route=%2Fwp%2Fv2%2Fcategories&post=2142"},{"taxonomy":"post_tag","embeddable":true,"href":"https:\/\/diariodegarca.com\/index.php?rest_route=%2Fwp%2Fv2%2Ftags&post=2142"}],"curies":[{"name":"wp","href":"https:\/\/api.w.org\/{rel}","templated":true}]}}