{"id":2143,"date":"2025-05-10T13:26:00","date_gmt":"2025-05-10T13:26:00","guid":{"rendered":"https:\/\/diariodegarca.com\/2025\/05\/10\/marilia-inicia-programa-de-castracao-em-animais-de-rua-com-apoio-de-ongs\/"},"modified":"2025-05-10T13:26:00","modified_gmt":"2025-05-10T13:26:00","slug":"marilia-inicia-programa-de-castracao-em-animais-de-rua-com-apoio-de-ongs","status":"publish","type":"post","link":"https:\/\/diariodegarca.com\/?p=2143","title":{"rendered":"Mar\u00edlia inicia programa de castra\u00e7\u00e3o em animais de rua com apoio de ONGs"},"content":{"rendered":"<div>\n<div>\n  <a href=\"https:\/\/blogger.googleusercontent.com\/img\/a\/AVvXsEhhubtWFnVRNCcHYPb_RM70lu8V0HSAyH48Yz4oszJ9DK3kMZfo37jEDBY7B267Em3uS83Crzro5jYfj4RuJ-QK9_Kr9dZzg8BQ0prl5pjn-M6zLZpIvvBgaT3pzBCzM261Eb-VPF92aDxFg-7eYLIkgZEjVQjNAOJJ0kk0c-FHjaL8ik9jPQXhlGI8RVY\"><br \/>\n    <img decoding=\"async\" border=\"0\" src=\"https:\/\/blogger.googleusercontent.com\/img\/a\/AVvXsEhhubtWFnVRNCcHYPb_RM70lu8V0HSAyH48Yz4oszJ9DK3kMZfo37jEDBY7B267Em3uS83Crzro5jYfj4RuJ-QK9_Kr9dZzg8BQ0prl5pjn-M6zLZpIvvBgaT3pzBCzM261Eb-VPF92aDxFg-7eYLIkgZEjVQjNAOJJ0kk0c-FHjaL8ik9jPQXhlGI8RVY\" width=\"400\"><br \/>\n  <\/a>\n<\/div>\n<p><\/div>\n<p>A Prefeitura de Mar\u00edlia, por meio de uma parceria com organiza\u00e7\u00f5es n\u00e3o governamentais (ONGs) e protetores independentes, anunciou a realiza\u00e7\u00e3o de 70 procedimentos mensais de castra\u00e7\u00e3o em c\u00e3es e gatos. A iniciativa, que come\u00e7a na segunda-feira, dia 12 de maio, visa controlar a popula\u00e7\u00e3o de animais abandonados e garantir melhor qualidade de vida a esses seres, priorizando regi\u00f5es com alta concentra\u00e7\u00e3o de animais, como terrenos baldios e bueiros.<\/p>\n<p>De acordo com o secret\u00e1rio de Meio Ambiente e Servi\u00e7os P\u00fablicos, M\u00e1rio Rui Moura de Andrade, a a\u00e7\u00e3o atende a uma demanda do prefeito Vinicius Camarinha (PSDB) para ampliar o cuidado com animais atendidos por entidades e reduzir a reprodu\u00e7\u00e3o descontrolada. \u201cAs senhas para os procedimentos j\u00e1 foram distribu\u00eddas \u00e0s ONGs registradas. O objetivo \u00e9 agir preventivamente, especialmente em \u00e1reas cr\u00edticas\u201d, explicou o secret\u00e1rio.<\/p>\n<p>A m\u00e9dica veterin\u00e1ria Michele Alves, superintendente da causa animal na secretaria, detalhou que o foco ser\u00e1 a castra\u00e7\u00e3o de f\u00eameas sem tutores, estrat\u00e9gia considerada essencial para conter o crescimento populacional. Al\u00e9m das 70 cirurgias mensais, o projeto inclui a esteriliza\u00e7\u00e3o de 22 c\u00e3es abandonados em um pasto, que vivem isolados de humanos e precisar\u00e3o ser resgatados para tratamento. \u201c\u00c9 uma a\u00e7\u00e3o de resgate e controle, aliando sa\u00fade animal e bem-estar\u201d, afirmou Michele.<\/p>\n<p><strong>Prioridade a \u00e1reas vulner\u00e1veis<\/strong><br \/>\nO cronograma prioriza locais onde animais se reproduzem sem supervis\u00e3o, como vias p\u00fablicas e \u00e1reas de risco. As ONGs cadastradas receberam fichas para repassar vagas a outras protetoras, ampliando o alcance do projeto. A iniciativa tamb\u00e9m busca incentivar a participa\u00e7\u00e3o da comunidade na causa animal, refor\u00e7ando a import\u00e2ncia da castra\u00e7\u00e3o como m\u00e9todo \u00e9tico de controle populacional.<\/p>\n<p>\u201cTemos uma prefeitura parceira, engajada em transformar essa realidade. A castra\u00e7\u00e3o n\u00e3o s\u00f3 evita o sofrimento de filhotes abandonados, mas tamb\u00e9m reduz conflitos urbanos e doen\u00e7as\u201d, destacou a veterin\u00e1ria. Com o programa, Mar\u00edlia d\u00e1 um passo significativo para se tornar refer\u00eancia em pol\u00edticas p\u00fablicas de prote\u00e7\u00e3o animal.<\/p>\n<p><b>Fonte:<\/b> <a href=\"https:\/\/marilianoticia.com.br\/prefeitura-anuncia-castracao-de-caes-e-gatos-por-meio-de-ongs\/\">Mar\u00edlia Not\u00edcia\u00a0<\/a><\/p>\n","protected":false},"excerpt":{"rendered":"<p>A Prefeitura de Mar\u00edlia, por meio de uma parceria com organiza\u00e7\u00f5es n\u00e3o governamentais (ONGs) e protetores independentes, anunciou a realiza\u00e7\u00e3o de 70 procedimentos mensais de castra\u00e7\u00e3o em c\u00e3es e gatos. A iniciativa, que come\u00e7a na segunda-feira, dia 12 de maio, visa controlar a popula\u00e7\u00e3o de animais abandonados e garantir melhor qualidade de vida a esses [&hellip;]<\/p>\n","protected":false},"author":260896546,"featured_media":0,"comment_status":"open","ping_status":"open","sticky":false,"template":"","format":"standard","meta":{"_crdt_document":"","_monsterinsights_skip_tracking":false,"_monsterinsights_sitenote_active":false,"_monsterinsights_sitenote_note":"","_monsterinsights_sitenote_category":0,"advanced_seo_description":"","jetpack_seo_html_title":"","jetpack_seo_noindex":false,"_jetpack_newsletter_access":"","_jetpack_dont_email_post_to_subs":false,"_jetpack_newsletter_tier_id":0,"_jetpack_memberships_contains_paywalled_content":false,"_jetpack_memberships_contains_paid_content":false,"footnotes":"","jetpack_publicize_message":"","jetpack_publicize_feature_enabled":true,"jetpack_social_post_already_shared":false,"jetpack_social_options":{"image_generator_settings":{"template":"fullscreen","default_image_id":0,"font":"","enabled":false},"version":2},"_wpas_customize_per_network":false,"jetpack_post_was_ever_published":false},"categories":[38185],"tags":[781171833,222752],"class_list":["post-2143","post","type-post","status-publish","format-standard","hentry","category-brasil","tag-causa-animal","tag-marilia"],"jetpack_publicize_connections":[],"jetpack_featured_media_url":"","jetpack_likes_enabled":true,"jetpack_sharing_enabled":true,"jetpack_shortlink":"https:\/\/wp.me\/pgitne-yz","jetpack-related-posts":[{"id":9980,"url":"https:\/\/diariodegarca.com\/?p=9980","url_meta":{"origin":2143,"position":0},"title":"Mar\u00edlia inicia atendimentos do Castram\u00f3vel para agendamentos realizados em dezembro","author":"Di\u00e1rio de Gar\u00e7a","date":"9 de janeiro de 2026","format":false,"excerpt":"A\u00e7\u00e3o contempla 650 castra\u00e7\u00f5es gratuitas em tr\u00eas dias e atende tutores de baixa renda e animais em situa\u00e7\u00e3o de rua A Prefeitura de Mar\u00edlia iniciou, na quinta-feira, 8 de janeiro, os atendimentos do Castram\u00f3vel, destinados exclusivamente aos tutores que realizaram agendamento pr\u00e9vio at\u00e9 o dia 30 de dezembro junto \u00e0\u2026","rel":"","context":"Em &quot;Causa animal&quot;","block_context":{"text":"Causa animal","link":"https:\/\/diariodegarca.com\/?cat=26891317"},"img":{"alt_text":"","src":"https:\/\/i0.wp.com\/diariodegarca.com\/wp-content\/uploads\/2026\/01\/marilia.jpg?fit=800%2C600&ssl=1&resize=350%2C200","width":350,"height":200,"srcset":"https:\/\/i0.wp.com\/diariodegarca.com\/wp-content\/uploads\/2026\/01\/marilia.jpg?fit=800%2C600&ssl=1&resize=350%2C200 1x, https:\/\/i0.wp.com\/diariodegarca.com\/wp-content\/uploads\/2026\/01\/marilia.jpg?fit=800%2C600&ssl=1&resize=525%2C300 1.5x, https:\/\/i0.wp.com\/diariodegarca.com\/wp-content\/uploads\/2026\/01\/marilia.jpg?fit=800%2C600&ssl=1&resize=700%2C400 2x"},"classes":[]},{"id":2658,"url":"https:\/\/diariodegarca.com\/?p=2658","url_meta":{"origin":2143,"position":1},"title":"Sistema Nacional de Identifica\u00e7\u00e3o de C\u00e3es e Gatos est\u00e1 sendo implantado este ano","author":"Di\u00e1rio de Gar\u00e7a","date":"10 de mar\u00e7o de 2025","format":false,"excerpt":"A partir deste ano, o Brasil conta com uma nova ferramenta para promover a guarda respons\u00e1vel e combater o abandono e os maus-tratos de animais. O Sistema Nacional de Identifica\u00e7\u00e3o de C\u00e3es e Gatos, criado com base na Lei n\u00ba 15.046\/2024, j\u00e1 est\u00e1 em fase de implementa\u00e7\u00e3o. Desenvolvido pelo Minist\u00e9rio\u2026","rel":"","context":"Em &quot;Brasil&quot;","block_context":{"text":"Brasil","link":"https:\/\/diariodegarca.com\/?cat=38185"},"img":{"alt_text":"","src":"","width":0,"height":0},"classes":[]},{"id":2484,"url":"https:\/\/diariodegarca.com\/?p=2484","url_meta":{"origin":2143,"position":2},"title":"Abril Laranja: M\u00eas de Conscientiza\u00e7\u00e3o e Combate \u00e0 Crueldade Animal","author":"Di\u00e1rio de Gar\u00e7a","date":"3 de abril de 2025","format":false,"excerpt":"O\u00a0Abril Laranja\u00a0\u00e9 uma campanha nacional dedicada \u00e0 preven\u00e7\u00e3o e ao combate da crueldade contra animais. Criada para conscientizar a sociedade sobre os direitos dos animais e promover a\u00e7\u00f5es de prote\u00e7\u00e3o, a iniciativa refor\u00e7a a import\u00e2ncia da den\u00fancia de maus-tratos e destaca avan\u00e7os legais, como a\u00a0Lei n\u00ba 14.064\/2020, que prev\u00ea pena\u2026","rel":"","context":"Em &quot;Brasil&quot;","block_context":{"text":"Brasil","link":"https:\/\/diariodegarca.com\/?cat=38185"},"img":{"alt_text":"","src":"https:\/\/i0.wp.com\/blogger.googleusercontent.com\/img\/b\/R29vZ2xl\/AVvXsEideOc_41mJQz4HZ1iyeuF9LE3ILML6sjo_SOGymUxPoCsaSF6Vg7MEbM7Ks_9NG9PMohwg2QCyXNFoUeyqwxD1R5o3zxF4w0f_5-2Kwe4SOUZIUp1X9O7OfkaVdsugskfl3p5ZpJtnFkX4teVqndFHDN6xWFK_3RcqZhbK9ViZNYt9SKk-kyV6tOM2dhs\/s320\/Abril%20Laranja%20%281%29.png?resize=350%2C200&ssl=1","width":350,"height":200},"classes":[]},{"id":2332,"url":"https:\/\/diariodegarca.com\/?p=2332","url_meta":{"origin":2143,"position":3},"title":"ProPatinhas e SinPatinhas: Governo Federal lan\u00e7a programa pioneiro para prote\u00e7\u00e3o de c\u00e3es e gatos","author":"Di\u00e1rio de Gar\u00e7a","date":"17 de abril de 2025","format":false,"excerpt":"Nesta quinta-feira, dia 17 de abril, o Governo Federal deu um passo hist\u00f3rico na defesa dos animais com o lan\u00e7amento do\u00a0Programa Nacional de Prote\u00e7\u00e3o e Manejo Populacional \u00c9tico de C\u00e3es e Gatos (ProPatinhas)\u00a0e do\u00a0Sistema de Cadastro Nacional de Animais Dom\u00e9sticos (SinPatinhas). As iniciativas, coordenadas pelo\u00a0Minist\u00e9rio do Meio Ambiente e Mudan\u00e7a\u2026","rel":"","context":"Em &quot;Brasil&quot;","block_context":{"text":"Brasil","link":"https:\/\/diariodegarca.com\/?cat=38185"},"img":{"alt_text":"","src":"https:\/\/i0.wp.com\/blogger.googleusercontent.com\/img\/b\/R29vZ2xl\/AVvXsEgs8WMwifJGuum8PS_UR1-RPhico2Z-_YPtzVQDLoE6U8KvYU48yFYFnYjO5KVDAHeBpjBHAX2Mk4uFwRA1wT66BnhKqQJ13T2YglzVP3lDAG1Zv4TSwXgBi_9N0kirBD9_7UmDMsVw6olX6EugNznStvkhOD3qB_XZN-IfatlpuDzHoHrLJTF25VJ2Sik\/s320\/54458589055_be6a99e4b8_c.jpg?resize=350%2C200&ssl=1","width":350,"height":200},"classes":[]},{"id":4392,"url":"https:\/\/diariodegarca.com\/?p=4392","url_meta":{"origin":2143,"position":4},"title":"Junho Dourado refor\u00e7a a import\u00e2ncia da vacina\u00e7\u00e3o e dos cuidados com a sa\u00fade animal","author":"Di\u00e1rio de Gar\u00e7a","date":"3 de julho de 2025","format":false,"excerpt":"M\u00eas \u00e9 dedicado \u00e0 conscientiza\u00e7\u00e3o sobre o bem-estar dos pets, preven\u00e7\u00e3o de zoonoses e refor\u00e7o da vacina\u00e7\u00e3o como ferramenta essencial \u00e0 sa\u00fade p\u00fablica e animal Um m\u00eas pela sa\u00fade dos animais O Junho Dourado \u00e9 uma campanha nacional voltada \u00e0 conscientiza\u00e7\u00e3o sobre a sa\u00fade animal, com \u00eanfase na vacina\u00e7\u00e3o, preven\u00e7\u00e3o\u2026","rel":"","context":"Em &quot;Brasil&quot;","block_context":{"text":"Brasil","link":"https:\/\/diariodegarca.com\/?cat=38185"},"img":{"alt_text":"","src":"https:\/\/i0.wp.com\/diariodegarca.com\/wp-content\/uploads\/2025\/07\/visao-de-gatos-e-caes-sendo-amigos-e1751484548616.jpg?fit=1200%2C982&ssl=1&resize=350%2C200","width":350,"height":200,"srcset":"https:\/\/i0.wp.com\/diariodegarca.com\/wp-content\/uploads\/2025\/07\/visao-de-gatos-e-caes-sendo-amigos-e1751484548616.jpg?fit=1200%2C982&ssl=1&resize=350%2C200 1x, https:\/\/i0.wp.com\/diariodegarca.com\/wp-content\/uploads\/2025\/07\/visao-de-gatos-e-caes-sendo-amigos-e1751484548616.jpg?fit=1200%2C982&ssl=1&resize=525%2C300 1.5x, https:\/\/i0.wp.com\/diariodegarca.com\/wp-content\/uploads\/2025\/07\/visao-de-gatos-e-caes-sendo-amigos-e1751484548616.jpg?fit=1200%2C982&ssl=1&resize=700%2C400 2x, https:\/\/i0.wp.com\/diariodegarca.com\/wp-content\/uploads\/2025\/07\/visao-de-gatos-e-caes-sendo-amigos-e1751484548616.jpg?fit=1200%2C982&ssl=1&resize=1050%2C600 3x"},"classes":[]},{"id":9900,"url":"https:\/\/diariodegarca.com\/?p=9900","url_meta":{"origin":2143,"position":5},"title":"G\u00e1lia abre inscri\u00e7\u00f5es para castra\u00e7\u00e3o gratuita de c\u00e3es e gatos","author":"Di\u00e1rio de Gar\u00e7a","date":"8 de janeiro de 2026","format":false,"excerpt":"Programa Castram\u00f3vel do Estado de S\u00e3o Paulo oferece 40 vagas; procedimento est\u00e1 marcado para o dia 21 de janeiro. A Prefeitura Municipal de G\u00e1lia anunciou a abertura de inscri\u00e7\u00f5es para castra\u00e7\u00e3o gratuita de c\u00e3es e gatos, por meio da Secretaria de Agricultura e Meio Ambiente, em parceria com o programa\u2026","rel":"","context":"Em &quot;Causa animal&quot;","block_context":{"text":"Causa animal","link":"https:\/\/diariodegarca.com\/?cat=26891317"},"img":{"alt_text":"gato e c\u00e3o","src":"https:\/\/i0.wp.com\/diariodegarca.com\/wp-content\/uploads\/2025\/08\/vista-de-gatos-e-caes-mostrando-amizade.jpg?fit=1200%2C673&ssl=1&resize=350%2C200","width":350,"height":200,"srcset":"https:\/\/i0.wp.com\/diariodegarca.com\/wp-content\/uploads\/2025\/08\/vista-de-gatos-e-caes-mostrando-amizade.jpg?fit=1200%2C673&ssl=1&resize=350%2C200 1x, https:\/\/i0.wp.com\/diariodegarca.com\/wp-content\/uploads\/2025\/08\/vista-de-gatos-e-caes-mostrando-amizade.jpg?fit=1200%2C673&ssl=1&resize=525%2C300 1.5x, https:\/\/i0.wp.com\/diariodegarca.com\/wp-content\/uploads\/2025\/08\/vista-de-gatos-e-caes-mostrando-amizade.jpg?fit=1200%2C673&ssl=1&resize=700%2C400 2x, https:\/\/i0.wp.com\/diariodegarca.com\/wp-content\/uploads\/2025\/08\/vista-de-gatos-e-caes-mostrando-amizade.jpg?fit=1200%2C673&ssl=1&resize=1050%2C600 3x"},"classes":[]}],"_links":{"self":[{"href":"https:\/\/diariodegarca.com\/index.php?rest_route=\/wp\/v2\/posts\/2143","targetHints":{"allow":["GET"]}}],"collection":[{"href":"https:\/\/diariodegarca.com\/index.php?rest_route=\/wp\/v2\/posts"}],"about":[{"href":"https:\/\/diariodegarca.com\/index.php?rest_route=\/wp\/v2\/types\/post"}],"author":[{"embeddable":true,"href":"https:\/\/diariodegarca.com\/index.php?rest_route=\/wp\/v2\/users\/260896546"}],"replies":[{"embeddable":true,"href":"https:\/\/diariodegarca.com\/index.php?rest_route=%2Fwp%2Fv2%2Fcomments&post=2143"}],"version-history":[{"count":0,"href":"https:\/\/diariodegarca.com\/index.php?rest_route=\/wp\/v2\/posts\/2143\/revisions"}],"wp:attachment":[{"href":"https:\/\/diariodegarca.com\/index.php?rest_route=%2Fwp%2Fv2%2Fmedia&parent=2143"}],"wp:term":[{"taxonomy":"category","embeddable":true,"href":"https:\/\/diariodegarca.com\/index.php?rest_route=%2Fwp%2Fv2%2Fcategories&post=2143"},{"taxonomy":"post_tag","embeddable":true,"href":"https:\/\/diariodegarca.com\/index.php?rest_route=%2Fwp%2Fv2%2Ftags&post=2143"}],"curies":[{"name":"wp","href":"https:\/\/api.w.org\/{rel}","templated":true}]}}