{"id":2146,"date":"2025-05-10T12:15:00","date_gmt":"2025-05-10T12:15:00","guid":{"rendered":"https:\/\/diariodegarca.com\/2025\/05\/10\/lucianopolis-recebe-oficina-gratuita-sobre-precificacao-voltada-a-pequenos-negocios\/"},"modified":"2025-05-10T12:15:00","modified_gmt":"2025-05-10T12:15:00","slug":"lucianopolis-recebe-oficina-gratuita-sobre-precificacao-voltada-a-pequenos-negocios","status":"publish","type":"post","link":"https:\/\/diariodegarca.com\/?p=2146","title":{"rendered":"Lucian\u00f3polis recebe oficina gratuita sobre precifica\u00e7\u00e3o voltada a pequenos neg\u00f3cios"},"content":{"rendered":"<p><div class=\"separator\" style=\"clear: both;text-align: center\">\n  <a href=\"https:\/\/blogger.googleusercontent.com\/img\/a\/AVvXsEjzgubcUP09Tq5GRJ10p0vc91koEL57iDe2vVPhaDMt1tLu13eeZExcBH0sUGyrJ77Deg0smzDBxweJ8UN1ewz56FH371SZ0riYj69Dx8THu13kS0r2VaA-PB0-Ba6DryG0hy1lFeHlEGdPacYcyRFIudtVU54jFdNQojR4aZ0q1gHwYS41abMchXXY360\" style=\"margin-left: 1em;margin-right: 1em\"><br \/>\n    <img decoding=\"async\" border=\"0\" src=\"https:\/\/blogger.googleusercontent.com\/img\/a\/AVvXsEjzgubcUP09Tq5GRJ10p0vc91koEL57iDe2vVPhaDMt1tLu13eeZExcBH0sUGyrJ77Deg0smzDBxweJ8UN1ewz56FH371SZ0riYj69Dx8THu13kS0r2VaA-PB0-Ba6DryG0hy1lFeHlEGdPacYcyRFIudtVU54jFdNQojR4aZ0q1gHwYS41abMchXXY360\" width=\"400\"><br \/>\n  <\/a>\n<\/div>\n<p><\/p>\n<p>Uma das maiores dificuldades enfrentadas por microempreendedores e pequenos empres\u00e1rios \u00e9 colocar o pre\u00e7o certo em seus produtos ou servi\u00e7os. Em Lucian\u00f3polis, uma oficina gratuita pretende enfrentar esse desafio de frente, oferecendo orienta\u00e7\u00e3o pr\u00e1tica e acess\u00edvel para quem quer empreender com mais seguran\u00e7a e lucratividade.<\/p>\n<p>A atividade, intitulada <strong>\u201cFa\u00e7a o pre\u00e7o certo e n\u00e3o perca dinheiro\u201d<\/strong>, ser\u00e1 realizada no pr\u00f3ximo <strong>dia 28 de maio, \u00e0s 18h30<\/strong>, no <strong>Centro de Conviv\u00eancia do Idoso (CCI)<\/strong>, e integra a programa\u00e7\u00e3o da <strong>Semana do MEI Sebrae 2025<\/strong>. A iniciativa \u00e9 fruto de uma parceria entre o Sebrae e a Prefeitura Municipal de Lucian\u00f3polis.<\/p>\n<p>Durante a oficina, os participantes ter\u00e3o contato com conceitos essenciais para a forma\u00e7\u00e3o de pre\u00e7os, como c\u00e1lculo de custos, despesas fixas e vari\u00e1veis, margem de lucro e estrat\u00e9gias para se manter competitivo no mercado. A proposta \u00e9 oferecer uma forma\u00e7\u00e3o direta e aplic\u00e1vel, especialmente voltada a <strong>microempreendedores individuais (MEIs)<\/strong> e donos de pequenos neg\u00f3cios que enfrentam dificuldades para transformar o esfor\u00e7o di\u00e1rio em retorno financeiro sustent\u00e1vel.<\/p>\n<p>Em muitos casos, uma precifica\u00e7\u00e3o mal feita \u00e9 o que separa um neg\u00f3cio saud\u00e1vel de um que opera no vermelho. Por isso, a oficina tamb\u00e9m pretende sensibilizar os participantes sobre a import\u00e2ncia de decis\u00f5es financeiras embasadas e o impacto direto que elas t\u00eam na sobreviv\u00eancia do neg\u00f3cio.<\/p>\n<p>As <strong>inscri\u00e7\u00f5es s\u00e3o gratuitas e podem ser feitas pelo link<\/strong>:<br \/>\n<a href=\"https:\/\/inscricao.sebraesp.com.br\/produto\/turma\/34688151\">https:\/\/inscricao.sebraesp.com.br\/produto\/turma\/34688151<\/a><\/p>\n","protected":false},"excerpt":{"rendered":"<p>Uma das maiores dificuldades enfrentadas por microempreendedores e pequenos empres\u00e1rios \u00e9 colocar o pre\u00e7o certo em seus produtos ou servi\u00e7os. Em Lucian\u00f3polis, uma oficina gratuita pretende enfrentar esse desafio de frente, oferecendo orienta\u00e7\u00e3o pr\u00e1tica e acess\u00edvel para quem quer empreender com mais seguran\u00e7a e lucratividade. A atividade, intitulada \u201cFa\u00e7a o pre\u00e7o certo e n\u00e3o perca [&hellip;]<\/p>\n","protected":false},"author":260896546,"featured_media":0,"comment_status":"open","ping_status":"open","sticky":false,"template":"","format":"standard","meta":{"_crdt_document":"","_monsterinsights_skip_tracking":false,"_monsterinsights_sitenote_active":false,"_monsterinsights_sitenote_note":"","_monsterinsights_sitenote_category":0,"advanced_seo_description":"","jetpack_seo_html_title":"","jetpack_seo_noindex":false,"_jetpack_newsletter_access":"","_jetpack_dont_email_post_to_subs":false,"_jetpack_newsletter_tier_id":0,"_jetpack_memberships_contains_paywalled_content":false,"_jetpack_memberships_contains_paid_content":false,"footnotes":"","jetpack_publicize_message":"","jetpack_publicize_feature_enabled":true,"jetpack_social_post_already_shared":false,"jetpack_social_options":{"image_generator_settings":{"template":"fullscreen","default_image_id":0,"font":"","enabled":false},"version":2},"_wpas_customize_per_network":false,"jetpack_post_was_ever_published":false},"categories":[38185],"tags":[781171838,69028],"class_list":["post-2146","post","type-post","status-publish","format-standard","hentry","category-brasil","tag-lucianopolis","tag-oficina"],"jetpack_publicize_connections":[],"jetpack_featured_media_url":"","jetpack_likes_enabled":true,"jetpack_sharing_enabled":true,"jetpack_shortlink":"https:\/\/wp.me\/pgitne-yC","jetpack-related-posts":[{"id":5743,"url":"https:\/\/diariodegarca.com\/?p=5743","url_meta":{"origin":2146,"position":0},"title":"CRAS Lucian\u00f3polis promove roda de conversa sobre campanha do Agosto Lil\u00e1s","author":"Di\u00e1rio de Gar\u00e7a","date":"18 de agosto de 2025","format":false,"excerpt":"Evento no dia 19 de agosto re\u00fane especialistas para debater viol\u00eancia contra a mulher e protagonismo feminino, com palestras e troca de experi\u00eancias. O Centro de Refer\u00eancia de Assist\u00eancia Social (CRAS) de Lucian\u00f3polis realiza, no pr\u00f3ximo dia 19 de agosto, ter\u00e7a-feira, uma roda de conversa com o tema\u00a0\u201cMulher, vire a\u2026","rel":"","context":"Em &quot;Campanha mensal&quot;","block_context":{"text":"Campanha mensal","link":"https:\/\/diariodegarca.com\/?cat=582590134"},"img":{"alt_text":"","src":"https:\/\/i0.wp.com\/diariodegarca.com\/wp-content\/uploads\/2025\/08\/531870001_1087025303555916_4286004204300286004_n.jpg?fit=512%2C298&ssl=1&resize=350%2C200","width":350,"height":200},"classes":[]},{"id":8465,"url":"https:\/\/diariodegarca.com\/?p=8465","url_meta":{"origin":2146,"position":1},"title":"Curso gratuito de Jardinagem com vagas abertas em Lucian\u00f3polis","author":"Andreza Sega","date":"5 de novembro de 2025","format":false,"excerpt":"Iniciativa capacita para o cuidado com plantas e manuten\u00e7\u00e3o de jardins, promovendo a valoriza\u00e7\u00e3o de espa\u00e7os verdes e o desenvolvimento de habilidades pr\u00e1ticas. Quem possui interesse em trabalhar com plantas, flores e na cria\u00e7\u00e3o de ambientes naturais mais bonitos e saud\u00e1veis tem uma oportunidade de qualifica\u00e7\u00e3o \u00e0 disposi\u00e7\u00e3o. A Prefeitura\u2026","rel":"","context":"Em &quot;Curso&quot;","block_context":{"text":"Curso","link":"https:\/\/diariodegarca.com\/?cat=36947"},"img":{"alt_text":"","src":"https:\/\/i0.wp.com\/diariodegarca.com\/wp-content\/uploads\/2025\/10\/retrato-ao-ar-livre-de-uma-jovem-atraente-barbudo-homem-hispanico-em-camiseta-azul-e-luvas-trabalhando-no-jardim-com-ferramentas-folhas-de-corte-rega-de-plantas-vida-rural.jpg?fit=1200%2C800&ssl=1&resize=350%2C200","width":350,"height":200,"srcset":"https:\/\/i0.wp.com\/diariodegarca.com\/wp-content\/uploads\/2025\/10\/retrato-ao-ar-livre-de-uma-jovem-atraente-barbudo-homem-hispanico-em-camiseta-azul-e-luvas-trabalhando-no-jardim-com-ferramentas-folhas-de-corte-rega-de-plantas-vida-rural.jpg?fit=1200%2C800&ssl=1&resize=350%2C200 1x, https:\/\/i0.wp.com\/diariodegarca.com\/wp-content\/uploads\/2025\/10\/retrato-ao-ar-livre-de-uma-jovem-atraente-barbudo-homem-hispanico-em-camiseta-azul-e-luvas-trabalhando-no-jardim-com-ferramentas-folhas-de-corte-rega-de-plantas-vida-rural.jpg?fit=1200%2C800&ssl=1&resize=525%2C300 1.5x, https:\/\/i0.wp.com\/diariodegarca.com\/wp-content\/uploads\/2025\/10\/retrato-ao-ar-livre-de-uma-jovem-atraente-barbudo-homem-hispanico-em-camiseta-azul-e-luvas-trabalhando-no-jardim-com-ferramentas-folhas-de-corte-rega-de-plantas-vida-rural.jpg?fit=1200%2C800&ssl=1&resize=700%2C400 2x, https:\/\/i0.wp.com\/diariodegarca.com\/wp-content\/uploads\/2025\/10\/retrato-ao-ar-livre-de-uma-jovem-atraente-barbudo-homem-hispanico-em-camiseta-azul-e-luvas-trabalhando-no-jardim-com-ferramentas-folhas-de-corte-rega-de-plantas-vida-rural.jpg?fit=1200%2C800&ssl=1&resize=1050%2C600 3x"},"classes":[]},{"id":4701,"url":"https:\/\/diariodegarca.com\/?p=4701","url_meta":{"origin":2146,"position":2},"title":"Curso gratuito de jardinagem em Lucian\u00f3polis","author":"Di\u00e1rio de Gar\u00e7a","date":"16 de julho de 2025","format":false,"excerpt":"Prefeitura e SENAR oferecem forma\u00e7\u00e3o com aulas pr\u00e1ticas e certifica\u00e7\u00e3o; inscri\u00e7\u00f5es est\u00e3o abertas no CRAS. De 22 a 25 de julho, o Servi\u00e7o Nacional de Aprendizagem Rural (SENAR), em parceria com a Prefeitura de Lucian\u00f3polis, promove um\u00a0curso gratuito de jardinagem\u00a0voltado para quem deseja aprender t\u00e9cnicas profissionais e transformar o conhecimento\u2026","rel":"","context":"Em &quot;Curso&quot;","block_context":{"text":"Curso","link":"https:\/\/diariodegarca.com\/?cat=36947"},"img":{"alt_text":"","src":"","width":0,"height":0},"classes":[]},{"id":6717,"url":"https:\/\/diariodegarca.com\/?p=6717","url_meta":{"origin":2146,"position":3},"title":"Lucian\u00f3polis implementa rede de prote\u00e7\u00e3o a crian\u00e7as e adolescentes v\u00edtimas de viol\u00eancia","author":"Di\u00e1rio de Gar\u00e7a","date":"13 de setembro de 2025","format":false,"excerpt":"Programa intersetorial re\u00fane educa\u00e7\u00e3o, sa\u00fade, assist\u00eancia social e seguran\u00e7a p\u00fablica para assegurar atendimento humanizado e eficaz, priorizando a escuta especializada e o acolhimento seguro. O munic\u00edpio de Lucian\u00f3polis lan\u00e7ou um programa para fortalecer a rede de prote\u00e7\u00e3o infantojuvenil. Trata-se do Programa Intersetorial de Atendimento a Crian\u00e7as e Adolescentes V\u00edtimas de\u2026","rel":"","context":"Em &quot;Lucian\u00f3polis&quot;","block_context":{"text":"Lucian\u00f3polis","link":"https:\/\/diariodegarca.com\/?cat=75546814"},"img":{"alt_text":"","src":"https:\/\/i0.wp.com\/diariodegarca.com\/wp-content\/uploads\/2025\/09\/546097123_1108964338028679_1832189813307389496_n.jpg?fit=1200%2C800&ssl=1&resize=350%2C200","width":350,"height":200,"srcset":"https:\/\/i0.wp.com\/diariodegarca.com\/wp-content\/uploads\/2025\/09\/546097123_1108964338028679_1832189813307389496_n.jpg?fit=1200%2C800&ssl=1&resize=350%2C200 1x, https:\/\/i0.wp.com\/diariodegarca.com\/wp-content\/uploads\/2025\/09\/546097123_1108964338028679_1832189813307389496_n.jpg?fit=1200%2C800&ssl=1&resize=525%2C300 1.5x, https:\/\/i0.wp.com\/diariodegarca.com\/wp-content\/uploads\/2025\/09\/546097123_1108964338028679_1832189813307389496_n.jpg?fit=1200%2C800&ssl=1&resize=700%2C400 2x, https:\/\/i0.wp.com\/diariodegarca.com\/wp-content\/uploads\/2025\/09\/546097123_1108964338028679_1832189813307389496_n.jpg?fit=1200%2C800&ssl=1&resize=1050%2C600 3x"},"classes":[]},{"id":7082,"url":"https:\/\/diariodegarca.com\/?p=7082","url_meta":{"origin":2146,"position":4},"title":"Lucian\u00f3polis oferece curso gratuito de cuidador de idosos com certifica\u00e7\u00e3o do Senac","author":"Di\u00e1rio de Gar\u00e7a","date":"24 de setembro de 2025","format":false,"excerpt":"Parceria entre Prefeitura, CRAS e Senac Bauru abre vagas para capacita\u00e7\u00e3o profissional na \u00e1rea da sa\u00fade, com foco no envelhecimento populacional. A qualifica\u00e7\u00e3o profissional na \u00e1rea da sa\u00fade ganha um novo impulso em Lucian\u00f3polis. Est\u00e3o abertas as inscri\u00e7\u00f5es para o curso de Cuidador de Idosos, uma iniciativa realizada por meio\u2026","rel":"","context":"Em &quot;Curso&quot;","block_context":{"text":"Curso","link":"https:\/\/diariodegarca.com\/?cat=36947"},"img":{"alt_text":"","src":"https:\/\/i0.wp.com\/diariodegarca.com\/wp-content\/uploads\/2025\/09\/mediuns-sorridentes-gostosos-dentro-de-casa.jpg?fit=1200%2C798&ssl=1&resize=350%2C200","width":350,"height":200,"srcset":"https:\/\/i0.wp.com\/diariodegarca.com\/wp-content\/uploads\/2025\/09\/mediuns-sorridentes-gostosos-dentro-de-casa.jpg?fit=1200%2C798&ssl=1&resize=350%2C200 1x, https:\/\/i0.wp.com\/diariodegarca.com\/wp-content\/uploads\/2025\/09\/mediuns-sorridentes-gostosos-dentro-de-casa.jpg?fit=1200%2C798&ssl=1&resize=525%2C300 1.5x, https:\/\/i0.wp.com\/diariodegarca.com\/wp-content\/uploads\/2025\/09\/mediuns-sorridentes-gostosos-dentro-de-casa.jpg?fit=1200%2C798&ssl=1&resize=700%2C400 2x, https:\/\/i0.wp.com\/diariodegarca.com\/wp-content\/uploads\/2025\/09\/mediuns-sorridentes-gostosos-dentro-de-casa.jpg?fit=1200%2C798&ssl=1&resize=1050%2C600 3x"},"classes":[]},{"id":6583,"url":"https:\/\/diariodegarca.com\/?p=6583","url_meta":{"origin":2146,"position":5},"title":"Lucian\u00f3polis ofertam curso gratuito de Artesanato com Mat\u00e9ria-Prima Mista","author":"Di\u00e1rio de Gar\u00e7a","date":"10 de setembro de 2025","format":false,"excerpt":"Capacita\u00e7\u00e3o visa fomentar o empreendedorismo e a gera\u00e7\u00e3o de renda atrav\u00e9s de t\u00e9cnicas artesanais. Inscri\u00e7\u00f5es devem ser feitas presencialmente no CRAS. A popula\u00e7\u00e3o de Lucian\u00f3polis tem uma oportunidade de aprender t\u00e9cnicas artesanais e se qualificar para o mercado de trabalho ou para o empreendedorismo. O Servi\u00e7o Nacional de Aprendizagem Rural\u2026","rel":"","context":"Em &quot;Brasil&quot;","block_context":{"text":"Brasil","link":"https:\/\/diariodegarca.com\/?cat=38185"},"img":{"alt_text":"","src":"https:\/\/i0.wp.com\/diariodegarca.com\/wp-content\/uploads\/2025\/09\/cultivo-de-decoracao-artesanal-feminina.jpg?fit=1200%2C800&ssl=1&resize=350%2C200","width":350,"height":200,"srcset":"https:\/\/i0.wp.com\/diariodegarca.com\/wp-content\/uploads\/2025\/09\/cultivo-de-decoracao-artesanal-feminina.jpg?fit=1200%2C800&ssl=1&resize=350%2C200 1x, https:\/\/i0.wp.com\/diariodegarca.com\/wp-content\/uploads\/2025\/09\/cultivo-de-decoracao-artesanal-feminina.jpg?fit=1200%2C800&ssl=1&resize=525%2C300 1.5x, https:\/\/i0.wp.com\/diariodegarca.com\/wp-content\/uploads\/2025\/09\/cultivo-de-decoracao-artesanal-feminina.jpg?fit=1200%2C800&ssl=1&resize=700%2C400 2x, https:\/\/i0.wp.com\/diariodegarca.com\/wp-content\/uploads\/2025\/09\/cultivo-de-decoracao-artesanal-feminina.jpg?fit=1200%2C800&ssl=1&resize=1050%2C600 3x"},"classes":[]}],"_links":{"self":[{"href":"https:\/\/diariodegarca.com\/index.php?rest_route=\/wp\/v2\/posts\/2146","targetHints":{"allow":["GET"]}}],"collection":[{"href":"https:\/\/diariodegarca.com\/index.php?rest_route=\/wp\/v2\/posts"}],"about":[{"href":"https:\/\/diariodegarca.com\/index.php?rest_route=\/wp\/v2\/types\/post"}],"author":[{"embeddable":true,"href":"https:\/\/diariodegarca.com\/index.php?rest_route=\/wp\/v2\/users\/260896546"}],"replies":[{"embeddable":true,"href":"https:\/\/diariodegarca.com\/index.php?rest_route=%2Fwp%2Fv2%2Fcomments&post=2146"}],"version-history":[{"count":0,"href":"https:\/\/diariodegarca.com\/index.php?rest_route=\/wp\/v2\/posts\/2146\/revisions"}],"wp:attachment":[{"href":"https:\/\/diariodegarca.com\/index.php?rest_route=%2Fwp%2Fv2%2Fmedia&parent=2146"}],"wp:term":[{"taxonomy":"category","embeddable":true,"href":"https:\/\/diariodegarca.com\/index.php?rest_route=%2Fwp%2Fv2%2Fcategories&post=2146"},{"taxonomy":"post_tag","embeddable":true,"href":"https:\/\/diariodegarca.com\/index.php?rest_route=%2Fwp%2Fv2%2Ftags&post=2146"}],"curies":[{"name":"wp","href":"https:\/\/api.w.org\/{rel}","templated":true}]}}