{"id":2147,"date":"2025-05-10T11:33:00","date_gmt":"2025-05-10T11:33:00","guid":{"rendered":"https:\/\/diariodegarca.com\/2025\/05\/10\/estudo-da-fiocruz-destaca-papel-dos-caes-na-vigilancia-da-doenca-de-chagas-e-leishmaniose-visceral\/"},"modified":"2025-05-10T11:33:00","modified_gmt":"2025-05-10T11:33:00","slug":"estudo-da-fiocruz-destaca-papel-dos-caes-na-vigilancia-da-doenca-de-chagas-e-leishmaniose-visceral","status":"publish","type":"post","link":"https:\/\/diariodegarca.com\/?p=2147","title":{"rendered":"Estudo da Fiocruz destaca papel dos c\u00e3es na vigil\u00e2ncia da doen\u00e7a de Chagas e leishmaniose visceral"},"content":{"rendered":"<div class=\"separator\" style=\"clear: both;text-align: center\"><a href=\"https:\/\/i0.wp.com\/blogger.googleusercontent.com\/img\/b\/R29vZ2xl\/AVvXsEiZA7M3EL4Ew_pizeK47ymY5PbMGzhdKeIoHRteGwKJJaNRN6QeiOdAibeYoms6CwU_skftzHXkyzaS2l123Ya57lcfAwXRHNJg9pIdCv-bnLVZ0iYJ2MW7Uv-wNENhcL3iE1-pT53ob7hsDfwqEhWZIxIV7d2_yDvx6tokZZRiDM4ue_vFkP7ghT-osGo\/s5402\/portrait-beagle-running-road.jpg?ssl=1\" style=\"margin-left: 1em;margin-right: 1em\"><img data-recalc-dims=\"1\" loading=\"lazy\" decoding=\"async\" border=\"0\" height=\"214\" src=\"https:\/\/i0.wp.com\/blogger.googleusercontent.com\/img\/b\/R29vZ2xl\/AVvXsEiZA7M3EL4Ew_pizeK47ymY5PbMGzhdKeIoHRteGwKJJaNRN6QeiOdAibeYoms6CwU_skftzHXkyzaS2l123Ya57lcfAwXRHNJg9pIdCv-bnLVZ0iYJ2MW7Uv-wNENhcL3iE1-pT53ob7hsDfwqEhWZIxIV7d2_yDvx6tokZZRiDM4ue_vFkP7ghT-osGo\/s320\/portrait-beagle-running-road.jpg?resize=320%2C214&#038;ssl=1\" width=\"320\" \/><\/a><\/div>\n<p class=\"ds-markdown-paragraph\">Pesquisa conduzida pela Fiocruz Bahia investigou a presen\u00e7a de anticorpos relacionados \u00e0 doen\u00e7a de Chagas e \u00e0 leishmaniose visceral em c\u00e3es dom\u00e9sticos no munic\u00edpio de Tremedal, regi\u00e3o end\u00eamica localizada no sudoeste da Bahia. O estudo, parte do projeto\u00a0<strong>Oxente Chagas<\/strong>, teve como objetivo compreender melhor o papel desses animais na transmiss\u00e3o das doen\u00e7as e auxiliar no desenvolvimento de estrat\u00e9gias mais eficazes de controle. Coordenado pelo pesquisador\u00a0<strong>Fred Luciano Santos<\/strong>, o trabalho foi publicado no peri\u00f3dico cient\u00edfico\u00a0<em>Parasites &amp; Vectors<\/em>.<\/p>\n<p class=\"ds-markdown-paragraph\">Ambas as doen\u00e7as s\u00e3o\u00a0<strong>zoonoses negligenciadas<\/strong>\u00a0e potencialmente fatais, causadas pelos protozo\u00e1rios\u00a0<em>Trypanosoma cruzi<\/em>\u00a0(doen\u00e7a de Chagas) e\u00a0<em>Leishmania infantum<\/em>\u00a0(leishmaniose visceral). Os c\u00e3es, por seu conv\u00edvio pr\u00f3ximo com humanos, atuam como\u00a0<strong>reservat\u00f3rios-chave<\/strong>\u00a0para esses pat\u00f3genos, tornando-se importantes sentinelas na vigil\u00e2ncia epidemiol\u00f3gica.<\/p>\n<h3>Metodologia e resultados<\/h3>\n<p class=\"ds-markdown-paragraph\">Foram analisadas amostras de soro de\u00a0<strong>17 c\u00e3es<\/strong>\u00a0utilizando testes sorol\u00f3gicos. Para a doen\u00e7a de Chagas, foi empregado o ensaio\u00a0<strong>ELISA<\/strong>\u00a0com ant\u00edgenos recombinantes, enquanto para a leishmaniose visceral foram usados o\u00a0<strong>teste r\u00e1pido TR DPP\u00ae<\/strong>\u00a0(Bio-Manguinhos\/Fiocruz) e\u00a0<strong>ELISA confirmat\u00f3rio<\/strong>.<\/p>\n<p class=\"ds-markdown-paragraph\">Os resultados revelaram que:<\/p>\n<ul>\n<li>\n<p class=\"ds-markdown-paragraph\" style=\"font-size: 16.002px;line-height: 28.575px;margin-bottom: 0px !important;margin-left: 0px;margin-right: 0px;margin-top: 0px;margin: 0px\"><strong>5,9% (1\/17)<\/strong>\u00a0dos c\u00e3es apresentaram sorologia positiva para\u00a0<em>T. cruzi<\/em>, confirmando a circula\u00e7\u00e3o do parasita na regi\u00e3o.<\/p>\n<\/li>\n<li style=\"margin-top: 4px\">\n<p class=\"ds-markdown-paragraph\" style=\"font-size: 16.002px;line-height: 28.575px;margin-bottom: 0px !important;margin-left: 0px;margin-right: 0px;margin-top: 0px;margin: 0px\">Para\u00a0<em>L. infantum<\/em>, o\u00a0<strong>ELISA<\/strong>\u00a0tamb\u00e9m apontou\u00a0<strong>5,9% (1\/17)<\/strong>\u00a0de positividade, enquanto o teste r\u00e1pido\u00a0<strong>TR DPP\u00ae<\/strong>\u00a0indicou uma preval\u00eancia inicial de\u00a0<strong>41,2%<\/strong>, sugerindo poss\u00edveis\u00a0<strong>falsos-positivos<\/strong>.<\/p>\n<\/li>\n<\/ul>\n<h3>Import\u00e2ncia do estudo e pr\u00f3ximos passos<\/h3>\n<p class=\"ds-markdown-paragraph\">A pesquisa refor\u00e7a a\u00a0<strong>necessidade de testes confirmat\u00f3rios<\/strong>\u00a0para evitar diagn\u00f3sticos imprecisos e destaca o papel dos c\u00e3es na vigil\u00e2ncia ativa dessas doen\u00e7as. Al\u00e9m disso, os pesquisadores alertam para a\u00a0<strong>persist\u00eancia de vetores<\/strong>\u00a0(como os triatom\u00edneos, no caso da doen\u00e7a de Chagas) na regi\u00e3o, exigindo\u00a0<strong>a\u00e7\u00f5es cont\u00ednuas de controle<\/strong>.<\/p>\n<p class=\"ds-markdown-paragraph\">Como pr\u00f3ximos passos, o estudo sugere a\u00a0<strong>amplia\u00e7\u00e3o do n\u00famero de amostras<\/strong>\u00a0e a\u00a0<strong>expans\u00e3o para outras \u00e1reas end\u00eamicas<\/strong>, al\u00e9m da ado\u00e7\u00e3o da abordagem\u00a0<strong>One Health (Sa\u00fade \u00danica)<\/strong>, que integra a sa\u00fade humana, animal e ambiental para o combate eficaz de zoonoses.<\/p>\n<p class=\"ds-markdown-paragraph\"><b>Sa\u00fade \u00danica<\/b>, ali\u00e1s, \u00e9 um curso oferecido pela institui\u00e7\u00e3o de forma on-line para pessoas que trabalham na \u00e1rea da sa\u00fade ou se interessam pelo tema, saiba como se inscrever nele <a href=\"https:\/\/campusvirtual.fiocruz.br\/portal\/node\/82138\" target=\"_blank\">aqui<\/a>.<\/p>\n","protected":false},"excerpt":{"rendered":"<p>Pesquisa conduzida pela Fiocruz Bahia investigou a presen\u00e7a de anticorpos relacionados \u00e0 doen\u00e7a de Chagas e \u00e0 leishmaniose visceral em c\u00e3es dom\u00e9sticos no munic\u00edpio de Tremedal, regi\u00e3o end\u00eamica localizada no sudoeste da Bahia. O estudo, parte do projeto\u00a0Oxente Chagas, teve como objetivo compreender melhor o papel desses animais na transmiss\u00e3o das doen\u00e7as e auxiliar no [&hellip;]<\/p>\n","protected":false},"author":260896546,"featured_media":0,"comment_status":"open","ping_status":"open","sticky":false,"template":"","format":"standard","meta":{"_crdt_document":"","_monsterinsights_skip_tracking":false,"_monsterinsights_sitenote_active":false,"_monsterinsights_sitenote_note":"","_monsterinsights_sitenote_category":0,"advanced_seo_description":"","jetpack_seo_html_title":"","jetpack_seo_noindex":false,"_jetpack_newsletter_access":"","_jetpack_dont_email_post_to_subs":false,"_jetpack_newsletter_tier_id":0,"_jetpack_memberships_contains_paywalled_content":false,"_jetpack_memberships_contains_paid_content":false,"footnotes":"","jetpack_publicize_message":"","jetpack_publicize_feature_enabled":true,"jetpack_social_post_already_shared":false,"jetpack_social_options":{"image_generator_settings":{"template":"fullscreen","default_image_id":0,"font":"","enabled":false},"version":2},"_wpas_customize_per_network":false,"jetpack_post_was_ever_published":false},"categories":[38185],"tags":[781171791,781171802],"class_list":["post-2147","post","type-post","status-publish","format-standard","hentry","category-brasil","tag-ciencia","tag-saude"],"jetpack_publicize_connections":[],"jetpack_featured_media_url":"","jetpack_likes_enabled":true,"jetpack_sharing_enabled":true,"jetpack_shortlink":"https:\/\/wp.me\/pgitne-yD","jetpack-related-posts":[{"id":5920,"url":"https:\/\/diariodegarca.com\/?p=5920","url_meta":{"origin":2147,"position":0},"title":"Fiocruz Minas identifica mol\u00e9cula com pot\u00eancia 170 vezes maior contra Leishmaniose","author":"Di\u00e1rio de Gar\u00e7a","date":"22 de agosto de 2025","format":false,"excerpt":"Composto SbVT4MPP supera resist\u00eancia a medicamentos convencionais e reduz em 96% a carga parasit\u00e1ria em testes com animais, abrindo caminho para um futuro tratamento mais eficaz e seguro. Um estudo liderado pela\u00a0Fiocruz Minas, Instituto Ren\u00e9 Rachou, em parceria com Universidade Federal de Minas Gerais (UFMG), Universidade Federal do Rec\u00f4ncavo da\u2026","rel":"","context":"Em &quot;Brasil&quot;","block_context":{"text":"Brasil","link":"https:\/\/diariodegarca.com\/?cat=38185"},"img":{"alt_text":"","src":"https:\/\/i0.wp.com\/diariodegarca.com\/wp-content\/uploads\/2025\/08\/flebotomineos_gaiola_josue_2018_dentro.jpg?fit=530%2C335&ssl=1&resize=350%2C200","width":350,"height":200,"srcset":"https:\/\/i0.wp.com\/diariodegarca.com\/wp-content\/uploads\/2025\/08\/flebotomineos_gaiola_josue_2018_dentro.jpg?fit=530%2C335&ssl=1&resize=350%2C200 1x, https:\/\/i0.wp.com\/diariodegarca.com\/wp-content\/uploads\/2025\/08\/flebotomineos_gaiola_josue_2018_dentro.jpg?fit=530%2C335&ssl=1&resize=525%2C300 1.5x"},"classes":[]},{"id":5489,"url":"https:\/\/diariodegarca.com\/?p=5489","url_meta":{"origin":2147,"position":1},"title":"Agosto Dourado, Laranja e Preto: m\u00eas de sa\u00fade e conscientiza\u00e7\u00e3o animal","author":"Di\u00e1rio de Gar\u00e7a","date":"11 de agosto de 2025","format":false,"excerpt":"Campanhas destacam ado\u00e7\u00e3o respons\u00e1vel, preven\u00e7\u00e3o de doen\u00e7as e combate ao preconceito contra gatos pretos. Enquanto agosto \u00e9 amplamente conhecido por campanhas de sa\u00fade humana, como o\u00a0\"Agosto Dourado\"\u00a0(aleitamento materno), o m\u00eas tamb\u00e9m \u00e9 marcado por importantes iniciativas voltadas aos animais. ONGs, protetores independentes e cl\u00ednicas veterin\u00e1rias promovem a\u00e7\u00f5es de conscientiza\u00e7\u00e3o sobre\u2026","rel":"","context":"Em &quot;Brasil&quot;","block_context":{"text":"Brasil","link":"https:\/\/diariodegarca.com\/?cat=38185"},"img":{"alt_text":"","src":"https:\/\/i0.wp.com\/diariodegarca.com\/wp-content\/uploads\/2025\/08\/visao-de-gatos-e-caes-sendo-amigos-1.jpg?fit=1200%2C673&ssl=1&resize=350%2C200","width":350,"height":200,"srcset":"https:\/\/i0.wp.com\/diariodegarca.com\/wp-content\/uploads\/2025\/08\/visao-de-gatos-e-caes-sendo-amigos-1.jpg?fit=1200%2C673&ssl=1&resize=350%2C200 1x, https:\/\/i0.wp.com\/diariodegarca.com\/wp-content\/uploads\/2025\/08\/visao-de-gatos-e-caes-sendo-amigos-1.jpg?fit=1200%2C673&ssl=1&resize=525%2C300 1.5x, https:\/\/i0.wp.com\/diariodegarca.com\/wp-content\/uploads\/2025\/08\/visao-de-gatos-e-caes-sendo-amigos-1.jpg?fit=1200%2C673&ssl=1&resize=700%2C400 2x, https:\/\/i0.wp.com\/diariodegarca.com\/wp-content\/uploads\/2025\/08\/visao-de-gatos-e-caes-sendo-amigos-1.jpg?fit=1200%2C673&ssl=1&resize=1050%2C600 3x"},"classes":[]},{"id":2237,"url":"https:\/\/diariodegarca.com\/?p=2237","url_meta":{"origin":2147,"position":2},"title":"Fiocruz lan\u00e7a &#034;Netflix da Sa\u00fade&#034;","author":"Di\u00e1rio de Gar\u00e7a","date":"29 de abril de 2025","format":false,"excerpt":"A Funda\u00e7\u00e3o Oswaldo Cruz (Fiocruz), em parceria com o Instituto de Comunica\u00e7\u00e3o e Informa\u00e7\u00e3o Cient\u00edfica e Tecnol\u00f3gica em Sa\u00fade (ICICT), o SUS e o Minist\u00e9rio da Sa\u00fade, disponibiliza a plataforma\u00a0V\u00eddeo Sa\u00fade\u00a0\u2013 um acervo digital gratuito com document\u00e1rios, entrevistas e materiais educativos sobre preven\u00e7\u00e3o, tratamentos e pol\u00edticas p\u00fablicas de sa\u00fade.O que\u2026","rel":"","context":"Em &quot;Brasil&quot;","block_context":{"text":"Brasil","link":"https:\/\/diariodegarca.com\/?cat=38185"},"img":{"alt_text":"","src":"https:\/\/i0.wp.com\/blogger.googleusercontent.com\/img\/b\/R29vZ2xl\/AVvXsEjp-_Z1coId80DMsVtyfR0lU4sOvqJ7_PlOJkLHdKvbR1oTpaWTu8uW_SwDWAwrPvVn5o-JD-yN0r0wzqKeKAwlzGGvd4KvdZACyYG9majidBjY24zBRtdMqS8u2EcGH5bhGCR_8mNkgfOVoUyBFH5qPunFl4GL-u8t2eg3SnxIznDM9-YaqGryYasLGX8\/s320\/1.jpg?resize=350%2C200&ssl=1","width":350,"height":200},"classes":[]},{"id":4392,"url":"https:\/\/diariodegarca.com\/?p=4392","url_meta":{"origin":2147,"position":3},"title":"Junho Dourado refor\u00e7a a import\u00e2ncia da vacina\u00e7\u00e3o e dos cuidados com a sa\u00fade animal","author":"Di\u00e1rio de Gar\u00e7a","date":"3 de julho de 2025","format":false,"excerpt":"M\u00eas \u00e9 dedicado \u00e0 conscientiza\u00e7\u00e3o sobre o bem-estar dos pets, preven\u00e7\u00e3o de zoonoses e refor\u00e7o da vacina\u00e7\u00e3o como ferramenta essencial \u00e0 sa\u00fade p\u00fablica e animal Um m\u00eas pela sa\u00fade dos animais O Junho Dourado \u00e9 uma campanha nacional voltada \u00e0 conscientiza\u00e7\u00e3o sobre a sa\u00fade animal, com \u00eanfase na vacina\u00e7\u00e3o, preven\u00e7\u00e3o\u2026","rel":"","context":"Em &quot;Brasil&quot;","block_context":{"text":"Brasil","link":"https:\/\/diariodegarca.com\/?cat=38185"},"img":{"alt_text":"","src":"https:\/\/i0.wp.com\/diariodegarca.com\/wp-content\/uploads\/2025\/07\/visao-de-gatos-e-caes-sendo-amigos-e1751484548616.jpg?fit=1200%2C982&ssl=1&resize=350%2C200","width":350,"height":200,"srcset":"https:\/\/i0.wp.com\/diariodegarca.com\/wp-content\/uploads\/2025\/07\/visao-de-gatos-e-caes-sendo-amigos-e1751484548616.jpg?fit=1200%2C982&ssl=1&resize=350%2C200 1x, https:\/\/i0.wp.com\/diariodegarca.com\/wp-content\/uploads\/2025\/07\/visao-de-gatos-e-caes-sendo-amigos-e1751484548616.jpg?fit=1200%2C982&ssl=1&resize=525%2C300 1.5x, https:\/\/i0.wp.com\/diariodegarca.com\/wp-content\/uploads\/2025\/07\/visao-de-gatos-e-caes-sendo-amigos-e1751484548616.jpg?fit=1200%2C982&ssl=1&resize=700%2C400 2x, https:\/\/i0.wp.com\/diariodegarca.com\/wp-content\/uploads\/2025\/07\/visao-de-gatos-e-caes-sendo-amigos-e1751484548616.jpg?fit=1200%2C982&ssl=1&resize=1050%2C600 3x"},"classes":[]},{"id":2202,"url":"https:\/\/diariodegarca.com\/?p=2202","url_meta":{"origin":2147,"position":4},"title":"Estudo da Fiocruz desvenda mecanismo ligado a casos graves de Covid","author":"Di\u00e1rio de Gar\u00e7a","date":"5 de maio de 2025","format":false,"excerpt":"Uma pesquisa liderada pelo Instituto Oswaldo Cruz (IOC\/Fiocruz), publicada na revista BMC Infectious Diseases, trouxe novas respostas sobre os fatores que determinam a gravidade da Covid-19. O estudo identificou que a desregula\u00e7\u00e3o do sistema renina-angiotensina-aldosterona (SRAA) \u2014 respons\u00e1vel por regular a press\u00e3o arterial e a resposta inflamat\u00f3ria \u2014 est\u00e1 diretamente\u2026","rel":"","context":"Em &quot;Brasil&quot;","block_context":{"text":"Brasil","link":"https:\/\/diariodegarca.com\/?cat=38185"},"img":{"alt_text":"","src":"","width":0,"height":0},"classes":[]},{"id":2689,"url":"https:\/\/diariodegarca.com\/?p=2689","url_meta":{"origin":2147,"position":5},"title":"Fiocruz oferece curso online e gratuito sobre leptospirose","author":"Di\u00e1rio de Gar\u00e7a","date":"6 de mar\u00e7o de 2025","format":false,"excerpt":"A Funda\u00e7\u00e3o Oswaldo Cruz (Fiocruz), refer\u00eancia em pesquisa e educa\u00e7\u00e3o na \u00e1rea da sa\u00fade, est\u00e1 oferecendo um curso gratuito e online sobre leptospirose, doen\u00e7a infecciosa que preocupa especialmente em regi\u00f5es afetadas por desastres clim\u00e1ticos.\u00a0A iniciativa \u00e9 fruto de uma parceria entre o Campus Virtual Fiocruz, o Instituto Nacional de Infectologia\u2026","rel":"","context":"Em &quot;Brasil&quot;","block_context":{"text":"Brasil","link":"https:\/\/diariodegarca.com\/?cat=38185"},"img":{"alt_text":"","src":"","width":0,"height":0},"classes":[]}],"_links":{"self":[{"href":"https:\/\/diariodegarca.com\/index.php?rest_route=\/wp\/v2\/posts\/2147","targetHints":{"allow":["GET"]}}],"collection":[{"href":"https:\/\/diariodegarca.com\/index.php?rest_route=\/wp\/v2\/posts"}],"about":[{"href":"https:\/\/diariodegarca.com\/index.php?rest_route=\/wp\/v2\/types\/post"}],"author":[{"embeddable":true,"href":"https:\/\/diariodegarca.com\/index.php?rest_route=\/wp\/v2\/users\/260896546"}],"replies":[{"embeddable":true,"href":"https:\/\/diariodegarca.com\/index.php?rest_route=%2Fwp%2Fv2%2Fcomments&post=2147"}],"version-history":[{"count":0,"href":"https:\/\/diariodegarca.com\/index.php?rest_route=\/wp\/v2\/posts\/2147\/revisions"}],"wp:attachment":[{"href":"https:\/\/diariodegarca.com\/index.php?rest_route=%2Fwp%2Fv2%2Fmedia&parent=2147"}],"wp:term":[{"taxonomy":"category","embeddable":true,"href":"https:\/\/diariodegarca.com\/index.php?rest_route=%2Fwp%2Fv2%2Fcategories&post=2147"},{"taxonomy":"post_tag","embeddable":true,"href":"https:\/\/diariodegarca.com\/index.php?rest_route=%2Fwp%2Fv2%2Ftags&post=2147"}],"curies":[{"name":"wp","href":"https:\/\/api.w.org\/{rel}","templated":true}]}}