{"id":2149,"date":"2025-05-09T18:51:00","date_gmt":"2025-05-09T18:51:00","guid":{"rendered":"https:\/\/diariodegarca.com\/2025\/05\/09\/projetos-de-matematica-na-pre-escola-podem-receber-ate-r-80-mil-em-edital-inedito\/"},"modified":"2025-05-09T18:51:00","modified_gmt":"2025-05-09T18:51:00","slug":"projetos-de-matematica-na-pre-escola-podem-receber-ate-r-80-mil-em-edital-inedito","status":"publish","type":"post","link":"https:\/\/diariodegarca.com\/?p=2149","title":{"rendered":"Projetos de Matem\u00e1tica na pr\u00e9-escola podem receber at\u00e9 R$ 80 mil em edital in\u00e9dito"},"content":{"rendered":"<div class=\"separator\" style=\"clear: both;text-align: center\"><a href=\"https:\/\/i0.wp.com\/blogger.googleusercontent.com\/img\/b\/R29vZ2xl\/AVvXsEje0TDFu2HVQG2HF8sRza-_wRfOJ-b_cjWnADvUtSJH1Bs5mh5NFJfE9hZi6QNqe75lta6IcQscF6E00_QtHg6dFDMHnNPop_YibKaO33blTi5or-GfUVk7jOM-KfP-8rwmWCzjHbYTys1na0sskK1l2tv_XInUqyd2COl9gho_5ePkqgQOiD1Fd1cIN9s\/s7360\/menino-fazendo-alguns-exercicios-matematicos.jpg?ssl=1\" style=\"margin-left: 1em;margin-right: 1em\"><img data-recalc-dims=\"1\" loading=\"lazy\" decoding=\"async\" border=\"0\" height=\"214\" src=\"https:\/\/i0.wp.com\/blogger.googleusercontent.com\/img\/b\/R29vZ2xl\/AVvXsEje0TDFu2HVQG2HF8sRza-_wRfOJ-b_cjWnADvUtSJH1Bs5mh5NFJfE9hZi6QNqe75lta6IcQscF6E00_QtHg6dFDMHnNPop_YibKaO33blTi5or-GfUVk7jOM-KfP-8rwmWCzjHbYTys1na0sskK1l2tv_XInUqyd2COl9gho_5ePkqgQOiD1Fd1cIN9s\/s320\/menino-fazendo-alguns-exercicios-matematicos.jpg?resize=320%2C214&#038;ssl=1\" width=\"320\" \/><\/a><\/div>\n<p><\/p>\n<div class=\"separator\" style=\"clear: both;text-align: center\"><\/div>\n<p class=\"ds-markdown-paragraph\">O Ita\u00fa Social, em parceria com o Minist\u00e9rio da Educa\u00e7\u00e3o (MEC), lan\u00e7ou um edital in\u00e9dito para financiar projetos e pesquisas que incentivem o letramento matem\u00e1tico na pr\u00e9-escola. Com inscri\u00e7\u00f5es abertas at\u00e9\u00a0<strong>6 de junho<\/strong>, a iniciativa oferece premia\u00e7\u00f5es de at\u00e9\u00a0<strong>R$ 80 mil<\/strong>\u00a0para propostas inovadoras aplicadas em escolas p\u00fablicas.<\/p>\n<p class=\"ds-markdown-paragraph\">As inscri\u00e7\u00f5es devem ser feitas pela\u00a0<strong>Plataforma de Editais da Funda\u00e7\u00e3o Ita\u00fa<\/strong>:<br \/>\ud83d\udd17\u00a0<a href=\"https:\/\/editais.itausocial.org.br\/inscricao\/107\/realizar-inscricao\" rel=\"noreferrer\" style=\"border-color: rgba(255, 255, 255, 0);border-radius: 6.858px;border-style: solid;border-width: 2px 3px;color: #3b82f6;margin-left: -3px;margin-right: -3px;position: relative\" target=\"_blank\">Acesse o edital e inscreva-se aqui<\/a><\/p>\n<h3><strong>Quem pode participar?<\/strong><\/h3>\n<p class=\"ds-markdown-paragraph\">O edital \u00e9 voltado para:<\/p>\n<p class=\"ds-markdown-paragraph\">\n<ul style=\"text-align: left\">\n<li>Profissionais da educa\u00e7\u00e3o (professores, coordenadores, gestores);<\/li>\n<li><span>Organiza\u00e7\u00f5es da sociedade civil (OSCs);<\/span><\/li>\n<li><span>Universidades, centros de pesquisa e iniciativas de extens\u00e3o;<\/span><\/li>\n<li><span>Estudantes de gradua\u00e7\u00e3o e licenciatura.<\/span><\/li>\n<\/ul>\n<h3><strong>Modalidades do edital<\/strong><\/h3>\n<p class=\"ds-markdown-paragraph\">\n<ol style=\"text-align: left\">\n<li><strong>Reconhecimento<\/strong>\u00a0\u2013 Destinado a projetos j\u00e1 implementados em pr\u00e9-escolas p\u00fablicas. Os selecionados receber\u00e3o\u00a0<strong>at\u00e9 R$ 10 mil<\/strong>\u00a0e ter\u00e3o suas pr\u00e1ticas divulgadas em uma colet\u00e2nea para inspirar outras escolas.<\/li>\n<li><strong>Fomento<\/strong><span>\u00a0<\/span><span>\u2013 Para projetos in\u00e9ditos ou em andamento (com conclus\u00e3o at\u00e9 julho de 2026), que receber\u00e3o<\/span><span>\u00a0<\/span><strong>at\u00e9 R$ 80 mil<\/strong><span>\u00a0<\/span><span>e acompanhamento t\u00e9cnico do Ita\u00fa Social.<\/span><\/li>\n<\/ol>\n<h3><strong>Crit\u00e9rios de Avalia\u00e7\u00e3o<\/strong><\/h3>\n<p class=\"ds-markdown-paragraph\">As propostas ser\u00e3o julgadas com base em:<br \/>\u2714\u00a0<strong>Inova\u00e7\u00e3o<\/strong>\u00a0e impacto pedag\u00f3gico;<br \/>\u2714 Redu\u00e7\u00e3o das desigualdades educacionais;<br \/>\u2714 Ader\u00eancia \u00e0 Base Nacional Comum Curricular (BNCC);<br \/>\u2714 Potencial para transformar pr\u00e1ticas de ensino.<\/p>\n<h3><strong>Por que investir em Matem\u00e1tica na pr\u00e9-escola?<\/strong><\/h3>\n<p class=\"ds-markdown-paragraph\">Dados do\u00a0<strong>PISA 2022<\/strong>\u00a0mostram que apenas\u00a0<strong>27%<\/strong>\u00a0dos estudantes brasileiros atingiram o n\u00edvel m\u00ednimo de profici\u00eancia em matem\u00e1tica, contra\u00a0<strong>69%<\/strong>\u00a0na m\u00e9dia dos pa\u00edses da OCDE. Al\u00e9m disso, apenas\u00a0<strong>1%<\/strong>\u00a0alcan\u00e7ou os n\u00edveis mais altos, enquanto a m\u00e9dia internacional \u00e9\u00a0<strong>9%<\/strong>.<\/p>\n<p class=\"ds-markdown-paragraph\">Segundo o Ita\u00fa Social, as dificuldades em matem\u00e1tica come\u00e7am j\u00e1 na educa\u00e7\u00e3o infantil, fase em que as crian\u00e7as exploram no\u00e7\u00f5es b\u00e1sicas como contagem, formas geom\u00e9tricas e medidas. O edital busca fortalecer essas habilidades desde os primeiros anos de escolariza\u00e7\u00e3o.<\/p>\n<h3><span style=\"font-size: 16.002px\">Os projetos selecionados ser\u00e3o divulgados em<\/span><span style=\"font-size: 16.002px\">\u00a0<\/span><strong style=\"font-size: 16.002px\">setembro de 2024<\/strong><span style=\"font-size: 16.002px\">\u00a0<\/span><span style=\"font-size: 16.002px\">no site do Ita\u00fa Social:<\/span><\/h3>\n<p class=\"ds-markdown-paragraph\">\ud83d\udd17\u00a0<a href=\"https:\/\/www.itausocial.org.br\/editais\/\" rel=\"noreferrer\" style=\"border-color: rgba(255, 255, 255, 0);border-radius: 6.858px;border-style: solid;border-width: 2px 3px;color: #3b82f6;margin-left: -3px;margin-right: -3px;position: relative\" target=\"_blank\">Confira os editais na \u00edntegra<\/a><\/p>\n","protected":false},"excerpt":{"rendered":"<p>O Ita\u00fa Social, em parceria com o Minist\u00e9rio da Educa\u00e7\u00e3o (MEC), lan\u00e7ou um edital in\u00e9dito para financiar projetos e pesquisas que incentivem o letramento matem\u00e1tico na pr\u00e9-escola. Com inscri\u00e7\u00f5es abertas at\u00e9\u00a06 de junho, a iniciativa oferece premia\u00e7\u00f5es de at\u00e9\u00a0R$ 80 mil\u00a0para propostas inovadoras aplicadas em escolas p\u00fablicas. As inscri\u00e7\u00f5es devem ser feitas pela\u00a0Plataforma de Editais [&hellip;]<\/p>\n","protected":false},"author":260896546,"featured_media":0,"comment_status":"open","ping_status":"open","sticky":false,"template":"","format":"standard","meta":{"_monsterinsights_skip_tracking":false,"advanced_seo_description":"","jetpack_seo_html_title":"","jetpack_seo_noindex":false,"jetpack_seo_schema_type":"","_jetpack_newsletter_access":"","_jetpack_dont_email_post_to_subs":false,"_jetpack_newsletter_tier_id":0,"_jetpack_memberships_contains_paywalled_content":false,"_wpcom_ai_launchpad_first_post":false,"_jetpack_feature_clip_id":0,"_jetpack_memberships_contains_paid_content":false,"footnotes":"","jetpack_publicize_message":"{title}\n\n{excerpt}\n\n{url}","jetpack_publicize_feature_enabled":true,"jetpack_social_post_already_shared":false,"jetpack_social_options":{"image_generator_settings":{"template":"fullscreen","default_image_id":0,"font":"","enabled":false},"version":2},"_wpas_customize_per_network":false,"jetpack_post_was_ever_published":false},"categories":[38185],"tags":[445675,781171797],"class_list":["post-2149","post","type-post","status-publish","format-standard","hentry","category-brasil","tag-edital","tag-educacao"],"jetpack_publicize_connections":[],"jetpack_likes_enabled":true,"jetpack_sharing_enabled":true,"jetpack_shortlink":"https:\/\/wp.me\/pgitne-yF","jetpack-related-posts":[{"id":2830,"url":"https:\/\/diariodegarca.com\/?p=2830","url_meta":{"origin":2149,"position":0},"title":"Ci\u00eancia \u00e9 10 tem inscri\u00e7\u00f5es abertas para professores de todo o Brasil","author":"Di\u00e1rio de Gar\u00e7a","date":"14 de fevereiro de 2025","format":false,"excerpt":"A CAPES (Coordena\u00e7\u00e3o de Aperfei\u00e7oamento de Pessoal de N\u00edvel Superior) ampliou o p\u00fablico-alvo do curso de especializa\u00e7\u00e3o Ci\u00eancia \u00e9 10 (C10). Agora, al\u00e9m de professores dos anos finais do ensino fundamental, o programa tamb\u00e9m aceita docentes do ensino m\u00e9dio e dos anos iniciais do fundamental. A mudan\u00e7a vale para as\u2026","rel":"","context":"Em &quot;Brasil&quot;","block_context":{"text":"Brasil","link":"https:\/\/diariodegarca.com\/?cat=38185"},"img":{"alt_text":"","src":"","width":0,"height":0},"classes":[]},{"id":8449,"url":"https:\/\/diariodegarca.com\/?p=8449","url_meta":{"origin":2149,"position":1},"title":"Vera Cruz abre processo seletivo com 3 vagas na educa\u00e7\u00e3o","author":"Andreza Sega","date":"4 de novembro de 2025","format":false,"excerpt":"Inscri\u00e7\u00f5es para cadastro reserva de Agente de Apoio Escolar, Atendente de Creche e Merendeiro v\u00e3o de 3 a 8 de novembro. Contrata\u00e7\u00e3o ser\u00e1 por at\u00e9 12 meses, com possibilidade de prorroga\u00e7\u00e3o. A Prefeitura Municipal de Vera Cruz, por meio da Diretoria Municipal de Educa\u00e7\u00e3o, publicou na sexta-feira, 31 de outubro,\u2026","rel":"","context":"Em &quot;Educa\u00e7\u00e3o&quot;","block_context":{"text":"Educa\u00e7\u00e3o","link":"https:\/\/diariodegarca.com\/?cat=17964"},"img":{"alt_text":"","src":"https:\/\/i0.wp.com\/diariodegarca.com\/wp-content\/uploads\/2025\/11\/olha-que-interessante-e.jpg?fit=1200%2C800&ssl=1&resize=350%2C200","width":350,"height":200,"srcset":"https:\/\/i0.wp.com\/diariodegarca.com\/wp-content\/uploads\/2025\/11\/olha-que-interessante-e.jpg?fit=1200%2C800&ssl=1&resize=350%2C200 1x, https:\/\/i0.wp.com\/diariodegarca.com\/wp-content\/uploads\/2025\/11\/olha-que-interessante-e.jpg?fit=1200%2C800&ssl=1&resize=525%2C300 1.5x, https:\/\/i0.wp.com\/diariodegarca.com\/wp-content\/uploads\/2025\/11\/olha-que-interessante-e.jpg?fit=1200%2C800&ssl=1&resize=700%2C400 2x, https:\/\/i0.wp.com\/diariodegarca.com\/wp-content\/uploads\/2025\/11\/olha-que-interessante-e.jpg?fit=1200%2C800&ssl=1&resize=1050%2C600 3x"},"classes":[]},{"id":5362,"url":"https:\/\/diariodegarca.com\/?p=5362","url_meta":{"origin":2149,"position":2},"title":"Funda\u00e7\u00e3o BB e UnB abrem edital para apoiar solu\u00e7\u00f5es sociais inovadoras","author":"Di\u00e1rio de Gar\u00e7a","date":"7 de agosto de 2025","format":false,"excerpt":"Iniciativa oferece at\u00e9 R$ 150 mil por projeto e capacita\u00e7\u00e3o para enfrentar desafios como seguran\u00e7a alimentar, viol\u00eancia nas periferias e mudan\u00e7as clim\u00e1ticas A Funda\u00e7\u00e3o Banco do Brasil (FBB), em parceria com a Universidade de Bras\u00edlia (UnB), est\u00e1 com inscri\u00e7\u00f5es abertas para o\u00a01\u00ba Edital do Laborat\u00f3rio de Tecnologia Social (LABTS), que\u2026","rel":"","context":"Em &quot;Brasil&quot;","block_context":{"text":"Brasil","link":"https:\/\/diariodegarca.com\/?cat=38185"},"img":{"alt_text":"","src":"https:\/\/i0.wp.com\/diariodegarca.com\/wp-content\/uploads\/2025\/08\/variedade-de-piramide-alimentar-real.jpg?fit=800%2C1200&ssl=1&resize=350%2C200","width":350,"height":200,"srcset":"https:\/\/i0.wp.com\/diariodegarca.com\/wp-content\/uploads\/2025\/08\/variedade-de-piramide-alimentar-real.jpg?fit=800%2C1200&ssl=1&resize=350%2C200 1x, https:\/\/i0.wp.com\/diariodegarca.com\/wp-content\/uploads\/2025\/08\/variedade-de-piramide-alimentar-real.jpg?fit=800%2C1200&ssl=1&resize=525%2C300 1.5x, https:\/\/i0.wp.com\/diariodegarca.com\/wp-content\/uploads\/2025\/08\/variedade-de-piramide-alimentar-real.jpg?fit=800%2C1200&ssl=1&resize=700%2C400 2x"},"classes":[]},{"id":6854,"url":"https:\/\/diariodegarca.com\/?p=6854","url_meta":{"origin":2149,"position":3},"title":"Minist\u00e9rio do Trabalho abre edital para OSCs; entidades de Gar\u00e7a podem participar","author":"Di\u00e1rio de Gar\u00e7a","date":"18 de setembro de 2025","format":false,"excerpt":"Organiza\u00e7\u00f5es da sociedade civil podem inscrever projetos at\u00e9 15 de outubro; cada iniciativa selecionada receber\u00e1 R$ 1,44 milh\u00e3o para capacita\u00e7\u00e3o profissional. Organiza\u00e7\u00f5es garcenses tem grande potencial participativo. O Minist\u00e9rio do Trabalho e Emprego (MTE) publicou na segunda-feira, 15 de setembro, o Edital de Chamamento P\u00fablico n\u00ba 02\/2025, que visa selecionar\u2026","rel":"","context":"Em &quot;Cultura&quot;","block_context":{"text":"Cultura","link":"https:\/\/diariodegarca.com\/?cat=2367"},"img":{"alt_text":"","src":"https:\/\/i0.wp.com\/diariodegarca.com\/wp-content\/uploads\/2025\/09\/homem-negocios-apertar-mao-com-seu-socio-escrivaninha.jpg?fit=1200%2C800&ssl=1&resize=350%2C200","width":350,"height":200,"srcset":"https:\/\/i0.wp.com\/diariodegarca.com\/wp-content\/uploads\/2025\/09\/homem-negocios-apertar-mao-com-seu-socio-escrivaninha.jpg?fit=1200%2C800&ssl=1&resize=350%2C200 1x, https:\/\/i0.wp.com\/diariodegarca.com\/wp-content\/uploads\/2025\/09\/homem-negocios-apertar-mao-com-seu-socio-escrivaninha.jpg?fit=1200%2C800&ssl=1&resize=525%2C300 1.5x, https:\/\/i0.wp.com\/diariodegarca.com\/wp-content\/uploads\/2025\/09\/homem-negocios-apertar-mao-com-seu-socio-escrivaninha.jpg?fit=1200%2C800&ssl=1&resize=700%2C400 2x, https:\/\/i0.wp.com\/diariodegarca.com\/wp-content\/uploads\/2025\/09\/homem-negocios-apertar-mao-com-seu-socio-escrivaninha.jpg?fit=1200%2C800&ssl=1&resize=1050%2C600 3x"},"classes":[]},{"id":3591,"url":"https:\/\/diariodegarca.com\/?p=3591","url_meta":{"origin":2149,"position":4},"title":"Mar\u00edlia abre processo seletivo para estagi\u00e1rios em diversas \u00e1reas","author":"Di\u00e1rio de Gar\u00e7a","date":"30 de maio de 2025","format":false,"excerpt":"Inscri\u00e7\u00f5es devem ser realizadas entre 3 e 23 de junho de 2025; bolsas variam de R$ 600 a R$ 1.000 A Prefeitura Municipal de Mar\u00edlia, em parceria com o Centro de Integra\u00e7\u00e3o Empresa-Escola (CIEE), divulgou o\u00a0Edital n\u00ba 01\/2025\u00a0para forma\u00e7\u00e3o de cadastro reserva de estagi\u00e1rios em diversas \u00e1reas. O processo seletivo\u2026","rel":"","context":"Em &quot;Est\u00e1gio&quot;","block_context":{"text":"Est\u00e1gio","link":"https:\/\/diariodegarca.com\/?cat=64915"},"img":{"alt_text":"","src":"","width":0,"height":0},"classes":[]},{"id":8547,"url":"https:\/\/diariodegarca.com\/?p=8547","url_meta":{"origin":2149,"position":5},"title":"Prefeitura de Gar\u00e7a abre processo seletivo para contrata\u00e7\u00e3o de cuidadores","author":"Andreza Sega","date":"7 de novembro de 2025","format":false,"excerpt":"Inscri\u00e7\u00f5es come\u00e7am hoje, 7 de novembro; oportunidades s\u00e3o para atua\u00e7\u00e3o na Casa Abrigo Sollar e no N\u00facleo de Apoio ao Migrante. A Prefeitura Municipal de Gar\u00e7a publicou na quinta-feira, 6 de novembro de 2025, o\u00a0Edital de Abertura do Processo Seletivo Simplificado n\u00ba 004\/2025. O objetivo \u00e9 a contrata\u00e7\u00e3o tempor\u00e1ria de\u2026","rel":"","context":"Em &quot;Gar\u00e7a&quot;","block_context":{"text":"Gar\u00e7a","link":"https:\/\/diariodegarca.com\/?cat=781171664"},"img":{"alt_text":"","src":"https:\/\/i0.wp.com\/diariodegarca.com\/wp-content\/uploads\/2025\/11\/estudante-de-mulher-africana-bonita-jovem-descansando-relaxante-sentado-no-cafe-sorrindo-bebendo-cafe.jpg?fit=1200%2C800&ssl=1&resize=350%2C200","width":350,"height":200,"srcset":"https:\/\/i0.wp.com\/diariodegarca.com\/wp-content\/uploads\/2025\/11\/estudante-de-mulher-africana-bonita-jovem-descansando-relaxante-sentado-no-cafe-sorrindo-bebendo-cafe.jpg?fit=1200%2C800&ssl=1&resize=350%2C200 1x, https:\/\/i0.wp.com\/diariodegarca.com\/wp-content\/uploads\/2025\/11\/estudante-de-mulher-africana-bonita-jovem-descansando-relaxante-sentado-no-cafe-sorrindo-bebendo-cafe.jpg?fit=1200%2C800&ssl=1&resize=525%2C300 1.5x, https:\/\/i0.wp.com\/diariodegarca.com\/wp-content\/uploads\/2025\/11\/estudante-de-mulher-africana-bonita-jovem-descansando-relaxante-sentado-no-cafe-sorrindo-bebendo-cafe.jpg?fit=1200%2C800&ssl=1&resize=700%2C400 2x, https:\/\/i0.wp.com\/diariodegarca.com\/wp-content\/uploads\/2025\/11\/estudante-de-mulher-africana-bonita-jovem-descansando-relaxante-sentado-no-cafe-sorrindo-bebendo-cafe.jpg?fit=1200%2C800&ssl=1&resize=1050%2C600 3x"},"classes":[]}],"jetpack_featured_media_url":"","_links":{"self":[{"href":"https:\/\/diariodegarca.com\/index.php?rest_route=\/wp\/v2\/posts\/2149","targetHints":{"allow":["GET"]}}],"collection":[{"href":"https:\/\/diariodegarca.com\/index.php?rest_route=\/wp\/v2\/posts"}],"about":[{"href":"https:\/\/diariodegarca.com\/index.php?rest_route=\/wp\/v2\/types\/post"}],"author":[{"embeddable":true,"href":"https:\/\/diariodegarca.com\/index.php?rest_route=\/wp\/v2\/users\/260896546"}],"replies":[{"embeddable":true,"href":"https:\/\/diariodegarca.com\/index.php?rest_route=%2Fwp%2Fv2%2Fcomments&post=2149"}],"version-history":[{"count":0,"href":"https:\/\/diariodegarca.com\/index.php?rest_route=\/wp\/v2\/posts\/2149\/revisions"}],"wp:attachment":[{"href":"https:\/\/diariodegarca.com\/index.php?rest_route=%2Fwp%2Fv2%2Fmedia&parent=2149"}],"wp:term":[{"taxonomy":"category","embeddable":true,"href":"https:\/\/diariodegarca.com\/index.php?rest_route=%2Fwp%2Fv2%2Fcategories&post=2149"},{"taxonomy":"post_tag","embeddable":true,"href":"https:\/\/diariodegarca.com\/index.php?rest_route=%2Fwp%2Fv2%2Ftags&post=2149"}],"curies":[{"name":"wp","href":"https:\/\/api.w.org\/{rel}","templated":true}]}}