{"id":2158,"date":"2025-05-09T14:08:00","date_gmt":"2025-05-09T14:08:00","guid":{"rendered":"https:\/\/diariodegarca.com\/2025\/05\/09\/dados-do-ibge-apontam-que-rendimento-per-capita-atinge-recorde-e-desigualdade-cai-ao-menor-nivel-desde-2012\/"},"modified":"2025-05-09T14:08:00","modified_gmt":"2025-05-09T14:08:00","slug":"dados-do-ibge-apontam-que-rendimento-per-capita-atinge-recorde-e-desigualdade-cai-ao-menor-nivel-desde-2012","status":"publish","type":"post","link":"https:\/\/diariodegarca.com\/?p=2158","title":{"rendered":"Dados do IBGE apontam que rendimento per capita atinge recorde e desigualdade cai ao menor n\u00edvel desde 2012"},"content":{"rendered":"<div class=\"separator\" style=\"clear: both;text-align: center\"><a href=\"https:\/\/i0.wp.com\/blogger.googleusercontent.com\/img\/b\/R29vZ2xl\/AVvXsEh3fEctlYp8yRSraWp4BdPNbMStFulfuK6U5f6aECDK37wlnjoLYzALYbxD6-2vaQxZiktHiNlW8jayE_Qh0ytjwq-N_InqE5h2zU9hLXIaFXe6yVFIWEQWvrKPfwCVhfG6A7jlhCMKd7IIIYqTEjdhWnIyuaifzYTImJYkK6HsEdtRdDRnSYbe_BZDFxg\/s875\/PNAD-Rendimentos_HOME_HelenaPontes.jpg?ssl=1\" style=\"margin-left: 1em;margin-right: 1em\"><img data-recalc-dims=\"1\" loading=\"lazy\" decoding=\"async\" border=\"0\" height=\"221\" src=\"https:\/\/i0.wp.com\/blogger.googleusercontent.com\/img\/b\/R29vZ2xl\/AVvXsEh3fEctlYp8yRSraWp4BdPNbMStFulfuK6U5f6aECDK37wlnjoLYzALYbxD6-2vaQxZiktHiNlW8jayE_Qh0ytjwq-N_InqE5h2zU9hLXIaFXe6yVFIWEQWvrKPfwCVhfG6A7jlhCMKd7IIIYqTEjdhWnIyuaifzYTImJYkK6HsEdtRdDRnSYbe_BZDFxg\/w400-h221\/PNAD-Rendimentos_HOME_HelenaPontes.jpg?resize=400%2C221&#038;ssl=1\" width=\"400\" \/><\/a><\/div>\n<p>Em 2024, a massa de rendimento mensal domiciliar\u00a0<em style=\"margin: 0px;padding: 0px;vertical-align: top\">per capita<\/em>, que \u00e9 a soma de todos os rendimentos da popula\u00e7\u00e3o, atingiu o maior valor desde 2012: R$ 438,3 bilh\u00f5es. Foi um aumento foi de 5,4% frente ao ano anterior. Na compara\u00e7\u00e3o com 2019, o ano anterior \u00e0 pandemia de Covid-19, houve uma alta de 15,0%. S\u00e3o informa\u00e7\u00f5es do m\u00f3dulo anual da A PNAD Cont\u00ednua sobre Rendimento de Todas as Fontes, divulgada hoje (08) pelo IBGE.<\/p>\n<p>O rendimento mensal real domiciliar\u00a0<em style=\"margin: 0px;padding: 0px;vertical-align: top\">per capita<\/em>\u00a0tamb\u00e9m chegou ao maior valor da s\u00e9rie em 2024: R$ 2.020, com alta de 4,7% ante 2023. Em rela\u00e7\u00e3o a 2012 (R$ 1.696), ano inicial da s\u00e9rie hist\u00f3rica, a eleva\u00e7\u00e3o foi de 19,1%. O Nordeste apresentou o menor valor (R$ 1.319) e o Sul, o maior (R$ 2.499). Entre as unidades da federa\u00e7\u00e3o, o Distrito Federal (R$ 3.276) liderava, com S\u00e3o Paulo (R$ 2.588) e Santa Catarina (R$ 2.544) a seguir. O menor valor foi do Maranh\u00e3o (R$ 1.078), seguido por Cear\u00e1 (R$ 1.210) e Amazonas (R$ 1.231).<\/p>\n<p>J\u00e1 o rendimento de todas as fontes, da popula\u00e7\u00e3o residente com rendimento, aumentou 2,9% frente a 2023, atingindo R$ 3.057 em 2024, recorde da s\u00e9rie hist\u00f3rica. Igualmente, outros indicadores atingiram seus maiores valores reais desde 2012: o rendimento habitualmente recebido em todos os trabalhos (R$ 3.225) e o de programas sociais do governo (R$ 836).<\/p>\n<p><img data-recalc-dims=\"1\" decoding=\"async\" alt=\"\" src=\"https:\/\/i0.wp.com\/agenciadenoticias.ibge.gov.br\/images\/agenciadenoticias\/estatisticas_sociais\/2025_05\/graficosPNADREND_rendimentomedio.png?w=800&#038;ssl=1\" style=\"border: 0px;margin: 0px;max-width: 100%;padding: 0px;vertical-align: top\" \/><\/p>\n<p>Apesar das altas, as diferen\u00e7as regionais permaneceram bastante acentuadas: a Regi\u00e3o Sul registrou o maior valor (R$ 3 576), seguida pelas regi\u00f5es Centro-Oeste (R$ 3 569) e Sudeste (R$ 3 497), enquanto o menor foi verificado na Regi\u00e3o Nordeste (R$ 2 080). De 2023 para 2024, destaca-se o crescimento do rendimento de todas as fontes nas regi\u00f5es Sul (9,5%) e Nordeste (6,1%), enquanto a Regi\u00e3o Norte apresentou oscila\u00e7\u00e3o negativa de 1,0%.<\/p>\n<p>Em rela\u00e7\u00e3o a 2019, a varia\u00e7\u00e3o mais acentuada foi observada na Regi\u00e3o Norte (11,6%), seguida pelas regi\u00f5es Sul (8,8%) e Centro-Oeste (8,7%). Na Regi\u00e3o Sudeste, por outro lado, com uma oscila\u00e7\u00e3o de apenas 0,1%, o valor m\u00e9dio do rendimento de todas as fontes praticamente n\u00e3o se alterou nesse intervalo de cinco anos.<\/p>\n<p><span style=\"font-weight: 700;margin: 0px;padding: 0px;vertical-align: top\">Popula\u00e7\u00e3o com rendimento tamb\u00e9m \u00e9 recorde em 2024<\/span><\/p>\n<p>Os patamares recordes dos principais tipos de rendimentos em 2024 est\u00e3o associados aos aumentos da popula\u00e7\u00e3o com rendimento (143,4 milh\u00f5es), da popula\u00e7\u00e3o com rendimento habitual do trabalho (101,9 milh\u00f5es) e da popula\u00e7\u00e3o recebendo aposentadoria e pens\u00e3o (29,2 milh\u00f5es). Esses tr\u00eas grupos est\u00e3o com seus maiores contingentes desde 2012, quando come\u00e7a a s\u00e9rie hist\u00f3rica da PNAD Cont\u00ednua.<\/p>\n<p>J\u00e1 a popula\u00e7\u00e3o que recebe benef\u00edcios provenientes de programas sociais do governo tamb\u00e9m cresceu, indo de 18,6 milh\u00f5es em 2023 para 20,1 milh\u00f5es em 2024. No entanto, apesar da alta, esse contingente de benefici\u00e1rios est\u00e1 longe do auge da s\u00e9rie (27,5 milh\u00f5es), atingido em 2020, durante a pandemia de Covid-19.<\/p>\n<p><span style=\"font-weight: 700;margin: 0px;padding: 0px;vertical-align: top\">Rendimento do trabalho continua com a maior participa\u00e7\u00e3o<\/span><\/p>\n<p>A participa\u00e7\u00e3o do rendimento do trabalho na composi\u00e7\u00e3o do rendimento domiciliar\u00a0<em style=\"margin: 0px;padding: 0px;vertical-align: top\">per capita<\/em>\u00a0cresceu de 74,2% para 74,9%, de 2023 para 2024.\u00a0 Apesar da alta, essa propor\u00e7\u00e3o ainda est\u00e1 abaixo da m\u00e1xima da s\u00e9rie (76,9%) atingida em 2014.<\/p>\n<p>Segundo Gustavo Fontes, analista do IBGE, \u201cao longo da s\u00e9rie hist\u00f3rica da PNAD Cont\u00ednua, o rendimento do trabalho tem respondido por aproximadamente tr\u00eas quartos do rendimento domiciliar. Entre 2023 e 2024, a parcela do rendimento de todos os trabalhos no rendimento domiciliar teve uma pequena varia\u00e7\u00e3o positiva, o que reflete o dinamismo do mercado de trabalho no \u00faltimo ano, com a expans\u00e3o do rendimento m\u00e9dio do trabalho, da popula\u00e7\u00e3o ocupada e, consequentemente, da massa de rendimentos do trabalho, que atingiu o maior valor da s\u00e9rie hist\u00f3rica\u201d.<\/p>\n<p>A participa\u00e7\u00e3o dos programas sociais no rendimento domiciliar\u00a0<em style=\"margin: 0px;padding: 0px;vertical-align: top\">per capita\u00a0<\/em>variou de 3,7% para 3,8%, de 2023 a 2024, ficando bem abaixo do \u00e1pice da s\u00e9rie (5,9%), atingido em 2020, durante a pandemia. No entanto, essa participa\u00e7\u00e3o ficou acima do per\u00edodo pr\u00e9-pandemia: em 2019 (1,7%). A propor\u00e7\u00e3o de domic\u00edlios do pa\u00eds com algum benefici\u00e1rio do programa Bolsa-Fam\u00edlia chegou ao auge da s\u00e9rie hist\u00f3rica (19,0%) em 2023 e recuou ligeiramente (18,7%) em 2024.<\/p>\n<p><span style=\"font-weight: 700;margin: 0px;padding: 0px;vertical-align: top\">Aposentadoria lidera entre os rendimentos de outras fontes<\/span><\/p>\n<p>Entre as categorias que comp\u00f5em o rendimento proveniente de outras fontes, a aposentadoria e pens\u00e3o manteve-se como maior valor m\u00e9dio em 2024 (R$ 2 528), com pequena oscila\u00e7\u00e3o frente a 2023 (R$ 2 512), mas ainda permanecendo 3,1% abaixo do observado em 2019 (R$ 2 608).<\/p>\n<p>Entre 2023 e 2024, a participa\u00e7\u00e3o da categoria aposentaria e pens\u00e3o recuou de 17,5% para 16,8% na composi\u00e7\u00e3o do rendimento domiciliar\u00a0<em style=\"margin: 0px;padding: 0px;vertical-align: top\">per capita<\/em>, no Pa\u00eds. O rendimento proveniente de aposentadoria e pens\u00e3o apresentou diferen\u00e7as regionais importantes. O Nordeste apresentou a maior participa\u00e7\u00e3o (19,9%), seguido pelo Sul (17,1%) e Sudeste (16,6%). J\u00e1 nas Regi\u00f5es Norte e Centro-Oeste, as participa\u00e7\u00f5es foram de 14,0% e 13,6%, respectivamente<\/p>\n<p><span style=\"font-weight: 700;margin: 0px;padding: 0px;vertical-align: top\">Desigualdade cai ao menor n\u00edvel desde 2012<\/span><\/p>\n<p>Embora ainda permane\u00e7am em patamares bastante elevados, tr\u00eas indicadores que avaliam as desigualdades de rendimento na PNAD Cont\u00ednua ca\u00edram aos menores n\u00edveis da s\u00e9rie hist\u00f3rica, iniciada em 2012. Em 2024, os 10% da popula\u00e7\u00e3o com os rendimentos mais elevados recebiam o equivalente a 13,4 vezes o rendimento dos 40% da popula\u00e7\u00e3o com os menores rendimentos. Essa foi a menor raz\u00e3o da s\u00e9rie hist\u00f3rica, que atingiu seu pico (17,1 vezes) em 2018.<\/p>\n<p>Para Gustavo, \u201cem 2024, o rendimento m\u00e9dio domiciliar\u00a0<em style=\"margin: 0px;padding: 0px;vertical-align: top\">per capita<\/em>\u00a0dos 40% da popula\u00e7\u00e3o com menores rendimentos chegou ao maior valor da s\u00e9rie hist\u00f3rica. Entre os fatores que podem explicar tal crescimento, est\u00e3o o dinamismo do mercado de trabalho nos \u00faltimos anos, com a eleva\u00e7\u00e3o do n\u00edvel de ocupa\u00e7\u00e3o e o crescimento do rendimento m\u00e9dio do trabalho, inclusive nos d\u00e9cimos mais baixos, bem como os reajustes do sal\u00e1rio m\u00ednimo e o recebimento de benef\u00edcios de diferentes programas sociais do governo\u201d.<\/p>\n<p>J\u00e1 o 1% da popula\u00e7\u00e3o com maiores rendimentos recebia o equivalente a 36,2 vezes o rendimento dos 40% com a menor renda. Essa tamb\u00e9m foi a menor raz\u00e3o entre esses dois segmentos, em toda a s\u00e9rie da pesquisa. O auge desse indicador (48,9 vezes) foi atingido em 2019.<\/p>\n<p>Por fim, o \u00edndice de Gini do rendimento mensal real domiciliar\u00a0<em style=\"margin: 0px;padding: 0px;vertical-align: top\">per capita<\/em>\u00a0tamb\u00e9m chegou ao seu menor n\u00edvel na s\u00e9rie hist\u00f3rica: 0,506. O Gini mais alto da s\u00e9rie (0,545) ocorreu em 2018. Esse indicador mede a concentra\u00e7\u00e3o de renda e varia de 0 (m\u00e1xima igualdade) a 1 (m\u00e1xima desigualdade).<\/p>\n<p>Gustavo destaca que, \u201centre 2023 e 2024, o aumento no rendimento\u00a0<em style=\"margin: 0px;padding: 0px;vertical-align: top\">per capita<\/em>\u00a0ocorreu com maior intensidade no limite inferior da distribui\u00e7\u00e3o (ou seja, nas classes de menor renda), enquanto no extremo superior das classes de renda, o crescimento do rendimento\u00a0<em style=\"margin: 0px;padding: 0px;vertical-align: top\">per capita<\/em>\u00a0ficou bem abaixo da m\u00e9dia nacional\u201d.<\/p>\n<p><img data-recalc-dims=\"1\" decoding=\"async\" alt=\"\" src=\"https:\/\/i0.wp.com\/agenciadenoticias.ibge.gov.br\/images\/agenciadenoticias\/estatisticas_sociais\/2025_05\/graficosPNADREND_GINI.png?w=800&#038;ssl=1\" style=\"border: 0px;margin: 0px;max-width: 100%;padding: 0px;vertical-align: top\" \/><\/p>\n<p><span style=\"font-weight: 700;margin: 0px;padding: 0px;vertical-align: top\">Mais sobre a pesquisa<\/span><\/p>\n<p>A PNAD Cont\u00ednua: Rendimento de Todas as Fontes (2024) traz dados de rendimentos provenientes de trabalho e de outras fontes, como aposentadoria, pens\u00e3o e programas sociais. Entre os indicadores de destaque, est\u00e3o a massa de rendimento m\u00e9dio mensal real domiciliar per capita, o rendimento m\u00e9dio real de todas as fontes, o rendimento m\u00e9dio de outras fontes e o \u00cdndice de Gini do rendimento m\u00e9dio mensal real domiciliar per capita. H\u00e1 dados para Brasil, grandes regi\u00f5es e unidades da federa\u00e7\u00e3o. Acesse o material de apoio e a publica\u00e7\u00e3o completa para mais informa\u00e7\u00f5es.<\/p>\n<p><b>Fonte:<\/b> <a href=\"https:\/\/agenciadenoticias.ibge.gov.br\/agencia-noticias\/2012-agencia-de-noticias\/noticias\/43302-rendimento-per-capita-e-recorde-e-desigualdades-caem-ao-menor-nivel-desde-2012?fbclid=IwY2xjawKK6IJleHRuA2FlbQIxMABicmlkETEweGlUaG9pd28xc0h2WWZsAR6mqQhejxdLgq33-uCKFvwsoJ_YHn3XswTNstACjYD2lQ0V8B5MycLovBsgGQ_aem_SfQQ6OrI9ujY3zKrBkgnww\">IBGE<\/a><\/p>\n","protected":false},"excerpt":{"rendered":"<p>Em 2024, a massa de rendimento mensal domiciliar\u00a0per capita, que \u00e9 a soma de todos os rendimentos da popula\u00e7\u00e3o, atingiu o maior valor desde 2012: R$ 438,3 bilh\u00f5es. Foi um aumento foi de 5,4% frente ao ano anterior. Na compara\u00e7\u00e3o com 2019, o ano anterior \u00e0 pandemia de Covid-19, houve uma alta de 15,0%. S\u00e3o [&hellip;]<\/p>\n","protected":false},"author":260896546,"featured_media":0,"comment_status":"open","ping_status":"open","sticky":false,"template":"","format":"standard","meta":{"_crdt_document":"","_monsterinsights_skip_tracking":false,"_monsterinsights_sitenote_active":false,"_monsterinsights_sitenote_note":"","_monsterinsights_sitenote_category":0,"advanced_seo_description":"","jetpack_seo_html_title":"","jetpack_seo_noindex":false,"_jetpack_newsletter_access":"","_jetpack_dont_email_post_to_subs":false,"_jetpack_newsletter_tier_id":0,"_jetpack_memberships_contains_paywalled_content":false,"_jetpack_memberships_contains_paid_content":false,"footnotes":"","jetpack_publicize_message":"","jetpack_publicize_feature_enabled":true,"jetpack_social_post_already_shared":false,"jetpack_social_options":{"image_generator_settings":{"template":"fullscreen","default_image_id":0,"font":"","enabled":false},"version":2},"_wpas_customize_per_network":false,"jetpack_post_was_ever_published":false},"categories":[38185],"tags":[2372,720605,781171795],"class_list":["post-2158","post","type-post","status-publish","format-standard","hentry","category-brasil","tag-economia","tag-ibge","tag-pesquisa"],"jetpack_publicize_connections":[],"jetpack_featured_media_url":"","jetpack_likes_enabled":true,"jetpack_sharing_enabled":true,"jetpack_shortlink":"https:\/\/wp.me\/pgitne-yO","jetpack-related-posts":[{"id":8552,"url":"https:\/\/diariodegarca.com\/?p=8552","url_meta":{"origin":2158,"position":0},"title":"Gar\u00e7a abre inscri\u00e7\u00f5es para Bolsas de Estudo Integrais de Ingl\u00eas em 2026","author":"Andreza Sega","date":"7 de novembro de 2025","format":false,"excerpt":"Projeto municipal oferece oportunidade para estudantes de baixa renda aprenderem o idioma e se qualificarem para o mercado de trabalho. Inscri\u00e7\u00f5es v\u00e3o de 10 a 30 de novembro. A Prefeitura de Gar\u00e7a, por meio da Secretaria Municipal de Educa\u00e7\u00e3o, anunciou a abertura do per\u00edodo de inscri\u00e7\u00f5es para o Projeto Bolsa\u2026","rel":"","context":"Em &quot;Curso&quot;","block_context":{"text":"Curso","link":"https:\/\/diariodegarca.com\/?cat=36947"},"img":{"alt_text":"","src":"https:\/\/i0.wp.com\/diariodegarca.com\/wp-content\/uploads\/2025\/11\/aluna-segurando-bandeira-dos-eua-sentado-no-chao.jpg?fit=1200%2C800&ssl=1&resize=350%2C200","width":350,"height":200,"srcset":"https:\/\/i0.wp.com\/diariodegarca.com\/wp-content\/uploads\/2025\/11\/aluna-segurando-bandeira-dos-eua-sentado-no-chao.jpg?fit=1200%2C800&ssl=1&resize=350%2C200 1x, https:\/\/i0.wp.com\/diariodegarca.com\/wp-content\/uploads\/2025\/11\/aluna-segurando-bandeira-dos-eua-sentado-no-chao.jpg?fit=1200%2C800&ssl=1&resize=525%2C300 1.5x, https:\/\/i0.wp.com\/diariodegarca.com\/wp-content\/uploads\/2025\/11\/aluna-segurando-bandeira-dos-eua-sentado-no-chao.jpg?fit=1200%2C800&ssl=1&resize=700%2C400 2x, https:\/\/i0.wp.com\/diariodegarca.com\/wp-content\/uploads\/2025\/11\/aluna-segurando-bandeira-dos-eua-sentado-no-chao.jpg?fit=1200%2C800&ssl=1&resize=1050%2C600 3x"},"classes":[]},{"id":2335,"url":"https:\/\/diariodegarca.com\/?p=2335","url_meta":{"origin":2158,"position":1},"title":"Pesquisa do IBGE avan\u00e7a na an\u00e1lise do saneamento b\u00e1sico e impactos ambientais","author":"Di\u00e1rio de Gar\u00e7a","date":"17 de abril de 2025","format":false,"excerpt":"A coleta de dados da\u00a0Pesquisa Nacional de Saneamento B\u00e1sico (PNSB) 2024, organizada pelo Instituto Brasileiro de Geografia e Estat\u00edstica (IBGE) segue sendo estudada para mapear a situa\u00e7\u00e3o do manejo de res\u00edduos s\u00f3lidos e da drenagem urbana em todos os\u00a05.571 munic\u00edpios brasileiros. A pesquisa, que deve se estender at\u00e9 outubro, trar\u00e1\u2026","rel":"","context":"Em &quot;Brasil&quot;","block_context":{"text":"Brasil","link":"https:\/\/diariodegarca.com\/?cat=38185"},"img":{"alt_text":"","src":"https:\/\/i0.wp.com\/blogger.googleusercontent.com\/img\/b\/R29vZ2xl\/AVvXsEjgYumUXZaCeSAGZwhh_MjHutSPTZ8T8TnK4jm3j6HXG6m6wk21mylv7QFGUB4hthj46nZ92-YrO2dJfQne4hpfY303D0qOXX3DN74_ORTxK_sN37Ip3UU9aodJFyWzzkKR5JtQ7EvLxnHsgpw3oORZX94lAsusw_5FcuAPBDTfwAvje6hfoOAu_i_RaZI\/s320\/PNSB_HOME_Agencia-Belem.jpg?resize=350%2C200&ssl=1","width":350,"height":200},"classes":[]},{"id":9866,"url":"https:\/\/diariodegarca.com\/?p=9866","url_meta":{"origin":2158,"position":2},"title":"Gar\u00e7a abre inscri\u00e7\u00f5es do aux\u00edlio transporte para estudantes de ensino t\u00e9cnico e superior","author":"Di\u00e1rio de Gar\u00e7a","date":"7 de janeiro de 2026","format":false,"excerpt":"Secretaria de Desenvolvimento Econ\u00f4mico e Turismo (SEDETUR) publica dois editais com regras distintas para estudantes que estudam no munic\u00edpio e para os que precisam se deslocar para Mar\u00edlia. Inscri\u00e7\u00f5es presenciais, com agendamento obrigat\u00f3rio, v\u00e3o de 12 a 23 de janeiro. A Prefeitura de Gar\u00e7a, por meio da Secretaria de Desenvolvimento\u2026","rel":"","context":"Em &quot;Educa\u00e7\u00e3o&quot;","block_context":{"text":"Educa\u00e7\u00e3o","link":"https:\/\/diariodegarca.com\/?cat=17964"},"img":{"alt_text":"","src":"https:\/\/i0.wp.com\/diariodegarca.com\/wp-content\/uploads\/2025\/12\/retrato-de-feliz-par-jovem-estudar-ficar-junto-contra-vermelho-azul.jpg?fit=1200%2C800&ssl=1&resize=350%2C200","width":350,"height":200,"srcset":"https:\/\/i0.wp.com\/diariodegarca.com\/wp-content\/uploads\/2025\/12\/retrato-de-feliz-par-jovem-estudar-ficar-junto-contra-vermelho-azul.jpg?fit=1200%2C800&ssl=1&resize=350%2C200 1x, https:\/\/i0.wp.com\/diariodegarca.com\/wp-content\/uploads\/2025\/12\/retrato-de-feliz-par-jovem-estudar-ficar-junto-contra-vermelho-azul.jpg?fit=1200%2C800&ssl=1&resize=525%2C300 1.5x, https:\/\/i0.wp.com\/diariodegarca.com\/wp-content\/uploads\/2025\/12\/retrato-de-feliz-par-jovem-estudar-ficar-junto-contra-vermelho-azul.jpg?fit=1200%2C800&ssl=1&resize=700%2C400 2x, https:\/\/i0.wp.com\/diariodegarca.com\/wp-content\/uploads\/2025\/12\/retrato-de-feliz-par-jovem-estudar-ficar-junto-contra-vermelho-azul.jpg?fit=1200%2C800&ssl=1&resize=1050%2C600 3x"},"classes":[]},{"id":2752,"url":"https:\/\/diariodegarca.com\/?p=2752","url_meta":{"origin":2158,"position":3},"title":"IBGE alerta sobre falsas sele\u00e7\u00f5es e refor\u00e7a canais oficiais para processos seletivos","author":"Di\u00e1rio de Gar\u00e7a","date":"26 de fevereiro de 2025","format":false,"excerpt":"O Instituto Brasileiro de Geografia e Estat\u00edstica (IBGE) emitiu uma nota de esclarecimento nesta quarta-feira, 26 de fevereiro de 2025, alertando a popula\u00e7\u00e3o sobre a circula\u00e7\u00e3o de informa\u00e7\u00f5es falsas relacionadas a processos seletivos para vagas na institui\u00e7\u00e3o.\u00a0De acordo com o comunicado, o IBGE n\u00e3o est\u00e1 com inscri\u00e7\u00f5es abertas para nenhum\u2026","rel":"","context":"Em &quot;Brasil&quot;","block_context":{"text":"Brasil","link":"https:\/\/diariodegarca.com\/?cat=38185"},"img":{"alt_text":"","src":"","width":0,"height":0},"classes":[]},{"id":2413,"url":"https:\/\/diariodegarca.com\/?p=2413","url_meta":{"origin":2158,"position":4},"title":"IBGE realiza pesquisa para mapear setores industriais, comerciais e de servi\u00e7os","author":"Di\u00e1rio de Gar\u00e7a","date":"10 de abril de 2025","format":false,"excerpt":"O Instituto Brasileiro de Geografia e Estat\u00edstica (IBGE) est\u00e1 em campo com as\u00a0Pesquisas Econ\u00f4micas Estruturais Anuais, que incluem a\u00a0Pesquisa Industrial Anual (PIA EMPRESA e PIA PRODUTO), a\u00a0Pesquisa Anual de Com\u00e9rcio (PAC), a\u00a0Pesquisa Anual de Servi\u00e7os (PAS)\u00a0e a\u00a0Pesquisa Anual da Ind\u00fastria da Constru\u00e7\u00e3o (PAIC). Esses levantamentos s\u00e3o fundamentais para fornecer dados\u2026","rel":"","context":"Em &quot;Brasil&quot;","block_context":{"text":"Brasil","link":"https:\/\/diariodegarca.com\/?cat=38185"},"img":{"alt_text":"","src":"https:\/\/i0.wp.com\/blogger.googleusercontent.com\/img\/b\/R29vZ2xl\/AVvXsEgqcEaiHH-5YKOq1ckBuQu8A4TW8pfxatByPd047HOpnbAreoooZrkGaNpGvR1euP9vJQgS1Zrs0-V1aF6_s6eMC4psaE_SH1GC2GjVEn7mWZmFqi4Lwb2-ORnByCXbKpbzr5DIPwTlMVGa6QV2EzHBAi7V9ucjTZfFFc9x7GSGxuCh48aY_IujpuLB-nQ\/s320\/noticiasconcursos.com.br-saiba-o-que-e-ibge-e-o-que-faz-o-orgao-ibge.webp?resize=350%2C200&ssl=1","width":350,"height":200},"classes":[]},{"id":2984,"url":"https:\/\/diariodegarca.com\/?p=2984","url_meta":{"origin":2158,"position":5},"title":"Gar\u00e7a melhora no VAAR e deve receber mais R$ 2,2 milh\u00f5es","author":"Di\u00e1rio de Gar\u00e7a","date":"21 de janeiro de 2025","format":false,"excerpt":"Ap\u00f3s an\u00e1lise de dados do Censo Escolar dos anos de 2022 e 2023, o Governo Federal divulgou que Gar\u00e7a \u00e9 uma das cidades que alcan\u00e7ou classifica\u00e7\u00e3o para receber recursos do VAAR (Valor Aluno\/Ano Resultado), do Fundeb. Para os munic\u00edpios s\u00e3o contabilizadas as informa\u00e7\u00f5es dos estudantes da rede municipal de ensino\u2026","rel":"","context":"Em &quot;Brasil&quot;","block_context":{"text":"Brasil","link":"https:\/\/diariodegarca.com\/?cat=38185"},"img":{"alt_text":"","src":"https:\/\/i0.wp.com\/blogger.googleusercontent.com\/img\/b\/R29vZ2xl\/AVvXsEgAr-DNvnzTr7RUwuzEiS66WdjnAPZ7XDA-a9vyv7O2bwZWg3Kd8loBkXhi6215N1nl8WA5zAdpEXMtD9MOLgYDCGU0qdKN2MEdRZnOVz8U5ED1aRryNBrjLtI99K0YA8wbp1v48VAklfSt0CGP2v3gZrzsVzxijUOiq6c53WWB4QO2MWdLJckGpcEWBR4\/w408-h408\/474459529_9057242791018220_2405816018942513342_n.jpg?resize=350%2C200&ssl=1","width":350,"height":200},"classes":[]}],"_links":{"self":[{"href":"https:\/\/diariodegarca.com\/index.php?rest_route=\/wp\/v2\/posts\/2158","targetHints":{"allow":["GET"]}}],"collection":[{"href":"https:\/\/diariodegarca.com\/index.php?rest_route=\/wp\/v2\/posts"}],"about":[{"href":"https:\/\/diariodegarca.com\/index.php?rest_route=\/wp\/v2\/types\/post"}],"author":[{"embeddable":true,"href":"https:\/\/diariodegarca.com\/index.php?rest_route=\/wp\/v2\/users\/260896546"}],"replies":[{"embeddable":true,"href":"https:\/\/diariodegarca.com\/index.php?rest_route=%2Fwp%2Fv2%2Fcomments&post=2158"}],"version-history":[{"count":0,"href":"https:\/\/diariodegarca.com\/index.php?rest_route=\/wp\/v2\/posts\/2158\/revisions"}],"wp:attachment":[{"href":"https:\/\/diariodegarca.com\/index.php?rest_route=%2Fwp%2Fv2%2Fmedia&parent=2158"}],"wp:term":[{"taxonomy":"category","embeddable":true,"href":"https:\/\/diariodegarca.com\/index.php?rest_route=%2Fwp%2Fv2%2Fcategories&post=2158"},{"taxonomy":"post_tag","embeddable":true,"href":"https:\/\/diariodegarca.com\/index.php?rest_route=%2Fwp%2Fv2%2Ftags&post=2158"}],"curies":[{"name":"wp","href":"https:\/\/api.w.org\/{rel}","templated":true}]}}