{"id":2162,"date":"2025-05-09T11:30:00","date_gmt":"2025-05-09T11:30:00","guid":{"rendered":"https:\/\/diariodegarca.com\/2025\/05\/09\/maio-amarelo-a-corrida-contra-as-mortes-no-transito-brasileiro\/"},"modified":"2025-05-09T11:30:00","modified_gmt":"2025-05-09T11:30:00","slug":"maio-amarelo-a-corrida-contra-as-mortes-no-transito-brasileiro","status":"publish","type":"post","link":"https:\/\/diariodegarca.com\/?p=2162","title":{"rendered":"Maio Amarelo: a corrida contra as mortes no tr\u00e2nsito brasileiro"},"content":{"rendered":"<p>\u00a0<\/p>\n<div class=\"separator\" style=\"clear: both;text-align: center\"><a href=\"https:\/\/i0.wp.com\/blogger.googleusercontent.com\/img\/b\/R29vZ2xl\/AVvXsEiRBydlmGdwhIBaTR1TAna7gbDXQvySZijYADJ5M-ATK4Gaf4dv1zwudV9mDxkFsyQFi1fXqPhFNB04cdGBMIxOCk3M4bGZmXQbV5kGmqm83AzjxUHvJTwPoJWnRXbgwYc5bVA55kcJ4fGw5hBMqifO2DESiNDsw1JQjB7xb8lEguY-UtqnvYFF8f6r20A\/s6000\/shot-highway-road-surrounded-by-dried-grass-fields-sky-sunset.jpg?ssl=1\" style=\"margin-left: 1em;margin-right: 1em\"><img data-recalc-dims=\"1\" loading=\"lazy\" decoding=\"async\" border=\"0\" height=\"266\" src=\"https:\/\/i0.wp.com\/blogger.googleusercontent.com\/img\/b\/R29vZ2xl\/AVvXsEiRBydlmGdwhIBaTR1TAna7gbDXQvySZijYADJ5M-ATK4Gaf4dv1zwudV9mDxkFsyQFi1fXqPhFNB04cdGBMIxOCk3M4bGZmXQbV5kGmqm83AzjxUHvJTwPoJWnRXbgwYc5bVA55kcJ4fGw5hBMqifO2DESiNDsw1JQjB7xb8lEguY-UtqnvYFF8f6r20A\/w400-h266\/shot-highway-road-surrounded-by-dried-grass-fields-sky-sunset.jpg?resize=400%2C266&#038;ssl=1\" width=\"400\" \/><\/a><\/div>\n<p><\/p>\n<p class=\"ds-markdown-paragraph\">O amarelo que pinta ruas e rodovias neste m\u00eas carrega um alerta urgente: o Brasil continua perdendo vidas no tr\u00e2nsito em n\u00fameros que assustam. Dados oficiais revelam que a cada 15 minutos uma fam\u00edlia recebe a not\u00edcia que nenhuma quer ouvir &#8211; um ente querido v\u00edtima fatal do tr\u00e2nsito. Em 2023, foram 35 mil mortes em decorr\u00eancia de acidentes de tr\u00e2nsito. S\u00f3 nas rodovias federais, os n\u00fameros de 2024, mostraram um n\u00famero bem alto, com 6.160 pessoas perdendo suas vidas por conta de acidentes de tr\u00e2nsito.<\/p>\n<h2><strong>O desafio das estradas federais<\/strong><\/h2>\n<p class=\"ds-markdown-paragraph\">A ANTT (Ag\u00eancia Nacional de Transportes Terrestres), ag\u00eancia nacional respons\u00e1vel por fiscalizar mais de 20 mil quil\u00f4metros de rodovias concedidas, preparou para este Maio Amarelo uma s\u00e9rie de medidas que v\u00e3o ser adotadas e implementadas durante todo o m\u00eas de maio, que incluem banners, palestras e a\u00e7\u00f5es de campo.<\/p>\n<p class=\"ds-markdown-paragraph\">Nas concession\u00e1rias, fiscais da ANTT est\u00e3o ampliando as abordagens a caminhoneiros. N\u00e3o \u00e9 s\u00f3 sobre multar, mas sobre conversar,\u00a0muitos profissionais passam dias na estrada e acabam negligenciando o cansa\u00e7o. O papel dos agentes \u00e9 o de lembr\u00e1-los que uma pausa pode salvar vidas, n\u00e3o apenas a dele, mas de outras pessoas que trafegam pelas rodovias.<\/p>\n<h2><strong>Onde o perigo mora<\/strong><\/h2>\n<p class=\"ds-markdown-paragraph\">Os n\u00fameros n\u00e3o mentem: os principais vil\u00f5es continuam sendo a velocidade excessiva, a combina\u00e7\u00e3o \u00e1lcool e dire\u00e7\u00e3o, e o uso do celular ao volante. Mas h\u00e1 um novo agravante &#8211; a pressa. Psic\u00f3logos do tr\u00e2nsito observam que muitos motoristas desenvolveram um comportamento mais agressivo ap\u00f3s os anos de isolamento durante a pandemia.<\/p>\n<p class=\"ds-markdown-paragraph\">&#8220;Temos visto cada vez mais motoristas que tratam o tr\u00e2nsito como uma competi\u00e7\u00e3o&#8221;, analisa a psic\u00f3loga especialista em tr\u00e2nsito, Dra. Fernanda Costa. &#8220;Esse comportamento est\u00e1 custando vidas.&#8221;<\/p>\n<h2><strong>O que est\u00e1 sendo feito<\/strong><\/h2>\n<p class=\"ds-markdown-paragraph\">Nas estradas:<\/p>\n<ul>\n<li>\n<p class=\"ds-markdown-paragraph\" style=\"font-size: 16.002px;line-height: 28.575px;margin-bottom: 0px !important;margin-left: 0px;margin-right: 0px;margin-top: 0px\">97 opera\u00e7\u00f5es simult\u00e2neas de fiscaliza\u00e7\u00e3o est\u00e3o programadas para acontecer durante o m\u00eas maio<\/p>\n<\/li>\n<li style=\"margin-top: 4px\">\n<p class=\"ds-markdown-paragraph\" style=\"font-size: 16.002px;line-height: 28.575px;margin-bottom: 0px !important;margin-left: 0px;margin-right: 0px;margin-top: 0px\">Radares m\u00f3veis ser\u00e3o implantados em pontos cr\u00edticos de acidentes<\/p>\n<\/li>\n<li style=\"margin-top: 4px\">\n<p class=\"ds-markdown-paragraph\" style=\"font-size: 16.002px;line-height: 28.575px;margin-bottom: 0px !important;margin-left: 0px;margin-right: 0px;margin-top: 0px\">Aumento em 30% das abordagens com etil\u00f4metro<\/p>\n<\/li>\n<\/ul>\n<p class=\"ds-markdown-paragraph\">Nas cidades:<\/p>\n<ul>\n<li>\n<p class=\"ds-markdown-paragraph\" style=\"font-size: 16.002px;line-height: 28.575px;margin-bottom: 0px !important;margin-left: 0px;margin-right: 0px;margin-top: 0px\">Campanhas em 1.200 postos de combust\u00edvel<\/p>\n<\/li>\n<li style=\"margin-top: 4px\">\n<p class=\"ds-markdown-paragraph\" style=\"font-size: 16.002px;line-height: 28.575px;margin-bottom: 0px !important;margin-left: 0px;margin-right: 0px;margin-top: 0px\">Parceria com aplicativos de transporte<\/p>\n<\/li>\n<li style=\"margin-top: 4px\">\n<p class=\"ds-markdown-paragraph\" style=\"font-size: 16.002px;line-height: 28.575px;margin-bottom: 0px !important;margin-left: 0px;margin-right: 0px;margin-top: 0px\">A\u00e7\u00f5es em 300 escolas p\u00fablicas espalhadas pelo pa\u00eds<\/p>\n<\/li>\n<\/ul>\n<p class=\"ds-markdown-paragraph\">O diretor-geral da ANTT, Guilherme Theo Sampaio, \u00e9 enf\u00e1tico: &#8220;N\u00e3o podemos normalizar essas mortes. Cada n\u00famero \u00e9 uma hist\u00f3ria interrompida, uma fam\u00edlia destru\u00edda. Estamos combatendo isso com educa\u00e7\u00e3o, engenharia e fiscaliza\u00e7\u00e3o, mas precisamos que cada motorista fa\u00e7a sua parte.&#8221;<\/p>\n<h2><strong>O caminho pela frente<\/strong><\/h2>\n<p class=\"ds-markdown-paragraph\">Especialistas concordam: enquanto o pa\u00eds n\u00e3o tratar a seguran\u00e7a vi\u00e1ria como prioridade nacional, continuaremos contando mortos. O Maio Amarelo surge como um grito de alerta &#8211; mas o trabalho precisa continuar nos outros 11 meses do ano.<\/p>\n<p class=\"ds-markdown-paragraph\">&#8220;J\u00e1 sabemos o que causa acidentes e como evit\u00e1-los&#8221;, resume o especialista em seguran\u00e7a vi\u00e1ria, Marcos Aur\u00e9lio. &#8220;Agora precisamos de vontade pol\u00edtica e mudan\u00e7a cultural. Do contr\u00e1rio, em 2026 estaremos aqui novamente, lamentando n\u00fameros que poderiam ser evitados.&#8221;<\/p>\n","protected":false},"excerpt":{"rendered":"<p>\u00a0 O amarelo que pinta ruas e rodovias neste m\u00eas carrega um alerta urgente: o Brasil continua perdendo vidas no tr\u00e2nsito em n\u00fameros que assustam. Dados oficiais revelam que a cada 15 minutos uma fam\u00edlia recebe a not\u00edcia que nenhuma quer ouvir &#8211; um ente querido v\u00edtima fatal do tr\u00e2nsito. Em 2023, foram 35 mil [&hellip;]<\/p>\n","protected":false},"author":260896546,"featured_media":0,"comment_status":"open","ping_status":"open","sticky":false,"template":"","format":"standard","meta":{"_crdt_document":"","_monsterinsights_skip_tracking":false,"_monsterinsights_sitenote_active":false,"_monsterinsights_sitenote_note":"","_monsterinsights_sitenote_category":0,"advanced_seo_description":"","jetpack_seo_html_title":"","jetpack_seo_noindex":false,"_jetpack_newsletter_access":"","_jetpack_dont_email_post_to_subs":false,"_jetpack_newsletter_tier_id":0,"_jetpack_memberships_contains_paywalled_content":false,"_jetpack_memberships_contains_paid_content":false,"footnotes":"","jetpack_publicize_message":"","jetpack_publicize_feature_enabled":true,"jetpack_social_post_already_shared":false,"jetpack_social_options":{"image_generator_settings":{"template":"fullscreen","default_image_id":0,"font":"","enabled":false},"version":2},"_wpas_customize_per_network":false,"jetpack_post_was_ever_published":false},"categories":[38185],"tags":[4358825,781171839,781171806],"class_list":["post-2162","post","type-post","status-publish","format-standard","hentry","category-brasil","tag-acidente-de-transito","tag-campanha-mensal","tag-transito"],"jetpack_publicize_connections":[],"jetpack_featured_media_url":"","jetpack_likes_enabled":true,"jetpack_sharing_enabled":true,"jetpack_shortlink":"https:\/\/wp.me\/pgitne-yS","jetpack-related-posts":[{"id":8216,"url":"https:\/\/diariodegarca.com\/?p=8216","url_meta":{"origin":2162,"position":0},"title":"Fiscaliza\u00e7\u00e3o de transporte escolar em Gar\u00e7a aplica 32 multas em dois dias","author":"Andreza Sega","date":"29 de outubro de 2025","format":false,"excerpt":"Opera\u00e7\u00e3o conjunta da PM e do DETRAN-SP vistoriou 11 ve\u00edculos e encontrou diversas irregularidades; a\u00e7\u00f5es continuam na regi\u00e3o para garantir a seguran\u00e7a dos estudantes. Uma opera\u00e7\u00e3o de fiscaliza\u00e7\u00e3o voltada para o transporte escolar foi realizada em Gar\u00e7a nos dias 23 e 24 de outubro. A a\u00e7\u00e3o, uma iniciativa conjunta da\u2026","rel":"","context":"Em &quot;Fiscaliza\u00e7\u00e3o&quot;","block_context":{"text":"Fiscaliza\u00e7\u00e3o","link":"https:\/\/diariodegarca.com\/?cat=1192752"},"img":{"alt_text":"","src":"https:\/\/i0.wp.com\/diariodegarca.com\/wp-content\/uploads\/2025\/10\/WhatsApp-Image-2025-10-29-at-17.43.30.jpeg?fit=1200%2C900&ssl=1&resize=350%2C200","width":350,"height":200,"srcset":"https:\/\/i0.wp.com\/diariodegarca.com\/wp-content\/uploads\/2025\/10\/WhatsApp-Image-2025-10-29-at-17.43.30.jpeg?fit=1200%2C900&ssl=1&resize=350%2C200 1x, https:\/\/i0.wp.com\/diariodegarca.com\/wp-content\/uploads\/2025\/10\/WhatsApp-Image-2025-10-29-at-17.43.30.jpeg?fit=1200%2C900&ssl=1&resize=525%2C300 1.5x, https:\/\/i0.wp.com\/diariodegarca.com\/wp-content\/uploads\/2025\/10\/WhatsApp-Image-2025-10-29-at-17.43.30.jpeg?fit=1200%2C900&ssl=1&resize=700%2C400 2x, https:\/\/i0.wp.com\/diariodegarca.com\/wp-content\/uploads\/2025\/10\/WhatsApp-Image-2025-10-29-at-17.43.30.jpeg?fit=1200%2C900&ssl=1&resize=1050%2C600 3x"},"classes":[]},{"id":2489,"url":"https:\/\/diariodegarca.com\/?p=2489","url_meta":{"origin":2162,"position":1},"title":"Vereadores cobram melhorias no tr\u00e2nsito em sess\u00e3o da C\u00e2mara","author":"Di\u00e1rio de Gar\u00e7a","date":"2 de abril de 2025","format":false,"excerpt":"A C\u00e2mara Municipal de Gar\u00e7a realizou na segunda-feira, 31 de mar\u00e7o, sua 9\u00aa sess\u00e3o ordin\u00e1ria de 2025, com amplo debate sobre os problemas de tr\u00e2nsito no munic\u00edpio. O diretor de Tr\u00e2nsito, H\u00e9lio Francisco Freitas, foi convocado para prestar esclarecimentos e ouvir as demandas dos vereadores. A sess\u00e3o, que durou mais\u2026","rel":"","context":"Em &quot;Brasil&quot;","block_context":{"text":"Brasil","link":"https:\/\/diariodegarca.com\/?cat=38185"},"img":{"alt_text":"","src":"https:\/\/i0.wp.com\/blogger.googleusercontent.com\/img\/b\/R29vZ2xl\/AVvXsEiYTAzOMTobjfTbKArsEICS74-VZsdPukVGk9nz78uiakZCzOfXGUVt1YdI5EhKByASRAgrstx19XrNa2jWDpyfgW431808tXbYFVbdTebyOKiuJ5VEDwSd6i_TMBWqw1LLfOt6WFDXS4fM_bNqOBI8PafAF_SFIL00GJCFvvicNzeJgbN3SWS86bSDP6k\/s320\/Captura%20de%20tela%202025-04-02%20163412.jpg?resize=350%2C200&ssl=1","width":350,"height":200},"classes":[]},{"id":2815,"url":"https:\/\/diariodegarca.com\/?p=2815","url_meta":{"origin":2162,"position":2},"title":"Acidente de tr\u00e2nsito em Gar\u00e7a ajuda pol\u00edcia a capturar foragido da justi\u00e7a","author":"Di\u00e1rio de Gar\u00e7a","date":"15 de fevereiro de 2025","format":false,"excerpt":"Em Gar\u00e7a, um fato curioso chamou a aten\u00e7\u00e3o na noite desta sexta-feira, dia 14 de fevereiro,1 um acidente de tr\u00e2nsito acabou se tornando a pe\u00e7a-chave para a captura de um foragido da justi\u00e7a!Por volta das 22h40, uma equipe da Pol\u00edcia Militar foi acionada para atender uma ocorr\u00eancia envolvendo dois ve\u00edculos.\u2026","rel":"","context":"Em &quot;Brasil&quot;","block_context":{"text":"Brasil","link":"https:\/\/diariodegarca.com\/?cat=38185"},"img":{"alt_text":"","src":"","width":0,"height":0},"classes":[]},{"id":2915,"url":"https:\/\/diariodegarca.com\/?p=2915","url_meta":{"origin":2162,"position":3},"title":"Alvinl\u00e2ndia anuncia mudan\u00e7as no tr\u00e2nsito do Conjunto Habitacional Jo\u00e3o Leonidas Ferreira","author":"Di\u00e1rio de Gar\u00e7a","date":"31 de janeiro de 2025","format":false,"excerpt":"\u00a0A Prefeitura de Alvinl\u00e2ndia informa que, a partir do dia 1\u00ba de fevereiro de 2025, o tr\u00e2nsito no Conjunto Habitacional Jo\u00e3o Leonidas Ferreira (Popular) passar\u00e1 por altera\u00e7\u00f5es. Com o objetivo de melhorar a fluidez e a seguran\u00e7a vi\u00e1ria, as ruas do bairro deixar\u00e3o de ser m\u00e3o dupla e passar\u00e3o a\u2026","rel":"","context":"Em &quot;Brasil&quot;","block_context":{"text":"Brasil","link":"https:\/\/diariodegarca.com\/?cat=38185"},"img":{"alt_text":"","src":"","width":0,"height":0},"classes":[]},{"id":2506,"url":"https:\/\/diariodegarca.com\/?p=2506","url_meta":{"origin":2162,"position":4},"title":"C\u00e2mara de Gar\u00e7a aprova requerimento para implanta\u00e7\u00e3o de \u00e1rea de espera exclusiva para motocicletas","author":"Di\u00e1rio de Gar\u00e7a","date":"1 de abril de 2025","format":false,"excerpt":"exemplo de \u00e1rea para motos constante no requerimentoEm sess\u00e3o ordin\u00e1ria realizada na segunda-feira, 31 de mar\u00e7o, a C\u00e2mara Municipal de Gar\u00e7a aprovou um requerimento do vereador Marcelo Zanoti que solicita ao Executivo a implanta\u00e7\u00e3o de sinaliza\u00e7\u00e3o de \u00e1reas de espera exclusivas para motocicletas, motonetas e ciclomotores em cruzamentos semaforizados do\u2026","rel":"","context":"Em &quot;Brasil&quot;","block_context":{"text":"Brasil","link":"https:\/\/diariodegarca.com\/?cat=38185"},"img":{"alt_text":"","src":"https:\/\/i0.wp.com\/blogger.googleusercontent.com\/img\/b\/R29vZ2xl\/AVvXsEgFL3eVCxBMJDBFWbHnnBzrYfokFOBwZ3cMuH_GQYOUdU_6psJ1bWdFwoFTx51JHGlwuU18Mg7bKcHHN-Z8AU_GhtEH1TBO2CAkoTE-nMwx_AF9C-TZRHX-gPTe2DL1KrXKNoSG99zK3AUoJGjrUdTKvDouYjB22ACL0M5AYEKY8THVAIiYLLOa3h2hU9o\/s320\/27c06d41-a967-4403-9b3a-aae34f6b0704.jpeg?resize=350%2C200&ssl=1","width":350,"height":200},"classes":[]},{"id":4328,"url":"https:\/\/diariodegarca.com\/?p=4328","url_meta":{"origin":2162,"position":5},"title":"Julho Amarelo: m\u00eas de conscientiza\u00e7\u00e3o sobre hepatites virais","author":"Di\u00e1rio de Gar\u00e7a","date":"1 de julho de 2025","format":false,"excerpt":"Campanha alerta para a import\u00e2ncia do diagn\u00f3stico precoce e da preven\u00e7\u00e3o de doen\u00e7as que evoluem sem sintomas O\u00a0Julho Amarelo\u00a0\u00e9 uma campanha dedicada \u00e0 conscientiza\u00e7\u00e3o sobre as\u00a0hepatites virais\u00a0e outras\u00a0doen\u00e7as silenciosas, que muitas vezes evoluem sem apresentar sintomas at\u00e9 est\u00e1gios avan\u00e7ados. A iniciativa busca\u00a0informar a popula\u00e7\u00e3o sobre preven\u00e7\u00e3o, diagn\u00f3stico e tratamento, reduzindo\u2026","rel":"","context":"Em &quot;Campanha mensal&quot;","block_context":{"text":"Campanha mensal","link":"https:\/\/diariodegarca.com\/?cat=582590134"},"img":{"alt_text":"","src":"https:\/\/i0.wp.com\/diariodegarca.com\/wp-content\/uploads\/2025\/07\/paciente-contando-ao-medico-sobre-sua-dor-e-problemas-de-saude-durante-visita-ao-hospital-jovem-mulher-reclamando-de-dor-nas-costas-ou-nos-rins-enquanto-esta-sentada-na-cama-de-exame-no-.jpg?fit=1200%2C800&ssl=1&resize=350%2C200","width":350,"height":200,"srcset":"https:\/\/i0.wp.com\/diariodegarca.com\/wp-content\/uploads\/2025\/07\/paciente-contando-ao-medico-sobre-sua-dor-e-problemas-de-saude-durante-visita-ao-hospital-jovem-mulher-reclamando-de-dor-nas-costas-ou-nos-rins-enquanto-esta-sentada-na-cama-de-exame-no-.jpg?fit=1200%2C800&ssl=1&resize=350%2C200 1x, https:\/\/i0.wp.com\/diariodegarca.com\/wp-content\/uploads\/2025\/07\/paciente-contando-ao-medico-sobre-sua-dor-e-problemas-de-saude-durante-visita-ao-hospital-jovem-mulher-reclamando-de-dor-nas-costas-ou-nos-rins-enquanto-esta-sentada-na-cama-de-exame-no-.jpg?fit=1200%2C800&ssl=1&resize=525%2C300 1.5x, https:\/\/i0.wp.com\/diariodegarca.com\/wp-content\/uploads\/2025\/07\/paciente-contando-ao-medico-sobre-sua-dor-e-problemas-de-saude-durante-visita-ao-hospital-jovem-mulher-reclamando-de-dor-nas-costas-ou-nos-rins-enquanto-esta-sentada-na-cama-de-exame-no-.jpg?fit=1200%2C800&ssl=1&resize=700%2C400 2x, https:\/\/i0.wp.com\/diariodegarca.com\/wp-content\/uploads\/2025\/07\/paciente-contando-ao-medico-sobre-sua-dor-e-problemas-de-saude-durante-visita-ao-hospital-jovem-mulher-reclamando-de-dor-nas-costas-ou-nos-rins-enquanto-esta-sentada-na-cama-de-exame-no-.jpg?fit=1200%2C800&ssl=1&resize=1050%2C600 3x"},"classes":[]}],"_links":{"self":[{"href":"https:\/\/diariodegarca.com\/index.php?rest_route=\/wp\/v2\/posts\/2162","targetHints":{"allow":["GET"]}}],"collection":[{"href":"https:\/\/diariodegarca.com\/index.php?rest_route=\/wp\/v2\/posts"}],"about":[{"href":"https:\/\/diariodegarca.com\/index.php?rest_route=\/wp\/v2\/types\/post"}],"author":[{"embeddable":true,"href":"https:\/\/diariodegarca.com\/index.php?rest_route=\/wp\/v2\/users\/260896546"}],"replies":[{"embeddable":true,"href":"https:\/\/diariodegarca.com\/index.php?rest_route=%2Fwp%2Fv2%2Fcomments&post=2162"}],"version-history":[{"count":0,"href":"https:\/\/diariodegarca.com\/index.php?rest_route=\/wp\/v2\/posts\/2162\/revisions"}],"wp:attachment":[{"href":"https:\/\/diariodegarca.com\/index.php?rest_route=%2Fwp%2Fv2%2Fmedia&parent=2162"}],"wp:term":[{"taxonomy":"category","embeddable":true,"href":"https:\/\/diariodegarca.com\/index.php?rest_route=%2Fwp%2Fv2%2Fcategories&post=2162"},{"taxonomy":"post_tag","embeddable":true,"href":"https:\/\/diariodegarca.com\/index.php?rest_route=%2Fwp%2Fv2%2Ftags&post=2162"}],"curies":[{"name":"wp","href":"https:\/\/api.w.org\/{rel}","templated":true}]}}