{"id":2170,"date":"2025-05-08T17:47:00","date_gmt":"2025-05-08T17:47:00","guid":{"rendered":"https:\/\/diariodegarca.com\/2025\/05\/08\/curso-gratuito-de-cinegrafia-capacita-profissionais-do-audiovisual\/"},"modified":"2025-05-08T17:47:00","modified_gmt":"2025-05-08T17:47:00","slug":"curso-gratuito-de-cinegrafia-capacita-profissionais-do-audiovisual","status":"publish","type":"post","link":"https:\/\/diariodegarca.com\/?p=2170","title":{"rendered":"Curso gratuito de Cinegrafia capacita profissionais do audiovisual"},"content":{"rendered":"<p>\u00a0<\/p>\n<div class=\"separator\" style=\"clear: both;text-align: center\"><a href=\"https:\/\/i0.wp.com\/blogger.googleusercontent.com\/img\/b\/R29vZ2xl\/AVvXsEhDjm_fAJXHQnQ8YGXjdM53tZoDo9ALXYMyTN9DgLc7sEIV7JXJPSIyKkNdZTubY2aMhSYIJrlrVS_QIDEguBndXFd4iP3Or6lxoaJczHHeifxZTSvUBgagUpfAVAPgEHuMgz-yAwlSUjcK3CqSosqIsoAVbhlCka-51xfg8nosUjrDhzE515HncBJriQ8\/s8000\/pessoas-trabalhando-juntas-para-um-novo-filme.jpg?ssl=1\" style=\"margin-left: 1em;margin-right: 1em\"><img data-recalc-dims=\"1\" loading=\"lazy\" decoding=\"async\" border=\"0\" height=\"266\" src=\"https:\/\/i0.wp.com\/blogger.googleusercontent.com\/img\/b\/R29vZ2xl\/AVvXsEhDjm_fAJXHQnQ8YGXjdM53tZoDo9ALXYMyTN9DgLc7sEIV7JXJPSIyKkNdZTubY2aMhSYIJrlrVS_QIDEguBndXFd4iP3Or6lxoaJczHHeifxZTSvUBgagUpfAVAPgEHuMgz-yAwlSUjcK3CqSosqIsoAVbhlCka-51xfg8nosUjrDhzE515HncBJriQ8\/w400-h266\/pessoas-trabalhando-juntas-para-um-novo-filme.jpg?resize=400%2C266&#038;ssl=1\" width=\"400\" \/><\/a><\/div>\n<\/p>\n<p class=\"ds-markdown-paragraph\">Est\u00e3o abertas as inscri\u00e7\u00f5es para o curso\u00a0<strong>gratuito<\/strong>\u00a0de\u00a0<strong>Cinegrafia (Opera\u00e7\u00e3o de C\u00e2mera)<\/strong>, oferecido pela\u00a0<strong>Escult<\/strong>, plataforma de qualifica\u00e7\u00e3o profissional em cultura. A forma\u00e7\u00e3o, com\u00a0<strong>60 horas de carga hor\u00e1ria<\/strong>, \u00e9 voltada para\u00a0<strong>iniciantes e profissionais do audiovisual<\/strong>\u00a0que desejam aprimorar t\u00e9cnicas de filmagem, linguagem cinematogr\u00e1fica e opera\u00e7\u00e3o de equipamentos.<\/p>\n<h2><strong>Conte\u00fado<\/strong><\/h2>\n<p class=\"ds-markdown-paragraph\">O curso, ministrado na modalidade\u00a0<strong>EaD (Educa\u00e7\u00e3o a Dist\u00e2ncia)<\/strong>, aborda:<\/p>\n<ul>\n<li>\n<p class=\"ds-markdown-paragraph\" style=\"font-size: 16.002px;line-height: 28.575px;margin-bottom: 0px !important;margin-left: 0px;margin-right: 0px;margin-top: 0px\"><strong>Linguagem audiovisual<\/strong>: composi\u00e7\u00e3o e movimentos de c\u00e2mera.<\/p>\n<\/li>\n<li style=\"margin-top: 4px\">\n<p class=\"ds-markdown-paragraph\" style=\"font-size: 16.002px;line-height: 28.575px;margin-bottom: 0px !important;margin-left: 0px;margin-right: 0px;margin-top: 0px\"><strong>Tipos de c\u00e2mera e objetivas<\/strong>: funcionalidades e aplica\u00e7\u00f5es.<\/p>\n<\/li>\n<li style=\"margin-top: 4px\">\n<p class=\"ds-markdown-paragraph\" style=\"font-size: 16.002px;line-height: 28.575px;margin-bottom: 0px !important;margin-left: 0px;margin-right: 0px;margin-top: 0px\"><strong>Setups de filmagem e no\u00e7\u00f5es de ilumina\u00e7\u00e3o<\/strong>.<\/p>\n<\/li>\n<li style=\"margin-top: 4px\">\n<p class=\"ds-markdown-paragraph\" style=\"font-size: 16.002px;line-height: 28.575px;margin-bottom: 0px !important;margin-left: 0px;margin-right: 0px;margin-top: 0px\"><strong>Acess\u00f3rios para imagem em movimento e formatos audiovisuais<\/strong>.<\/p>\n<\/li>\n<\/ul>\n<p class=\"ds-markdown-paragraph\">Com\u00a0<strong>aulas s\u00edncronas, materiais de estudo, question\u00e1rios e f\u00f3runs de discuss\u00e3o<\/strong>, os participantes ter\u00e3o acesso a um\u00a0<strong>certificado personalizado<\/strong>\u00a0ap\u00f3s a conclus\u00e3o.<\/p>\n<h2><strong>Sobre a Escult<\/strong><\/h2>\n<p class=\"ds-markdown-paragraph\">A\u00a0<strong>Escult<\/strong>\u00a0\u00e9 uma iniciativa do\u00a0<strong>Instituto Federal de Goi\u00e1s (IFG)<\/strong>\u00a0em parceria com o\u00a0<strong>Minist\u00e9rio da Cultura (MinC)<\/strong>, criada para\u00a0<strong>fomentar a capacita\u00e7\u00e3o no setor cultural<\/strong>. A plataforma oferece cursos gratuitos e de qualidade, democratizando o acesso \u00e0 forma\u00e7\u00e3o profissional.<\/p>\n<p class=\"ds-markdown-paragraph\">\ud83d\udd17\u00a0<strong>Inscri\u00e7\u00f5es abertas at\u00e9 30\/07\/2025<\/strong>, por meio do link\u00a0<a href=\"http:\/\/escult.cultura.gov.br\/\" rel=\"noreferrer\" style=\"border-color: rgba(255, 255, 255, 0);border-radius: 6.858px;border-style: solid;border-width: 2px 3px;color: #3b82f6;margin-left: -3px;margin-right: -3px;position: relative\" target=\"_blank\">escult.cultura.gov.br<\/a><\/p>\n","protected":false},"excerpt":{"rendered":"<p>\u00a0 Est\u00e3o abertas as inscri\u00e7\u00f5es para o curso\u00a0gratuito\u00a0de\u00a0Cinegrafia (Opera\u00e7\u00e3o de C\u00e2mera), oferecido pela\u00a0Escult, plataforma de qualifica\u00e7\u00e3o profissional em cultura. A forma\u00e7\u00e3o, com\u00a060 horas de carga hor\u00e1ria, \u00e9 voltada para\u00a0iniciantes e profissionais do audiovisual\u00a0que desejam aprimorar t\u00e9cnicas de filmagem, linguagem cinematogr\u00e1fica e opera\u00e7\u00e3o de equipamentos. Conte\u00fado O curso, ministrado na modalidade\u00a0EaD (Educa\u00e7\u00e3o a Dist\u00e2ncia), aborda: Linguagem [&hellip;]<\/p>\n","protected":false},"author":260896546,"featured_media":0,"comment_status":"open","ping_status":"open","sticky":false,"template":"","format":"standard","meta":{"_crdt_document":"","_monsterinsights_skip_tracking":false,"_monsterinsights_sitenote_active":false,"_monsterinsights_sitenote_note":"","_monsterinsights_sitenote_category":0,"advanced_seo_description":"","jetpack_seo_html_title":"","jetpack_seo_noindex":false,"_jetpack_newsletter_access":"","_jetpack_dont_email_post_to_subs":false,"_jetpack_newsletter_tier_id":0,"_jetpack_memberships_contains_paywalled_content":false,"_jetpack_memberships_contains_paid_content":false,"footnotes":"","jetpack_publicize_message":"","jetpack_publicize_feature_enabled":true,"jetpack_social_post_already_shared":false,"jetpack_social_options":{"image_generator_settings":{"template":"fullscreen","default_image_id":0,"font":"","enabled":false},"version":2},"_wpas_customize_per_network":false,"jetpack_post_was_ever_published":false},"categories":[38185],"tags":[781171790,781171800],"class_list":["post-2170","post","type-post","status-publish","format-standard","hentry","category-brasil","tag-cultura","tag-curso"],"jetpack_publicize_connections":[],"jetpack_featured_media_url":"","jetpack_likes_enabled":true,"jetpack_sharing_enabled":true,"jetpack_shortlink":"https:\/\/wp.me\/pgitne-z0","jetpack-related-posts":[{"id":6529,"url":"https:\/\/diariodegarca.com\/?p=6529","url_meta":{"origin":2170,"position":0},"title":"Oficina de dublagem acontece em Mar\u00edlia e Gar\u00e7a gratuitamente","author":"Di\u00e1rio de Gar\u00e7a","date":"9 de setembro de 2025","format":false,"excerpt":"Eventos presenciais ser\u00e3o ministrados pelo especialista \u00cdtalo Yuri. O curso abordar\u00e1 t\u00e9cnicas de capta\u00e7\u00e3o e edi\u00e7\u00e3o de \u00e1udio para dublagem de forma pr\u00e1tica e acess\u00edvel. Inscri\u00e7\u00f5es est\u00e3o abertas para as duas cidades. A arte de dar vida e novas emo\u00e7\u00f5es a cenas de cinema atrav\u00e9s da voz est\u00e1 ao alcance\u2026","rel":"","context":"Em &quot;Cinema&quot;","block_context":{"text":"Cinema","link":"https:\/\/diariodegarca.com\/?cat=597"},"img":{"alt_text":"","src":"https:\/\/i0.wp.com\/diariodegarca.com\/wp-content\/uploads\/2025\/09\/italoyuri-e1569554093729-273x300-1.jpg?fit=273%2C300&ssl=1&resize=350%2C200","width":350,"height":200},"classes":[]},{"id":5270,"url":"https:\/\/diariodegarca.com\/?p=5270","url_meta":{"origin":2170,"position":1},"title":"Curso gratuito para gestores municipais de cultura abre inscri\u00e7\u00f5es","author":"Di\u00e1rio de Gar\u00e7a","date":"5 de agosto de 2025","format":false,"excerpt":"Forma\u00e7\u00e3o online, com 160 horas de dura\u00e7\u00e3o, \u00e9 oferecida pela UFRB em parceria com o MinC e aborda desde sistemas de cultura at\u00e9 gest\u00e3o de equipamentos. Gestores culturais de todo o pa\u00eds t\u00eam uma nova oportunidade de capacita\u00e7\u00e3o gratuita e acess\u00edvel. Est\u00e3o abertas as inscri\u00e7\u00f5es para o curso\u00a0\u201cForma\u00e7\u00e3o para Gestores\u2026","rel":"","context":"Em &quot;Brasil&quot;","block_context":{"text":"Brasil","link":"https:\/\/diariodegarca.com\/?cat=38185"},"img":{"alt_text":"","src":"https:\/\/i0.wp.com\/diariodegarca.com\/wp-content\/uploads\/2025\/08\/fgmc-news.png?fit=1200%2C800&ssl=1&resize=350%2C200","width":350,"height":200,"srcset":"https:\/\/i0.wp.com\/diariodegarca.com\/wp-content\/uploads\/2025\/08\/fgmc-news.png?fit=1200%2C800&ssl=1&resize=350%2C200 1x, https:\/\/i0.wp.com\/diariodegarca.com\/wp-content\/uploads\/2025\/08\/fgmc-news.png?fit=1200%2C800&ssl=1&resize=525%2C300 1.5x, https:\/\/i0.wp.com\/diariodegarca.com\/wp-content\/uploads\/2025\/08\/fgmc-news.png?fit=1200%2C800&ssl=1&resize=700%2C400 2x, https:\/\/i0.wp.com\/diariodegarca.com\/wp-content\/uploads\/2025\/08\/fgmc-news.png?fit=1200%2C800&ssl=1&resize=1050%2C600 3x"},"classes":[]},{"id":8542,"url":"https:\/\/diariodegarca.com\/?p=8542","url_meta":{"origin":2170,"position":2},"title":"Curso gratuito sobre mobiliza\u00e7\u00e3o comunit\u00e1ria para gestores de equipamentos culturais","author":"Andreza Sega","date":"7 de novembro de 2025","format":false,"excerpt":"Capacita\u00e7\u00e3o \"Mobiliza CEUs da Cultura\", com 30 horas e certificado, est\u00e1 com inscri\u00e7\u00f5es abertas at\u00e9 fevereiro de 2026 na plataforma Escult. O Minist\u00e9rio da Cultura (MinC), em parceria com o Instituto Federal de Goi\u00e1s (IFG), est\u00e1 com inscri\u00e7\u00f5es abertas para o curso gratuito \"Mobiliza CEUs da Cultura\". A capacita\u00e7\u00e3o, que\u2026","rel":"","context":"Em &quot;Brasil&quot;","block_context":{"text":"Brasil","link":"https:\/\/diariodegarca.com\/?cat=38185"},"img":{"alt_text":"","src":"https:\/\/i0.wp.com\/diariodegarca.com\/wp-content\/uploads\/2025\/11\/e6321187-ab5a-4da4-b82d-382933eeeb14.png?fit=768%2C510&ssl=1&resize=350%2C200","width":350,"height":200,"srcset":"https:\/\/i0.wp.com\/diariodegarca.com\/wp-content\/uploads\/2025\/11\/e6321187-ab5a-4da4-b82d-382933eeeb14.png?fit=768%2C510&ssl=1&resize=350%2C200 1x, https:\/\/i0.wp.com\/diariodegarca.com\/wp-content\/uploads\/2025\/11\/e6321187-ab5a-4da4-b82d-382933eeeb14.png?fit=768%2C510&ssl=1&resize=525%2C300 1.5x, https:\/\/i0.wp.com\/diariodegarca.com\/wp-content\/uploads\/2025\/11\/e6321187-ab5a-4da4-b82d-382933eeeb14.png?fit=768%2C510&ssl=1&resize=700%2C400 2x"},"classes":[]},{"id":2527,"url":"https:\/\/diariodegarca.com\/?p=2527","url_meta":{"origin":2170,"position":3},"title":"Escult abre inscri\u00e7\u00f5es para curso gratuito de Agente Cultural","author":"Di\u00e1rio de Gar\u00e7a","date":"28 de mar\u00e7o de 2025","format":false,"excerpt":"Est\u00e3o abertas as inscri\u00e7\u00f5es para o curso Agente Cultural, oferecido pela Escola Solano Trindade de Forma\u00e7\u00e3o e Qualifica\u00e7\u00e3o Art\u00edstica, T\u00e9cnica e Cultural (Escult), vinculada ao Minist\u00e9rio da Cultura (MinC).\u00a0A forma\u00e7\u00e3o, gratuita e em formato EaD (Educa\u00e7\u00e3o a Dist\u00e2ncia), tem como objetivo qualificar estudantes e profissionais para organizar, planejar e gerenciar\u2026","rel":"","context":"Em &quot;Brasil&quot;","block_context":{"text":"Brasil","link":"https:\/\/diariodegarca.com\/?cat=38185"},"img":{"alt_text":"","src":"","width":0,"height":0},"classes":[]},{"id":3822,"url":"https:\/\/diariodegarca.com\/?p=3822","url_meta":{"origin":2170,"position":4},"title":"Curso Federal gratuito para artistas: aprenda a produzir e lan\u00e7ar suas m\u00fasicas","author":"Di\u00e1rio de Gar\u00e7a","date":"9 de junho de 2025","format":false,"excerpt":"Minist\u00e9rio da Cultura e CECULT\/UFRB anunciam forma\u00e7\u00e3o gratuita para impulsionar carreiras musicais Na pr\u00f3xima semana, a plataforma\u00a0ESCULT (Escola Solano Trindade de Forma\u00e7\u00e3o e Qualifica\u00e7\u00e3o Art\u00edstica, T\u00e9cnica e Cultural), vinculada ao\u00a0Minist\u00e9rio da Cultura e gerida pelo CECULT\/UFRB, lan\u00e7ar\u00e1 o curso\u00a0\"Produ\u00e7\u00e3o de Single, EP e \u00c1lbum Musical\". A iniciativa tem como objetivo\u2026","rel":"","context":"Em &quot;Cultura&quot;","block_context":{"text":"Cultura","link":"https:\/\/diariodegarca.com\/?cat=2367"},"img":{"alt_text":"","src":"","width":0,"height":0},"classes":[]},{"id":4195,"url":"https:\/\/diariodegarca.com\/?p=4195","url_meta":{"origin":2170,"position":5},"title":"Gar\u00e7a abre inscri\u00e7\u00f5es para cursos gratuitos de qualifica\u00e7\u00e3o em arte e dan\u00e7a","author":"Di\u00e1rio de Gar\u00e7a","date":"24 de junho de 2025","format":false,"excerpt":"Programa CULTSP PRO, do Estado de S\u00e3o Paulo, oferece 80 vagas para docentes, artistas e t\u00e9cnicos em parceria com a EMCA A Secretaria de Cultura, Economia e Ind\u00fastria Criativa do Estado de S\u00e3o Paulo est\u00e1 com inscri\u00e7\u00f5es abertas para cursos de qualifica\u00e7\u00e3o voltados aos profissionais e interessados na doc\u00eancia de\u2026","rel":"","context":"Em &quot;Cultura&quot;","block_context":{"text":"Cultura","link":"https:\/\/diariodegarca.com\/?cat=2367"},"img":{"alt_text":"","src":"","width":0,"height":0},"classes":[]}],"_links":{"self":[{"href":"https:\/\/diariodegarca.com\/index.php?rest_route=\/wp\/v2\/posts\/2170","targetHints":{"allow":["GET"]}}],"collection":[{"href":"https:\/\/diariodegarca.com\/index.php?rest_route=\/wp\/v2\/posts"}],"about":[{"href":"https:\/\/diariodegarca.com\/index.php?rest_route=\/wp\/v2\/types\/post"}],"author":[{"embeddable":true,"href":"https:\/\/diariodegarca.com\/index.php?rest_route=\/wp\/v2\/users\/260896546"}],"replies":[{"embeddable":true,"href":"https:\/\/diariodegarca.com\/index.php?rest_route=%2Fwp%2Fv2%2Fcomments&post=2170"}],"version-history":[{"count":0,"href":"https:\/\/diariodegarca.com\/index.php?rest_route=\/wp\/v2\/posts\/2170\/revisions"}],"wp:attachment":[{"href":"https:\/\/diariodegarca.com\/index.php?rest_route=%2Fwp%2Fv2%2Fmedia&parent=2170"}],"wp:term":[{"taxonomy":"category","embeddable":true,"href":"https:\/\/diariodegarca.com\/index.php?rest_route=%2Fwp%2Fv2%2Fcategories&post=2170"},{"taxonomy":"post_tag","embeddable":true,"href":"https:\/\/diariodegarca.com\/index.php?rest_route=%2Fwp%2Fv2%2Ftags&post=2170"}],"curies":[{"name":"wp","href":"https:\/\/api.w.org\/{rel}","templated":true}]}}