{"id":2183,"date":"2025-05-07T14:06:00","date_gmt":"2025-05-07T14:06:00","guid":{"rendered":"https:\/\/diariodegarca.com\/2025\/05\/07\/marilia-recebe-sessao-gratuita-de-cinema-com-filme-mexicano-e-curta-brasileiro\/"},"modified":"2025-05-07T14:06:00","modified_gmt":"2025-05-07T14:06:00","slug":"marilia-recebe-sessao-gratuita-de-cinema-com-filme-mexicano-e-curta-brasileiro","status":"publish","type":"post","link":"https:\/\/diariodegarca.com\/?p=2183","title":{"rendered":"Mar\u00edlia recebe sess\u00e3o gratuita de cinema com filme mexicano e curta brasileiro"},"content":{"rendered":"<div class=\"separator\" style=\"clear: both;text-align: center\"><a href=\"https:\/\/i0.wp.com\/blogger.googleusercontent.com\/img\/b\/R29vZ2xl\/AVvXsEgP2vxs1o3LtK06X_trmQmUFc0hs10svzVtXI-m3ECsMvV5GCbt6vhFAEzBpcyw-E3YWHfRsDrf71Iwo8oEPTTbjrVFinSuD1tMdgtnc18thAg-YHkaVytCQnHHdXTeTe1famwTtgklgPi0oESt9tFprTI5iXtpFRtb31LhHrxja_vEDkK_y1wncgy7f88\/s1080\/SaveGram.App_495729760_17857967580416421_1287257073804399153_n.jpg?ssl=1\" style=\"margin-left: 1em;margin-right: 1em\"><img data-recalc-dims=\"1\" loading=\"lazy\" decoding=\"async\" border=\"0\" height=\"320\" src=\"https:\/\/i0.wp.com\/blogger.googleusercontent.com\/img\/b\/R29vZ2xl\/AVvXsEgP2vxs1o3LtK06X_trmQmUFc0hs10svzVtXI-m3ECsMvV5GCbt6vhFAEzBpcyw-E3YWHfRsDrf71Iwo8oEPTTbjrVFinSuD1tMdgtnc18thAg-YHkaVytCQnHHdXTeTe1famwTtgklgPi0oESt9tFprTI5iXtpFRtb31LhHrxja_vEDkK_y1wncgy7f88\/s320\/SaveGram.App_495729760_17857967580416421_1287257073804399153_n.jpg?resize=320%2C320&#038;ssl=1\" width=\"320\" \/><\/a><\/div>\n<p><\/p>\n<p class=\"ds-markdown-paragraph\">Nesta quinta-feira,\u00a0<strong>08 de maio<\/strong>, a cidade de Mar\u00edlia, tal como Gar\u00e7a, receber\u00e1 uma exibi\u00e7\u00e3o especial de cinema por meio do Pontos MIS. A obra que ser\u00e1 exibida, tamb\u00e9m faz parte da Mostra Mexicana,\u00a0<span style=\"font-size: 16.002px\">o filme <\/span><em style=\"font-size: 16.002px\">&#8220;Cora\u00e7\u00e3o Mezquite&#8221;, seguido pelo curta brasileiro,\u00a0<\/em><em style=\"font-size: 16.002px\">&#8220;Sem L\u00e1grimas para Chorar&#8221;<\/em><span style=\"font-size: 16.002px\">. A sess\u00e3o, gratuita e aberta ao p\u00fablico e acontecer\u00e1 \u00e0s\u00a0<\/span><strong style=\"font-size: 16.002px\">20h<\/strong><span style=\"font-size: 16.002px\">, na\u00a0<\/span><strong style=\"font-size: 16.002px\">Sala de Proje\u00e7\u00e3o do CCM &#8220;Em\u00edlio Pedutti Filho&#8221;<\/strong><span style=\"font-size: 16.002px\">, localizada na\u00a0<\/span><strong style=\"font-size: 16.002px\">Avenida Sampaio Vidal, 245 &#8211; Centro (Piso Superior)<\/strong><span style=\"font-size: 16.002px\">. N\u00e3o \u00e9 necess\u00e1rio realizar inscri\u00e7\u00e3o pr\u00e9via ou retirada de ingressos para assistir.<\/span><\/p>\n<h3>Sobre as obras:<\/h3>\n<p class=\"ds-markdown-paragraph\">\ud83c\udfa5\u00a0<strong>Cora\u00e7\u00e3o Mezquite<\/strong>\u00a0(Dir. Ana Laura Calder\u00f3n | M\u00e9xico | 2019 | 80 min | Legendado)<br \/>O filme acompanha a jovem\u00a0<strong>Lucia<\/strong>, uma menina Yoreme do norte do M\u00e9xico, que desafia tradi\u00e7\u00f5es ao sonhar em tocar harpa \u2014 um instrumento reservado aos homens em sua comunidade \u2014 para curar o cora\u00e7\u00e3o partido de seu pai.<\/p>\n<p class=\"ds-markdown-paragraph\">\ud83c\udf9e\ufe0f\u00a0<strong>Sem L\u00e1grimas para Chorar<\/strong>\u00a0(Dir. Andr\u00e9 Lu\u00eds da Cunha | Brasil | 2023 | 14 min)<br \/>O curta retrata a jornada de\u00a0<strong>Maria Luisa<\/strong>, que v\u00ea seus planos de vida desmoronarem ap\u00f3s uma entrevista para o green card tomar um rumo inesperado, levando-a a enfrentar crises de ansiedade.<\/p>\n","protected":false},"excerpt":{"rendered":"<p>Nesta quinta-feira,\u00a008 de maio, a cidade de Mar\u00edlia, tal como Gar\u00e7a, receber\u00e1 uma exibi\u00e7\u00e3o especial de cinema por meio do Pontos MIS. A obra que ser\u00e1 exibida, tamb\u00e9m faz parte da Mostra Mexicana,\u00a0o filme &#8220;Cora\u00e7\u00e3o Mezquite&#8221;, seguido pelo curta brasileiro,\u00a0&#8220;Sem L\u00e1grimas para Chorar&#8221;. A sess\u00e3o, gratuita e aberta ao p\u00fablico e acontecer\u00e1 \u00e0s\u00a020h, na\u00a0Sala de [&hellip;]<\/p>\n","protected":false},"author":260896546,"featured_media":0,"comment_status":"open","ping_status":"open","sticky":false,"template":"","format":"standard","meta":{"_crdt_document":"","_monsterinsights_skip_tracking":false,"_monsterinsights_sitenote_active":false,"_monsterinsights_sitenote_note":"","_monsterinsights_sitenote_category":0,"advanced_seo_description":"","jetpack_seo_html_title":"","jetpack_seo_noindex":false,"jetpack_post_was_ever_published":false,"_jetpack_newsletter_access":"","_jetpack_dont_email_post_to_subs":false,"_jetpack_newsletter_tier_id":0,"_jetpack_memberships_contains_paywalled_content":false,"_jetpack_memberships_contains_paid_content":false,"footnotes":"","jetpack_publicize_message":"","jetpack_publicize_feature_enabled":true,"jetpack_social_post_already_shared":false,"jetpack_social_options":{"image_generator_settings":{"template":"fullscreen","default_image_id":0,"font":"","enabled":false},"version":2},"_wpas_customize_per_network":false},"categories":[38185],"tags":[781171790,222752],"class_list":["post-2183","post","type-post","status-publish","format-standard","hentry","category-brasil","tag-cultura","tag-marilia"],"jetpack_publicize_connections":[],"jetpack_featured_media_url":"","jetpack_likes_enabled":true,"jetpack_sharing_enabled":true,"jetpack_shortlink":"https:\/\/wp.me\/pgitne-zd","jetpack-related-posts":[{"id":2195,"url":"https:\/\/diariodegarca.com\/?p=2195","url_meta":{"origin":2183,"position":0},"title":"Gar\u00e7a ter\u00e1 sess\u00e3o do filme mexicano &#034;Giro Polar&#034; na Biblioteca","author":"Di\u00e1rio de Gar\u00e7a","date":"6 de maio de 2025","format":false,"excerpt":"A Biblioteca P\u00fablica Municipal de Gar\u00e7a promover\u00e1 uma noite especial de cinema na\u00a0quarta-feira, 7 de maio, \u00e0s\u00a019h30, com a exibi\u00e7\u00e3o gratuita do document\u00e1rio mexicano\u00a0\"Giro Polar\"\u00a0(2020) e, na sequ\u00eancia, do instigante curta-metragem\u00a0\"O Que \u00e9 a Guerra?\".\u00a0N\u00e3o \u00e9 necess\u00e1rio fazer inscri\u00e7\u00e3o pr\u00e9via - basta comparecer \u00e0 Audiovideoteca antes do hor\u00e1rio de in\u00edcio.\u2026","rel":"","context":"Em &quot;Brasil&quot;","block_context":{"text":"Brasil","link":"https:\/\/diariodegarca.com\/?cat=38185"},"img":{"alt_text":"","src":"https:\/\/i0.wp.com\/blogger.googleusercontent.com\/img\/b\/R29vZ2xl\/AVvXsEiojUKEa344UdB91okBt9n9-Arje9Bu9oZtQUuEGUqZqbIW_ZSX1vcl1hB9kZ8jEjn_3ytohGktcMwEtUNRTpEtmpwLeGsOc2UCg_rSe6dfmvpd7WLA3GUSl2T8wezLyXZl0zHS17KZRdSpaGtWtC4Wl0lhengTk39ZQc96d_C0JXtgrknatsNQ3oPZhfI\/s320\/SaveClip.App_494687302_17864387934384728_1586145683591692_n.jpg?resize=350%2C200&ssl=1","width":350,"height":200},"classes":[]},{"id":5792,"url":"https:\/\/diariodegarca.com\/?p=5792","url_meta":{"origin":2183,"position":1},"title":"Cinema no Bairro leva sess\u00e3o gratuita de &#8220;Amigos Imagin\u00e1rios&#8221; \u00e0 zona norte de Mar\u00edlia","author":"Di\u00e1rio de Gar\u00e7a","date":"20 de agosto de 2025","format":false,"excerpt":"Projeto cultural exibe filme infantil com pipoca e algod\u00e3o-doce gratuitos na sexta-feira (22\/8), \u00e0s 19h, no bairro Palmital. Nesta sexta-feira, 22 de agosto, o bairro Palmital, na zona norte de Mar\u00edlia, recebe uma edi\u00e7\u00e3o especial do\u00a0\"Cinema no Bairro\", projeto que leva sess\u00f5es gratuitas de filmes a comunidades locais. A atra\u00e7\u00e3o\u2026","rel":"","context":"Em &quot;Cinema&quot;","block_context":{"text":"Cinema","link":"https:\/\/diariodegarca.com\/?cat=597"},"img":{"alt_text":"","src":"https:\/\/i0.wp.com\/diariodegarca.com\/wp-content\/uploads\/2025\/08\/amigos-imaginarios-.jpg.webp?fit=1200%2C675&ssl=1&resize=350%2C200","width":350,"height":200,"srcset":"https:\/\/i0.wp.com\/diariodegarca.com\/wp-content\/uploads\/2025\/08\/amigos-imaginarios-.jpg.webp?fit=1200%2C675&ssl=1&resize=350%2C200 1x, https:\/\/i0.wp.com\/diariodegarca.com\/wp-content\/uploads\/2025\/08\/amigos-imaginarios-.jpg.webp?fit=1200%2C675&ssl=1&resize=525%2C300 1.5x, https:\/\/i0.wp.com\/diariodegarca.com\/wp-content\/uploads\/2025\/08\/amigos-imaginarios-.jpg.webp?fit=1200%2C675&ssl=1&resize=700%2C400 2x, https:\/\/i0.wp.com\/diariodegarca.com\/wp-content\/uploads\/2025\/08\/amigos-imaginarios-.jpg.webp?fit=1200%2C675&ssl=1&resize=1050%2C600 3x"},"classes":[]},{"id":9639,"url":"https:\/\/diariodegarca.com\/?p=9639","url_meta":{"origin":2183,"position":2},"title":"Clube de Mar\u00edlia exibe no domingo &#8220;Blue Moon&#8221;, de Richard Linklater, em Mar\u00edlia","author":"Andreza Sega","date":"20 de dezembro de 2025","format":false,"excerpt":"Drama biogr\u00e1fico sobre o letrista Lorenz Hart, com Ethan Hawke, tem sess\u00e3o gratuita no domingo e \u00e9 indicado ao Globo de Ouro. O Clube de Cinema de Mar\u00edlia oferece um verdadeiro final de semana de cinema de premia\u00e7\u00e3o. Ap\u00f3s a exibi\u00e7\u00e3o de \"Bugonia\" neste s\u00e1bado (\u00e0s 20h), a programa\u00e7\u00e3o especial\u2026","rel":"","context":"Em &quot;Cinema&quot;","block_context":{"text":"Cinema","link":"https:\/\/diariodegarca.com\/?cat=597"},"img":{"alt_text":"","src":"https:\/\/i0.wp.com\/diariodegarca.com\/wp-content\/uploads\/2025\/12\/Blue-moon-filme.jpg?fit=763%2C430&ssl=1&resize=350%2C200","width":350,"height":200,"srcset":"https:\/\/i0.wp.com\/diariodegarca.com\/wp-content\/uploads\/2025\/12\/Blue-moon-filme.jpg?fit=763%2C430&ssl=1&resize=350%2C200 1x, https:\/\/i0.wp.com\/diariodegarca.com\/wp-content\/uploads\/2025\/12\/Blue-moon-filme.jpg?fit=763%2C430&ssl=1&resize=525%2C300 1.5x, https:\/\/i0.wp.com\/diariodegarca.com\/wp-content\/uploads\/2025\/12\/Blue-moon-filme.jpg?fit=763%2C430&ssl=1&resize=700%2C400 2x"},"classes":[]},{"id":9488,"url":"https:\/\/diariodegarca.com\/?p=9488","url_meta":{"origin":2183,"position":3},"title":"Curta-documental sobre a realidade de mulheres trans ter\u00e1 pr\u00e9-estreia gratuita em Mar\u00edlia","author":"Andreza Sega","date":"13 de dezembro de 2025","format":false,"excerpt":"Projeto selecionado via edital municipal da Lei Aldir Blanc ser\u00e1 exibido no Clube de Cinema de Mar\u00edlia no dia 16 de dezembro, com int\u00e9rprete de libras. O curta-metragem documental\u00a0\u201cEu Existo - um olhar sobre a realidade mariliense\u201d\u00a0ter\u00e1 sua primeira exibi\u00e7\u00e3o p\u00fablica no dia\u00a016 de dezembro, ter\u00e7a-feira, \u00e0s 20h, na Sala\u2026","rel":"","context":"Em &quot;Cinema&quot;","block_context":{"text":"Cinema","link":"https:\/\/diariodegarca.com\/?cat=597"},"img":{"alt_text":"","src":"https:\/\/i0.wp.com\/diariodegarca.com\/wp-content\/uploads\/2025\/12\/SN33BE1-e1765391126565.jpg?fit=720%2C723&ssl=1&resize=350%2C200","width":350,"height":200,"srcset":"https:\/\/i0.wp.com\/diariodegarca.com\/wp-content\/uploads\/2025\/12\/SN33BE1-e1765391126565.jpg?fit=720%2C723&ssl=1&resize=350%2C200 1x, https:\/\/i0.wp.com\/diariodegarca.com\/wp-content\/uploads\/2025\/12\/SN33BE1-e1765391126565.jpg?fit=720%2C723&ssl=1&resize=525%2C300 1.5x, https:\/\/i0.wp.com\/diariodegarca.com\/wp-content\/uploads\/2025\/12\/SN33BE1-e1765391126565.jpg?fit=720%2C723&ssl=1&resize=700%2C400 2x"},"classes":[]},{"id":8966,"url":"https:\/\/diariodegarca.com\/?p=8966","url_meta":{"origin":2183,"position":4},"title":"&#8220;Eu e Minha M\u00e3e Adolescente&#8221; ser\u00e1 exibido em Mar\u00edlia como parte da Mostra de Cinema Chin\u00eas","author":"Andreza Sega","date":"24 de novembro de 2025","format":false,"excerpt":"Sess\u00e3o gratuita do filme integra a programa\u00e7\u00e3o do Cinema Pontos MIS no dia 27 de novembro, no Centro Cultural Municipal. O filme\u00a0\"Eu e Minha M\u00e3e Adolescente\"\u00a0ser\u00e1 exibido em Mar\u00edlia como parte da programa\u00e7\u00e3o da\u00a010\u00aa Mostra de Cinema Chin\u00eas. A sess\u00e3o, que conta com\u00a0entrada gratuita, ser\u00e1 realizada no pr\u00f3ximo dia\u00a027 de\u2026","rel":"","context":"Em &quot;Cinema&quot;","block_context":{"text":"Cinema","link":"https:\/\/diariodegarca.com\/?cat=597"},"img":{"alt_text":"","src":"https:\/\/i0.wp.com\/diariodegarca.com\/wp-content\/uploads\/2025\/11\/EU-E-MINHA-MAE-ADOLESCENTE.jpg?fit=640%2C360&ssl=1&resize=350%2C200","width":350,"height":200,"srcset":"https:\/\/i0.wp.com\/diariodegarca.com\/wp-content\/uploads\/2025\/11\/EU-E-MINHA-MAE-ADOLESCENTE.jpg?fit=640%2C360&ssl=1&resize=350%2C200 1x, https:\/\/i0.wp.com\/diariodegarca.com\/wp-content\/uploads\/2025\/11\/EU-E-MINHA-MAE-ADOLESCENTE.jpg?fit=640%2C360&ssl=1&resize=525%2C300 1.5x"},"classes":[]},{"id":3322,"url":"https:\/\/diariodegarca.com\/?p=3322","url_meta":{"origin":2183,"position":5},"title":"Clube de Cinema de Mar\u00edlia celebra 20 anos do Coletivo Kino-Olho com sess\u00e3o especial","author":"Di\u00e1rio de Gar\u00e7a","date":"22 de maio de 2025","format":false,"excerpt":"Mostra exibe seis curtas-metragens e promove debate sobre produ\u00e7\u00e3o audiovisual no interior paulista Neste s\u00e1bado, 24 de maio, a partir das 19h, o\u00a0Clube de Cinema de Mar\u00edlia\u00a0recebe o projeto\u00a0Interc\u00e2mbios Formativos \u2013 Especial Kino-Olho 20 anos, marcando a estreia da iniciativa na cidade. A sess\u00e3o, que ser\u00e1 gratuita, exibir\u00e1 seis curtas-metragens\u2026","rel":"","context":"Em &quot;Cultura&quot;","block_context":{"text":"Cultura","link":"https:\/\/diariodegarca.com\/?cat=2367"},"img":{"alt_text":"","src":"","width":0,"height":0},"classes":[]}],"_links":{"self":[{"href":"https:\/\/diariodegarca.com\/index.php?rest_route=\/wp\/v2\/posts\/2183","targetHints":{"allow":["GET"]}}],"collection":[{"href":"https:\/\/diariodegarca.com\/index.php?rest_route=\/wp\/v2\/posts"}],"about":[{"href":"https:\/\/diariodegarca.com\/index.php?rest_route=\/wp\/v2\/types\/post"}],"author":[{"embeddable":true,"href":"https:\/\/diariodegarca.com\/index.php?rest_route=\/wp\/v2\/users\/260896546"}],"replies":[{"embeddable":true,"href":"https:\/\/diariodegarca.com\/index.php?rest_route=%2Fwp%2Fv2%2Fcomments&post=2183"}],"version-history":[{"count":0,"href":"https:\/\/diariodegarca.com\/index.php?rest_route=\/wp\/v2\/posts\/2183\/revisions"}],"wp:attachment":[{"href":"https:\/\/diariodegarca.com\/index.php?rest_route=%2Fwp%2Fv2%2Fmedia&parent=2183"}],"wp:term":[{"taxonomy":"category","embeddable":true,"href":"https:\/\/diariodegarca.com\/index.php?rest_route=%2Fwp%2Fv2%2Fcategories&post=2183"},{"taxonomy":"post_tag","embeddable":true,"href":"https:\/\/diariodegarca.com\/index.php?rest_route=%2Fwp%2Fv2%2Ftags&post=2183"}],"curies":[{"name":"wp","href":"https:\/\/api.w.org\/{rel}","templated":true}]}}