{"id":2185,"date":"2025-05-07T13:46:00","date_gmt":"2025-05-07T13:46:00","guid":{"rendered":"https:\/\/diariodegarca.com\/2025\/05\/07\/ocaucu-esta-com-inscricoes-abertas-para-diversas-modalidades-esportivas-gratuitas\/"},"modified":"2025-05-07T13:46:00","modified_gmt":"2025-05-07T13:46:00","slug":"ocaucu-esta-com-inscricoes-abertas-para-diversas-modalidades-esportivas-gratuitas","status":"publish","type":"post","link":"https:\/\/diariodegarca.com\/?p=2185","title":{"rendered":"Ocau\u00e7u est\u00e1 com inscri\u00e7\u00f5es abertas para diversas modalidades esportivas gratuitas"},"content":{"rendered":"<div class=\"separator\" style=\"clear: both;text-align: center\"><a href=\"https:\/\/i0.wp.com\/blogger.googleusercontent.com\/img\/b\/R29vZ2xl\/AVvXsEjhBc-NCFZqbTUVYGYz-WuiKZD0Di11nUxvEn4ffX9Yf2dzR-xIjWGoBnyLogH1UzeN7muYlgY5iJrxrccaJFOmEr9uEIpXnNSZhyphenhyphenF7VFhwmI6GyMbln6CjEwoXzDIW67-KHlhshaOCChfzIrl24X_UEOmW7MGmok1ccw-dHxmtKVvJjt11iO56kEGW1UY\/s6048\/menino-com-oculos-sorrindo-para-camera-na-piscina.jpg?ssl=1\" style=\"margin-left: 1em;margin-right: 1em\"><img data-recalc-dims=\"1\" loading=\"lazy\" decoding=\"async\" border=\"0\" height=\"213\" src=\"https:\/\/i0.wp.com\/blogger.googleusercontent.com\/img\/b\/R29vZ2xl\/AVvXsEjhBc-NCFZqbTUVYGYz-WuiKZD0Di11nUxvEn4ffX9Yf2dzR-xIjWGoBnyLogH1UzeN7muYlgY5iJrxrccaJFOmEr9uEIpXnNSZhyphenhyphenF7VFhwmI6GyMbln6CjEwoXzDIW67-KHlhshaOCChfzIrl24X_UEOmW7MGmok1ccw-dHxmtKVvJjt11iO56kEGW1UY\/s320\/menino-com-oculos-sorrindo-para-camera-na-piscina.jpg?resize=320%2C213&#038;ssl=1\" width=\"320\" \/><\/a><\/div>\n<p class=\"ds-markdown-paragraph\">Quer se exercitar, fazer novos amigos ou descobrir um talento esportivo? Em Ocau\u00e7u, o projeto\u00a0<strong>&#8220;Esporte em A\u00e7\u00e3o&#8221;<\/strong>\u00a0est\u00e1 com vagas abertas para diversas modalidades, como\u00a0<b>futebol<\/b>,\u00a0<b>v\u00f4lei<\/b>,\u00a0<b>ballet<\/b>, <b>capoeira<\/b>, <b>nata\u00e7\u00e3o<\/b> e <b>hidrogin\u00e1stica<\/b>. A iniciativa, promovida pela\u00a0<strong>Prefeitura<\/strong>, \u00e9 uma \u00f3tima oportunidade para crian\u00e7as, adolescentes, adultos e at\u00e9 a melhor idade manterem-se ativos e saud\u00e1veis.<\/p>\n<p class=\"ds-markdown-paragraph\">As inscri\u00e7\u00f5es s\u00e3o gratuitas e podem ser feitas de\u00a0<strong>segunda a sexta-feira<\/strong>, das\u00a0<strong>9h \u00e0s 11h e das 14h \u00e0s 17h<\/strong>, na\u00a0<strong>Secretaria de Assist\u00eancia Social<\/strong>, localizada na rua\u00a0Andr\u00e9 Menegucci, 122.<\/p>\n<p class=\"ds-markdown-paragraph\">Em caso de d\u00favidas, pode-se entrar em contato com a Joelma Carvalho da Silva na\u00a0<strong>Secret\u00e1ria de Esportes<\/strong>, que est\u00e1 localizada na avenida Celeste Casagrande, 204, no hor\u00e1rio das\u00a08h \u00e0s 11h30 e das 13h \u00e0s 17h.<\/p>\n<p class=\"ds-markdown-paragraph\"><strong>Por que participar?<\/strong><br \/>Al\u00e9m de ser uma forma divertida de ocupar o tempo, a pr\u00e1tica esportiva traz benef\u00edcios como:<br \/>\u2714\u00a0<strong>Mais disposi\u00e7\u00e3o e energia no dia a dia<\/strong><br \/>\u2714\u00a0<strong>Fortalecimento do corpo e da mente<\/strong><br \/>\u2714\u00a0<strong>Al\u00edvio do estresse e melhora do humor<\/strong><br \/>\u2714\u00a0<strong>Oportunidade de socializar e fazer parte de uma comunidade<\/strong><\/p>\n<p class=\"ds-markdown-paragraph\">Para os mais jovens, esportes como\u00a0<strong>futebol e capoeira<\/strong>\u00a0ajudam no desenvolvimento motor e na disciplina. J\u00e1 os adultos e idosos podem optar por\u00a0<strong>nata\u00e7\u00e3o e hidrogin\u00e1stica<\/strong>, que s\u00e3o \u00f3timas para articula\u00e7\u00f5es e sa\u00fade cardiovascular.<\/p>\n","protected":false},"excerpt":{"rendered":"<p>Quer se exercitar, fazer novos amigos ou descobrir um talento esportivo? Em Ocau\u00e7u, o projeto\u00a0&#8220;Esporte em A\u00e7\u00e3o&#8221;\u00a0est\u00e1 com vagas abertas para diversas modalidades, como\u00a0futebol,\u00a0v\u00f4lei,\u00a0ballet, capoeira, nata\u00e7\u00e3o e hidrogin\u00e1stica. A iniciativa, promovida pela\u00a0Prefeitura, \u00e9 uma \u00f3tima oportunidade para crian\u00e7as, adolescentes, adultos e at\u00e9 a melhor idade manterem-se ativos e saud\u00e1veis. As inscri\u00e7\u00f5es s\u00e3o gratuitas e podem [&hellip;]<\/p>\n","protected":false},"author":260896546,"featured_media":0,"comment_status":"open","ping_status":"open","sticky":false,"template":"","format":"standard","meta":{"_crdt_document":"","_monsterinsights_skip_tracking":false,"_monsterinsights_sitenote_active":false,"_monsterinsights_sitenote_note":"","_monsterinsights_sitenote_category":0,"advanced_seo_description":"","jetpack_seo_html_title":"","jetpack_seo_noindex":false,"_jetpack_newsletter_access":"","_jetpack_dont_email_post_to_subs":false,"_jetpack_newsletter_tier_id":0,"_jetpack_memberships_contains_paywalled_content":false,"_jetpack_memberships_contains_paid_content":false,"footnotes":"","jetpack_publicize_message":"","jetpack_publicize_feature_enabled":true,"jetpack_social_post_already_shared":false,"jetpack_social_options":{"image_generator_settings":{"template":"fullscreen","default_image_id":0,"font":"","enabled":false},"version":2},"_wpas_customize_per_network":false,"jetpack_post_was_ever_published":false},"categories":[38185],"tags":[781171794,781171828],"class_list":["post-2185","post","type-post","status-publish","format-standard","hentry","category-brasil","tag-esporte","tag-ocaucu"],"jetpack_publicize_connections":[],"jetpack_featured_media_url":"","jetpack_likes_enabled":true,"jetpack_sharing_enabled":true,"jetpack_shortlink":"https:\/\/wp.me\/pgitne-zf","jetpack-related-posts":[{"id":7971,"url":"https:\/\/diariodegarca.com\/?p=7971","url_meta":{"origin":2185,"position":0},"title":"Escola de Eletricistas da CPFL oferta 20 vagas em curso gratuito para as regi\u00f5es de Mar\u00edlia e Bauru","author":"Di\u00e1rio de Gar\u00e7a","date":"23 de outubro de 2025","format":false,"excerpt":"Inscri\u00e7\u00f5es para a capacita\u00e7\u00e3o profissional, que tamb\u00e9m atende moradores de Gar\u00e7a, G\u00e1lia, Mar\u00edlia e outras cidades, seguem abertas at\u00e9 6 de novembro. Forma\u00e7\u00e3o \u00e9 presencial e exige Ensino M\u00e9dio completo. A CPFL Paulista, em parceria com a ELO Energia, est\u00e1 com inscri\u00e7\u00f5es abertas para uma nova turma da \u201cEscola de\u2026","rel":"","context":"Em &quot;Arealva&quot;","block_context":{"text":"Arealva","link":"https:\/\/diariodegarca.com\/?cat=781171854"},"img":{"alt_text":"","src":"https:\/\/i0.wp.com\/diariodegarca.com\/wp-content\/uploads\/2025\/10\/CPFL.jpg?fit=617%2C429&ssl=1&resize=350%2C200","width":350,"height":200,"srcset":"https:\/\/i0.wp.com\/diariodegarca.com\/wp-content\/uploads\/2025\/10\/CPFL.jpg?fit=617%2C429&ssl=1&resize=350%2C200 1x, https:\/\/i0.wp.com\/diariodegarca.com\/wp-content\/uploads\/2025\/10\/CPFL.jpg?fit=617%2C429&ssl=1&resize=525%2C300 1.5x"},"classes":[]},{"id":2690,"url":"https:\/\/diariodegarca.com\/?p=2690","url_meta":{"origin":2185,"position":1},"title":"Times de Gar\u00e7a ficam de fora da Copa Record Interior e Copa Bom Senso","author":"Di\u00e1rio de Gar\u00e7a","date":"6 de mar\u00e7o de 2025","format":false,"excerpt":"Em uma decis\u00e3o que pegou a comunidade esportiva de surpresa, a cidade de Gar\u00e7a n\u00e3o estar\u00e1 presente em duas das principais competi\u00e7\u00f5es de futsal do interior paulista: Copa Record Interior Paulista (Regi\u00e3o Bauru) e Copa Bom Senso. O per\u00edodo de inscri\u00e7\u00f5es para ambos os torneios j\u00e1 foi encerrado, e a\u2026","rel":"","context":"Em &quot;Brasil&quot;","block_context":{"text":"Brasil","link":"https:\/\/diariodegarca.com\/?cat=38185"},"img":{"alt_text":"","src":"","width":0,"height":0},"classes":[]},{"id":4375,"url":"https:\/\/diariodegarca.com\/?p=4375","url_meta":{"origin":2185,"position":2},"title":"Ocau\u00e7u abre inscri\u00e7\u00f5es para processo seletivo","author":"Di\u00e1rio de Gar\u00e7a","date":"2 de julho de 2025","format":false,"excerpt":"Inscri\u00e7\u00f5es v\u00e3o at\u00e9 13 de julho para auxiliar de desenvolvimento escolar e assistente social; prova est\u00e1 marcada para o dia 27 A Prefeitura Municipal de Ocau\u00e7u est\u00e1 com inscri\u00e7\u00f5es abertas para o Processo Seletivo n\u00ba 01\/2025, destinado \u00e0 contrata\u00e7\u00e3o tempor\u00e1ria para os cargos de: Auxiliar de Desenvolvimento Escolar Assistente Social\u2026","rel":"","context":"Em &quot;Ocau\u00e7u&quot;","block_context":{"text":"Ocau\u00e7u","link":"https:\/\/diariodegarca.com\/?cat=9098995"},"img":{"alt_text":"","src":"https:\/\/i0.wp.com\/diariodegarca.com\/wp-content\/uploads\/2025\/07\/feche-crianca-desfrutando-jogo-didatico.jpg?fit=1200%2C800&ssl=1&resize=350%2C200","width":350,"height":200,"srcset":"https:\/\/i0.wp.com\/diariodegarca.com\/wp-content\/uploads\/2025\/07\/feche-crianca-desfrutando-jogo-didatico.jpg?fit=1200%2C800&ssl=1&resize=350%2C200 1x, https:\/\/i0.wp.com\/diariodegarca.com\/wp-content\/uploads\/2025\/07\/feche-crianca-desfrutando-jogo-didatico.jpg?fit=1200%2C800&ssl=1&resize=525%2C300 1.5x, https:\/\/i0.wp.com\/diariodegarca.com\/wp-content\/uploads\/2025\/07\/feche-crianca-desfrutando-jogo-didatico.jpg?fit=1200%2C800&ssl=1&resize=700%2C400 2x, https:\/\/i0.wp.com\/diariodegarca.com\/wp-content\/uploads\/2025\/07\/feche-crianca-desfrutando-jogo-didatico.jpg?fit=1200%2C800&ssl=1&resize=1050%2C600 3x"},"classes":[]},{"id":8428,"url":"https:\/\/diariodegarca.com\/?p=8428","url_meta":{"origin":2185,"position":3},"title":"Curso gratuito formar\u00e1 eletricistas de rede em Gar\u00e7a e regi\u00e3o","author":"Andreza Sega","date":"4 de novembro de 2025","format":false,"excerpt":"CPFL Paulista abre 12 vagas para qualifica\u00e7\u00e3o profissional na \u00e1rea el\u00e9trica; aulas come\u00e7am em janeiro de 2026. Moradores de Gar\u00e7a, Mar\u00edlia, Pomp\u00e9ia, Hercul\u00e2ndia e Ocau\u00e7u t\u00eam uma nova chance de se qualificar para o mercado de trabalho. A CPFL Paulista, em parceria com a Elo Energia, est\u00e1 com inscri\u00e7\u00f5es abertas\u2026","rel":"","context":"Em &quot;Curso&quot;","block_context":{"text":"Curso","link":"https:\/\/diariodegarca.com\/?cat=36947"},"img":{"alt_text":"","src":"https:\/\/i0.wp.com\/diariodegarca.com\/wp-content\/uploads\/2025\/10\/CPFL.jpg?fit=617%2C429&ssl=1&resize=350%2C200","width":350,"height":200,"srcset":"https:\/\/i0.wp.com\/diariodegarca.com\/wp-content\/uploads\/2025\/10\/CPFL.jpg?fit=617%2C429&ssl=1&resize=350%2C200 1x, https:\/\/i0.wp.com\/diariodegarca.com\/wp-content\/uploads\/2025\/10\/CPFL.jpg?fit=617%2C429&ssl=1&resize=525%2C300 1.5x"},"classes":[]},{"id":2805,"url":"https:\/\/diariodegarca.com\/?p=2805","url_meta":{"origin":2185,"position":4},"title":"\ud83c\udfc5 Programa Bolsa Talento Esportivo 2025","author":"Di\u00e1rio de Gar\u00e7a","date":"17 de fevereiro de 2025","format":false,"excerpt":"\ud83d\udce2 Inscri\u00e7\u00f5es abertas para atletas de S\u00e3o Paulo A Secretaria de Esportes do Estado de S\u00e3o Paulo (SESP) abriu, nesta segunda-feira, 17 de fevereiro de 2025, as inscri\u00e7\u00f5es para o Programa Bolsa Talento Esportivo. O objetivo \u00e9 apoiar atletas escolares e de alto rendimento em modalidades ol\u00edmpicas, paral\u00edmpicas, individuais e\u2026","rel":"","context":"Em &quot;Brasil&quot;","block_context":{"text":"Brasil","link":"https:\/\/diariodegarca.com\/?cat=38185"},"img":{"alt_text":"","src":"","width":0,"height":0},"classes":[]},{"id":2990,"url":"https:\/\/diariodegarca.com\/?p=2990","url_meta":{"origin":2185,"position":5},"title":"Quanto ganham os representantes do povo em Ocau\u00e7u?","author":"Di\u00e1rio de Gar\u00e7a","date":"20 de janeiro de 2025","format":false,"excerpt":"As remunera\u00e7\u00f5es dos agentes pol\u00edticos variam entre os munic\u00edpios brasileiros, refletindo particularidades como arrecada\u00e7\u00e3o, popula\u00e7\u00e3o e desafios locais. Para esclarecer como esses valores s\u00e3o definidos e praticados, iniciamos uma s\u00e9rie de postagens baseada em dados obtidos nos portais da transpar\u00eancia e legisla\u00e7\u00f5es municipais. O primeiro munic\u00edpio em destaque \u00e9 Ocau\u00e7u,\u2026","rel":"","context":"Em &quot;Brasil&quot;","block_context":{"text":"Brasil","link":"https:\/\/diariodegarca.com\/?cat=38185"},"img":{"alt_text":"","src":"https:\/\/i0.wp.com\/blogger.googleusercontent.com\/img\/b\/R29vZ2xl\/AVvXsEgVI5K7NLesHLFZm632j89tfFHOE0HaGBk6dcWHYal4eSXV5H3j6SpuB6zJ4WWct-4T5eYj_gRwdR4JaY3iSzux5_mam0XwIBMjk5mRRNasTyx2o0OmWl-F7GSIbwdDJd5IX0Sy2RSi2I4rRl_TNvGPSc2f2sX46RBVZdhv2mUV8v8sd4CfExH29X50c3M\/w475-h327\/3711670677769d58a4736e63c72b9776.jpeg?resize=350%2C200&ssl=1","width":350,"height":200},"classes":[]}],"_links":{"self":[{"href":"https:\/\/diariodegarca.com\/index.php?rest_route=\/wp\/v2\/posts\/2185","targetHints":{"allow":["GET"]}}],"collection":[{"href":"https:\/\/diariodegarca.com\/index.php?rest_route=\/wp\/v2\/posts"}],"about":[{"href":"https:\/\/diariodegarca.com\/index.php?rest_route=\/wp\/v2\/types\/post"}],"author":[{"embeddable":true,"href":"https:\/\/diariodegarca.com\/index.php?rest_route=\/wp\/v2\/users\/260896546"}],"replies":[{"embeddable":true,"href":"https:\/\/diariodegarca.com\/index.php?rest_route=%2Fwp%2Fv2%2Fcomments&post=2185"}],"version-history":[{"count":0,"href":"https:\/\/diariodegarca.com\/index.php?rest_route=\/wp\/v2\/posts\/2185\/revisions"}],"wp:attachment":[{"href":"https:\/\/diariodegarca.com\/index.php?rest_route=%2Fwp%2Fv2%2Fmedia&parent=2185"}],"wp:term":[{"taxonomy":"category","embeddable":true,"href":"https:\/\/diariodegarca.com\/index.php?rest_route=%2Fwp%2Fv2%2Fcategories&post=2185"},{"taxonomy":"post_tag","embeddable":true,"href":"https:\/\/diariodegarca.com\/index.php?rest_route=%2Fwp%2Fv2%2Ftags&post=2185"}],"curies":[{"name":"wp","href":"https:\/\/api.w.org\/{rel}","templated":true}]}}