{"id":2187,"date":"2025-05-07T12:38:00","date_gmt":"2025-05-07T12:38:00","guid":{"rendered":"https:\/\/diariodegarca.com\/2025\/05\/07\/concurso-de-redacao-celebra-amizade-entre-china-e-brasil-com-premiacao-para-estudantes\/"},"modified":"2025-05-07T12:38:00","modified_gmt":"2025-05-07T12:38:00","slug":"concurso-de-redacao-celebra-amizade-entre-china-e-brasil-com-premiacao-para-estudantes","status":"publish","type":"post","link":"https:\/\/diariodegarca.com\/?p=2187","title":{"rendered":"Concurso de reda\u00e7\u00e3o celebra amizade entre China e Brasil com premia\u00e7\u00e3o para estudantes"},"content":{"rendered":"<div class=\"separator\" style=\"clear: both;text-align: center\"><a href=\"https:\/\/i0.wp.com\/blogger.googleusercontent.com\/img\/b\/R29vZ2xl\/AVvXsEjb6Q-e4GKw0zsMrkMZVytf9pF0DzjBxJUNbd60b_9MM8aQ-zWDSzvnlPVlxa1QoXDqnuWnz0W5ZcCoYkgeSpomlksSlU3JejwzGcEPHWbWW4vqM40K-m_vYqV_1tKUb_QeiX9C8nQEYG-FrqpuARldG9f5pwFIdEveqXtmZwD3tmHWkQKkdGlRyMEVg7g\/s705\/621-NOTICIA-Concurso-de-redacao-China-e-Brasilv3_705x352-2.png?ssl=1\" style=\"margin-left: 1em;margin-right: 1em\"><img data-recalc-dims=\"1\" loading=\"lazy\" decoding=\"async\" border=\"0\" height=\"160\" src=\"https:\/\/i0.wp.com\/blogger.googleusercontent.com\/img\/b\/R29vZ2xl\/AVvXsEjb6Q-e4GKw0zsMrkMZVytf9pF0DzjBxJUNbd60b_9MM8aQ-zWDSzvnlPVlxa1QoXDqnuWnz0W5ZcCoYkgeSpomlksSlU3JejwzGcEPHWbWW4vqM40K-m_vYqV_1tKUb_QeiX9C8nQEYG-FrqpuARldG9f5pwFIdEveqXtmZwD3tmHWkQKkdGlRyMEVg7g\/s320\/621-NOTICIA-Concurso-de-redacao-China-e-Brasilv3_705x352-2.png?resize=320%2C160&#038;ssl=1\" width=\"320\" \/><\/a><\/div>\n<p class=\"ds-markdown-paragraph\">O Consulado Geral da China em S\u00e3o Paulo e a Secretaria da Educa\u00e7\u00e3o do Estado (SEDUC-SP) lan\u00e7aram a\u00a0<strong>2\u00aa edi\u00e7\u00e3o do Concurso de Reda\u00e7\u00e3o<\/strong>, com o tema\u00a0<em>\u201cChina e Brasil: uma amizade que atravessa as montanhas e mares\u201d<\/em>. A iniciativa visa promover o interc\u00e2mbio cultural e destacar os la\u00e7os hist\u00f3ricos, econ\u00f4micos e tecnol\u00f3gicos entre os dois pa\u00edses.<\/p>\n<p class=\"ds-markdown-paragraph\"><strong>Quem pode participar?<\/strong><br \/>Estudantes da rede p\u00fablica estadual de S\u00e3o Paulo, divididos em duas categorias:<\/p>\n<ul>\n<li>\n<p class=\"ds-markdown-paragraph\" style=\"font-size: 16.002px;line-height: 28.575px;margin-bottom: 0px !important;margin-left: 0px;margin-right: 0px;margin-top: 0px\"><strong>Categoria I<\/strong>: 8\u00ba e 9\u00ba anos do Ensino Fundamental.<\/p>\n<\/li>\n<li style=\"margin-top: 4px\">\n<p class=\"ds-markdown-paragraph\" style=\"font-size: 16.002px;line-height: 28.575px;margin-bottom: 0px !important;margin-left: 0px;margin-right: 0px;margin-top: 0px\"><strong>Categoria II<\/strong>: 1\u00aa, 2\u00aa e 3\u00aa s\u00e9ries do Ensino M\u00e9dio.<\/p>\n<\/li>\n<\/ul>\n<p class=\"ds-markdown-paragraph\">As inscri\u00e7\u00f5es est\u00e3o abertas at\u00e9\u00a0<strong>6 de junho de 2025<\/strong>, e as reda\u00e7\u00f5es devem ser\u00a0<strong>manuscritas<\/strong>, com\u00a0<strong>15 a 25 linhas<\/strong>, seguindo o g\u00eanero dissertativo-argumentativo.<\/p>\n<p class=\"ds-markdown-paragraph\"><strong>Premia\u00e7\u00e3o<\/strong><br \/>Os melhores textos ser\u00e3o premiados com:<\/p>\n<ul>\n<li>\n<p class=\"ds-markdown-paragraph\" style=\"font-size: 16.002px;line-height: 28.575px;margin-bottom: 0px !important;margin-left: 0px;margin-right: 0px;margin-top: 0px\"><strong>1\u00ba lugar<\/strong>: smartphone + certificado.<\/p>\n<\/li>\n<li style=\"margin-top: 4px\">\n<p class=\"ds-markdown-paragraph\" style=\"font-size: 16.002px;line-height: 28.575px;margin-bottom: 0px !important;margin-left: 0px;margin-right: 0px;margin-top: 0px\"><strong>2\u00ba lugar<\/strong>: tablet (para dois estudantes por categoria).<\/p>\n<\/li>\n<li style=\"margin-top: 4px\">\n<p class=\"ds-markdown-paragraph\" style=\"font-size: 16.002px;line-height: 28.575px;margin-bottom: 0px !important;margin-left: 0px;margin-right: 0px;margin-top: 0px\"><strong>3\u00ba lugar<\/strong>: rel\u00f3gio inteligente (para cinco estudantes por categoria).<\/p>\n<\/li>\n<li style=\"margin-top: 4px\">\n<p class=\"ds-markdown-paragraph\" style=\"font-size: 16.002px;line-height: 28.575px;margin-bottom: 0px !important;margin-left: 0px;margin-right: 0px;margin-top: 0px\"><strong>9\u00ba ao 33\u00ba lugar<\/strong>: mochila.<\/p>\n<\/li>\n<\/ul>\n<p class=\"ds-markdown-paragraph\">Professores orientadores dos vencedores tamb\u00e9m ser\u00e3o contemplados com\u00a0<strong>caixas de som<\/strong>.<\/p>\n<p class=\"ds-markdown-paragraph\"><strong>Cronograma<\/strong><\/p>\n<ul>\n<li>\n<p class=\"ds-markdown-paragraph\" style=\"font-size: 16.002px;line-height: 28.575px;margin-bottom: 0px !important;margin-left: 0px;margin-right: 0px;margin-top: 0px\"><strong>Fase escolar<\/strong>: 5\/5 a 6\/6\/2025 (sele\u00e7\u00e3o de at\u00e9 2 reda\u00e7\u00f5es por escola).<\/p>\n<\/li>\n<li style=\"margin-top: 4px\">\n<p class=\"ds-markdown-paragraph\" style=\"font-size: 16.002px;line-height: 28.575px;margin-bottom: 0px !important;margin-left: 0px;margin-right: 0px;margin-top: 0px\"><strong>Fase Diretoria de Ensino<\/strong>: 9\/6 a 30\/6\/2025 (sele\u00e7\u00e3o de 3 reda\u00e7\u00f5es por categoria).<\/p>\n<\/li>\n<li style=\"margin-top: 4px\">\n<p class=\"ds-markdown-paragraph\" style=\"font-size: 16.002px;line-height: 28.575px;margin-bottom: 0px !important;margin-left: 0px;margin-right: 0px;margin-top: 0px\"><strong>Cerim\u00f4nia de premia\u00e7\u00e3o<\/strong>: 4\/8\/2025, em S\u00e3o Paulo.<\/p>\n<\/li>\n<\/ul>\n<p class=\"ds-markdown-paragraph\"><strong>Destaques<\/strong><br \/>O concurso refor\u00e7a a import\u00e2ncia da produ\u00e7\u00e3o textual cr\u00edtica e da pesquisa sobre as rela\u00e7\u00f5es bilaterais, incentivando os jovens a explorarem temas como diplomacia, tecnologia e cultura.<\/p>\n<p class=\"ds-markdown-paragraph\"><strong>Links \u00fateis<\/strong><\/p>\n<ul>\n<li>\n<p class=\"ds-markdown-paragraph\" style=\"font-size: 16.002px;line-height: 28.575px;margin-bottom: 0px !important;margin-left: 0px;margin-right: 0px;margin-top: 0px\"><a href=\"https:\/\/efape.educacao.sp.gov.br\/concurso-de-redacao-china-e-brasil-uma-amizade-que-atravessa-as-montanhas-e-mares\/\" rel=\"noreferrer\" style=\"border-color: rgba(255, 255, 255, 0);border-radius: 6.858px;border-style: solid;border-width: 2px 3px;color: #3b82f6;margin-left: -3px;margin-right: -3px;position: relative\" target=\"_blank\">Sobre o Concurso<\/a><\/p>\n<\/li>\n<li style=\"margin-top: 4px\">\n<p class=\"ds-markdown-paragraph\" style=\"font-size: 16.002px;line-height: 28.575px;margin-bottom: 0px !important;margin-left: 0px;margin-right: 0px;margin-top: 0px\"><a href=\"https:\/\/drive.google.com\/drive\/folders\/1o8yxIkA4RvPodHXpu_R2gasNSsTNLsRZ\" rel=\"noreferrer\" style=\"border-color: rgba(255, 255, 255, 0);border-radius: 6.858px;border-style: solid;border-width: 2px 3px;color: #3b82f6;margin-left: -3px;margin-right: -3px;position: relative\" target=\"_blank\">Edital<\/a><\/p>\n<\/li>\n<\/ul>\n","protected":false},"excerpt":{"rendered":"<p>O Consulado Geral da China em S\u00e3o Paulo e a Secretaria da Educa\u00e7\u00e3o do Estado (SEDUC-SP) lan\u00e7aram a\u00a02\u00aa edi\u00e7\u00e3o do Concurso de Reda\u00e7\u00e3o, com o tema\u00a0\u201cChina e Brasil: uma amizade que atravessa as montanhas e mares\u201d. A iniciativa visa promover o interc\u00e2mbio cultural e destacar os la\u00e7os hist\u00f3ricos, econ\u00f4micos e tecnol\u00f3gicos entre os dois pa\u00edses. [&hellip;]<\/p>\n","protected":false},"author":260896546,"featured_media":0,"comment_status":"open","ping_status":"open","sticky":false,"template":"","format":"standard","meta":{"_crdt_document":"","_monsterinsights_skip_tracking":false,"_monsterinsights_sitenote_active":false,"_monsterinsights_sitenote_note":"","_monsterinsights_sitenote_category":0,"advanced_seo_description":"","jetpack_seo_html_title":"","jetpack_seo_noindex":false,"jetpack_post_was_ever_published":false,"_jetpack_newsletter_access":"","_jetpack_dont_email_post_to_subs":false,"_jetpack_newsletter_tier_id":0,"_jetpack_memberships_contains_paywalled_content":false,"_jetpack_memberships_contains_paid_content":false,"footnotes":"","jetpack_publicize_message":"","jetpack_publicize_feature_enabled":true,"jetpack_social_post_already_shared":false,"jetpack_social_options":{"image_generator_settings":{"template":"fullscreen","default_image_id":0,"font":"","enabled":false},"version":2},"_wpas_customize_per_network":false},"categories":[38185],"tags":[781171790,781171797],"class_list":["post-2187","post","type-post","status-publish","format-standard","hentry","category-brasil","tag-cultura","tag-educacao"],"jetpack_publicize_connections":[],"jetpack_featured_media_url":"","jetpack_likes_enabled":true,"jetpack_sharing_enabled":true,"jetpack_shortlink":"https:\/\/wp.me\/pgitne-zh","jetpack-related-posts":[{"id":8966,"url":"https:\/\/diariodegarca.com\/?p=8966","url_meta":{"origin":2187,"position":0},"title":"&#8220;Eu e Minha M\u00e3e Adolescente&#8221; ser\u00e1 exibido em Mar\u00edlia como parte da Mostra de Cinema Chin\u00eas","author":"Andreza Sega","date":"24 de novembro de 2025","format":false,"excerpt":"Sess\u00e3o gratuita do filme integra a programa\u00e7\u00e3o do Cinema Pontos MIS no dia 27 de novembro, no Centro Cultural Municipal. O filme\u00a0\"Eu e Minha M\u00e3e Adolescente\"\u00a0ser\u00e1 exibido em Mar\u00edlia como parte da programa\u00e7\u00e3o da\u00a010\u00aa Mostra de Cinema Chin\u00eas. A sess\u00e3o, que conta com\u00a0entrada gratuita, ser\u00e1 realizada no pr\u00f3ximo dia\u00a027 de\u2026","rel":"","context":"Em &quot;Cinema&quot;","block_context":{"text":"Cinema","link":"https:\/\/diariodegarca.com\/?cat=597"},"img":{"alt_text":"","src":"https:\/\/i0.wp.com\/diariodegarca.com\/wp-content\/uploads\/2025\/11\/EU-E-MINHA-MAE-ADOLESCENTE.jpg?fit=640%2C360&ssl=1&resize=350%2C200","width":350,"height":200,"srcset":"https:\/\/i0.wp.com\/diariodegarca.com\/wp-content\/uploads\/2025\/11\/EU-E-MINHA-MAE-ADOLESCENTE.jpg?fit=640%2C360&ssl=1&resize=350%2C200 1x, https:\/\/i0.wp.com\/diariodegarca.com\/wp-content\/uploads\/2025\/11\/EU-E-MINHA-MAE-ADOLESCENTE.jpg?fit=640%2C360&ssl=1&resize=525%2C300 1.5x"},"classes":[]},{"id":2204,"url":"https:\/\/diariodegarca.com\/?p=2204","url_meta":{"origin":2187,"position":1},"title":"BRICS avan\u00e7am em acordo para reconhecimento m\u00fatuo de diplomas","author":"Di\u00e1rio de Gar\u00e7a","date":"4 de maio de 2025","format":false,"excerpt":"Minist\u00e9rio da Educa\u00e7\u00e3o e parceiros discutem simplifica\u00e7\u00e3o de processos de revalida\u00e7\u00e3o de t\u00edtulos estrangeiros Em uma reuni\u00e3o virtual realizada na sexta-feira, dia 25 de abril, o Minist\u00e9rio da Educa\u00e7\u00e3o (MEC) debateu com representantes da China, Egito, R\u00fassia, \u00c1frica do Sul e Emirados \u00c1rabes Unidos estrat\u00e9gias para facilitar o reconhecimento de\u2026","rel":"","context":"Em &quot;Brasil&quot;","block_context":{"text":"Brasil","link":"https:\/\/diariodegarca.com\/?cat=38185"},"img":{"alt_text":"","src":"","width":0,"height":0},"classes":[]},{"id":3072,"url":"https:\/\/diariodegarca.com\/?p=3072","url_meta":{"origin":2187,"position":2},"title":"Lan\u00e7amento do livro &#8220;Gotas de Amizade&#8221; em Gar\u00e7a","author":"Di\u00e1rio de Gar\u00e7a","date":"21 de maio de 2025","format":false,"excerpt":"Obra, que celebra relacionamentos e arte, ser\u00e1 lan\u00e7ada na Biblioteca Na pr\u00f3xima sexta-feira, 23 de maio, \u00e0s 19h, a Biblioteca P\u00fablica Municipal de Gar\u00e7a \"Dr. Rafael Paes de Barros\" receber\u00e1 o lan\u00e7amento do livro \"Gotas de Amizade\", obra da escritora e ilustradora Leonor de Barros Zago. O evento, aberto ao\u2026","rel":"","context":"Em &quot;Cultura&quot;","block_context":{"text":"Cultura","link":"https:\/\/diariodegarca.com\/?cat=2367"},"img":{"alt_text":"","src":"","width":0,"height":0},"classes":[]},{"id":9832,"url":"https:\/\/diariodegarca.com\/?p=9832","url_meta":{"origin":2187,"position":3},"title":"Bauru abre sete concursos p\u00fablicos com 11 vagas para n\u00edveis m\u00e9dio e superior","author":"Di\u00e1rio de Gar\u00e7a","date":"7 de janeiro de 2026","format":false,"excerpt":"A Prefeitura de Bauru abrir\u00e1 sete concursos p\u00fablicos de 19 a 29 de janeiro de 2026, oferecendo 11 vagas com sal\u00e1rios de at\u00e9 R$ 5,8 mil e benef\u00edcios, conforme editais publicados.","rel":"","context":"Em &quot;Bauru&quot;","block_context":{"text":"Bauru","link":"https:\/\/diariodegarca.com\/?cat=1357691"},"img":{"alt_text":"","src":"https:\/\/i0.wp.com\/diariodegarca.com\/wp-content\/uploads\/2026\/01\/Bauru.jpg?fit=984%2C656&ssl=1&resize=350%2C200","width":350,"height":200,"srcset":"https:\/\/i0.wp.com\/diariodegarca.com\/wp-content\/uploads\/2026\/01\/Bauru.jpg?fit=984%2C656&ssl=1&resize=350%2C200 1x, https:\/\/i0.wp.com\/diariodegarca.com\/wp-content\/uploads\/2026\/01\/Bauru.jpg?fit=984%2C656&ssl=1&resize=525%2C300 1.5x, https:\/\/i0.wp.com\/diariodegarca.com\/wp-content\/uploads\/2026\/01\/Bauru.jpg?fit=984%2C656&ssl=1&resize=700%2C400 2x"},"classes":[]},{"id":9667,"url":"https:\/\/diariodegarca.com\/?p=9667","url_meta":{"origin":2187,"position":4},"title":"Aluno garcense com defici\u00eancia visual vence concurso nacional com desenho sobre inclus\u00e3o","author":"Di\u00e1rio de Gar\u00e7a","date":"23 de dezembro de 2025","format":false,"excerpt":"Trabalho de Gustavo, de 9 anos, que retrata ajuda de um amigo no recreio, foi escolhido entre mais de 200 mil inscritos no Concurso Cultural do Instituto Sicoob; aluno ganhou viagem a Bras\u00edlia. Um momento simples do recreio escolar, em que um amigo ajuda outro a se locomover com a\u2026","rel":"","context":"Em &quot;Educa\u00e7\u00e3o&quot;","block_context":{"text":"Educa\u00e7\u00e3o","link":"https:\/\/diariodegarca.com\/?cat=17964"},"img":{"alt_text":"","src":"https:\/\/i0.wp.com\/diariodegarca.com\/wp-content\/uploads\/2025\/12\/14o-Concurso-Cultural-diversidade-e-cooperacao.jpg?fit=1200%2C800&ssl=1&resize=350%2C200","width":350,"height":200,"srcset":"https:\/\/i0.wp.com\/diariodegarca.com\/wp-content\/uploads\/2025\/12\/14o-Concurso-Cultural-diversidade-e-cooperacao.jpg?fit=1200%2C800&ssl=1&resize=350%2C200 1x, https:\/\/i0.wp.com\/diariodegarca.com\/wp-content\/uploads\/2025\/12\/14o-Concurso-Cultural-diversidade-e-cooperacao.jpg?fit=1200%2C800&ssl=1&resize=525%2C300 1.5x, https:\/\/i0.wp.com\/diariodegarca.com\/wp-content\/uploads\/2025\/12\/14o-Concurso-Cultural-diversidade-e-cooperacao.jpg?fit=1200%2C800&ssl=1&resize=700%2C400 2x, https:\/\/i0.wp.com\/diariodegarca.com\/wp-content\/uploads\/2025\/12\/14o-Concurso-Cultural-diversidade-e-cooperacao.jpg?fit=1200%2C800&ssl=1&resize=1050%2C600 3x"},"classes":[]},{"id":7796,"url":"https:\/\/diariodegarca.com\/?p=7796","url_meta":{"origin":2187,"position":5},"title":"Bingo da solidariedade: divers\u00e3o e pr\u00eamios em apoio aos projetos do Lar Meimei em Gar\u00e7a","author":"Andreza Sega","date":"17 de outubro de 2025","format":false,"excerpt":"Evento no dia 8 de novembro, organizado pela Casa da Amizade com apoio do Rotary, vai arrecadar fundos para projetos desenvolvidos pela institui\u00e7\u00e3o, que h\u00e1 seis d\u00e9cadas transforma vidas no munic\u00edpio. Um evento que combina divers\u00e3o, a possibilidade de ganhar pr\u00eamios em dinheiro e, o mais importante, a chance de\u2026","rel":"","context":"Em &quot;Causa social&quot;","block_context":{"text":"Causa social","link":"https:\/\/diariodegarca.com\/?cat=781171849"},"img":{"alt_text":"","src":"https:\/\/i0.wp.com\/diariodegarca.com\/wp-content\/uploads\/2025\/10\/pessoas-jogando-bingo-juntas.jpg?fit=1200%2C800&ssl=1&resize=350%2C200","width":350,"height":200,"srcset":"https:\/\/i0.wp.com\/diariodegarca.com\/wp-content\/uploads\/2025\/10\/pessoas-jogando-bingo-juntas.jpg?fit=1200%2C800&ssl=1&resize=350%2C200 1x, https:\/\/i0.wp.com\/diariodegarca.com\/wp-content\/uploads\/2025\/10\/pessoas-jogando-bingo-juntas.jpg?fit=1200%2C800&ssl=1&resize=525%2C300 1.5x, https:\/\/i0.wp.com\/diariodegarca.com\/wp-content\/uploads\/2025\/10\/pessoas-jogando-bingo-juntas.jpg?fit=1200%2C800&ssl=1&resize=700%2C400 2x, https:\/\/i0.wp.com\/diariodegarca.com\/wp-content\/uploads\/2025\/10\/pessoas-jogando-bingo-juntas.jpg?fit=1200%2C800&ssl=1&resize=1050%2C600 3x"},"classes":[]}],"_links":{"self":[{"href":"https:\/\/diariodegarca.com\/index.php?rest_route=\/wp\/v2\/posts\/2187","targetHints":{"allow":["GET"]}}],"collection":[{"href":"https:\/\/diariodegarca.com\/index.php?rest_route=\/wp\/v2\/posts"}],"about":[{"href":"https:\/\/diariodegarca.com\/index.php?rest_route=\/wp\/v2\/types\/post"}],"author":[{"embeddable":true,"href":"https:\/\/diariodegarca.com\/index.php?rest_route=\/wp\/v2\/users\/260896546"}],"replies":[{"embeddable":true,"href":"https:\/\/diariodegarca.com\/index.php?rest_route=%2Fwp%2Fv2%2Fcomments&post=2187"}],"version-history":[{"count":0,"href":"https:\/\/diariodegarca.com\/index.php?rest_route=\/wp\/v2\/posts\/2187\/revisions"}],"wp:attachment":[{"href":"https:\/\/diariodegarca.com\/index.php?rest_route=%2Fwp%2Fv2%2Fmedia&parent=2187"}],"wp:term":[{"taxonomy":"category","embeddable":true,"href":"https:\/\/diariodegarca.com\/index.php?rest_route=%2Fwp%2Fv2%2Fcategories&post=2187"},{"taxonomy":"post_tag","embeddable":true,"href":"https:\/\/diariodegarca.com\/index.php?rest_route=%2Fwp%2Fv2%2Ftags&post=2187"}],"curies":[{"name":"wp","href":"https:\/\/api.w.org\/{rel}","templated":true}]}}