{"id":2195,"date":"2025-05-06T19:35:00","date_gmt":"2025-05-06T19:35:00","guid":{"rendered":"https:\/\/diariodegarca.com\/2025\/05\/06\/garca-tera-sessao-do-filme-mexicano-giro-polar-na-biblioteca\/"},"modified":"2025-05-06T19:35:00","modified_gmt":"2025-05-06T19:35:00","slug":"garca-tera-sessao-do-filme-mexicano-giro-polar-na-biblioteca","status":"publish","type":"post","link":"https:\/\/diariodegarca.com\/?p=2195","title":{"rendered":"Gar\u00e7a ter\u00e1 sess\u00e3o do filme mexicano &#034;Giro Polar&#034; na Biblioteca"},"content":{"rendered":"<div class=\"separator\" style=\"clear: both;text-align: center\"><a href=\"https:\/\/i0.wp.com\/blogger.googleusercontent.com\/img\/b\/R29vZ2xl\/AVvXsEiojUKEa344UdB91okBt9n9-Arje9Bu9oZtQUuEGUqZqbIW_ZSX1vcl1hB9kZ8jEjn_3ytohGktcMwEtUNRTpEtmpwLeGsOc2UCg_rSe6dfmvpd7WLA3GUSl2T8wezLyXZl0zHS17KZRdSpaGtWtC4Wl0lhengTk39ZQc96d_C0JXtgrknatsNQ3oPZhfI\/s1349\/SaveClip.App_494687302_17864387934384728_1586145683591692_n.jpg?ssl=1\" style=\"margin-left: 1em;margin-right: 1em\"><img data-recalc-dims=\"1\" loading=\"lazy\" decoding=\"async\" border=\"0\" height=\"320\" src=\"https:\/\/i0.wp.com\/blogger.googleusercontent.com\/img\/b\/R29vZ2xl\/AVvXsEiojUKEa344UdB91okBt9n9-Arje9Bu9oZtQUuEGUqZqbIW_ZSX1vcl1hB9kZ8jEjn_3ytohGktcMwEtUNRTpEtmpwLeGsOc2UCg_rSe6dfmvpd7WLA3GUSl2T8wezLyXZl0zHS17KZRdSpaGtWtC4Wl0lhengTk39ZQc96d_C0JXtgrknatsNQ3oPZhfI\/s320\/SaveClip.App_494687302_17864387934384728_1586145683591692_n.jpg?resize=256%2C320&#038;ssl=1\" width=\"256\" \/><\/a><\/div>\n<p class=\"ds-markdown-paragraph\">A Biblioteca P\u00fablica Municipal de Gar\u00e7a promover\u00e1 uma noite especial de cinema na\u00a0<strong>quarta-feira, 7 de maio<\/strong>, \u00e0s\u00a0<strong>19h30<\/strong>, com a exibi\u00e7\u00e3o gratuita do document\u00e1rio mexicano\u00a0<em>&#8220;Giro Polar&#8221;<\/em>\u00a0(2020) e, na sequ\u00eancia, do instigante curta-metragem\u00a0<em>&#8220;O Que \u00e9 a Guerra?&#8221;<\/em>.\u00a0<\/p>\n<p class=\"ds-markdown-paragraph\">N\u00e3o \u00e9 necess\u00e1rio fazer inscri\u00e7\u00e3o pr\u00e9via &#8211; basta comparecer \u00e0 Audiovideoteca antes do hor\u00e1rio de in\u00edcio. A Biblioteca est\u00e1 localizada na avenida Doutor\u00a0<span style=\"font-size: 16.002px\">Rafael Paes de Barros, 522, Centro.<\/span><\/p>\n<div><\/div>\n<h3>Sobre as Obras:<\/h3>\n<p class=\"ds-markdown-paragraph\"><strong>&#8220;Giro Polar&#8221;<\/strong>\u00a0(Dir. Jos\u00e9 Emilio Ramos G\u00f3mez, 2020, 75min)<br \/>Um document\u00e1rio po\u00e9tico que captura a majestade das auroras boreais no Alasca, enquanto explora o contraste entre a vida urbana acelerada e a necessidade humana de reconex\u00e3o com a natureza. Atrav\u00e9s de imagens deslumbrantes e depoimentos profundos, o filme questiona: em meio ao caos moderno, como reencontrar nosso equil\u00edbrio interior?<\/p>\n<p class=\"ds-markdown-paragraph\"><strong>&#8220;O Que \u00e9 a Guerra?&#8221;<\/strong>\u00a0(Curta-metragem, 15min)<br \/>Uma reflex\u00e3o visceral sobre os mecanismos dos conflitos humanos, desde as grandes guerras at\u00e9 as batalhas cotidianas. Atrav\u00e9s de uma narrativa experimental que mistura arquivos hist\u00f3ricos e depoimentos contempor\u00e2neos, o curta provoca: a guerra \u00e9 apenas um evento militar ou est\u00e1 presente em nossas rela\u00e7\u00f5es di\u00e1rias?<\/p>\n<p class=\"ds-markdown-paragraph\">A programa\u00e7\u00e3o faz parte do\u00a0<strong>Pontos MIS<\/strong>, programa de democratiza\u00e7\u00e3o cultural que une Governo Federal, Estado de S\u00e3o Paulo e munic\u00edpios para levar cinema de qualidade a todo o pa\u00eds.<\/p>\n","protected":false},"excerpt":{"rendered":"<p>A Biblioteca P\u00fablica Municipal de Gar\u00e7a promover\u00e1 uma noite especial de cinema na\u00a0quarta-feira, 7 de maio, \u00e0s\u00a019h30, com a exibi\u00e7\u00e3o gratuita do document\u00e1rio mexicano\u00a0&#8220;Giro Polar&#8221;\u00a0(2020) e, na sequ\u00eancia, do instigante curta-metragem\u00a0&#8220;O Que \u00e9 a Guerra?&#8221;.\u00a0 N\u00e3o \u00e9 necess\u00e1rio fazer inscri\u00e7\u00e3o pr\u00e9via &#8211; basta comparecer \u00e0 Audiovideoteca antes do hor\u00e1rio de in\u00edcio. A Biblioteca est\u00e1 localizada [&hellip;]<\/p>\n","protected":false},"author":260896546,"featured_media":0,"comment_status":"open","ping_status":"open","sticky":false,"template":"","format":"standard","meta":{"_monsterinsights_skip_tracking":false,"advanced_seo_description":"","jetpack_seo_html_title":"","jetpack_seo_noindex":false,"jetpack_seo_schema_type":"","_jetpack_newsletter_access":"","_jetpack_dont_email_post_to_subs":false,"_jetpack_newsletter_tier_id":0,"_jetpack_memberships_contains_paywalled_content":false,"_wpcom_ai_launchpad_first_post":false,"_jetpack_feature_clip_id":0,"_jetpack_memberships_contains_paid_content":false,"footnotes":"","jetpack_publicize_message":"{title}\n\n{excerpt}\n\n{url}","jetpack_publicize_feature_enabled":true,"jetpack_social_post_already_shared":false,"jetpack_social_options":{"image_generator_settings":{"template":"fullscreen","default_image_id":0,"font":"","enabled":false},"version":2},"_wpas_customize_per_network":false,"jetpack_post_was_ever_published":false},"categories":[38185],"tags":[781171801,781171790],"class_list":["post-2195","post","type-post","status-publish","format-standard","hentry","category-brasil","tag-brasil","tag-cultura"],"jetpack_publicize_connections":[],"jetpack_likes_enabled":true,"jetpack_sharing_enabled":true,"jetpack_shortlink":"https:\/\/wp.me\/pgitne-zp","jetpack-related-posts":[{"id":4408,"url":"https:\/\/diariodegarca.com\/?p=4408","url_meta":{"origin":2195,"position":0},"title":"Biblioteca de Gar\u00e7a recebe alunos em visita que incentiva amor pela leitura","author":"Di\u00e1rio de Gar\u00e7a","date":"3 de julho de 2025","format":false,"excerpt":"Espa\u00e7o cultural promoveu atividade educativa com crian\u00e7as do Centro de Conviv\u00eancia Maria Leonor, destacando a import\u00e2ncia dos livros e da preserva\u00e7\u00e3o do conhecimento. Na manh\u00e3 de quarta-feira, dia 3 de julho, a\u00a0Biblioteca P\u00fablica Municipal de Gar\u00e7a\u00a0recebeu um grupo de alunos do\u00a0Centro de Conviv\u00eancia Maria Leonor\u00a0para uma\u00a0visita monitorada\u00a0cheia de aprendizado e\u2026","rel":"","context":"Em &quot;Cultura&quot;","block_context":{"text":"Cultura","link":"https:\/\/diariodegarca.com\/?cat=2367"},"img":{"alt_text":"","src":"","width":0,"height":0},"classes":[]},{"id":2183,"url":"https:\/\/diariodegarca.com\/?p=2183","url_meta":{"origin":2195,"position":1},"title":"Mar\u00edlia recebe sess\u00e3o gratuita de cinema com filme mexicano e curta brasileiro","author":"Di\u00e1rio de Gar\u00e7a","date":"7 de maio de 2025","format":false,"excerpt":"Nesta quinta-feira,\u00a008 de maio, a cidade de Mar\u00edlia, tal como Gar\u00e7a, receber\u00e1 uma exibi\u00e7\u00e3o especial de cinema por meio do Pontos MIS. A obra que ser\u00e1 exibida, tamb\u00e9m faz parte da Mostra Mexicana,\u00a0o filme \"Cora\u00e7\u00e3o Mezquite\", seguido pelo curta brasileiro,\u00a0\"Sem L\u00e1grimas para Chorar\". A sess\u00e3o, gratuita e aberta ao p\u00fablico\u2026","rel":"","context":"Em &quot;Brasil&quot;","block_context":{"text":"Brasil","link":"https:\/\/diariodegarca.com\/?cat=38185"},"img":{"alt_text":"","src":"https:\/\/i0.wp.com\/blogger.googleusercontent.com\/img\/b\/R29vZ2xl\/AVvXsEgP2vxs1o3LtK06X_trmQmUFc0hs10svzVtXI-m3ECsMvV5GCbt6vhFAEzBpcyw-E3YWHfRsDrf71Iwo8oEPTTbjrVFinSuD1tMdgtnc18thAg-YHkaVytCQnHHdXTeTe1famwTtgklgPi0oESt9tFprTI5iXtpFRtb31LhHrxja_vEDkK_y1wncgy7f88\/s320\/SaveGram.App_495729760_17857967580416421_1287257073804399153_n.jpg?resize=350%2C200&ssl=1","width":350,"height":200},"classes":[]},{"id":2477,"url":"https:\/\/diariodegarca.com\/?p=2477","url_meta":{"origin":2195,"position":2},"title":"Com duas mortes confirmadas pelo Estado, dengue avan\u00e7a de forma descontrolada em Gar\u00e7a","author":"Di\u00e1rio de Gar\u00e7a","date":"3 de abril de 2025","format":false,"excerpt":"A epidemia de dengue em Gar\u00e7a segue avan\u00e7ando rapidamente. No final de fevereiro, a cidade j\u00e1 havia ultrapassado o patamar epid\u00eamico definido pela Organiza\u00e7\u00e3o Mundial da Sa\u00fade (OMS), com uma incid\u00eancia de 495,6 casos por 100 mil habitantes. Em apenas 37 dias, esse n\u00famero disparou para 2.146,6 casos por 100\u2026","rel":"","context":"Em &quot;Brasil&quot;","block_context":{"text":"Brasil","link":"https:\/\/diariodegarca.com\/?cat=38185"},"img":{"alt_text":"","src":"","width":0,"height":0},"classes":[]},{"id":2611,"url":"https:\/\/diariodegarca.com\/?p=2611","url_meta":{"origin":2195,"position":3},"title":"Clube de Leitura da Biblioteca de Gar\u00e7a discute obra de Gabriel Garc\u00eda M\u00e1rquez em abril","author":"Di\u00e1rio de Gar\u00e7a","date":"17 de mar\u00e7o de 2025","format":false,"excerpt":"No dia 7 de abril, \u00e0s 19h, o Clube de Leitura da Biblioteca P\u00fablica Municipal \u201cDr. Rafael Paes de Barros\u201d, em Gar\u00e7a, se reunir\u00e1 para debater a obra \u201cEm agosto nos vemos\u201d, do escritor colombiano Gabriel Garc\u00eda M\u00e1rquez. O encontro, que acontece mensalmente, promove a troca de ideias e reflex\u00f5es\u2026","rel":"","context":"Em &quot;Brasil&quot;","block_context":{"text":"Brasil","link":"https:\/\/diariodegarca.com\/?cat=38185"},"img":{"alt_text":"","src":"","width":0,"height":0},"classes":[]},{"id":2215,"url":"https:\/\/diariodegarca.com\/?p=2215","url_meta":{"origin":2195,"position":4},"title":"Lan\u00e7amento de livro aborda autoestima e espiritualidade na Biblioteca de Gar\u00e7a","author":"Di\u00e1rio de Gar\u00e7a","date":"3 de maio de 2025","format":false,"excerpt":"A Biblioteca P\u00fablica Municipal Dr. Rafael Paes de Barros, localizada na avenida hom\u00f4nima, n\u00ba 522, em Gar\u00e7a, receber\u00e1 no dia 16 de maio, \u00e0s 19h, o lan\u00e7amento do livro \u201cAutoestima que vem do C\u00e9u\u201d, da psic\u00f3loga e escritora Renata Feitosa. O evento, que segue at\u00e9 as 21h, promove um di\u00e1logo\u2026","rel":"","context":"Em &quot;Brasil&quot;","block_context":{"text":"Brasil","link":"https:\/\/diariodegarca.com\/?cat=38185"},"img":{"alt_text":"","src":"","width":0,"height":0},"classes":[]},{"id":2602,"url":"https:\/\/diariodegarca.com\/?p=2602","url_meta":{"origin":2195,"position":5},"title":"Casos de dengue disparam e medidas emergenciais s\u00e3o intensificadas em Gar\u00e7a","author":"Di\u00e1rio de Gar\u00e7a","date":"18 de mar\u00e7o de 2025","format":false,"excerpt":"Gar\u00e7a enfrenta uma explos\u00e3o de casos de dengue, ultrapassando os \u00edndices considerados epid\u00eamicos pela Organiza\u00e7\u00e3o Mundial da Sa\u00fade (OMS). No final de fevereiro, a incid\u00eancia j\u00e1 era preocupante, com 495,6 casos por 100 mil habitantes. Por\u00e9m, em apenas 12 dias, esse n\u00famero saltou para 1.129,3 casos por 100 mil habitantes,\u2026","rel":"","context":"Em &quot;Brasil&quot;","block_context":{"text":"Brasil","link":"https:\/\/diariodegarca.com\/?cat=38185"},"img":{"alt_text":"","src":"","width":0,"height":0},"classes":[]}],"jetpack_featured_media_url":"","_links":{"self":[{"href":"https:\/\/diariodegarca.com\/index.php?rest_route=\/wp\/v2\/posts\/2195","targetHints":{"allow":["GET"]}}],"collection":[{"href":"https:\/\/diariodegarca.com\/index.php?rest_route=\/wp\/v2\/posts"}],"about":[{"href":"https:\/\/diariodegarca.com\/index.php?rest_route=\/wp\/v2\/types\/post"}],"author":[{"embeddable":true,"href":"https:\/\/diariodegarca.com\/index.php?rest_route=\/wp\/v2\/users\/260896546"}],"replies":[{"embeddable":true,"href":"https:\/\/diariodegarca.com\/index.php?rest_route=%2Fwp%2Fv2%2Fcomments&post=2195"}],"version-history":[{"count":0,"href":"https:\/\/diariodegarca.com\/index.php?rest_route=\/wp\/v2\/posts\/2195\/revisions"}],"wp:attachment":[{"href":"https:\/\/diariodegarca.com\/index.php?rest_route=%2Fwp%2Fv2%2Fmedia&parent=2195"}],"wp:term":[{"taxonomy":"category","embeddable":true,"href":"https:\/\/diariodegarca.com\/index.php?rest_route=%2Fwp%2Fv2%2Fcategories&post=2195"},{"taxonomy":"post_tag","embeddable":true,"href":"https:\/\/diariodegarca.com\/index.php?rest_route=%2Fwp%2Fv2%2Ftags&post=2195"}],"curies":[{"name":"wp","href":"https:\/\/api.w.org\/{rel}","templated":true}]}}