{"id":2199,"date":"2025-05-06T13:08:00","date_gmt":"2025-05-06T13:08:00","guid":{"rendered":"https:\/\/diariodegarca.com\/2025\/05\/06\/procon-sp-alerta-sobre-variacoes-de-precos-em-perfumes-e-flores-para-o-dia-das-maes\/"},"modified":"2025-05-06T13:08:00","modified_gmt":"2025-05-06T13:08:00","slug":"procon-sp-alerta-sobre-variacoes-de-precos-em-perfumes-e-flores-para-o-dia-das-maes","status":"publish","type":"post","link":"https:\/\/diariodegarca.com\/?p=2199","title":{"rendered":"Procon-SP alerta sobre varia\u00e7\u00f5es de pre\u00e7os em perfumes e flores para o Dia das M\u00e3es"},"content":{"rendered":"<p><div class=\"separator\" style=\"clear: both;text-align: center\">\n  <a href=\"https:\/\/blogger.googleusercontent.com\/img\/a\/AVvXsEhG86JVX6ty3eVYQ7iul4Acn9vDp2_34g8O-bWV7yBNQlNZC-gpvzYALvbt-_rAdOiGgJS3srt8-MPAHg4lb8R9d8JrKVJXi-nXyzpvm2gtvmtZQbYJFXXfpZ9yO80E67MBFzkC-dpjkR8teC6wOMk_B_bTDUza647SnMHMElXTGwUt8-AW8dz9X6Yauc8\" style=\"margin-left: 1em;margin-right: 1em\"><br \/>\n    <img decoding=\"async\" border=\"0\" src=\"https:\/\/blogger.googleusercontent.com\/img\/a\/AVvXsEhG86JVX6ty3eVYQ7iul4Acn9vDp2_34g8O-bWV7yBNQlNZC-gpvzYALvbt-_rAdOiGgJS3srt8-MPAHg4lb8R9d8JrKVJXi-nXyzpvm2gtvmtZQbYJFXXfpZ9yO80E67MBFzkC-dpjkR8teC6wOMk_B_bTDUza647SnMHMElXTGwUt8-AW8dz9X6Yauc8\" width=\"400\"><br \/>\n  <\/a>\n<\/div>\n<p><\/p>\n<p>O Procon-SP divulgou os resultados de uma pesquisa realizada entre os dias 17 e 23 de abril, analisando os pre\u00e7os de 43 itens, entre perfumes e buqu\u00eas de flores, em prepara\u00e7\u00e3o para o Dia das M\u00e3es. O estudo revelou diferen\u00e7as significativas nos valores, com varia\u00e7\u00f5es que ultrapassam 100% em alguns casos.<\/p>\n<p>No segmento de <strong>perfumes<\/strong>, a maior disparidade foi encontrada no produto <em>Nina Rose &#8211; Eau de Toilette<\/em> (30mL), com pre\u00e7os variando de R$ 209,40 a R$ 349,90 \u2013 uma diferen\u00e7a de <strong>67,1%<\/strong>. J\u00e1 entre os <strong>buqu\u00eas de flores<\/strong>, o destaque foi para o arranjo de 12 rosas vermelhas nacionais, que apresentou uma varia\u00e7\u00e3o de <strong>103,1%<\/strong>, sendo encontrado entre R$ 99,90 e R$ 202,90.<\/p>\n<p>De acordo com o Procon-SP, <strong>15 dos 43 itens pesquisados<\/strong> tiveram diferen\u00e7as de pre\u00e7o superiores a 40%, refor\u00e7ando a import\u00e2ncia de comparar valores antes de efetuar a compra.<\/p>\n<h3><strong>Dicas para compras online<\/strong><\/h3>\n<p>Al\u00e9m da pesquisa de pre\u00e7os, o \u00f3rg\u00e3o destacou recomenda\u00e7\u00f5es essenciais para quem pretende presentear no Dia das M\u00e3es com compras pela internet:<\/p>\n<ol>\n<li><strong>Conhe\u00e7a o produto<\/strong>: Pesquise sobre o perfume a ser adquirido e as prefer\u00eancias de quem ir\u00e1 receb\u00ea-lo.<\/li>\n<li><strong>Verifique as informa\u00e7\u00f5es<\/strong>: Certifique-se de que todos os dados estejam em portugu\u00eas, incluindo o registro na Anvisa.<\/li>\n<li><strong>Aten\u00e7\u00e3o ao prazo de entrega<\/strong>: Confira se o prazo \u00e9 compat\u00edvel com a data comemorativa.<\/li>\n<li><strong>Pol\u00edtica de trocas<\/strong>: Verifique as condi\u00e7\u00f5es para devolu\u00e7\u00e3o ap\u00f3s o prazo de arrependimento (7 dias).<\/li>\n<li><strong>Direito do consumidor<\/strong>: Lembre-se de que compras \u00e0 dist\u00e2ncia podem ser devolvidas em at\u00e9 7 dias, sem custos.<\/li>\n<li><strong>Recebimento do produto<\/strong>: Examine-o antes de assinar o documento de entrega. Em caso de problemas, registre a recusa no ato.<\/li>\n<\/ol>\n<p>A iniciativa do Procon-SP visa proteger os consumidores e promover compras mais conscientes durante o per\u00edodo de presentes.<\/p>\n","protected":false},"excerpt":{"rendered":"<p>O Procon-SP divulgou os resultados de uma pesquisa realizada entre os dias 17 e 23 de abril, analisando os pre\u00e7os de 43 itens, entre perfumes e buqu\u00eas de flores, em prepara\u00e7\u00e3o para o Dia das M\u00e3es. O estudo revelou diferen\u00e7as significativas nos valores, com varia\u00e7\u00f5es que ultrapassam 100% em alguns casos. No segmento de perfumes, [&hellip;]<\/p>\n","protected":false},"author":260896546,"featured_media":0,"comment_status":"open","ping_status":"open","sticky":false,"template":"","format":"standard","meta":{"_monsterinsights_skip_tracking":false,"advanced_seo_description":"","jetpack_seo_html_title":"","jetpack_seo_noindex":false,"jetpack_seo_schema_type":"","_jetpack_newsletter_access":"","_jetpack_dont_email_post_to_subs":false,"_jetpack_newsletter_tier_id":0,"_jetpack_memberships_contains_paywalled_content":false,"_wpcom_ai_launchpad_first_post":false,"_jetpack_feature_clip_id":0,"_jetpack_memberships_contains_paid_content":false,"footnotes":"","jetpack_publicize_message":"{title}\n\n{excerpt}\n\n{url}","jetpack_publicize_feature_enabled":true,"jetpack_social_post_already_shared":false,"jetpack_social_options":{"image_generator_settings":{"template":"fullscreen","default_image_id":0,"font":"","enabled":false},"version":2},"_wpas_customize_per_network":false,"jetpack_post_was_ever_published":false},"categories":[38185],"tags":[137718,948934],"class_list":["post-2199","post","type-post","status-publish","format-standard","hentry","category-brasil","tag-consumidor","tag-procon"],"jetpack_publicize_connections":[],"jetpack_likes_enabled":true,"jetpack_sharing_enabled":true,"jetpack_shortlink":"https:\/\/wp.me\/pgitne-zt","jetpack-related-posts":[{"id":2211,"url":"https:\/\/diariodegarca.com\/?p=2211","url_meta":{"origin":2199,"position":0},"title":"Dia das M\u00e3es: 20% dos consumidores j\u00e1 se endividaram com presentes","author":"Di\u00e1rio de Gar\u00e7a","date":"3 de maio de 2025","format":false,"excerpt":"Um em cada cinco consumidores paulistas (20,8%) que pretendem adquirir produtos no Dia das M\u00e3es este ano j\u00e1 se endividaram ao comprar um presente para esta data, de acordo com consulta virtual do Procon-SP. Decretada h\u00e1 93 anos no Pa\u00eds, esta \u00e9 uma das datas mais importantes para o com\u00e9rcio\u2026","rel":"","context":"Em &quot;Brasil&quot;","block_context":{"text":"Brasil","link":"https:\/\/diariodegarca.com\/?cat=38185"},"img":{"alt_text":"","src":"","width":0,"height":0},"classes":[]},{"id":2782,"url":"https:\/\/diariodegarca.com\/?p=2782","url_meta":{"origin":2199,"position":1},"title":"Procon-SP multa Sephora em mais de R$ 500 mil por irregularidades na Black Friday","author":"Di\u00e1rio de Gar\u00e7a","date":"20 de fevereiro de 2025","format":false,"excerpt":"O Procon-SP aplicou uma multa no valor de R$ 514.729,75 contra a Sephora (Dotcom Group Com\u00e9rcio de Presentes S.A.), devido a falhas na entrega de produtos e cancelamento unilateral de pedidos durante a Black Friday de 2024. A empresa, especializada em cosm\u00e9ticos, perfumaria e higiene, foi a campe\u00e3 de reclama\u00e7\u00f5es\u2026","rel":"","context":"Em &quot;Brasil&quot;","block_context":{"text":"Brasil","link":"https:\/\/diariodegarca.com\/?cat=38185"},"img":{"alt_text":"","src":"","width":0,"height":0},"classes":[]},{"id":2494,"url":"https:\/\/diariodegarca.com\/?p=2494","url_meta":{"origin":2199,"position":2},"title":"Procon-SP faz pesquisa sobre compras para o Dia das M\u00e3es","author":"Di\u00e1rio de Gar\u00e7a","date":"2 de abril de 2025","format":false,"excerpt":"O Procon-SP est\u00e1 realizando uma pesquisa para entender o comportamento de compra dos consumidores na hora de escolher presentes para o Dia das M\u00e3es. A iniciativa busca mapear tend\u00eancias de consumo, formas de pagamento, principais dificuldades enfrentadas e impactos financeiros das compras sazonais.A pesquisa est\u00e1 dispon\u00edvel no site procon.sp.gov.br por\u2026","rel":"","context":"Em &quot;Brasil&quot;","block_context":{"text":"Brasil","link":"https:\/\/diariodegarca.com\/?cat=38185"},"img":{"alt_text":"","src":"","width":0,"height":0},"classes":[]},{"id":4298,"url":"https:\/\/diariodegarca.com\/?p=4298","url_meta":{"origin":2199,"position":3},"title":"Consumidores desconhecem regulamenta\u00e7\u00e3o de pre\u00e7os e uso de dados pessoais em farm\u00e1cias, alertam Procon-SP e Idec","author":"Di\u00e1rio de Gar\u00e7a","date":"27 de junho de 2025","format":false,"excerpt":"Pesquisas revelam que 86% dos consumidores n\u00e3o sabem como suas informa\u00e7\u00f5es s\u00e3o utilizadas, enquanto varia\u00e7\u00f5es abusivas nos pre\u00e7os de medicamentos chegam a 2.000% Uma recente consulta realizada pelo\u00a0Procon-SP\u00a0com 1.378 consumidores exp\u00f4s graves falhas na transpar\u00eancia do setor farmac\u00eautico. Segundo o levantamento: 74,8%\u00a0desconhecem que a maioria dos medicamentos tem pre\u00e7o m\u00e1ximo\u2026","rel":"","context":"Em &quot;Fiscaliza\u00e7\u00e3o&quot;","block_context":{"text":"Fiscaliza\u00e7\u00e3o","link":"https:\/\/diariodegarca.com\/?cat=1192752"},"img":{"alt_text":"","src":"https:\/\/i0.wp.com\/diariodegarca.com\/wp-content\/uploads\/2025\/06\/closeup-vista-da-mao-farmaceutico-tirando-caixa-de-remedios-da-prateleira-da-farmacia.jpg?fit=1200%2C801&ssl=1&resize=350%2C200","width":350,"height":200,"srcset":"https:\/\/i0.wp.com\/diariodegarca.com\/wp-content\/uploads\/2025\/06\/closeup-vista-da-mao-farmaceutico-tirando-caixa-de-remedios-da-prateleira-da-farmacia.jpg?fit=1200%2C801&ssl=1&resize=350%2C200 1x, https:\/\/i0.wp.com\/diariodegarca.com\/wp-content\/uploads\/2025\/06\/closeup-vista-da-mao-farmaceutico-tirando-caixa-de-remedios-da-prateleira-da-farmacia.jpg?fit=1200%2C801&ssl=1&resize=525%2C300 1.5x, https:\/\/i0.wp.com\/diariodegarca.com\/wp-content\/uploads\/2025\/06\/closeup-vista-da-mao-farmaceutico-tirando-caixa-de-remedios-da-prateleira-da-farmacia.jpg?fit=1200%2C801&ssl=1&resize=700%2C400 2x, https:\/\/i0.wp.com\/diariodegarca.com\/wp-content\/uploads\/2025\/06\/closeup-vista-da-mao-farmaceutico-tirando-caixa-de-remedios-da-prateleira-da-farmacia.jpg?fit=1200%2C801&ssl=1&resize=1050%2C600 3x"},"classes":[]},{"id":4362,"url":"https:\/\/diariodegarca.com\/?p=4362","url_meta":{"origin":2199,"position":4},"title":"Pesquisa do Procon-SP revela varia\u00e7\u00f5es de at\u00e9 2.000% no pre\u00e7o de medicamentos gen\u00e9ricos","author":"Di\u00e1rio de Gar\u00e7a","date":"2 de julho de 2025","format":false,"excerpt":"Relat\u00f3rio mostra diferen\u00e7as expressivas entre farm\u00e1cias f\u00edsicas e online na Capital e em cidades do interior e litoral paulista O Procon-SP divulgou, nesta semana, os resultados de uma ampla pesquisa comparativa de pre\u00e7os de medicamentos realizada entre os dias 26 e 28 de maio de 2025. O levantamento incluiu lojas\u2026","rel":"","context":"Em &quot;Bauru&quot;","block_context":{"text":"Bauru","link":"https:\/\/diariodegarca.com\/?cat=1357691"},"img":{"alt_text":"","src":"https:\/\/i0.wp.com\/diariodegarca.com\/wp-content\/uploads\/2025\/06\/closeup-vista-da-mao-farmaceutico-tirando-caixa-de-remedios-da-prateleira-da-farmacia.jpg?fit=1200%2C801&ssl=1&resize=350%2C200","width":350,"height":200,"srcset":"https:\/\/i0.wp.com\/diariodegarca.com\/wp-content\/uploads\/2025\/06\/closeup-vista-da-mao-farmaceutico-tirando-caixa-de-remedios-da-prateleira-da-farmacia.jpg?fit=1200%2C801&ssl=1&resize=350%2C200 1x, https:\/\/i0.wp.com\/diariodegarca.com\/wp-content\/uploads\/2025\/06\/closeup-vista-da-mao-farmaceutico-tirando-caixa-de-remedios-da-prateleira-da-farmacia.jpg?fit=1200%2C801&ssl=1&resize=525%2C300 1.5x, https:\/\/i0.wp.com\/diariodegarca.com\/wp-content\/uploads\/2025\/06\/closeup-vista-da-mao-farmaceutico-tirando-caixa-de-remedios-da-prateleira-da-farmacia.jpg?fit=1200%2C801&ssl=1&resize=700%2C400 2x, https:\/\/i0.wp.com\/diariodegarca.com\/wp-content\/uploads\/2025\/06\/closeup-vista-da-mao-farmaceutico-tirando-caixa-de-remedios-da-prateleira-da-farmacia.jpg?fit=1200%2C801&ssl=1&resize=1050%2C600 3x"},"classes":[]},{"id":9789,"url":"https:\/\/diariodegarca.com\/?p=9789","url_meta":{"origin":2199,"position":5},"title":"Procon-SP revela varia\u00e7\u00e3o de at\u00e9 121% no pre\u00e7o do mesmo material escolar em Bauru","author":"Di\u00e1rio de Gar\u00e7a","date":"5 de janeiro de 2026","format":false,"excerpt":"Pesquisa comparativa realizada em seis estabelecimentos do munic\u00edpio, que \u00e9 um dos maiores da regi\u00e3o e local onde v\u00e1rios pais acabam fazendo as compras de come\u00e7o de ano, aponta economia significativa para consumidores que realizam cota\u00e7\u00e3o pr\u00e9via; saiba como aproveitar itens de casa e fazer compras coletivas. Uma simples borracha\u2026","rel":"","context":"Em &quot;Bauru&quot;","block_context":{"text":"Bauru","link":"https:\/\/diariodegarca.com\/?cat=1357691"},"img":{"alt_text":"","src":"https:\/\/i0.wp.com\/diariodegarca.com\/wp-content\/uploads\/2026\/01\/cena-de-vida-comum-de-um-shopping-na-america.jpg?fit=1200%2C705&ssl=1&resize=350%2C200","width":350,"height":200,"srcset":"https:\/\/i0.wp.com\/diariodegarca.com\/wp-content\/uploads\/2026\/01\/cena-de-vida-comum-de-um-shopping-na-america.jpg?fit=1200%2C705&ssl=1&resize=350%2C200 1x, https:\/\/i0.wp.com\/diariodegarca.com\/wp-content\/uploads\/2026\/01\/cena-de-vida-comum-de-um-shopping-na-america.jpg?fit=1200%2C705&ssl=1&resize=525%2C300 1.5x, https:\/\/i0.wp.com\/diariodegarca.com\/wp-content\/uploads\/2026\/01\/cena-de-vida-comum-de-um-shopping-na-america.jpg?fit=1200%2C705&ssl=1&resize=700%2C400 2x, https:\/\/i0.wp.com\/diariodegarca.com\/wp-content\/uploads\/2026\/01\/cena-de-vida-comum-de-um-shopping-na-america.jpg?fit=1200%2C705&ssl=1&resize=1050%2C600 3x"},"classes":[]}],"jetpack_featured_media_url":"","_links":{"self":[{"href":"https:\/\/diariodegarca.com\/index.php?rest_route=\/wp\/v2\/posts\/2199","targetHints":{"allow":["GET"]}}],"collection":[{"href":"https:\/\/diariodegarca.com\/index.php?rest_route=\/wp\/v2\/posts"}],"about":[{"href":"https:\/\/diariodegarca.com\/index.php?rest_route=\/wp\/v2\/types\/post"}],"author":[{"embeddable":true,"href":"https:\/\/diariodegarca.com\/index.php?rest_route=\/wp\/v2\/users\/260896546"}],"replies":[{"embeddable":true,"href":"https:\/\/diariodegarca.com\/index.php?rest_route=%2Fwp%2Fv2%2Fcomments&post=2199"}],"version-history":[{"count":0,"href":"https:\/\/diariodegarca.com\/index.php?rest_route=\/wp\/v2\/posts\/2199\/revisions"}],"wp:attachment":[{"href":"https:\/\/diariodegarca.com\/index.php?rest_route=%2Fwp%2Fv2%2Fmedia&parent=2199"}],"wp:term":[{"taxonomy":"category","embeddable":true,"href":"https:\/\/diariodegarca.com\/index.php?rest_route=%2Fwp%2Fv2%2Fcategories&post=2199"},{"taxonomy":"post_tag","embeddable":true,"href":"https:\/\/diariodegarca.com\/index.php?rest_route=%2Fwp%2Fv2%2Ftags&post=2199"}],"curies":[{"name":"wp","href":"https:\/\/api.w.org\/{rel}","templated":true}]}}