{"id":2201,"date":"2025-05-05T23:48:00","date_gmt":"2025-05-05T23:48:00","guid":{"rendered":"https:\/\/diariodegarca.com\/2025\/05\/05\/mesmo-com-ensino-superior-12-dos-brasileiros-sao-analfabetos-funcionais\/"},"modified":"2025-05-05T23:48:00","modified_gmt":"2025-05-05T23:48:00","slug":"mesmo-com-ensino-superior-12-dos-brasileiros-sao-analfabetos-funcionais","status":"publish","type":"post","link":"https:\/\/diariodegarca.com\/?p=2201","title":{"rendered":"Mesmo com ensino superior, 12% dos brasileiros s\u00e3o analfabetos funcionais"},"content":{"rendered":"<\/p>\n<div>\n  <a href=\"https:\/\/blogger.googleusercontent.com\/img\/a\/AVvXsEiriF0X26sCXGTMNmL3waUkD11jtlZ4_VvxTir7ufKDkkuCGkwVaY_BOYnN9l4UAVIpiGBwrjlFsyAuLgy7H5mt7IKQN5Pqsf_Lo4LMlVLNVPICSgRfk0-xZqv9L8mXOTE68UJfmMjGiVYfhbGDo7Xh5Mp-EAG5QRCgz__9KH_lxCJfW55qJcQdRGj53aM\"><br \/>\n    <img decoding=\"async\" border=\"0\" src=\"https:\/\/blogger.googleusercontent.com\/img\/a\/AVvXsEiriF0X26sCXGTMNmL3waUkD11jtlZ4_VvxTir7ufKDkkuCGkwVaY_BOYnN9l4UAVIpiGBwrjlFsyAuLgy7H5mt7IKQN5Pqsf_Lo4LMlVLNVPICSgRfk0-xZqv9L8mXOTE68UJfmMjGiVYfhbGDo7Xh5Mp-EAG5QRCgz__9KH_lxCJfW55qJcQdRGj53aM\" width=\"400\"><br \/>\n  <\/a>\n<\/div>\n<p><\/p>\n<p><strong>Estudo revela crescimento do analfabetismo entre jovens e alerta para impacto da pandemia<\/strong><\/p>\n<p>O Brasil enfrenta um desafio persistente e preocupante na \u00e1rea da educa\u00e7\u00e3o: cerca de 29% da popula\u00e7\u00e3o entre 15 e 64 anos \u00e9 considerada analfabeta funcional. Isso significa que quase um em cada tr\u00eas brasileiros tem dificuldade para entender frases simples, interpretar informa\u00e7\u00f5es b\u00e1sicas ou realizar opera\u00e7\u00f5es matem\u00e1ticas elementares. O dado, que permanece inalterado desde 2018, foi divulgado nesta segunda-feira, dia 5 de maio, pelo Indicador de Alfabetismo Funcional (Inaf).<\/p>\n<p><strong>Analfabetismo funcional entre jovens em crescimento<\/strong><\/p>\n<p>O cen\u00e1rio \u00e9 ainda mais alarmante entre os jovens. Em 2018, 14% das pessoas entre 15 e 29 anos eram analfabetas funcionais. Em 2024, esse percentual subiu para 16%. Pesquisadores apontam que a pandemia da Covid-19 pode ter sido um dos principais fatores que contribu\u00edram para esse retrocesso, especialmente diante do fechamento prolongado das escolas e das dificuldades de acesso \u00e0 educa\u00e7\u00e3o remota.<\/p>\n<p><strong>Entenda os n\u00edveis de alfabetismo no Brasil<\/strong><\/p>\n<p>O Inaf classifica os entrevistados em cinco n\u00edveis: analfabeto, rudimentar, elementar, intermedi\u00e1rio e proficiente. Os dois primeiros correspondem ao analfabetismo funcional. J\u00e1 o n\u00edvel elementar representa uma alfabetiza\u00e7\u00e3o b\u00e1sica, enquanto os dois \u00faltimos indicam maior capacidade de compreens\u00e3o e resolu\u00e7\u00e3o de problemas.<\/p>\n<p>Atualmente, a maior parte da popula\u00e7\u00e3o (36%) est\u00e1 no n\u00edvel elementar, sendo capaz de entender textos de m\u00e9dia complexidade e realizar opera\u00e7\u00f5es matem\u00e1ticas simples. Outros 35% atingem n\u00edveis consolidados (intermedi\u00e1rio e proficiente), com 10% posicionados no n\u00edvel mais alto, o proficiente.<\/p>\n<p><strong>Trabalhadores tamb\u00e9m s\u00e3o afetados<\/strong><\/p>\n<p>Mesmo no mercado de trabalho, a alfabetiza\u00e7\u00e3o continua sendo uma barreira. O estudo aponta que 27% dos trabalhadores brasileiros s\u00e3o analfabetos funcionais. Outros 34% t\u00eam apenas alfabetiza\u00e7\u00e3o b\u00e1sica, e apenas 40% atingem n\u00edveis consolidados.<\/p>\n<p><strong>Alfabetismo insuficiente at\u00e9 entre formados no ensino superior<\/strong><\/p>\n<p>A pesquisa tamb\u00e9m revelou dados surpreendentes sobre a popula\u00e7\u00e3o com ensino superior: 12% dos brasileiros com forma\u00e7\u00e3o universit\u00e1ria s\u00e3o considerados analfabetos funcionais. Apesar da escolaridade, apenas 61% desses profissionais alcan\u00e7am n\u00edveis consolidados de alfabetismo.<\/p>\n<p>Os dados evidenciam um problema estrutural no sistema educacional brasileiro, que impacta diretamente o desenvolvimento econ\u00f4mico, social e pessoal da popula\u00e7\u00e3o. Investir em pol\u00edticas p\u00fablicas eficazes de alfabetiza\u00e7\u00e3o e valoriza\u00e7\u00e3o da educa\u00e7\u00e3o b\u00e1sica \u00e9 fundamental para mudar esse cen\u00e1rio.<\/p>\n","protected":false},"excerpt":{"rendered":"<p>Estudo revela crescimento do analfabetismo entre jovens e alerta para impacto da pandemia O Brasil enfrenta um desafio persistente e preocupante na \u00e1rea da educa\u00e7\u00e3o: cerca de 29% da popula\u00e7\u00e3o entre 15 e 64 anos \u00e9 considerada analfabeta funcional. Isso significa que quase um em cada tr\u00eas brasileiros tem dificuldade para entender frases simples, interpretar [&hellip;]<\/p>\n","protected":false},"author":260896546,"featured_media":0,"comment_status":"open","ping_status":"open","sticky":false,"template":"","format":"standard","meta":{"_crdt_document":"","_monsterinsights_skip_tracking":false,"_monsterinsights_sitenote_active":false,"_monsterinsights_sitenote_note":"","_monsterinsights_sitenote_category":0,"advanced_seo_description":"","jetpack_seo_html_title":"","jetpack_seo_noindex":false,"_jetpack_newsletter_access":"","_jetpack_dont_email_post_to_subs":false,"_jetpack_newsletter_tier_id":0,"_jetpack_memberships_contains_paywalled_content":false,"_jetpack_memberships_contains_paid_content":false,"footnotes":"","jetpack_publicize_message":"","jetpack_publicize_feature_enabled":true,"jetpack_social_post_already_shared":false,"jetpack_social_options":{"image_generator_settings":{"template":"fullscreen","default_image_id":0,"font":"","enabled":false},"version":2},"_wpas_customize_per_network":false,"jetpack_post_was_ever_published":false},"categories":[38185],"tags":[781171797],"class_list":["post-2201","post","type-post","status-publish","format-standard","hentry","category-brasil","tag-educacao"],"jetpack_publicize_connections":[],"jetpack_featured_media_url":"","jetpack_likes_enabled":true,"jetpack_sharing_enabled":true,"jetpack_shortlink":"https:\/\/wp.me\/pgitne-zv","jetpack-related-posts":[{"id":2562,"url":"https:\/\/diariodegarca.com\/?p=2562","url_meta":{"origin":2201,"position":0},"title":"UFSC abre inscri\u00e7\u00f5es para curso gratuito sobre educa\u00e7\u00e3o \u00e9tnico-racial","author":"Di\u00e1rio de Gar\u00e7a","date":"22 de mar\u00e7o de 2025","format":false,"excerpt":"A Universidade Federal de Santa Catarina (UFSC), por meio da Universidade Aberta do Brasil (UAB), est\u00e1 com inscri\u00e7\u00f5es abertas para o Curso de Extens\u00e3o Forma\u00e7\u00e3o para Doc\u00eancia e Gest\u00e3o para a Educa\u00e7\u00e3o das Rela\u00e7\u00f5es \u00c9tnico-Raciais e Quilombolas. A capacita\u00e7\u00e3o \u00e9 totalmente gratuita e online, voltada para educadores e profissionais da\u2026","rel":"","context":"Em &quot;Brasil&quot;","block_context":{"text":"Brasil","link":"https:\/\/diariodegarca.com\/?cat=38185"},"img":{"alt_text":"","src":"","width":0,"height":0},"classes":[]},{"id":3463,"url":"https:\/\/diariodegarca.com\/?p=3463","url_meta":{"origin":2201,"position":1},"title":"Universidade lan\u00e7a portal para mapear a literatura brasileira contempor\u00e2nea","author":"Di\u00e1rio de Gar\u00e7a","date":"27 de maio de 2025","format":false,"excerpt":"Plataforma \"Pra\u00e7a Cl\u00f3vis\" re\u00fane centenas de resenhas cr\u00edticas de obras publicadas nos \u00faltimos 55 anos, com participa\u00e7\u00e3o de pesquisadores nacionais e internacionais A\u00a0Universidade de Bras\u00edlia (UnB), em parceria com o\u00a0Minist\u00e9rio da Educa\u00e7\u00e3o (MEC), acaba de lan\u00e7ar o\u00a0portal Pra\u00e7a Cl\u00f3vis, uma ferramenta digital que busca mapear e analisar a produ\u00e7\u00e3o liter\u00e1ria\u2026","rel":"","context":"Em &quot;Cultura&quot;","block_context":{"text":"Cultura","link":"https:\/\/diariodegarca.com\/?cat=2367"},"img":{"alt_text":"","src":"","width":0,"height":0},"classes":[]},{"id":2956,"url":"https:\/\/diariodegarca.com\/?p=2956","url_meta":{"origin":2201,"position":2},"title":"CAPES oferece forma\u00e7\u00e3o de docentes para educa\u00e7\u00e3o \u00e9tnico-racial de forma online por duas universidades","author":"Di\u00e1rio de Gar\u00e7a","date":"26 de janeiro de 2025","format":false,"excerpt":"A Coordena\u00e7\u00e3o de Aperfei\u00e7oamento de Pessoal de N\u00edvel Superior vinculada ao Minist\u00e9rio da Educa\u00e7\u00e3o, por meio da Universidade Federal de Pernambuco e da Universidade de Pernambuco abre vagas para o curso de extens\u00e3o gratuito e a dist\u00e2ncia \u201cForma\u00e7\u00e3o para Doc\u00eancia e Gest\u00e3o para a Educa\u00e7\u00e3o das Rela\u00e7\u00f5es \u00c9tnico-Raciais (ERER) e\u2026","rel":"","context":"Em &quot;Brasil&quot;","block_context":{"text":"Brasil","link":"https:\/\/diariodegarca.com\/?cat=38185"},"img":{"alt_text":"","src":"","width":0,"height":0},"classes":[]},{"id":2701,"url":"https:\/\/diariodegarca.com\/?p=2701","url_meta":{"origin":2201,"position":3},"title":"UFS abre inscri\u00e7\u00f5es para curso de extens\u00e3o em Educa\u00e7\u00e3o para Rela\u00e7\u00f5es \u00c9tnico-Raciais e Quilombolas","author":"Di\u00e1rio de Gar\u00e7a","date":"4 de mar\u00e7o de 2025","format":false,"excerpt":"A\u00a0Universidade Federal de Sergipe (UFS), por meio do\u00a0Centro de Educa\u00e7\u00e3o Superior a Dist\u00e2ncia (CESAD), em parceria com a\u00a0Universidade Aberta do Brasil (UAB), lan\u00e7ou o\u00a0Edital n\u00ba 12\/2025, que abre inscri\u00e7\u00f5es para o curso de extens\u00e3o\u00a0\"Forma\u00e7\u00e3o para Doc\u00eancia e Gest\u00e3o para a Educa\u00e7\u00e3o das Rela\u00e7\u00f5es \u00c9tnico-Raciais e Quilombolas\".O curso \u00e9 gratuito, realizado\u2026","rel":"","context":"Em &quot;Brasil&quot;","block_context":{"text":"Brasil","link":"https:\/\/diariodegarca.com\/?cat=38185"},"img":{"alt_text":"","src":"","width":0,"height":0},"classes":[]},{"id":6429,"url":"https:\/\/diariodegarca.com\/?p=6429","url_meta":{"origin":2201,"position":4},"title":"Setembro Azul: m\u00eas de visibilidade, inclus\u00e3o e direitos da comunidade surda","author":"Di\u00e1rio de Gar\u00e7a","date":"6 de setembro de 2025","format":false,"excerpt":"Campanha nacional destaca conquistas legais, como a Lei de Libras, e os desafios persistentes na acessibilidade e no combate \u00e0 discrimina\u00e7\u00e3o. O m\u00eas de setembro se pinta de azul no Brasil, cor escolhida pela comunidade surda mundial para representar sua luta e orgulho. O\u00a0Setembro Azul\u00a0\u00e9 um per\u00edodo de visibilidade, celebra\u00e7\u00e3o\u2026","rel":"","context":"Em &quot;Campanha mensal&quot;","block_context":{"text":"Campanha mensal","link":"https:\/\/diariodegarca.com\/?cat=582590134"},"img":{"alt_text":"","src":"https:\/\/i0.wp.com\/diariodegarca.com\/wp-content\/uploads\/2025\/09\/retrato-de-estudio-de-jovem-moreno.jpg?fit=1200%2C800&ssl=1&resize=350%2C200","width":350,"height":200,"srcset":"https:\/\/i0.wp.com\/diariodegarca.com\/wp-content\/uploads\/2025\/09\/retrato-de-estudio-de-jovem-moreno.jpg?fit=1200%2C800&ssl=1&resize=350%2C200 1x, https:\/\/i0.wp.com\/diariodegarca.com\/wp-content\/uploads\/2025\/09\/retrato-de-estudio-de-jovem-moreno.jpg?fit=1200%2C800&ssl=1&resize=525%2C300 1.5x, https:\/\/i0.wp.com\/diariodegarca.com\/wp-content\/uploads\/2025\/09\/retrato-de-estudio-de-jovem-moreno.jpg?fit=1200%2C800&ssl=1&resize=700%2C400 2x, https:\/\/i0.wp.com\/diariodegarca.com\/wp-content\/uploads\/2025\/09\/retrato-de-estudio-de-jovem-moreno.jpg?fit=1200%2C800&ssl=1&resize=1050%2C600 3x"},"classes":[]},{"id":2730,"url":"https:\/\/diariodegarca.com\/?p=2730","url_meta":{"origin":2201,"position":5},"title":"Inscri\u00e7\u00f5es abertas para o projeto Ax\u00e9 nas Redes: forma\u00e7\u00e3o audiovisual para jovens de comunidades tradicionais","author":"Di\u00e1rio de Gar\u00e7a","date":"28 de fevereiro de 2025","format":false,"excerpt":"O projeto Ax\u00e9 nas Redes, uma iniciativa voltada para a forma\u00e7\u00e3o audiovisual de jovens pertencentes aos povos e comunidades tradicionais de terreiro e de matriz africana, est\u00e1 com inscri\u00e7\u00f5es abertas at\u00e9 o dia 26 de mar\u00e7o.\u00a0A proposta, que une cultura, educa\u00e7\u00e3o e tecnologia, oferece oficinas online gratuitas com carga hor\u00e1ria\u2026","rel":"","context":"Em &quot;Brasil&quot;","block_context":{"text":"Brasil","link":"https:\/\/diariodegarca.com\/?cat=38185"},"img":{"alt_text":"","src":"","width":0,"height":0},"classes":[]}],"_links":{"self":[{"href":"https:\/\/diariodegarca.com\/index.php?rest_route=\/wp\/v2\/posts\/2201","targetHints":{"allow":["GET"]}}],"collection":[{"href":"https:\/\/diariodegarca.com\/index.php?rest_route=\/wp\/v2\/posts"}],"about":[{"href":"https:\/\/diariodegarca.com\/index.php?rest_route=\/wp\/v2\/types\/post"}],"author":[{"embeddable":true,"href":"https:\/\/diariodegarca.com\/index.php?rest_route=\/wp\/v2\/users\/260896546"}],"replies":[{"embeddable":true,"href":"https:\/\/diariodegarca.com\/index.php?rest_route=%2Fwp%2Fv2%2Fcomments&post=2201"}],"version-history":[{"count":0,"href":"https:\/\/diariodegarca.com\/index.php?rest_route=\/wp\/v2\/posts\/2201\/revisions"}],"wp:attachment":[{"href":"https:\/\/diariodegarca.com\/index.php?rest_route=%2Fwp%2Fv2%2Fmedia&parent=2201"}],"wp:term":[{"taxonomy":"category","embeddable":true,"href":"https:\/\/diariodegarca.com\/index.php?rest_route=%2Fwp%2Fv2%2Fcategories&post=2201"},{"taxonomy":"post_tag","embeddable":true,"href":"https:\/\/diariodegarca.com\/index.php?rest_route=%2Fwp%2Fv2%2Ftags&post=2201"}],"curies":[{"name":"wp","href":"https:\/\/api.w.org\/{rel}","templated":true}]}}