{"id":2205,"date":"2025-05-04T19:07:00","date_gmt":"2025-05-04T19:07:00","guid":{"rendered":"https:\/\/diariodegarca.com\/2025\/05\/04\/policiais-militares-prendem-homem-por-trafico-de-drogas-em-marilia\/"},"modified":"2025-05-04T19:07:00","modified_gmt":"2025-05-04T19:07:00","slug":"policiais-militares-prendem-homem-por-trafico-de-drogas-em-marilia","status":"publish","type":"post","link":"https:\/\/diariodegarca.com\/?p=2205","title":{"rendered":"Policiais Militares prendem homem por tr\u00e1fico de drogas em Mar\u00edlia"},"content":{"rendered":"<p><div class=\"separator\" style=\"clear: both;text-align: center\">\n  <a href=\"https:\/\/blogger.googleusercontent.com\/img\/a\/AVvXsEiCy-K3-rH8z2i6Dbz_51h1f8E2u_Pq0Wuk7uV9V2vuzDVkZ7NPsa5SXg9enaBdG86mKHYheJwSL9sxc83utWWnfEXqszJK_N4dRdFPJZf1x2I3WpJrqfsXsKwPX_9mk7SCB0DrYjD1_HhcCUNVrHKSbCAqKCDACQkkvS9Vh_duBVhDXE2_AQjPYBjB4RU\" style=\"margin-left: 1em;margin-right: 1em\"><br \/>\n    <img decoding=\"async\" border=\"0\" src=\"https:\/\/blogger.googleusercontent.com\/img\/a\/AVvXsEiCy-K3-rH8z2i6Dbz_51h1f8E2u_Pq0Wuk7uV9V2vuzDVkZ7NPsa5SXg9enaBdG86mKHYheJwSL9sxc83utWWnfEXqszJK_N4dRdFPJZf1x2I3WpJrqfsXsKwPX_9mk7SCB0DrYjD1_HhcCUNVrHKSbCAqKCDACQkkvS9Vh_duBVhDXE2_AQjPYBjB4RU\" width=\"400\"><br \/>\n  <\/a>\n<\/div>\n<\/p>\n<p>Na noite de s\u00e1bado, dia 3 de maio, agentes do <strong>9\u00ba Batalh\u00e3o de Pol\u00edcia Militar do Interior<\/strong> prenderam um homem por <strong>tr\u00e1fico de drogas<\/strong> durante patrulhamento na zona sul de <strong>Mar\u00edlia<\/strong>.\u00a0<\/p>\n<p>A a\u00e7\u00e3o ocorreu por volta das <strong>23h33<\/strong>, na <strong>rua Francisca de Oliveira<\/strong>, quando os militares abordaram o suspeito, que portava uma sacola com grande quantidade de entorpecentes.<\/p>\n<p>Com o indiv\u00edduo, foram encontrados:<br \/>\n\u2714 <strong>50 por\u00e7\u00f5es de maconha<\/strong><br \/>\n\u2714 <strong>98 pinos de crack<\/strong><br \/>\n\u2714 <strong>68 pinos de coca\u00edna<\/strong><br \/>\n\u2714 <strong>3 por\u00e7\u00f5es de Dry<\/strong><br \/>\n\u2714 <strong>5 vidros de lan\u00e7a perfume<\/strong><br \/>\n\u2714 <strong>R$ 130,00 em dinheiro<\/strong><br \/>\n\u2714 <strong>1 aparelho celular<\/strong><\/p>\n<p>O homem foi <strong>encaminhado \u00e0 Central de Pol\u00edcia Judici\u00e1ria (CPJ) de Mar\u00edlia<\/strong> e permaneceu preso, \u00e0 disposi\u00e7\u00e3o da Justi\u00e7a.\u00a0<\/p>\n","protected":false},"excerpt":{"rendered":"<p>Na noite de s\u00e1bado, dia 3 de maio, agentes do 9\u00ba Batalh\u00e3o de Pol\u00edcia Militar do Interior prenderam um homem por tr\u00e1fico de drogas durante patrulhamento na zona sul de Mar\u00edlia.\u00a0 A a\u00e7\u00e3o ocorreu por volta das 23h33, na rua Francisca de Oliveira, quando os militares abordaram o suspeito, que portava uma sacola com grande [&hellip;]<\/p>\n","protected":false},"author":260896546,"featured_media":0,"comment_status":"open","ping_status":"open","sticky":false,"template":"","format":"standard","meta":{"_crdt_document":"","_monsterinsights_skip_tracking":false,"_monsterinsights_sitenote_active":false,"_monsterinsights_sitenote_note":"","_monsterinsights_sitenote_category":0,"advanced_seo_description":"","jetpack_seo_html_title":"","jetpack_seo_noindex":false,"_jetpack_newsletter_access":"","_jetpack_dont_email_post_to_subs":false,"_jetpack_newsletter_tier_id":0,"_jetpack_memberships_contains_paywalled_content":false,"_jetpack_memberships_contains_paid_content":false,"footnotes":"","jetpack_publicize_message":"","jetpack_publicize_feature_enabled":true,"jetpack_social_post_already_shared":false,"jetpack_social_options":{"image_generator_settings":{"template":"fullscreen","default_image_id":0,"font":"","enabled":false},"version":2},"_wpas_customize_per_network":false,"jetpack_post_was_ever_published":false},"categories":[38185],"tags":[222752,1036487],"class_list":["post-2205","post","type-post","status-publish","format-standard","hentry","category-brasil","tag-marilia","tag-seguranca-publica"],"jetpack_publicize_connections":[],"jetpack_featured_media_url":"","jetpack_likes_enabled":true,"jetpack_sharing_enabled":true,"jetpack_shortlink":"https:\/\/wp.me\/pgitne-zz","jetpack-related-posts":[{"id":4159,"url":"https:\/\/diariodegarca.com\/?p=4159","url_meta":{"origin":2205,"position":0},"title":"A\u00e7\u00f5es policiais prendem suspeitos por roubo, furto e tr\u00e1fico em cidades da regi\u00e3o","author":"Di\u00e1rio de Gar\u00e7a","date":"23 de junho de 2025","format":false,"excerpt":"Em opera\u00e7\u00f5es realizadas no fim de semana, policiais militares do 9\u00ba Batalh\u00e3o do Interior prenderam criminosos em flagrante em Mar\u00edlia, Pomp\u00e9ia e Tup\u00e3; drogas, ve\u00edculo furtado e objetos roubados foram apreendidos. No \u00faltimo fim de semana, o\u00a09\u00ba Batalh\u00e3o de Pol\u00edcia Militar do Interior\u00a0registrou ocorr\u00eancias em diferentes cidades da regi\u00e3o, resultando\u2026","rel":"","context":"Em &quot;Mar\u00edlia&quot;","block_context":{"text":"Mar\u00edlia","link":"https:\/\/diariodegarca.com\/?cat=683453294"},"img":{"alt_text":"","src":"https:\/\/i0.wp.com\/diariodegarca.com\/wp-content\/uploads\/2025\/06\/503566608_18306010942246526_8008225824564545424_n-e1764161649475.webp?fit=1080%2C733&ssl=1&resize=350%2C200","width":350,"height":200,"srcset":"https:\/\/i0.wp.com\/diariodegarca.com\/wp-content\/uploads\/2025\/06\/503566608_18306010942246526_8008225824564545424_n-e1764161649475.webp?fit=1080%2C733&ssl=1&resize=350%2C200 1x, https:\/\/i0.wp.com\/diariodegarca.com\/wp-content\/uploads\/2025\/06\/503566608_18306010942246526_8008225824564545424_n-e1764161649475.webp?fit=1080%2C733&ssl=1&resize=525%2C300 1.5x, https:\/\/i0.wp.com\/diariodegarca.com\/wp-content\/uploads\/2025\/06\/503566608_18306010942246526_8008225824564545424_n-e1764161649475.webp?fit=1080%2C733&ssl=1&resize=700%2C400 2x, https:\/\/i0.wp.com\/diariodegarca.com\/wp-content\/uploads\/2025\/06\/503566608_18306010942246526_8008225824564545424_n-e1764161649475.webp?fit=1080%2C733&ssl=1&resize=1050%2C600 3x"},"classes":[]},{"id":3867,"url":"https:\/\/diariodegarca.com\/?p=3867","url_meta":{"origin":2205,"position":1},"title":"Pol\u00edcia Militar prende casal por tr\u00e1fico em Gar\u00e7a e homem por venda de drogas em Mar\u00edlia","author":"Di\u00e1rio de Gar\u00e7a","date":"11 de junho de 2025","format":false,"excerpt":"A\u00e7\u00f5es do 9\u00ba BPM do Interior resultaram na apreens\u00e3o de entorpecentes e valores em ocorr\u00eancias distintas A Pol\u00edcia Militar do Estado de S\u00e3o Paulo atua diariamente no combate ao crime, especialmente no enfrentamento ao tr\u00e1fico de drogas, garantindo a seguran\u00e7a p\u00fablica por meio de abordagens e investiga\u00e7\u00f5es. Na ter\u00e7a-feira, dia\u2026","rel":"","context":"Em &quot;Gar\u00e7a&quot;","block_context":{"text":"Gar\u00e7a","link":"https:\/\/diariodegarca.com\/?cat=781171664"},"img":{"alt_text":"","src":"","width":0,"height":0},"classes":[]},{"id":3655,"url":"https:\/\/diariodegarca.com\/?p=3655","url_meta":{"origin":2205,"position":2},"title":"Pris\u00f5es por estupro e tr\u00e1fico marcam fim de semana na regi\u00e3o","author":"Di\u00e1rio de Gar\u00e7a","date":"4 de junho de 2025","format":false,"excerpt":"A\u00e7\u00f5es do 9\u00ba Batalh\u00e3o da aconteceu nas cidades de Mar\u00edlia, Tup\u00e3 e Gar\u00e7a, com pris\u00f5es em flagrantes O 9\u00ba Batalh\u00e3o de Pol\u00edcia Militar do Interior registrou, no \u00faltimo fim de semana, ocorr\u00eancias graves em diferentes cidades da regi\u00e3o, resultando na pris\u00e3o de indiv\u00edduos por crimes como estupro, viol\u00eancia dom\u00e9stica e\u2026","rel":"","context":"Em &quot;Gar\u00e7a&quot;","block_context":{"text":"Gar\u00e7a","link":"https:\/\/diariodegarca.com\/?cat=781171664"},"img":{"alt_text":"","src":"","width":0,"height":0},"classes":[]},{"id":2724,"url":"https:\/\/diariodegarca.com\/?p=2724","url_meta":{"origin":2205,"position":3},"title":"Policiais Militares prendem homem por tr\u00e1fico de drogas em Mar\u00edlia","author":"Di\u00e1rio de Gar\u00e7a","date":"1 de mar\u00e7o de 2025","format":false,"excerpt":"Na manh\u00e3 de s\u00e1bado, 1\u00ba de mar\u00e7o, equipes do 9\u00ba Batalh\u00e3o de Pol\u00edcia Militar do Interior prenderam em flagrante um homem por tr\u00e1fico de drogas na zona norte de Mar\u00edlia.\u00a0A a\u00e7\u00e3o resultou na apreens\u00e3o de 208 pinos de coca\u00edna, 220 pinos de crack e 140 por\u00e7\u00f5es de maconha, que estavam\u2026","rel":"","context":"Em &quot;Brasil&quot;","block_context":{"text":"Brasil","link":"https:\/\/diariodegarca.com\/?cat=38185"},"img":{"alt_text":"","src":"","width":0,"height":0},"classes":[]},{"id":5034,"url":"https:\/\/diariodegarca.com\/?p=5034","url_meta":{"origin":2205,"position":4},"title":"PM prende suspeitos de sequestro, tr\u00e1fico e cumpre mandados em Mar\u00edlia, Tup\u00e3 e Pomp\u00e9ia","author":"Di\u00e1rio de Gar\u00e7a","date":"25 de julho de 2025","format":false,"excerpt":"Opera\u00e7\u00f5es do 9\u00ba BPM\/I resultaram em pris\u00f5es, apreens\u00e3o de armas e drogas em diferentes cidades da regi\u00e3o. A seguran\u00e7a p\u00fablica na regi\u00e3o de Mar\u00edlia esteve movimentada nesta semana, com a\u00e7\u00f5es policiais que resultaram na pris\u00e3o de criminosos envolvidos em crimes graves, como sequestro, tr\u00e1fico de drogas e posse ilegal de\u2026","rel":"","context":"Em &quot;Mar\u00edlia&quot;","block_context":{"text":"Mar\u00edlia","link":"https:\/\/diariodegarca.com\/?cat=683453294"},"img":{"alt_text":"","src":"https:\/\/i0.wp.com\/diariodegarca.com\/wp-content\/uploads\/2025\/07\/whatsapp-image-2025-07-25-at-15.40.53.jpeg?fit=1200%2C987&ssl=1&resize=350%2C200","width":350,"height":200,"srcset":"https:\/\/i0.wp.com\/diariodegarca.com\/wp-content\/uploads\/2025\/07\/whatsapp-image-2025-07-25-at-15.40.53.jpeg?fit=1200%2C987&ssl=1&resize=350%2C200 1x, https:\/\/i0.wp.com\/diariodegarca.com\/wp-content\/uploads\/2025\/07\/whatsapp-image-2025-07-25-at-15.40.53.jpeg?fit=1200%2C987&ssl=1&resize=525%2C300 1.5x, https:\/\/i0.wp.com\/diariodegarca.com\/wp-content\/uploads\/2025\/07\/whatsapp-image-2025-07-25-at-15.40.53.jpeg?fit=1200%2C987&ssl=1&resize=700%2C400 2x, https:\/\/i0.wp.com\/diariodegarca.com\/wp-content\/uploads\/2025\/07\/whatsapp-image-2025-07-25-at-15.40.53.jpeg?fit=1200%2C987&ssl=1&resize=1050%2C600 3x"},"classes":[]},{"id":4970,"url":"https:\/\/diariodegarca.com\/?p=4970","url_meta":{"origin":2205,"position":5},"title":"PM: A\u00e7\u00f5es em Gar\u00e7a, Mar\u00edlia, Tup\u00e3 e G\u00e1lia levam a pris\u00f5es","author":"Di\u00e1rio de Gar\u00e7a","date":"24 de julho de 2025","format":false,"excerpt":"Ao todo foram presas 8 pessoas por estupro, tr\u00e1fico e roubo em quatro cidades do interior Em uma s\u00e9rie de opera\u00e7\u00f5es realizadas entre os dias 23 e 24 de julho, o 9\u00ba Batalh\u00e3o de Pol\u00edcia Militar do Interior demonstrou efici\u00eancia no combate ao crime organizado na regi\u00e3o. As a\u00e7\u00f5es, que\u2026","rel":"","context":"Em &quot;Gar\u00e7a&quot;","block_context":{"text":"Gar\u00e7a","link":"https:\/\/diariodegarca.com\/?cat=781171664"},"img":{"alt_text":"","src":"https:\/\/i0.wp.com\/diariodegarca.com\/wp-content\/uploads\/2025\/07\/522381887_4217999475080153_2060988269710767919_n.heic?fit=640%2C640&ssl=1&resize=350%2C200","width":350,"height":200,"srcset":"https:\/\/i0.wp.com\/diariodegarca.com\/wp-content\/uploads\/2025\/07\/522381887_4217999475080153_2060988269710767919_n.heic?fit=640%2C640&ssl=1&resize=350%2C200 1x, https:\/\/i0.wp.com\/diariodegarca.com\/wp-content\/uploads\/2025\/07\/522381887_4217999475080153_2060988269710767919_n.heic?fit=640%2C640&ssl=1&resize=525%2C300 1.5x"},"classes":[]}],"_links":{"self":[{"href":"https:\/\/diariodegarca.com\/index.php?rest_route=\/wp\/v2\/posts\/2205","targetHints":{"allow":["GET"]}}],"collection":[{"href":"https:\/\/diariodegarca.com\/index.php?rest_route=\/wp\/v2\/posts"}],"about":[{"href":"https:\/\/diariodegarca.com\/index.php?rest_route=\/wp\/v2\/types\/post"}],"author":[{"embeddable":true,"href":"https:\/\/diariodegarca.com\/index.php?rest_route=\/wp\/v2\/users\/260896546"}],"replies":[{"embeddable":true,"href":"https:\/\/diariodegarca.com\/index.php?rest_route=%2Fwp%2Fv2%2Fcomments&post=2205"}],"version-history":[{"count":0,"href":"https:\/\/diariodegarca.com\/index.php?rest_route=\/wp\/v2\/posts\/2205\/revisions"}],"wp:attachment":[{"href":"https:\/\/diariodegarca.com\/index.php?rest_route=%2Fwp%2Fv2%2Fmedia&parent=2205"}],"wp:term":[{"taxonomy":"category","embeddable":true,"href":"https:\/\/diariodegarca.com\/index.php?rest_route=%2Fwp%2Fv2%2Fcategories&post=2205"},{"taxonomy":"post_tag","embeddable":true,"href":"https:\/\/diariodegarca.com\/index.php?rest_route=%2Fwp%2Fv2%2Ftags&post=2205"}],"curies":[{"name":"wp","href":"https:\/\/api.w.org\/{rel}","templated":true}]}}