{"id":2207,"date":"2025-05-04T17:38:00","date_gmt":"2025-05-04T17:38:00","guid":{"rendered":"https:\/\/diariodegarca.com\/2025\/05\/04\/fiocruz-abre-inscricoes-para-curso-gratuito-de-escrita-cientifica-em-formato-ead\/"},"modified":"2025-05-04T17:38:00","modified_gmt":"2025-05-04T17:38:00","slug":"fiocruz-abre-inscricoes-para-curso-gratuito-de-escrita-cientifica-em-formato-ead","status":"publish","type":"post","link":"https:\/\/diariodegarca.com\/?p=2207","title":{"rendered":"Fiocruz abre inscri\u00e7\u00f5es para curso gratuito de Escrita Cient\u00edfica em formato EAD"},"content":{"rendered":"<p><div class=\"separator\" style=\"clear: both;text-align: center\">\n  <a href=\"https:\/\/blogger.googleusercontent.com\/img\/a\/AVvXsEhHG8_VGQZq6h5TU1S0t3OprkfYGdaCj8C67qYJwjaQ0_uBKpPex9zYJMSKAj4WCJlHvPDJ9MabYMSSo5Mu-v91Mdvs5jlEEMr4s-4gcnSa1nAOOn5QsjvUzzwBcUoWwYGzlivxK4GuY3h3Q8uOlRxw3enqlAps4kjiRWsfiGO-5BCQN3Oi4IaAFMH10xE\" style=\"margin-left: 1em;margin-right: 1em\"><br \/>\n    <img decoding=\"async\" border=\"0\" src=\"https:\/\/blogger.googleusercontent.com\/img\/a\/AVvXsEhHG8_VGQZq6h5TU1S0t3OprkfYGdaCj8C67qYJwjaQ0_uBKpPex9zYJMSKAj4WCJlHvPDJ9MabYMSSo5Mu-v91Mdvs5jlEEMr4s-4gcnSa1nAOOn5QsjvUzzwBcUoWwYGzlivxK4GuY3h3Q8uOlRxw3enqlAps4kjiRWsfiGO-5BCQN3Oi4IaAFMH10xE\" width=\"400\"><br \/>\n  <\/a>\n<\/div>\n<p><\/p>\n<p>O <strong>Instituto Nacional de Controle de Qualidade em Sa\u00fade (INCQS\/Fiocruz)<\/strong> est\u00e1 com inscri\u00e7\u00f5es abertas para o curso de <strong>Escrita Cient\u00edfica<\/strong>, voltado para profissionais e p\u00f3s-graduandos da \u00e1rea de sa\u00fade e afins.\u00a0<\/p>\n<p>Com carga hor\u00e1ria de <strong>40 horas<\/strong>, sendo <strong>12h s\u00edncronas<\/strong> e <strong>28h ass\u00edncronas<\/strong>, a capacita\u00e7\u00e3o ocorrer\u00e1 entre <strong>19 de maio e 6 de junho de 2025<\/strong>, com aulas remotas via Zoom e atividades na plataforma Moodle.<\/p>\n<p><strong>P\u00fablico-alvo:<\/strong><br \/>\nDestinado a profissionais da <strong>Anvisa<\/strong>, alunos da <strong>Especializa\u00e7\u00e3o em Ci\u00eancia de Dados e Intelig\u00eancia Artificial (Anvisa)<\/strong>, p\u00f3s-graduandos em <strong>Vigil\u00e2ncia Sanit\u00e1ria (INCQS)<\/strong> e demais interessados com n\u00edvel superior completo.<\/p>\n<p><strong>Conte\u00fado program\u00e1tico:<\/strong><br \/>\nO curso abordar\u00e1 temas essenciais para a produ\u00e7\u00e3o acad\u00eamica, como:<\/p>\n<ul>\n<li>Estrutura de textos cient\u00edficos (resumo, introdu\u00e7\u00e3o, metodologia, resultados);<\/li>\n<li>Normas ABNT e formata\u00e7\u00e3o;<\/li>\n<li>\u00c9tica acad\u00eamica e combate ao pl\u00e1gio;<\/li>\n<li>Intelig\u00eancia emocional no ambiente acad\u00eamico.<\/li>\n<\/ul>\n<p><strong>Metodologia:<\/strong><br \/>\nCom aulas s\u00edncronas (obrigat\u00f3rias) e materiais autoinstrucionais, os participantes ter\u00e3o acesso a slides interativos, artigos cient\u00edficos e atividades avaliativas. A certifica\u00e7\u00e3o exige <strong>75% de frequ\u00eancia<\/strong> e nota m\u00ednima de <strong>60%<\/strong>.<\/p>\n<p><strong>Inscri\u00e7\u00f5es e sele\u00e7\u00e3o:<\/strong><br \/>\nAs vagas s\u00e3o limitadas (<strong>150 no total<\/strong>), e as inscri\u00e7\u00f5es devem ser realizadas at\u00e9 <strong>6 de maio<\/strong> no <a href=\"https:\/\/campusvirtual.fiocruz.br\/portal\/\">Campus Virtual Fiocruz<\/a>. \u00c9 necess\u00e1rio anexar diploma de gradua\u00e7\u00e3o e comprovante de v\u00ednculo institucional.<\/p>\n<p><strong>D\u00favidas:<\/strong><br \/>\nContato pelo e-mail <strong><a href=\"mailto:incqs.cpe@fiocruz.br\">incqs.cpe@fiocruz.br<\/a><\/strong> ou telefone <strong>(21) 3865-5112\/5291<\/strong>.<\/p>\n<p><strong>Links \u00fateis:<\/strong><\/p>\n<ul>\n<li><a href=\"https:\/\/campusvirtual.fiocruz.br\/portal\/\">Inscri\u00e7\u00f5es<\/a><\/li>\n<li><a href=\"https:\/\/campusvirtual.fiocruz.br\/gestordecursos\/hotsite\/cvf-node-30225-submission-11402\">Edital completo<\/a><\/li>\n<\/ul>\n<p><\/p>\n","protected":false},"excerpt":{"rendered":"<p>O Instituto Nacional de Controle de Qualidade em Sa\u00fade (INCQS\/Fiocruz) est\u00e1 com inscri\u00e7\u00f5es abertas para o curso de Escrita Cient\u00edfica, voltado para profissionais e p\u00f3s-graduandos da \u00e1rea de sa\u00fade e afins.\u00a0 Com carga hor\u00e1ria de 40 horas, sendo 12h s\u00edncronas e 28h ass\u00edncronas, a capacita\u00e7\u00e3o ocorrer\u00e1 entre 19 de maio e 6 de junho de [&hellip;]<\/p>\n","protected":false},"author":260896546,"featured_media":0,"comment_status":"open","ping_status":"open","sticky":false,"template":"","format":"standard","meta":{"_crdt_document":"","_monsterinsights_skip_tracking":false,"_monsterinsights_sitenote_active":false,"_monsterinsights_sitenote_note":"","_monsterinsights_sitenote_category":0,"advanced_seo_description":"","jetpack_seo_html_title":"","jetpack_seo_noindex":false,"_jetpack_newsletter_access":"","_jetpack_dont_email_post_to_subs":false,"_jetpack_newsletter_tier_id":0,"_jetpack_memberships_contains_paywalled_content":false,"_jetpack_memberships_contains_paid_content":false,"footnotes":"","jetpack_publicize_message":"","jetpack_publicize_feature_enabled":true,"jetpack_social_post_already_shared":false,"jetpack_social_options":{"image_generator_settings":{"template":"fullscreen","default_image_id":0,"font":"","enabled":false},"version":2},"_wpas_customize_per_network":false,"jetpack_post_was_ever_published":false},"categories":[38185],"tags":[743,781171797],"class_list":["post-2207","post","type-post","status-publish","format-standard","hentry","category-brasil","tag-ciencias","tag-educacao"],"jetpack_publicize_connections":[],"jetpack_featured_media_url":"","jetpack_likes_enabled":true,"jetpack_sharing_enabled":true,"jetpack_shortlink":"https:\/\/wp.me\/pgitne-zB","jetpack-related-posts":[{"id":2776,"url":"https:\/\/diariodegarca.com\/?p=2776","url_meta":{"origin":2207,"position":0},"title":"Fiocruz oferece curso gratuito sobre preven\u00e7\u00e3o de doen\u00e7as cr\u00f4nicas n\u00e3o transmiss\u00edveis","author":"Di\u00e1rio de Gar\u00e7a","date":"20 de fevereiro de 2025","format":false,"excerpt":"A Escola Nacional de Sa\u00fade P\u00fablica da Fiocruz (ENSP\/Fiocruz), por meio do Centro de Estudos sobre Tabaco e Sa\u00fade (Cetab) e da Coordena\u00e7\u00e3o de Desenvolvimento de Educa\u00e7\u00e3o a Dist\u00e2ncia (CDEAD), est\u00e1 com inscri\u00e7\u00f5es abertas para o curso \u201cEstrat\u00e9gias de Preven\u00e7\u00e3o das Doen\u00e7as Cr\u00f4nicas N\u00e3o Transmiss\u00edveis\u201d.\u00a0A forma\u00e7\u00e3o, gratuita e totalmente online,\u2026","rel":"","context":"Em &quot;Brasil&quot;","block_context":{"text":"Brasil","link":"https:\/\/diariodegarca.com\/?cat=38185"},"img":{"alt_text":"","src":"","width":0,"height":0},"classes":[]},{"id":2689,"url":"https:\/\/diariodegarca.com\/?p=2689","url_meta":{"origin":2207,"position":1},"title":"Fiocruz oferece curso online e gratuito sobre leptospirose","author":"Di\u00e1rio de Gar\u00e7a","date":"6 de mar\u00e7o de 2025","format":false,"excerpt":"A Funda\u00e7\u00e3o Oswaldo Cruz (Fiocruz), refer\u00eancia em pesquisa e educa\u00e7\u00e3o na \u00e1rea da sa\u00fade, est\u00e1 oferecendo um curso gratuito e online sobre leptospirose, doen\u00e7a infecciosa que preocupa especialmente em regi\u00f5es afetadas por desastres clim\u00e1ticos.\u00a0A iniciativa \u00e9 fruto de uma parceria entre o Campus Virtual Fiocruz, o Instituto Nacional de Infectologia\u2026","rel":"","context":"Em &quot;Brasil&quot;","block_context":{"text":"Brasil","link":"https:\/\/diariodegarca.com\/?cat=38185"},"img":{"alt_text":"","src":"","width":0,"height":0},"classes":[]},{"id":2739,"url":"https:\/\/diariodegarca.com\/?p=2739","url_meta":{"origin":2207,"position":2},"title":"Fiocruz abre inscri\u00e7\u00f5es para curso de autocuidado e preven\u00e7\u00e3o de doen\u00e7as cr\u00f4nicas","author":"Di\u00e1rio de Gar\u00e7a","date":"27 de fevereiro de 2025","format":false,"excerpt":"\u00a0 A Funda\u00e7\u00e3o Oswaldo Cruz (Fiocruz) est\u00e1 com inscri\u00e7\u00f5es abertas para a 3\u00aa edi\u00e7\u00e3o do curso \u2018Autocuidado em sa\u00fade e a Literacia para a promo\u00e7\u00e3o da sa\u00fade e a preven\u00e7\u00e3o das doen\u00e7as cr\u00f4nicas na Aten\u00e7\u00e3o Prim\u00e1ria \u00e0 Sa\u00fade\u2019.A forma\u00e7\u00e3o, realizada em parceria com o Minist\u00e9rio da Sa\u00fade, \u00e9 online, gratuita\u2026","rel":"","context":"Em &quot;Brasil&quot;","block_context":{"text":"Brasil","link":"https:\/\/diariodegarca.com\/?cat=38185"},"img":{"alt_text":"","src":"","width":0,"height":0},"classes":[]},{"id":2144,"url":"https:\/\/diariodegarca.com\/?p=2144","url_meta":{"origin":2207,"position":3},"title":"Fiocruz oferece curso gratuito sobre Sa\u00fade \u00danica","author":"Di\u00e1rio de Gar\u00e7a","date":"10 de maio de 2025","format":false,"excerpt":"Quer entender melhor como a sa\u00fade humana, animal e ambiental est\u00e3o interligadas? Est\u00e3o abertas as inscri\u00e7\u00f5es para o curso online e gratuito \u201cIntrodu\u00e7\u00e3o a Uma S\u00f3 Sa\u00fade\u201d, promovido pela Funda\u00e7\u00e3o Oswaldo Cruz (Fiocruz) em parceria com o Minist\u00e9rio da Sa\u00fade e o Minist\u00e9rio da Educa\u00e7\u00e3o.\u00a0\u00a0A forma\u00e7\u00e3o tem como objetivo difundir\u2026","rel":"","context":"Em &quot;Brasil&quot;","block_context":{"text":"Brasil","link":"https:\/\/diariodegarca.com\/?cat=38185"},"img":{"alt_text":"","src":"","width":0,"height":0},"classes":[]},{"id":7000,"url":"https:\/\/diariodegarca.com\/?p=7000","url_meta":{"origin":2207,"position":4},"title":"Butantan oferta tr\u00eas cursos on-line gratuitos de divulga\u00e7\u00e3o cient\u00edfica em setembro","author":"Di\u00e1rio de Gar\u00e7a","date":"22 de setembro de 2025","format":false,"excerpt":"Forma\u00e7\u00f5es abordam temas como aracn\u00eddeos, serpentes, r\u00e9pteis e biotecnologia de fungos; inscri\u00e7\u00f5es est\u00e3o abertas e vagas s\u00e3o limitadas. A Escola Superior do Instituto Butantan (ESIB) est\u00e1 com inscri\u00e7\u00f5es abertas para uma s\u00e9rie de cursos de divulga\u00e7\u00e3o cient\u00edfica, que ser\u00e3o realizados de forma online e gratuita ao longo do m\u00eas de\u2026","rel":"","context":"Em &quot;Brasil&quot;","block_context":{"text":"Brasil","link":"https:\/\/diariodegarca.com\/?cat=38185"},"img":{"alt_text":"","src":"https:\/\/i0.wp.com\/diariodegarca.com\/wp-content\/uploads\/2025\/09\/foto-macro-de-uma-aranha-em-sua-teia.jpg?fit=1200%2C983&ssl=1&resize=350%2C200","width":350,"height":200,"srcset":"https:\/\/i0.wp.com\/diariodegarca.com\/wp-content\/uploads\/2025\/09\/foto-macro-de-uma-aranha-em-sua-teia.jpg?fit=1200%2C983&ssl=1&resize=350%2C200 1x, https:\/\/i0.wp.com\/diariodegarca.com\/wp-content\/uploads\/2025\/09\/foto-macro-de-uma-aranha-em-sua-teia.jpg?fit=1200%2C983&ssl=1&resize=525%2C300 1.5x, https:\/\/i0.wp.com\/diariodegarca.com\/wp-content\/uploads\/2025\/09\/foto-macro-de-uma-aranha-em-sua-teia.jpg?fit=1200%2C983&ssl=1&resize=700%2C400 2x, https:\/\/i0.wp.com\/diariodegarca.com\/wp-content\/uploads\/2025\/09\/foto-macro-de-uma-aranha-em-sua-teia.jpg?fit=1200%2C983&ssl=1&resize=1050%2C600 3x"},"classes":[]},{"id":2659,"url":"https:\/\/diariodegarca.com\/?p=2659","url_meta":{"origin":2207,"position":5},"title":"Fiocruz e Sa\u00fade lan\u00e7am curso para enfrentar viol\u00eancia de g\u00eanero e feminic\u00eddio","author":"Di\u00e1rio de Gar\u00e7a","date":"10 de mar\u00e7o de 2025","format":false,"excerpt":"O Minist\u00e9rio da Sa\u00fade, em parceria com a Fiocruz Bras\u00edlia, acaba de lan\u00e7ar o curso \u201cQuebre o Sil\u00eancio: enfrentando a viol\u00eancia de g\u00eanero e o feminic\u00eddio\u201d. A iniciativa tem como objetivo qualificar a aten\u00e7\u00e3o oferecida na Rede de Aten\u00e7\u00e3o Psicossocial (RAPS), por meio de a\u00e7\u00f5es de educa\u00e7\u00e3o permanente para profissionais\u2026","rel":"","context":"Em &quot;Brasil&quot;","block_context":{"text":"Brasil","link":"https:\/\/diariodegarca.com\/?cat=38185"},"img":{"alt_text":"","src":"","width":0,"height":0},"classes":[]}],"_links":{"self":[{"href":"https:\/\/diariodegarca.com\/index.php?rest_route=\/wp\/v2\/posts\/2207","targetHints":{"allow":["GET"]}}],"collection":[{"href":"https:\/\/diariodegarca.com\/index.php?rest_route=\/wp\/v2\/posts"}],"about":[{"href":"https:\/\/diariodegarca.com\/index.php?rest_route=\/wp\/v2\/types\/post"}],"author":[{"embeddable":true,"href":"https:\/\/diariodegarca.com\/index.php?rest_route=\/wp\/v2\/users\/260896546"}],"replies":[{"embeddable":true,"href":"https:\/\/diariodegarca.com\/index.php?rest_route=%2Fwp%2Fv2%2Fcomments&post=2207"}],"version-history":[{"count":0,"href":"https:\/\/diariodegarca.com\/index.php?rest_route=\/wp\/v2\/posts\/2207\/revisions"}],"wp:attachment":[{"href":"https:\/\/diariodegarca.com\/index.php?rest_route=%2Fwp%2Fv2%2Fmedia&parent=2207"}],"wp:term":[{"taxonomy":"category","embeddable":true,"href":"https:\/\/diariodegarca.com\/index.php?rest_route=%2Fwp%2Fv2%2Fcategories&post=2207"},{"taxonomy":"post_tag","embeddable":true,"href":"https:\/\/diariodegarca.com\/index.php?rest_route=%2Fwp%2Fv2%2Ftags&post=2207"}],"curies":[{"name":"wp","href":"https:\/\/api.w.org\/{rel}","templated":true}]}}