{"id":2211,"date":"2025-05-03T17:42:00","date_gmt":"2025-05-03T17:42:00","guid":{"rendered":"https:\/\/diariodegarca.com\/2025\/05\/03\/dia-das-maes-20-dos-consumidores-ja-se-endividaram-com-presentes\/"},"modified":"2025-05-03T17:42:00","modified_gmt":"2025-05-03T17:42:00","slug":"dia-das-maes-20-dos-consumidores-ja-se-endividaram-com-presentes","status":"publish","type":"post","link":"https:\/\/diariodegarca.com\/?p=2211","title":{"rendered":"Dia das M\u00e3es: 20% dos consumidores j\u00e1 se endividaram com presentes"},"content":{"rendered":"<section>\n<div>\n<div>\n<div>\n<div>\n<div>\n<div>\n<h1>\n<div class=\"separator\" style=\"clear: both;text-align: center\">\n  <a href=\"https:\/\/blogger.googleusercontent.com\/img\/a\/AVvXsEhOdFBQufho0BRCqXPEV-YgJgD0CTJDDxA519sKxJmKoxUtAR1KsoogZYxNsSOAsKjzWbS7Ldj6H3Hpu0ZP4HZO438Ee5Lbs8Y6kJF-EnCbPg0DJrcl5aT0FlXzRkapQTp-z4lB3dRur-nWEnhxQXPsqEsPCSlW7__tjgcnX1ZLSEDGmrHepQn7GVLD6Ww\" style=\"margin-left: 1em;margin-right: 1em\"><br \/>\n    <img decoding=\"async\" border=\"0\" src=\"https:\/\/blogger.googleusercontent.com\/img\/a\/AVvXsEhOdFBQufho0BRCqXPEV-YgJgD0CTJDDxA519sKxJmKoxUtAR1KsoogZYxNsSOAsKjzWbS7Ldj6H3Hpu0ZP4HZO438Ee5Lbs8Y6kJF-EnCbPg0DJrcl5aT0FlXzRkapQTp-z4lB3dRur-nWEnhxQXPsqEsPCSlW7__tjgcnX1ZLSEDGmrHepQn7GVLD6Ww\" width=\"400\"><br \/>\n  <\/a>\n<\/div>\n<\/h1>\n<\/div>\n<\/div>\n<\/div>\n<\/div>\n<\/div>\n<\/div>\n<\/section>\n<section>\n<div>Um em cada cinco consumidores paulistas (20,8%) que pretendem adquirir produtos no Dia das M\u00e3es este ano j\u00e1 se endividaram ao comprar um presente para esta data, de acordo com consulta virtual do Procon-SP. Decretada h\u00e1 93 anos no Pa\u00eds, esta \u00e9 uma das datas mais importantes para o com\u00e9rcio varejista brasileiro, junto com o Natal e a Black Friday.<\/div>\n<div>\u00a0<\/div>\n<div>O levantamento tamb\u00e9m apontou que 56,1% dos entrevistados preferem o uso do cart\u00e3o de cr\u00e9dito para presentear as suas m\u00e3es, o que requer alguns cuidados para que a compra n\u00e3o se transforme em d\u00edvida. Especialistas do Procon-SP recomendam que o consumidor deve evitar compras por impulsos para n\u00e3o comprometer o seu or\u00e7amento, al\u00e9m de se planejar e pesquisar bastante.<\/div>\n<div>\u00a0<\/div>\n<div>A consulta, que teve objetivo de verificar a inten\u00e7\u00e3o de compra dos consumidores nesta data, considerou as respostas de 464 consumidores que acessaram o site da Funda\u00e7\u00e3o entre 25 de mar\u00e7o e 17 de abril.\u00a0<b><a href=\"https:\/\/www.procon.sp.gov.br\/wp-content\/uploads\/2025\/04\/Pesquisa-Comportamental-Dia-das-Maes-2025.pdf\">Confira o relat\u00f3rio completo aqui.\u00a0<\/a><\/b>\u00a0<\/div>\n<div>\u00a0<\/div>\n<div><b>Prefer\u00eancias de compras<\/b><\/div>\n<div>\u00a0<\/div>\n<div>Em uma lista estimulada de 18 produtos, as tr\u00eas primeiras escolhas por quem costuma presentear as m\u00e3es nesta data s\u00e3o: perfumes e artigos de beleza e cosm\u00e9ticos (11,7%), roupas (11,2%), al\u00e9m de cal\u00e7ados, bolsas e acess\u00f3rios (8,9%).\u00a0<\/div>\n<div>\u00a0<\/div>\n<div>\u201cNesse sentido, observamos que os consumidores cada vez mais d\u00e3o prefer\u00eancia a presentes de uso pessoal e de alto valor simb\u00f3lico, pois enfatizam a personalidade e autoestima de suas m\u00e3es\u201d, destaca a diretora Adjunta de Estudos e Pesquisas do Procon-SP, Elaine da Cruz.<\/div>\n<div aria-hidden=\"true\">\u00a0<\/div>\n<div>Ela complementa que tais op\u00e7\u00f5es corroboram que quase um ter\u00e7o dos respondentes preveem comprar presentes de at\u00e9 R$ 100,00. J\u00e1 no final da lista de itens, encontram-se eletrodom\u00e9sticos, utens\u00edlios dosm\u00e9ticos ou artigos de inform\u00e1tica, incluindo o celular \u2013 todos abaixo de 4,5% das op\u00e7\u00f5es escolhidas.<\/div>\n<div>\u00a0<\/div>\n<div><b>Rela\u00e7\u00f5es de consumo<\/b><\/div>\n<div>\u00a0<\/div>\n<div>Para esta data, os consumidores confirmam realizar pesquisas pr\u00e9vias de valores (82,9%) em compras entre R$ 100,00 e R$ 500,00 (56,9%), realizar pagamentos atrav\u00e9s de cart\u00e3o de cr\u00e9dito (56,1%) ou Pix (23,0%), e optando por comprar em lojas f\u00edsicas (52,4%) \u2013 dado interessante, em fun\u00e7\u00e3o do crescimento do e-commerce.\u00a0<\/div>\n<div>\u00a0<\/div>\n<div>Em fun\u00e7\u00e3o da relev\u00e2ncia da data, os especialistas do Procon-SP orientam para que os consumidores pesquisem bastante antes de comprar, e observem com aten\u00e7\u00e3o os pre\u00e7os e condi\u00e7\u00f5es de pagamento e parcelamento.<\/div>\n<div>\u00a0<\/div>\n<div>Nas compras on-line, aten\u00e7\u00e3o para os prazos de entrega, j\u00e1 que por haver grande volume de pedidos, as empresas podem ter problemas de log\u00edstica para entregar os produtos comprados no prazo.<\/div>\n<div>\n<p>Lembrando que, a partir da data da compra ou do recebimento do produto, vale o direito ao arrependimento em sete dias para desistir da compra.<\/p>\n<\/div>\n<\/section>\n","protected":false},"excerpt":{"rendered":"<p>Um em cada cinco consumidores paulistas (20,8%) que pretendem adquirir produtos no Dia das M\u00e3es este ano j\u00e1 se endividaram ao comprar um presente para esta data, de acordo com consulta virtual do Procon-SP. Decretada h\u00e1 93 anos no Pa\u00eds, esta \u00e9 uma das datas mais importantes para o com\u00e9rcio varejista brasileiro, junto com o [&hellip;]<\/p>\n","protected":false},"author":260896546,"featured_media":0,"comment_status":"open","ping_status":"open","sticky":false,"template":"","format":"standard","meta":{"_monsterinsights_skip_tracking":false,"advanced_seo_description":"","jetpack_seo_html_title":"","jetpack_seo_noindex":false,"jetpack_seo_schema_type":"","_jetpack_newsletter_access":"","_jetpack_dont_email_post_to_subs":false,"_jetpack_newsletter_tier_id":0,"_jetpack_memberships_contains_paywalled_content":false,"_wpcom_ai_launchpad_first_post":false,"_jetpack_feature_clip_id":0,"_jetpack_memberships_contains_paid_content":false,"footnotes":"","jetpack_publicize_message":"{title}\n\n{excerpt}\n\n{url}","jetpack_publicize_feature_enabled":true,"jetpack_social_post_already_shared":false,"jetpack_social_options":{"image_generator_settings":{"template":"fullscreen","default_image_id":0,"font":"","enabled":false},"version":2},"_wpas_customize_per_network":false,"jetpack_post_was_ever_published":false},"categories":[38185],"tags":[948934],"class_list":["post-2211","post","type-post","status-publish","format-standard","hentry","category-brasil","tag-procon"],"jetpack_publicize_connections":[],"jetpack_likes_enabled":true,"jetpack_sharing_enabled":true,"jetpack_shortlink":"https:\/\/wp.me\/pgitne-zF","jetpack-related-posts":[{"id":2199,"url":"https:\/\/diariodegarca.com\/?p=2199","url_meta":{"origin":2211,"position":0},"title":"Procon-SP alerta sobre varia\u00e7\u00f5es de pre\u00e7os em perfumes e flores para o Dia das M\u00e3es","author":"Di\u00e1rio de Gar\u00e7a","date":"6 de maio de 2025","format":false,"excerpt":"O Procon-SP divulgou os resultados de uma pesquisa realizada entre os dias 17 e 23 de abril, analisando os pre\u00e7os de 43 itens, entre perfumes e buqu\u00eas de flores, em prepara\u00e7\u00e3o para o Dia das M\u00e3es. O estudo revelou diferen\u00e7as significativas nos valores, com varia\u00e7\u00f5es que ultrapassam 100% em alguns\u2026","rel":"","context":"Em &quot;Brasil&quot;","block_context":{"text":"Brasil","link":"https:\/\/diariodegarca.com\/?cat=38185"},"img":{"alt_text":"","src":"","width":0,"height":0},"classes":[]},{"id":2494,"url":"https:\/\/diariodegarca.com\/?p=2494","url_meta":{"origin":2211,"position":1},"title":"Procon-SP faz pesquisa sobre compras para o Dia das M\u00e3es","author":"Di\u00e1rio de Gar\u00e7a","date":"2 de abril de 2025","format":false,"excerpt":"O Procon-SP est\u00e1 realizando uma pesquisa para entender o comportamento de compra dos consumidores na hora de escolher presentes para o Dia das M\u00e3es. A iniciativa busca mapear tend\u00eancias de consumo, formas de pagamento, principais dificuldades enfrentadas e impactos financeiros das compras sazonais.A pesquisa est\u00e1 dispon\u00edvel no site procon.sp.gov.br por\u2026","rel":"","context":"Em &quot;Brasil&quot;","block_context":{"text":"Brasil","link":"https:\/\/diariodegarca.com\/?cat=38185"},"img":{"alt_text":"","src":"","width":0,"height":0},"classes":[]},{"id":2181,"url":"https:\/\/diariodegarca.com\/?p=2181","url_meta":{"origin":2211,"position":2},"title":"Procon oferece palestra gratuita sobre educa\u00e7\u00e3o financeira para orientar consumidores","author":"Di\u00e1rio de Gar\u00e7a","date":"7 de maio de 2025","format":false,"excerpt":"O acesso facilitado ao cr\u00e9dito, especialmente para jovens e consumidores de baixa renda, trouxe benef\u00edcios, mas tamb\u00e9m desafios, como o aumento do endividamento e a dificuldade em gerenciar as finan\u00e7as pessoais. Para auxiliar a popula\u00e7\u00e3o, o Procon promove uma\u00a0palestra online e gratuita\u00a0sobre orienta\u00e7\u00e3o financeira, com dicas pr\u00e1ticas para organizar o\u2026","rel":"","context":"Em &quot;Brasil&quot;","block_context":{"text":"Brasil","link":"https:\/\/diariodegarca.com\/?cat=38185"},"img":{"alt_text":"","src":"https:\/\/i0.wp.com\/blogger.googleusercontent.com\/img\/b\/R29vZ2xl\/AVvXsEjJDrm_WANrcBfBDCteNEC0vwcBR1fZHfWXwXeLCH66Fx5Vi02ThPapaudfkJCZrelwAzffxvLEcaNsSmewzG427GcIrkPnfeTIZrjavnJRiX8JpEvb38AjN-YqIVQrGOxpG5u6kshiJzaoI3QdfxGi5vDAy6mK0WGFkpbHQsfWC-OT4na_IsHqz70KjJo\/s320\/vendas-de-compras-da-cyber-monday.jpg?resize=350%2C200&ssl=1","width":350,"height":200},"classes":[]},{"id":4431,"url":"https:\/\/diariodegarca.com\/?p=4431","url_meta":{"origin":2211,"position":3},"title":"Procon-SP e Idec discutem regulamenta\u00e7\u00e3o do Pix parcelado e alertam para riscos de endividamento","author":"Di\u00e1rio de Gar\u00e7a","date":"3 de julho de 2025","format":false,"excerpt":"Entidades defendem transpar\u00eancia na oferta do servi\u00e7o, que ainda n\u00e3o tem normas definidas pelo Banco Central; falta de informa\u00e7\u00f5es claras pode prejudicar consumidores. O\u00a0Procon-SP\u00a0recebeu na quarta-feira, dia 2 de julho, representantes do\u00a0Instituto Brasileiro de Defesa do Consumidor (Idec)\u00a0para discutir os desafios e riscos do\u00a0Pix parcelado, modalidade de cr\u00e9dito que vem\u2026","rel":"","context":"Em &quot;Brasil&quot;","block_context":{"text":"Brasil","link":"https:\/\/diariodegarca.com\/?cat=38185"},"img":{"alt_text":"","src":"","width":0,"height":0},"classes":[]},{"id":9629,"url":"https:\/\/diariodegarca.com\/?p=9629","url_meta":{"origin":2211,"position":4},"title":"Procon-SP lan\u00e7a nova pesquisa sobre impactos das apostas online na vida dos consumidores","author":"Andreza Sega","date":"19 de dezembro de 2025","format":false,"excerpt":"\u00d3rg\u00e3o de defesa do consumidor quer mapear comportamento de apostadores em S\u00e3o Paulo; formul\u00e1rio pode ser respondido at\u00e9 9 de janeiro de 2026. O Procon-SP est\u00e1 realizando a segunda pesquisa sobre \"Jogos e Apostas Online - Percep\u00e7\u00e3o do Consumidor\", com o objetivo de compreender como os consumidores paulistas interagem com\u2026","rel":"","context":"Em &quot;Online&quot;","block_context":{"text":"Online","link":"https:\/\/diariodegarca.com\/?cat=91066845"},"img":{"alt_text":"","src":"https:\/\/i0.wp.com\/diariodegarca.com\/wp-content\/uploads\/2025\/12\/emocoes-reais-durante-partida-de-futebol-na-tv.jpg?fit=1200%2C764&ssl=1&resize=350%2C200","width":350,"height":200,"srcset":"https:\/\/i0.wp.com\/diariodegarca.com\/wp-content\/uploads\/2025\/12\/emocoes-reais-durante-partida-de-futebol-na-tv.jpg?fit=1200%2C764&ssl=1&resize=350%2C200 1x, https:\/\/i0.wp.com\/diariodegarca.com\/wp-content\/uploads\/2025\/12\/emocoes-reais-durante-partida-de-futebol-na-tv.jpg?fit=1200%2C764&ssl=1&resize=525%2C300 1.5x, https:\/\/i0.wp.com\/diariodegarca.com\/wp-content\/uploads\/2025\/12\/emocoes-reais-durante-partida-de-futebol-na-tv.jpg?fit=1200%2C764&ssl=1&resize=700%2C400 2x, https:\/\/i0.wp.com\/diariodegarca.com\/wp-content\/uploads\/2025\/12\/emocoes-reais-durante-partida-de-futebol-na-tv.jpg?fit=1200%2C764&ssl=1&resize=1050%2C600 3x"},"classes":[]},{"id":9238,"url":"https:\/\/diariodegarca.com\/?p=9238","url_meta":{"origin":2211,"position":5},"title":"Procon-SP oferece palestra gratuita de educa\u00e7\u00e3o financeira para consumidores nesta semana","author":"Andreza Sega","date":"1 de dezembro de 2025","format":false,"excerpt":"Com foco no combate ao superendividamento, evento online e gratuito ocorre na quarta-feira e aborda desde or\u00e7amento dom\u00e9stico at\u00e9 aspectos emocionais do consumo. Diante do aumento do cr\u00e9dito para jovens e consumidores de baixa renda, e dos consequentes riscos de descontrole financeiro, a Funda\u00e7\u00e3o Procon-SP promove nesta semana uma palestra\u2026","rel":"","context":"Em &quot;Curso&quot;","block_context":{"text":"Curso","link":"https:\/\/diariodegarca.com\/?cat=36947"},"img":{"alt_text":"","src":"https:\/\/i0.wp.com\/diariodegarca.com\/wp-content\/uploads\/2025\/08\/homem-sorridente-durante-compras-online-em-casa.jpg?fit=1200%2C800&ssl=1&resize=350%2C200","width":350,"height":200,"srcset":"https:\/\/i0.wp.com\/diariodegarca.com\/wp-content\/uploads\/2025\/08\/homem-sorridente-durante-compras-online-em-casa.jpg?fit=1200%2C800&ssl=1&resize=350%2C200 1x, https:\/\/i0.wp.com\/diariodegarca.com\/wp-content\/uploads\/2025\/08\/homem-sorridente-durante-compras-online-em-casa.jpg?fit=1200%2C800&ssl=1&resize=525%2C300 1.5x, https:\/\/i0.wp.com\/diariodegarca.com\/wp-content\/uploads\/2025\/08\/homem-sorridente-durante-compras-online-em-casa.jpg?fit=1200%2C800&ssl=1&resize=700%2C400 2x, https:\/\/i0.wp.com\/diariodegarca.com\/wp-content\/uploads\/2025\/08\/homem-sorridente-durante-compras-online-em-casa.jpg?fit=1200%2C800&ssl=1&resize=1050%2C600 3x"},"classes":[]}],"jetpack_featured_media_url":"","_links":{"self":[{"href":"https:\/\/diariodegarca.com\/index.php?rest_route=\/wp\/v2\/posts\/2211","targetHints":{"allow":["GET"]}}],"collection":[{"href":"https:\/\/diariodegarca.com\/index.php?rest_route=\/wp\/v2\/posts"}],"about":[{"href":"https:\/\/diariodegarca.com\/index.php?rest_route=\/wp\/v2\/types\/post"}],"author":[{"embeddable":true,"href":"https:\/\/diariodegarca.com\/index.php?rest_route=\/wp\/v2\/users\/260896546"}],"replies":[{"embeddable":true,"href":"https:\/\/diariodegarca.com\/index.php?rest_route=%2Fwp%2Fv2%2Fcomments&post=2211"}],"version-history":[{"count":0,"href":"https:\/\/diariodegarca.com\/index.php?rest_route=\/wp\/v2\/posts\/2211\/revisions"}],"wp:attachment":[{"href":"https:\/\/diariodegarca.com\/index.php?rest_route=%2Fwp%2Fv2%2Fmedia&parent=2211"}],"wp:term":[{"taxonomy":"category","embeddable":true,"href":"https:\/\/diariodegarca.com\/index.php?rest_route=%2Fwp%2Fv2%2Fcategories&post=2211"},{"taxonomy":"post_tag","embeddable":true,"href":"https:\/\/diariodegarca.com\/index.php?rest_route=%2Fwp%2Fv2%2Ftags&post=2211"}],"curies":[{"name":"wp","href":"https:\/\/api.w.org\/{rel}","templated":true}]}}