{"id":2216,"date":"2025-05-02T22:43:00","date_gmt":"2025-05-02T22:43:00","guid":{"rendered":"https:\/\/diariodegarca.com\/2025\/05\/02\/oficina-gratuita-ensina-editoracao-independente-de-livros\/"},"modified":"2025-05-02T22:43:00","modified_gmt":"2025-05-02T22:43:00","slug":"oficina-gratuita-ensina-editoracao-independente-de-livros","status":"publish","type":"post","link":"https:\/\/diariodegarca.com\/?p=2216","title":{"rendered":"Oficina gratuita ensina editora\u00e7\u00e3o independente de livros"},"content":{"rendered":"<p><div class=\"separator\" style=\"clear: both;text-align: center\">\n  <a href=\"https:\/\/blogger.googleusercontent.com\/img\/a\/AVvXsEgWcLYwidmbCZNZ9Kqs3OpwEKL8HCEIZIDjShmz7j7Z1PJM_15kuoyqZFzFU5GQ4_E_loiWBGi8wwQvPd_s4TYSvnp2qk1n6-XiD3Sm9LNh44dGM8UXWYb2tdKNQ41b2qS3TaRuvHvfN367kBYzGu60Ado6o3t7HdTONaWTRL2Svp89FHey-KVvy_kRcJg\" style=\"margin-left: 1em;margin-right: 1em\"><br \/>\n    <img decoding=\"async\" border=\"0\" src=\"https:\/\/blogger.googleusercontent.com\/img\/a\/AVvXsEgWcLYwidmbCZNZ9Kqs3OpwEKL8HCEIZIDjShmz7j7Z1PJM_15kuoyqZFzFU5GQ4_E_loiWBGi8wwQvPd_s4TYSvnp2qk1n6-XiD3Sm9LNh44dGM8UXWYb2tdKNQ41b2qS3TaRuvHvfN367kBYzGu60Ado6o3t7HdTONaWTRL2Svp89FHey-KVvy_kRcJg\" width=\"400\"><br \/>\n  <\/a>\n<\/div>\n<\/p>\n<p>A BibliOn abre inscri\u00e7\u00f5es para a <strong>Oficina &#8211; Editora\u00e7\u00e3o Independente de Livros<\/strong>, ministrada pelo autor, editor e artes\u00e3o <strong>Fred Caju<\/strong>. O curso, totalmente gratuito, acontecer\u00e1 nos dias <strong>6, 8, 13, 15, 20 e 22 de maio<\/strong>, sempre das <strong>15h \u00e0s 17h<\/strong>, totalizando <strong>12 horas de forma\u00e7\u00e3o<\/strong>.<\/p>\n<p>A oficina oferece um roteiro completo sobre as etapas de produ\u00e7\u00e3o editorial, desde o recebimento do texto original at\u00e9 a publica\u00e7\u00e3o final. Os participantes ter\u00e3o contato com pr\u00e1ticas do universo editorial, incluindo refer\u00eancias bibliogr\u00e1ficas sobre a hist\u00f3ria do livro e o uso de ferramentas de edi\u00e7\u00e3o em softwares livres \u2014 tanto para prepara\u00e7\u00e3o de textos quanto para o design gr\u00e1fico.<\/p>\n<p>Fred Caju, profissional com forma\u00e7\u00e3o em <strong>Produ\u00e7\u00e3o Editorial pela Universidade do Livro da Unesp<\/strong>, \u00e9 conhecido por seu trabalho na produ\u00e7\u00e3o artesanal de livros e e-books, onde integra suporte, projeto gr\u00e1fico e narrativa. Al\u00e9m de fundador da <strong>MOPI \u2014 Mostra de Publica\u00e7\u00f5es Independentes<\/strong> e do <strong>Colof\u00e3o.lab<\/strong>, ele tamb\u00e9m \u00e9 cofundador do podcast <strong>Rasgo do Tempo<\/strong>, dedicado a literatura e edi\u00e7\u00e3o.<\/p>\n<p>A atividade \u00e9 acess\u00edvel, com possibilidade de <strong>tradu\u00e7\u00e3o em Libras<\/strong>, desde que solicitada por e-mail com at\u00e9 sete dias de anteced\u00eancia. Os links para acesso ser\u00e3o enviados no dia do primeiro encontro, e os participantes com <strong>75% de frequ\u00eancia<\/strong> receber\u00e3o certificado em at\u00e9 duas semanas ap\u00f3s o t\u00e9rmino do curso.<\/p>\n<p><strong>Inscri\u00e7\u00f5es gratuitas, vagas limitadas!<\/strong><br \/>\n\ud83d\udd17 <strong>Link para inscri\u00e7\u00e3o:<\/strong> <a href=\"https:\/\/cadastro.siseb.org.br\/biblion\/inscrito\/novo\">https:\/\/cadastro.siseb.org.br\/biblion\/inscrito\/novo<\/a><br \/>\n\ud83d\udce9 <strong>Mais informa\u00e7\u00f5es:<\/strong> <a href=\"mailto:programas@biblion.org.br\">programas@biblion.org.br<\/a> | <a href=\"mailto:contato@spleituras.org\">contato@spleituras.org<\/a><\/p>\n","protected":false},"excerpt":{"rendered":"<p>A BibliOn abre inscri\u00e7\u00f5es para a Oficina &#8211; Editora\u00e7\u00e3o Independente de Livros, ministrada pelo autor, editor e artes\u00e3o Fred Caju. O curso, totalmente gratuito, acontecer\u00e1 nos dias 6, 8, 13, 15, 20 e 22 de maio, sempre das 15h \u00e0s 17h, totalizando 12 horas de forma\u00e7\u00e3o. A oficina oferece um roteiro completo sobre as etapas [&hellip;]<\/p>\n","protected":false},"author":260896546,"featured_media":0,"comment_status":"open","ping_status":"open","sticky":false,"template":"","format":"standard","meta":{"_crdt_document":"","_monsterinsights_skip_tracking":false,"_monsterinsights_sitenote_active":false,"_monsterinsights_sitenote_note":"","_monsterinsights_sitenote_category":0,"advanced_seo_description":"","jetpack_seo_html_title":"","jetpack_seo_noindex":false,"_jetpack_newsletter_access":"","_jetpack_dont_email_post_to_subs":false,"_jetpack_newsletter_tier_id":0,"_jetpack_memberships_contains_paywalled_content":false,"_jetpack_memberships_contains_paid_content":false,"footnotes":"","jetpack_publicize_message":"","jetpack_publicize_feature_enabled":true,"jetpack_social_post_already_shared":false,"jetpack_social_options":{"image_generator_settings":{"template":"fullscreen","default_image_id":0,"font":"","enabled":false},"version":2},"_wpas_customize_per_network":false,"jetpack_post_was_ever_published":false},"categories":[38185],"tags":[781171790,781171800],"class_list":["post-2216","post","type-post","status-publish","format-standard","hentry","category-brasil","tag-cultura","tag-curso"],"jetpack_publicize_connections":[],"jetpack_featured_media_url":"","jetpack_likes_enabled":true,"jetpack_sharing_enabled":true,"jetpack_shortlink":"https:\/\/wp.me\/pgitne-zK","jetpack-related-posts":[{"id":6529,"url":"https:\/\/diariodegarca.com\/?p=6529","url_meta":{"origin":2216,"position":0},"title":"Oficina de dublagem acontece em Mar\u00edlia e Gar\u00e7a gratuitamente","author":"Di\u00e1rio de Gar\u00e7a","date":"9 de setembro de 2025","format":false,"excerpt":"Eventos presenciais ser\u00e3o ministrados pelo especialista \u00cdtalo Yuri. O curso abordar\u00e1 t\u00e9cnicas de capta\u00e7\u00e3o e edi\u00e7\u00e3o de \u00e1udio para dublagem de forma pr\u00e1tica e acess\u00edvel. Inscri\u00e7\u00f5es est\u00e3o abertas para as duas cidades. A arte de dar vida e novas emo\u00e7\u00f5es a cenas de cinema atrav\u00e9s da voz est\u00e1 ao alcance\u2026","rel":"","context":"Em &quot;Cinema&quot;","block_context":{"text":"Cinema","link":"https:\/\/diariodegarca.com\/?cat=597"},"img":{"alt_text":"","src":"https:\/\/i0.wp.com\/diariodegarca.com\/wp-content\/uploads\/2025\/09\/italoyuri-e1569554093729-273x300-1.jpg?fit=273%2C300&ssl=1&resize=350%2C200","width":350,"height":200},"classes":[]},{"id":6409,"url":"https:\/\/diariodegarca.com\/?p=6409","url_meta":{"origin":2216,"position":1},"title":"Biblion abre inscri\u00e7\u00f5es para oficina gratuita sobre o impacto da IA no setor editorial","author":"Di\u00e1rio de Gar\u00e7a","date":"5 de setembro de 2025","format":false,"excerpt":"Ministrada pela especialista Gabriela Dias, atividade online de quatro dias discute os desafios e as oportunidades que a IA traz para a cria\u00e7\u00e3o, produ\u00e7\u00e3o e consumo de livros. A Intelig\u00eancia Artificial (IA) deixou de ser um conceito futurista para se tornar uma ferramenta presente no dia a dia, influenciando desde\u2026","rel":"","context":"Em &quot;Cultura&quot;","block_context":{"text":"Cultura","link":"https:\/\/diariodegarca.com\/?cat=2367"},"img":{"alt_text":"","src":"https:\/\/i0.wp.com\/diariodegarca.com\/wp-content\/uploads\/2025\/09\/foto-oficina-uso-da-ia-no-mercado-editorial-gabriela-dias.jpg?fit=435%2C582&ssl=1&resize=350%2C200","width":350,"height":200},"classes":[]},{"id":6106,"url":"https:\/\/diariodegarca.com\/?p=6106","url_meta":{"origin":2216,"position":2},"title":"Oficina on-line e gratuita de quadrinhos com a ilustradora Paola Tabata","author":"Di\u00e1rio de Gar\u00e7a","date":"27 de agosto de 2025","format":false,"excerpt":"\"Minha Hist\u00f3ria em Quadrinhos\" acontece em setembro e promete guiar os participantes na cria\u00e7\u00e3o de uma HQ de quatro p\u00e1ginas. Inscri\u00e7\u00f5es s\u00e3o limitadas. A Biblioteca Parque Villa-Lobos (BVL), equipamento da Secretaria de Cultura e Economia Criativa do Estado de S\u00e3o Paulo, abriu inscri\u00e7\u00f5es para a oficina online e gratuita\u00a0\u201cMinha Hist\u00f3ria\u2026","rel":"","context":"Em &quot;Cultura&quot;","block_context":{"text":"Cultura","link":"https:\/\/diariodegarca.com\/?cat=2367"},"img":{"alt_text":"","src":"https:\/\/i0.wp.com\/diariodegarca.com\/wp-content\/uploads\/2025\/08\/snapinsta.to_501885211_18476416729068649_6657267216932886053_n.jpg?fit=960%2C1200&ssl=1&resize=350%2C200","width":350,"height":200,"srcset":"https:\/\/i0.wp.com\/diariodegarca.com\/wp-content\/uploads\/2025\/08\/snapinsta.to_501885211_18476416729068649_6657267216932886053_n.jpg?fit=960%2C1200&ssl=1&resize=350%2C200 1x, https:\/\/i0.wp.com\/diariodegarca.com\/wp-content\/uploads\/2025\/08\/snapinsta.to_501885211_18476416729068649_6657267216932886053_n.jpg?fit=960%2C1200&ssl=1&resize=525%2C300 1.5x, https:\/\/i0.wp.com\/diariodegarca.com\/wp-content\/uploads\/2025\/08\/snapinsta.to_501885211_18476416729068649_6657267216932886053_n.jpg?fit=960%2C1200&ssl=1&resize=700%2C400 2x"},"classes":[]},{"id":4143,"url":"https:\/\/diariodegarca.com\/?p=4143","url_meta":{"origin":2216,"position":3},"title":"Oficina gratuita de revis\u00e3o textual para escritores","author":"Di\u00e1rio de Gar\u00e7a","date":"21 de junho de 2025","format":false,"excerpt":"Ministrada pela experiente Priscila Calado, atividade online ocorre de 8 a 10 de julho com transmiss\u00e3o ao vivo no YouTube da BDB Cultural. A\u00a0Biblioteca Demonstrativa Maria da Concei\u00e7\u00e3o Moreira Salles (BDB Cultural)\u00a0promove, nos dias\u00a08, 9 e 10 de julho, a\u00a0Oficina de Revis\u00e3o Textual para Escritores, com transmiss\u00e3o ao vivo pelo\u00a0canal\u2026","rel":"","context":"Em &quot;Cultura&quot;","block_context":{"text":"Cultura","link":"https:\/\/diariodegarca.com\/?cat=2367"},"img":{"alt_text":"","src":"","width":0,"height":0},"classes":[]},{"id":5804,"url":"https:\/\/diariodegarca.com\/?p=5804","url_meta":{"origin":2216,"position":4},"title":"Oficina online ensina t\u00e9cnicas para desenvolver voz liter\u00e1ria pr\u00f3pria","author":"Di\u00e1rio de Gar\u00e7a","date":"20 de agosto de 2025","format":false,"excerpt":"Atividade gratuita aborda escrita criativa a partir da efervesc\u00eancia liter\u00e1ria das periferias; inscri\u00e7\u00f5es abertas para dias 26, 27 e 28 de agosto. A Biblioteca Parque Villa-Lobos (BVL) promove, nos dias 26, 27 e 28 de agosto, a oficina online\u00a0\"Bordas, Margens e Contornos da Escrita\", ministrada pelo escritor e roteirista Ricardo\u2026","rel":"","context":"Em &quot;Cultura&quot;","block_context":{"text":"Cultura","link":"https:\/\/diariodegarca.com\/?cat=2367"},"img":{"alt_text":"","src":"https:\/\/i0.wp.com\/diariodegarca.com\/wp-content\/uploads\/2025\/08\/snapinsta.to_502305616_18503230702028667_982492450818163308_n-e1755707844687.jpg?fit=1080%2C1044&ssl=1&resize=350%2C200","width":350,"height":200,"srcset":"https:\/\/i0.wp.com\/diariodegarca.com\/wp-content\/uploads\/2025\/08\/snapinsta.to_502305616_18503230702028667_982492450818163308_n-e1755707844687.jpg?fit=1080%2C1044&ssl=1&resize=350%2C200 1x, https:\/\/i0.wp.com\/diariodegarca.com\/wp-content\/uploads\/2025\/08\/snapinsta.to_502305616_18503230702028667_982492450818163308_n-e1755707844687.jpg?fit=1080%2C1044&ssl=1&resize=525%2C300 1.5x, https:\/\/i0.wp.com\/diariodegarca.com\/wp-content\/uploads\/2025\/08\/snapinsta.to_502305616_18503230702028667_982492450818163308_n-e1755707844687.jpg?fit=1080%2C1044&ssl=1&resize=700%2C400 2x, https:\/\/i0.wp.com\/diariodegarca.com\/wp-content\/uploads\/2025\/08\/snapinsta.to_502305616_18503230702028667_982492450818163308_n-e1755707844687.jpg?fit=1080%2C1044&ssl=1&resize=1050%2C600 3x"},"classes":[]},{"id":7822,"url":"https:\/\/diariodegarca.com\/?p=7822","url_meta":{"origin":2216,"position":5},"title":"Unesp de Mar\u00edlia sedia sua primeira Feira Liter\u00e1ria com programa\u00e7\u00e3o gratuita e diversa","author":"Andreza Sega","date":"19 de outubro de 2025","format":false,"excerpt":"FLUM acontece de 20 a 24 de outubro com encontros com autores, oficinas, apresenta\u00e7\u00f5es art\u00edsticas e feira de livros, promovendo um mergulho na literatura e na cultura. A cidade de Mar\u00edlia se prepara para um evento in\u00e9dito no calend\u00e1rio cultural: a I\u00aa Feira Liter\u00e1ria da Unesp de Mar\u00edlia (FLUM). Idealizada\u2026","rel":"","context":"Em &quot;Cultura&quot;","block_context":{"text":"Cultura","link":"https:\/\/diariodegarca.com\/?cat=2367"},"img":{"alt_text":"","src":"https:\/\/i0.wp.com\/diariodegarca.com\/wp-content\/uploads\/2025\/10\/SnapInsta.to_559022118_17852756655552482_1011928393818577363_n-e1760968979571.jpg?fit=1080%2C750&ssl=1&resize=350%2C200","width":350,"height":200,"srcset":"https:\/\/i0.wp.com\/diariodegarca.com\/wp-content\/uploads\/2025\/10\/SnapInsta.to_559022118_17852756655552482_1011928393818577363_n-e1760968979571.jpg?fit=1080%2C750&ssl=1&resize=350%2C200 1x, https:\/\/i0.wp.com\/diariodegarca.com\/wp-content\/uploads\/2025\/10\/SnapInsta.to_559022118_17852756655552482_1011928393818577363_n-e1760968979571.jpg?fit=1080%2C750&ssl=1&resize=525%2C300 1.5x, https:\/\/i0.wp.com\/diariodegarca.com\/wp-content\/uploads\/2025\/10\/SnapInsta.to_559022118_17852756655552482_1011928393818577363_n-e1760968979571.jpg?fit=1080%2C750&ssl=1&resize=700%2C400 2x, https:\/\/i0.wp.com\/diariodegarca.com\/wp-content\/uploads\/2025\/10\/SnapInsta.to_559022118_17852756655552482_1011928393818577363_n-e1760968979571.jpg?fit=1080%2C750&ssl=1&resize=1050%2C600 3x"},"classes":[]}],"_links":{"self":[{"href":"https:\/\/diariodegarca.com\/index.php?rest_route=\/wp\/v2\/posts\/2216","targetHints":{"allow":["GET"]}}],"collection":[{"href":"https:\/\/diariodegarca.com\/index.php?rest_route=\/wp\/v2\/posts"}],"about":[{"href":"https:\/\/diariodegarca.com\/index.php?rest_route=\/wp\/v2\/types\/post"}],"author":[{"embeddable":true,"href":"https:\/\/diariodegarca.com\/index.php?rest_route=\/wp\/v2\/users\/260896546"}],"replies":[{"embeddable":true,"href":"https:\/\/diariodegarca.com\/index.php?rest_route=%2Fwp%2Fv2%2Fcomments&post=2216"}],"version-history":[{"count":0,"href":"https:\/\/diariodegarca.com\/index.php?rest_route=\/wp\/v2\/posts\/2216\/revisions"}],"wp:attachment":[{"href":"https:\/\/diariodegarca.com\/index.php?rest_route=%2Fwp%2Fv2%2Fmedia&parent=2216"}],"wp:term":[{"taxonomy":"category","embeddable":true,"href":"https:\/\/diariodegarca.com\/index.php?rest_route=%2Fwp%2Fv2%2Fcategories&post=2216"},{"taxonomy":"post_tag","embeddable":true,"href":"https:\/\/diariodegarca.com\/index.php?rest_route=%2Fwp%2Fv2%2Ftags&post=2216"}],"curies":[{"name":"wp","href":"https:\/\/api.w.org\/{rel}","templated":true}]}}