{"id":2219,"date":"2025-05-02T20:12:00","date_gmt":"2025-05-02T20:12:00","guid":{"rendered":"https:\/\/diariodegarca.com\/2025\/05\/02\/policia-prendem-homem-por-trafico-de-drogas-em-marilia\/"},"modified":"2025-05-02T20:12:00","modified_gmt":"2025-05-02T20:12:00","slug":"policia-prendem-homem-por-trafico-de-drogas-em-marilia","status":"publish","type":"post","link":"https:\/\/diariodegarca.com\/?p=2219","title":{"rendered":"Pol\u00edcia prendem homem por tr\u00e1fico de drogas em Mar\u00edlia"},"content":{"rendered":"<div class=\"separator\" style=\"clear: both;text-align: center\">\n  <a href=\"https:\/\/blogger.googleusercontent.com\/img\/a\/AVvXsEgP1rFmuJMqyA1O3T5z2OrEFmNFeeBzj44Q6cnkRtxfH6PA5-VA-snVnAlU_mRHFtIV66gvn1gwXgeVQ3NvnJA0jZtd_X1GO7uOVzK0MPM-Fwr3OHVcB2JHb0qYVVunSDcc4DuISiLYj8OC4I5C9GHKsi_XAadWYsT9BjY9f4G0_l50jG3gj9XExxy8CUw\" style=\"margin-left: 1em;margin-right: 1em\"><br \/>\n    <img decoding=\"async\" border=\"0\" src=\"https:\/\/blogger.googleusercontent.com\/img\/a\/AVvXsEgP1rFmuJMqyA1O3T5z2OrEFmNFeeBzj44Q6cnkRtxfH6PA5-VA-snVnAlU_mRHFtIV66gvn1gwXgeVQ3NvnJA0jZtd_X1GO7uOVzK0MPM-Fwr3OHVcB2JHb0qYVVunSDcc4DuISiLYj8OC4I5C9GHKsi_XAadWYsT9BjY9f4G0_l50jG3gj9XExxy8CUw\" width=\"400\"><br \/>\n  <\/a>\n<\/div>\n<p><\/p>\n<div><\/div>\n<div>Na tarde de quinta-feira, dia 1 \u00b0 de maio, agentes do 9\u00ba Batalh\u00e3o de Pol\u00edcia Militar do Interior prenderam um homem por tr\u00e1fico de drogas no Parque das Vivendas, em Mar\u00edlia. A a\u00e7\u00e3o ocorreu durante patrulhamento de rotina em uma \u00e1rea conhecida pelo com\u00e9rcio ilegal de entorpecentes.\u00a0\u00a0<\/div>\n<div><\/div>\n<div>Ao avistarem a viatura, um homem e uma mulher tentaram fugir, mas foram rapidamente abordados pelos agentes. Com a mulher, foi encontrado um <i>eppendorf<\/i>\u00a0de coca\u00edna, e ela afirmou ter comprado a droga do indiv\u00edduo que estava com ela. J\u00e1 com o suspeito, os policiais localizaram uma por\u00e7\u00e3o de maconha e R$10 em esp\u00e9cie.\u00a0\u00a0<\/div>\n<div><\/div>\n<div>Durante busca no barrac\u00e3o onde o homem morava, os militares encontraram uma sacola contendo <b>48 pedras de crack, 23 <i>eppendorfs<\/i>\u00a0de coca\u00edna, 10 envelopes de maconha, R$136,05<\/b>\u00a0e uma folha de caderno com anota\u00e7\u00f5es que indicavam o controle de vendas de drogas.\u00a0\u00a0<\/div>\n<div><\/div>\n<div>A ocorr\u00eancia foi registrada na Central de Pol\u00edcia Judici\u00e1ria. A mulher foi liberada ap\u00f3s prestar depoimento e responder\u00e1 por porte de entorpecentes, enquanto o homem foi preso em flagrante e permanece \u00e0 disposi\u00e7\u00e3o da Justi\u00e7a.\u00a0\u00a0<\/div>\n","protected":false},"excerpt":{"rendered":"<p>Na tarde de quinta-feira, dia 1 \u00b0 de maio, agentes do 9\u00ba Batalh\u00e3o de Pol\u00edcia Militar do Interior prenderam um homem por tr\u00e1fico de drogas no Parque das Vivendas, em Mar\u00edlia. A a\u00e7\u00e3o ocorreu durante patrulhamento de rotina em uma \u00e1rea conhecida pelo com\u00e9rcio ilegal de entorpecentes.\u00a0\u00a0 Ao avistarem a viatura, um homem e uma [&hellip;]<\/p>\n","protected":false},"author":260896546,"featured_media":0,"comment_status":"open","ping_status":"open","sticky":false,"template":"","format":"standard","meta":{"_crdt_document":"","_monsterinsights_skip_tracking":false,"_monsterinsights_sitenote_active":false,"_monsterinsights_sitenote_note":"","_monsterinsights_sitenote_category":0,"advanced_seo_description":"","jetpack_seo_html_title":"","jetpack_seo_noindex":false,"_jetpack_newsletter_access":"","_jetpack_dont_email_post_to_subs":false,"_jetpack_newsletter_tier_id":0,"_jetpack_memberships_contains_paywalled_content":false,"_jetpack_memberships_contains_paid_content":false,"footnotes":"","jetpack_publicize_message":"","jetpack_publicize_feature_enabled":true,"jetpack_social_post_already_shared":false,"jetpack_social_options":{"image_generator_settings":{"template":"fullscreen","default_image_id":0,"font":"","enabled":false},"version":2},"_wpas_customize_per_network":false,"jetpack_post_was_ever_published":false},"categories":[38185],"tags":[222752,1036487],"class_list":["post-2219","post","type-post","status-publish","format-standard","hentry","category-brasil","tag-marilia","tag-seguranca-publica"],"jetpack_publicize_connections":[],"jetpack_featured_media_url":"","jetpack_likes_enabled":true,"jetpack_sharing_enabled":true,"jetpack_shortlink":"https:\/\/wp.me\/pgitne-zN","jetpack-related-posts":[{"id":3655,"url":"https:\/\/diariodegarca.com\/?p=3655","url_meta":{"origin":2219,"position":0},"title":"Pris\u00f5es por estupro e tr\u00e1fico marcam fim de semana na regi\u00e3o","author":"Di\u00e1rio de Gar\u00e7a","date":"4 de junho de 2025","format":false,"excerpt":"A\u00e7\u00f5es do 9\u00ba Batalh\u00e3o da aconteceu nas cidades de Mar\u00edlia, Tup\u00e3 e Gar\u00e7a, com pris\u00f5es em flagrantes O 9\u00ba Batalh\u00e3o de Pol\u00edcia Militar do Interior registrou, no \u00faltimo fim de semana, ocorr\u00eancias graves em diferentes cidades da regi\u00e3o, resultando na pris\u00e3o de indiv\u00edduos por crimes como estupro, viol\u00eancia dom\u00e9stica e\u2026","rel":"","context":"Em &quot;Gar\u00e7a&quot;","block_context":{"text":"Gar\u00e7a","link":"https:\/\/diariodegarca.com\/?cat=781171664"},"img":{"alt_text":"","src":"","width":0,"height":0},"classes":[]},{"id":3867,"url":"https:\/\/diariodegarca.com\/?p=3867","url_meta":{"origin":2219,"position":1},"title":"Pol\u00edcia Militar prende casal por tr\u00e1fico em Gar\u00e7a e homem por venda de drogas em Mar\u00edlia","author":"Di\u00e1rio de Gar\u00e7a","date":"11 de junho de 2025","format":false,"excerpt":"A\u00e7\u00f5es do 9\u00ba BPM do Interior resultaram na apreens\u00e3o de entorpecentes e valores em ocorr\u00eancias distintas A Pol\u00edcia Militar do Estado de S\u00e3o Paulo atua diariamente no combate ao crime, especialmente no enfrentamento ao tr\u00e1fico de drogas, garantindo a seguran\u00e7a p\u00fablica por meio de abordagens e investiga\u00e7\u00f5es. Na ter\u00e7a-feira, dia\u2026","rel":"","context":"Em &quot;Gar\u00e7a&quot;","block_context":{"text":"Gar\u00e7a","link":"https:\/\/diariodegarca.com\/?cat=781171664"},"img":{"alt_text":"","src":"","width":0,"height":0},"classes":[]},{"id":4159,"url":"https:\/\/diariodegarca.com\/?p=4159","url_meta":{"origin":2219,"position":2},"title":"A\u00e7\u00f5es policiais prendem suspeitos por roubo, furto e tr\u00e1fico em cidades da regi\u00e3o","author":"Di\u00e1rio de Gar\u00e7a","date":"23 de junho de 2025","format":false,"excerpt":"Em opera\u00e7\u00f5es realizadas no fim de semana, policiais militares do 9\u00ba Batalh\u00e3o do Interior prenderam criminosos em flagrante em Mar\u00edlia, Pomp\u00e9ia e Tup\u00e3; drogas, ve\u00edculo furtado e objetos roubados foram apreendidos. No \u00faltimo fim de semana, o\u00a09\u00ba Batalh\u00e3o de Pol\u00edcia Militar do Interior\u00a0registrou ocorr\u00eancias em diferentes cidades da regi\u00e3o, resultando\u2026","rel":"","context":"Em &quot;Mar\u00edlia&quot;","block_context":{"text":"Mar\u00edlia","link":"https:\/\/diariodegarca.com\/?cat=683453294"},"img":{"alt_text":"","src":"https:\/\/i0.wp.com\/diariodegarca.com\/wp-content\/uploads\/2025\/06\/503566608_18306010942246526_8008225824564545424_n-e1764161649475.webp?fit=1080%2C733&ssl=1&resize=350%2C200","width":350,"height":200,"srcset":"https:\/\/i0.wp.com\/diariodegarca.com\/wp-content\/uploads\/2025\/06\/503566608_18306010942246526_8008225824564545424_n-e1764161649475.webp?fit=1080%2C733&ssl=1&resize=350%2C200 1x, https:\/\/i0.wp.com\/diariodegarca.com\/wp-content\/uploads\/2025\/06\/503566608_18306010942246526_8008225824564545424_n-e1764161649475.webp?fit=1080%2C733&ssl=1&resize=525%2C300 1.5x, https:\/\/i0.wp.com\/diariodegarca.com\/wp-content\/uploads\/2025\/06\/503566608_18306010942246526_8008225824564545424_n-e1764161649475.webp?fit=1080%2C733&ssl=1&resize=700%2C400 2x, https:\/\/i0.wp.com\/diariodegarca.com\/wp-content\/uploads\/2025\/06\/503566608_18306010942246526_8008225824564545424_n-e1764161649475.webp?fit=1080%2C733&ssl=1&resize=1050%2C600 3x"},"classes":[]},{"id":4618,"url":"https:\/\/diariodegarca.com\/?p=4618","url_meta":{"origin":2219,"position":3},"title":"Opera\u00e7\u00f5es da PM prendem suspeitos e apreendem drogas e arma em Tup\u00e3 e Mar\u00edlia","author":"Di\u00e1rio de Gar\u00e7a","date":"11 de julho de 2025","format":false,"excerpt":"A\u00e7\u00f5es policiais resultaram em pris\u00f5es por tr\u00e1fico, furto e recepta\u00e7\u00e3o, al\u00e9m da apreens\u00e3o de entorpecentes e uma espingarda de press\u00e3o. Com abordagens estrat\u00e9gicas e uso de intelig\u00eancia policial, as equipes do 9\u00ba Batalh\u00e3o de Pol\u00edcia Militar do Interior (9\u00ba BPM) prenderam indiv\u00edduos procurados pela Justi\u00e7a e apreenderam drogas e uma\u2026","rel":"","context":"Em &quot;Mar\u00edlia&quot;","block_context":{"text":"Mar\u00edlia","link":"https:\/\/diariodegarca.com\/?cat=683453294"},"img":{"alt_text":"","src":"","width":0,"height":0},"classes":[]},{"id":4970,"url":"https:\/\/diariodegarca.com\/?p=4970","url_meta":{"origin":2219,"position":4},"title":"PM: A\u00e7\u00f5es em Gar\u00e7a, Mar\u00edlia, Tup\u00e3 e G\u00e1lia levam a pris\u00f5es","author":"Di\u00e1rio de Gar\u00e7a","date":"24 de julho de 2025","format":false,"excerpt":"Ao todo foram presas 8 pessoas por estupro, tr\u00e1fico e roubo em quatro cidades do interior Em uma s\u00e9rie de opera\u00e7\u00f5es realizadas entre os dias 23 e 24 de julho, o 9\u00ba Batalh\u00e3o de Pol\u00edcia Militar do Interior demonstrou efici\u00eancia no combate ao crime organizado na regi\u00e3o. As a\u00e7\u00f5es, que\u2026","rel":"","context":"Em &quot;Gar\u00e7a&quot;","block_context":{"text":"Gar\u00e7a","link":"https:\/\/diariodegarca.com\/?cat=781171664"},"img":{"alt_text":"","src":"https:\/\/i0.wp.com\/diariodegarca.com\/wp-content\/uploads\/2025\/07\/522381887_4217999475080153_2060988269710767919_n.heic?fit=640%2C640&ssl=1&resize=350%2C200","width":350,"height":200,"srcset":"https:\/\/i0.wp.com\/diariodegarca.com\/wp-content\/uploads\/2025\/07\/522381887_4217999475080153_2060988269710767919_n.heic?fit=640%2C640&ssl=1&resize=350%2C200 1x, https:\/\/i0.wp.com\/diariodegarca.com\/wp-content\/uploads\/2025\/07\/522381887_4217999475080153_2060988269710767919_n.heic?fit=640%2C640&ssl=1&resize=525%2C300 1.5x"},"classes":[]},{"id":2724,"url":"https:\/\/diariodegarca.com\/?p=2724","url_meta":{"origin":2219,"position":5},"title":"Policiais Militares prendem homem por tr\u00e1fico de drogas em Mar\u00edlia","author":"Di\u00e1rio de Gar\u00e7a","date":"1 de mar\u00e7o de 2025","format":false,"excerpt":"Na manh\u00e3 de s\u00e1bado, 1\u00ba de mar\u00e7o, equipes do 9\u00ba Batalh\u00e3o de Pol\u00edcia Militar do Interior prenderam em flagrante um homem por tr\u00e1fico de drogas na zona norte de Mar\u00edlia.\u00a0A a\u00e7\u00e3o resultou na apreens\u00e3o de 208 pinos de coca\u00edna, 220 pinos de crack e 140 por\u00e7\u00f5es de maconha, que estavam\u2026","rel":"","context":"Em &quot;Brasil&quot;","block_context":{"text":"Brasil","link":"https:\/\/diariodegarca.com\/?cat=38185"},"img":{"alt_text":"","src":"","width":0,"height":0},"classes":[]}],"_links":{"self":[{"href":"https:\/\/diariodegarca.com\/index.php?rest_route=\/wp\/v2\/posts\/2219","targetHints":{"allow":["GET"]}}],"collection":[{"href":"https:\/\/diariodegarca.com\/index.php?rest_route=\/wp\/v2\/posts"}],"about":[{"href":"https:\/\/diariodegarca.com\/index.php?rest_route=\/wp\/v2\/types\/post"}],"author":[{"embeddable":true,"href":"https:\/\/diariodegarca.com\/index.php?rest_route=\/wp\/v2\/users\/260896546"}],"replies":[{"embeddable":true,"href":"https:\/\/diariodegarca.com\/index.php?rest_route=%2Fwp%2Fv2%2Fcomments&post=2219"}],"version-history":[{"count":0,"href":"https:\/\/diariodegarca.com\/index.php?rest_route=\/wp\/v2\/posts\/2219\/revisions"}],"wp:attachment":[{"href":"https:\/\/diariodegarca.com\/index.php?rest_route=%2Fwp%2Fv2%2Fmedia&parent=2219"}],"wp:term":[{"taxonomy":"category","embeddable":true,"href":"https:\/\/diariodegarca.com\/index.php?rest_route=%2Fwp%2Fv2%2Fcategories&post=2219"},{"taxonomy":"post_tag","embeddable":true,"href":"https:\/\/diariodegarca.com\/index.php?rest_route=%2Fwp%2Fv2%2Ftags&post=2219"}],"curies":[{"name":"wp","href":"https:\/\/api.w.org\/{rel}","templated":true}]}}