{"id":2221,"date":"2025-05-02T18:17:00","date_gmt":"2025-05-02T18:17:00","guid":{"rendered":"https:\/\/diariodegarca.com\/2025\/05\/02\/saude-oferta-curso-e-webinario-para-fortalecer-politicas-de-equidade-e-saude-integral\/"},"modified":"2025-05-02T18:17:00","modified_gmt":"2025-05-02T18:17:00","slug":"saude-oferta-curso-e-webinario-para-fortalecer-politicas-de-equidade-e-saude-integral","status":"publish","type":"post","link":"https:\/\/diariodegarca.com\/?p=2221","title":{"rendered":"Sa\u00fade oferta curso e webin\u00e1rio para fortalecer pol\u00edticas de equidade e sa\u00fade integral"},"content":{"rendered":"<p><div class=\"separator\" style=\"clear: both;text-align: center\">\n  <a href=\"https:\/\/blogger.googleusercontent.com\/img\/a\/AVvXsEhdEjUUnmUSMNf5Xo3nBeDMjfP_AzeXItplSzANMkiF_zVjtYHS6Jh4Tp4R8RHDnXI-FdNk6s1IvwuSt88MSSPPE7WR3ybQfi_QxS2p4jl5_tn9QF5nNTDXQNv6sAdJ2hdmbIdZDhGBn5yu5Oqe24VzYAqeA7XCws2hw_hxl5Wl62nVNzfAz8SJi5uUPS4\" style=\"margin-left: 1em;margin-right: 1em\"><br \/>\n    <img decoding=\"async\" border=\"0\" src=\"https:\/\/blogger.googleusercontent.com\/img\/a\/AVvXsEhdEjUUnmUSMNf5Xo3nBeDMjfP_AzeXItplSzANMkiF_zVjtYHS6Jh4Tp4R8RHDnXI-FdNk6s1IvwuSt88MSSPPE7WR3ybQfi_QxS2p4jl5_tn9QF5nNTDXQNv6sAdJ2hdmbIdZDhGBn5yu5Oqe24VzYAqeA7XCws2hw_hxl5Wl62nVNzfAz8SJi5uUPS4\" width=\"400\"><br \/>\n  <\/a>\n<\/div>\n<\/p>\n<p>O <strong>Minist\u00e9rio da Sa\u00fade<\/strong>, por meio da <strong>Pol\u00edtica Nacional de Pr\u00e1ticas Integrativas e Complementares no SUS (PNPIC)<\/strong>, realiza no dia <strong>6 de maio<\/strong>, \u00e0s <strong>14h<\/strong>, o <strong>webin\u00e1rio \u201cPr\u00e1ticas Integrativas e Complementares em Sa\u00fade \u2013 Cuidado e Promo\u00e7\u00e3o da Sa\u00fade na APS\u201d<\/strong>. A transmiss\u00e3o ser\u00e1 ao vivo pelo canal do <strong>DATASUS<\/strong> (acesse em <a href=\"https:\/\/bit.ly\/PICSnaAPS\">bit.ly\/PICSnaAPS<\/a>) e n\u00e3o requer inscri\u00e7\u00e3o pr\u00e9via.\u00a0<\/p>\n<p>O evento tem como objetivo divulgar dados atualizados sobre a oferta dessas pr\u00e1ticas e apresentar a\u00e7\u00f5es estrat\u00e9gicas para fortalec\u00ea-las no \u00e2mbito da Aten\u00e7\u00e3o Prim\u00e1ria \u00e0 Sa\u00fade.\u00a0<\/p>\n<p>Entre as terapias oferecidas pelo SUS est\u00e3o <strong>medita\u00e7\u00e3o, reiki, fitoterapia, yoga e outras abordagens complementares<\/strong>, voltadas ao cuidado integral, preven\u00e7\u00e3o de doen\u00e7as e promo\u00e7\u00e3o do bem-estar.<\/p>\n<hr>\n<h3>Enfrentamento da viol\u00eancia de g\u00eanero<\/h3>\n<p>Em outra frente, o Minist\u00e9rio da Sa\u00fade, em parceria com a <strong>Fiocruz Bras\u00edlia<\/strong>, est\u00e1 com inscri\u00e7\u00f5es abertas para o curso online e gratuito <strong>\u201cQuebre o Sil\u00eancio: enfrentando a viol\u00eancia de g\u00eanero e o feminic\u00eddio\u201d<\/strong>.<\/p>\n<p>A forma\u00e7\u00e3o \u00e9 voltada a profissionais da <strong>Rede de Aten\u00e7\u00e3o Psicossocial (RAPS)<\/strong>, especialmente os que atuam em <strong>Centros de Aten\u00e7\u00e3o Psicossocial (CAPS)<\/strong>.\u00a0<\/p>\n<p>Com <strong>60 horas de dura\u00e7\u00e3o<\/strong>, o curso aborda temas como <strong>viol\u00eancia de g\u00eanero, racismo estrutural e feminic\u00eddio<\/strong>, com aten\u00e7\u00e3o especial a popula\u00e7\u00f5es em situa\u00e7\u00e3o de vulnerabilidade, como <strong>mulheres ind\u00edgenas, quilombolas, do campo e de povos tradicionais<\/strong>.<\/p>\n<p>As <strong>inscri\u00e7\u00f5es v\u00e3o at\u00e9 o dia 8 de maio<\/strong> e podem ser feitas no link: <a href=\"https:\/\/bit.ly\/CURSO-QUEBREOSILENCIO\">bit.ly\/CURSO-QUEBREOSILENCIO<\/a>.\u00a0<\/p>\n<p>Os participantes ter\u00e3o direito a <strong>certifica\u00e7\u00e3o<\/strong> ao concluir o curso.<\/p>\n<p><\/p>\n","protected":false},"excerpt":{"rendered":"<p>O Minist\u00e9rio da Sa\u00fade, por meio da Pol\u00edtica Nacional de Pr\u00e1ticas Integrativas e Complementares no SUS (PNPIC), realiza no dia 6 de maio, \u00e0s 14h, o webin\u00e1rio \u201cPr\u00e1ticas Integrativas e Complementares em Sa\u00fade \u2013 Cuidado e Promo\u00e7\u00e3o da Sa\u00fade na APS\u201d. A transmiss\u00e3o ser\u00e1 ao vivo pelo canal do DATASUS (acesse em bit.ly\/PICSnaAPS) e n\u00e3o [&hellip;]<\/p>\n","protected":false},"author":260896546,"featured_media":0,"comment_status":"open","ping_status":"open","sticky":false,"template":"","format":"standard","meta":{"_crdt_document":"","_monsterinsights_skip_tracking":false,"_monsterinsights_sitenote_active":false,"_monsterinsights_sitenote_note":"","_monsterinsights_sitenote_category":0,"advanced_seo_description":"","jetpack_seo_html_title":"","jetpack_seo_noindex":false,"_jetpack_newsletter_access":"","_jetpack_dont_email_post_to_subs":false,"_jetpack_newsletter_tier_id":0,"_jetpack_memberships_contains_paywalled_content":false,"_jetpack_memberships_contains_paid_content":false,"footnotes":"","jetpack_publicize_message":"","jetpack_publicize_feature_enabled":true,"jetpack_social_post_already_shared":false,"jetpack_social_options":{"image_generator_settings":{"template":"fullscreen","default_image_id":0,"font":"","enabled":false},"version":2},"_wpas_customize_per_network":false,"jetpack_post_was_ever_published":false},"categories":[38185],"tags":[781171800,781171802],"class_list":["post-2221","post","type-post","status-publish","format-standard","hentry","category-brasil","tag-curso","tag-saude"],"jetpack_publicize_connections":[],"jetpack_featured_media_url":"","jetpack_likes_enabled":true,"jetpack_sharing_enabled":true,"jetpack_shortlink":"https:\/\/wp.me\/pgitne-zP","jetpack-related-posts":[{"id":7909,"url":"https:\/\/diariodegarca.com\/?p=7909","url_meta":{"origin":2221,"position":0},"title":"Especialistas discutem a influ\u00eancia do intestino na sa\u00fade integral em palestra gratuita em Gar\u00e7a","author":"Andreza Sega","date":"21 de outubro de 2025","format":false,"excerpt":"Evento sobre Medicina Integrativa abordar\u00e1 a rela\u00e7\u00e3o entre o microbioma intestinal, sistema imunol\u00f3gico, sa\u00fade mental e hormonal, com foco em condi\u00e7\u00f5es como TEA e TDAH. A Cl\u00ednica de Especialidades Saber promover\u00e1, no dia 6 de novembro, uma palestra gratuita sobre os princ\u00edpios e benef\u00edcios da Medicina Integrativa. O evento, que\u2026","rel":"","context":"Em &quot;Eventos&quot;","block_context":{"text":"Eventos","link":"https:\/\/diariodegarca.com\/?cat=2366"},"img":{"alt_text":"","src":"https:\/\/i0.wp.com\/diariodegarca.com\/wp-content\/uploads\/2025\/10\/jovem-morena-em-pe-sobre-fundo-azul-com-mao-no-estomago-porque-indigestao-doenca-dolorosa-se-sentindo-mal-conceito-de-dor.jpg?fit=1200%2C800&ssl=1&resize=350%2C200","width":350,"height":200,"srcset":"https:\/\/i0.wp.com\/diariodegarca.com\/wp-content\/uploads\/2025\/10\/jovem-morena-em-pe-sobre-fundo-azul-com-mao-no-estomago-porque-indigestao-doenca-dolorosa-se-sentindo-mal-conceito-de-dor.jpg?fit=1200%2C800&ssl=1&resize=350%2C200 1x, https:\/\/i0.wp.com\/diariodegarca.com\/wp-content\/uploads\/2025\/10\/jovem-morena-em-pe-sobre-fundo-azul-com-mao-no-estomago-porque-indigestao-doenca-dolorosa-se-sentindo-mal-conceito-de-dor.jpg?fit=1200%2C800&ssl=1&resize=525%2C300 1.5x, https:\/\/i0.wp.com\/diariodegarca.com\/wp-content\/uploads\/2025\/10\/jovem-morena-em-pe-sobre-fundo-azul-com-mao-no-estomago-porque-indigestao-doenca-dolorosa-se-sentindo-mal-conceito-de-dor.jpg?fit=1200%2C800&ssl=1&resize=700%2C400 2x, https:\/\/i0.wp.com\/diariodegarca.com\/wp-content\/uploads\/2025\/10\/jovem-morena-em-pe-sobre-fundo-azul-com-mao-no-estomago-porque-indigestao-doenca-dolorosa-se-sentindo-mal-conceito-de-dor.jpg?fit=1200%2C800&ssl=1&resize=1050%2C600 3x"},"classes":[]},{"id":5739,"url":"https:\/\/diariodegarca.com\/?p=5739","url_meta":{"origin":2221,"position":1},"title":"Webin\u00e1rio discute nova vers\u00e3o eletr\u00f4nica do Fonar para combater viol\u00eancia dom\u00e9stica","author":"Di\u00e1rio de Gar\u00e7a","date":"18 de agosto de 2025","format":false,"excerpt":"Evento promovido pelo MJSP nos dias 19 e 20 de agosto re\u00fane especialistas para debater estrat\u00e9gias de preven\u00e7\u00e3o e aprimoramento do formul\u00e1rio de avalia\u00e7\u00e3o de risco. Transmiss\u00e3o ao vivo no YouTube. O Minist\u00e9rio da Justi\u00e7a e Seguran\u00e7a P\u00fablica (MJSP) realizar\u00e1, nos dias 19 e 20 de agosto, o webin\u00e1rio\u00a0Fonar: Estrat\u00e9gias\u2026","rel":"","context":"Em &quot;Brasil&quot;","block_context":{"text":"Brasil","link":"https:\/\/diariodegarca.com\/?cat=38185"},"img":{"alt_text":"","src":"https:\/\/i0.wp.com\/diariodegarca.com\/wp-content\/uploads\/2025\/08\/f6d9ff7e-90ed-4c47-90af-f7549a115b2c.jpeg?fit=768%2C333&ssl=1&resize=350%2C200","width":350,"height":200,"srcset":"https:\/\/i0.wp.com\/diariodegarca.com\/wp-content\/uploads\/2025\/08\/f6d9ff7e-90ed-4c47-90af-f7549a115b2c.jpeg?fit=768%2C333&ssl=1&resize=350%2C200 1x, https:\/\/i0.wp.com\/diariodegarca.com\/wp-content\/uploads\/2025\/08\/f6d9ff7e-90ed-4c47-90af-f7549a115b2c.jpeg?fit=768%2C333&ssl=1&resize=525%2C300 1.5x, https:\/\/i0.wp.com\/diariodegarca.com\/wp-content\/uploads\/2025\/08\/f6d9ff7e-90ed-4c47-90af-f7549a115b2c.jpeg?fit=768%2C333&ssl=1&resize=700%2C400 2x"},"classes":[]},{"id":2772,"url":"https:\/\/diariodegarca.com\/?p=2772","url_meta":{"origin":2221,"position":2},"title":"Saberes da Floresta oferece cursos gratuitos em sustentabilidade","author":"Di\u00e1rio de Gar\u00e7a","date":"21 de fevereiro de 2025","format":false,"excerpt":"O Minist\u00e9rio do Meio Ambiente e Mudan\u00e7a do Clima (MMA), como parte dos programas oferecidos pelo Servi\u00e7o Florestal Brasileiro (SFB), mant\u00e9m em opera\u00e7\u00e3o a plataforma Saberes da Floresta, um espa\u00e7o virtual dedicado \u00e0 educa\u00e7\u00e3o ambiental e ao desenvolvimento sustent\u00e1vel. Com cursos gratuitos e online, a iniciativa tem como objetivo capacitar\u2026","rel":"","context":"Em &quot;Brasil&quot;","block_context":{"text":"Brasil","link":"https:\/\/diariodegarca.com\/?cat=38185"},"img":{"alt_text":"","src":"","width":0,"height":0},"classes":[]},{"id":3873,"url":"https:\/\/diariodegarca.com\/?p=3873","url_meta":{"origin":2221,"position":3},"title":"For\u00e7as Armadas abre inscri\u00e7\u00f5es para concurso p\u00fablico de m\u00e9dicos, t\u00e9cnicos e capel\u00e3es","author":"Di\u00e1rio de Gar\u00e7a","date":"11 de junho de 2025","format":false,"excerpt":"Oportunidades no Ex\u00e9rcito e na Marinha oferecem vagas com remunera\u00e7\u00e3o de at\u00e9 R$ 8,6 mil As For\u00e7as Armadas brasileiras est\u00e3o com inscri\u00e7\u00f5es abertas para concursos p\u00fablicos em diferentes \u00e1reas, com vagas para profissionais de n\u00edvel superior e t\u00e9cnico. As oportunidades incluem carreiras no Ex\u00e9rcito Brasileiro e na Marinha, com remunera\u00e7\u00e3o\u2026","rel":"","context":"Em &quot;Brasil&quot;","block_context":{"text":"Brasil","link":"https:\/\/diariodegarca.com\/?cat=38185"},"img":{"alt_text":"","src":"","width":0,"height":0},"classes":[]},{"id":5366,"url":"https:\/\/diariodegarca.com\/?p=5366","url_meta":{"origin":2221,"position":4},"title":"Curso gratuito e online promove sa\u00fade e direitos da popula\u00e7\u00e3o LGBTQIA+","author":"Di\u00e1rio de Gar\u00e7a","date":"7 de agosto de 2025","format":false,"excerpt":"Iniciativa do Minist\u00e9rio dos Direitos Humanos e da Cidadania e ENAP oferece forma\u00e7\u00e3o com certifica\u00e7\u00e3o para atendimento humanizado e inclusivo. O\u00a0Minist\u00e9rio dos Direitos Humanos e da Cidadania (MDHC), em parceria com a\u00a0Escola Nacional de Administra\u00e7\u00e3o P\u00fablica (ENAP), est\u00e1 com inscri\u00e7\u00f5es abertas para o curso\u00a0\"Promo\u00e7\u00e3o da Sa\u00fade das Pessoas LGBTQIA+\". Totalmente\u00a0gratuito,\u2026","rel":"","context":"Em &quot;Curso&quot;","block_context":{"text":"Curso","link":"https:\/\/diariodegarca.com\/?cat=36947"},"img":{"alt_text":"","src":"https:\/\/i0.wp.com\/diariodegarca.com\/wp-content\/uploads\/2025\/08\/smiley-medico-e-paciente-plano-medio.jpg?fit=1200%2C798&ssl=1&resize=350%2C200","width":350,"height":200,"srcset":"https:\/\/i0.wp.com\/diariodegarca.com\/wp-content\/uploads\/2025\/08\/smiley-medico-e-paciente-plano-medio.jpg?fit=1200%2C798&ssl=1&resize=350%2C200 1x, https:\/\/i0.wp.com\/diariodegarca.com\/wp-content\/uploads\/2025\/08\/smiley-medico-e-paciente-plano-medio.jpg?fit=1200%2C798&ssl=1&resize=525%2C300 1.5x, https:\/\/i0.wp.com\/diariodegarca.com\/wp-content\/uploads\/2025\/08\/smiley-medico-e-paciente-plano-medio.jpg?fit=1200%2C798&ssl=1&resize=700%2C400 2x, https:\/\/i0.wp.com\/diariodegarca.com\/wp-content\/uploads\/2025\/08\/smiley-medico-e-paciente-plano-medio.jpg?fit=1200%2C798&ssl=1&resize=1050%2C600 3x"},"classes":[]},{"id":2144,"url":"https:\/\/diariodegarca.com\/?p=2144","url_meta":{"origin":2221,"position":5},"title":"Fiocruz oferece curso gratuito sobre Sa\u00fade \u00danica","author":"Di\u00e1rio de Gar\u00e7a","date":"10 de maio de 2025","format":false,"excerpt":"Quer entender melhor como a sa\u00fade humana, animal e ambiental est\u00e3o interligadas? Est\u00e3o abertas as inscri\u00e7\u00f5es para o curso online e gratuito \u201cIntrodu\u00e7\u00e3o a Uma S\u00f3 Sa\u00fade\u201d, promovido pela Funda\u00e7\u00e3o Oswaldo Cruz (Fiocruz) em parceria com o Minist\u00e9rio da Sa\u00fade e o Minist\u00e9rio da Educa\u00e7\u00e3o.\u00a0\u00a0A forma\u00e7\u00e3o tem como objetivo difundir\u2026","rel":"","context":"Em &quot;Brasil&quot;","block_context":{"text":"Brasil","link":"https:\/\/diariodegarca.com\/?cat=38185"},"img":{"alt_text":"","src":"","width":0,"height":0},"classes":[]}],"_links":{"self":[{"href":"https:\/\/diariodegarca.com\/index.php?rest_route=\/wp\/v2\/posts\/2221","targetHints":{"allow":["GET"]}}],"collection":[{"href":"https:\/\/diariodegarca.com\/index.php?rest_route=\/wp\/v2\/posts"}],"about":[{"href":"https:\/\/diariodegarca.com\/index.php?rest_route=\/wp\/v2\/types\/post"}],"author":[{"embeddable":true,"href":"https:\/\/diariodegarca.com\/index.php?rest_route=\/wp\/v2\/users\/260896546"}],"replies":[{"embeddable":true,"href":"https:\/\/diariodegarca.com\/index.php?rest_route=%2Fwp%2Fv2%2Fcomments&post=2221"}],"version-history":[{"count":0,"href":"https:\/\/diariodegarca.com\/index.php?rest_route=\/wp\/v2\/posts\/2221\/revisions"}],"wp:attachment":[{"href":"https:\/\/diariodegarca.com\/index.php?rest_route=%2Fwp%2Fv2%2Fmedia&parent=2221"}],"wp:term":[{"taxonomy":"category","embeddable":true,"href":"https:\/\/diariodegarca.com\/index.php?rest_route=%2Fwp%2Fv2%2Fcategories&post=2221"},{"taxonomy":"post_tag","embeddable":true,"href":"https:\/\/diariodegarca.com\/index.php?rest_route=%2Fwp%2Fv2%2Ftags&post=2221"}],"curies":[{"name":"wp","href":"https:\/\/api.w.org\/{rel}","templated":true}]}}