{"id":2223,"date":"2025-05-02T13:42:00","date_gmt":"2025-05-02T13:42:00","guid":{"rendered":"https:\/\/diariodegarca.com\/2025\/05\/02\/ceprom-de-marilia-divulga-oportunidades-de-emprego\/"},"modified":"2025-05-02T13:42:00","modified_gmt":"2025-05-02T13:42:00","slug":"ceprom-de-marilia-divulga-oportunidades-de-emprego","status":"publish","type":"post","link":"https:\/\/diariodegarca.com\/?p=2223","title":{"rendered":"CEPROM de Mar\u00edlia divulga oportunidades de emprego"},"content":{"rendered":"<div>\n<div class=\"separator\" style=\"clear: both;text-align: center\">\n  <a href=\"https:\/\/blogger.googleusercontent.com\/img\/a\/AVvXsEjNGiITn0g0TgnRYYK19Jrb9ogRAhvvWalFJl6GfaNWGjgRPnLEuw4-8penZUZWLf8Nn72c6ibITGRRn6DJyc-PZycvKDQ0VAnvC3NUXPaKvtZbN3MAJ_DzCMEPgHCN6JAlXYu7XFk-2RvnEYJIixTLjy5JnD_JyFrA9qLxzF3rFlgb5Z-hRAtB7jql148\" style=\"margin-left: 1em;margin-right: 1em\"><br \/>\n    <img decoding=\"async\" border=\"0\" src=\"https:\/\/blogger.googleusercontent.com\/img\/a\/AVvXsEjNGiITn0g0TgnRYYK19Jrb9ogRAhvvWalFJl6GfaNWGjgRPnLEuw4-8penZUZWLf8Nn72c6ibITGRRn6DJyc-PZycvKDQ0VAnvC3NUXPaKvtZbN3MAJ_DzCMEPgHCN6JAlXYu7XFk-2RvnEYJIixTLjy5JnD_JyFrA9qLxzF3rFlgb5Z-hRAtB7jql148\" width=\"400\"><br \/>\n  <\/a>\n<\/div>\n<p><\/div>\n<div>O Centro Profissionalizante de Mar\u00edlia (CEPROM) anunciou novas vagas dispon\u00edveis para profissionais que buscam inser\u00e7\u00e3o ou recoloca\u00e7\u00e3o no mercado de trabalho local. Confira os detalhes das posi\u00e7\u00f5es abertas:\u00a0\u00a0<\/div>\n<div><\/div>\n<div><b>Assistente de Departamento Pessoal<\/b><\/div>\n<div><i>Responsabilidades<\/i>:<\/div>\n<div>&#8211; Auxiliar no cadastro de novos colaboradores;\u00a0\u00a0<\/div>\n<div>&#8211; Atualiza\u00e7\u00e3o de sistemas e controle de folha de pagamento;\u00a0\u00a0<\/div>\n<div>&#8211; Gest\u00e3o de ponto eletr\u00f4nico e processos de rescis\u00e3o;\u00a0\u00a0<\/div>\n<div>&#8211; Demais atividades relacionadas ao departamento.\u00a0\u00a0<\/div>\n<div><i style=\"letter-spacing: 0.2px\"><br \/><\/i><\/div>\n<div><i style=\"letter-spacing: 0.2px\">Requisitos<\/i><span style=\"letter-spacing: 0.2px\">:\u00a0\u00a0<\/span><\/div>\n<div>&#8211; Residir em Mar\u00edlia;\u00a0\u00a0<\/div>\n<div>&#8211; Ensino t\u00e9cnico ou superior em andamento em \u00e1reas como Administra\u00e7\u00e3o, Contabilidade, Recursos Humanos ou Processos Gerenciais;\u00a0\u00a0<\/div>\n<div>&#8211; Conhecimento intermedi\u00e1rio do Pacote Office.\u00a0\u00a0<\/div>\n<div><\/div>\n<div><i>Como se candidatar:<\/i>\u00a0\u00a0<\/div>\n<div>Enviar curr\u00edculo para o e-mail curr\u00edculos@loginserv.com.br.\u00a0\u00a0<\/div>\n<div><\/div>\n<div><b><span style=\"letter-spacing: 0.2px\">Operador de Fabrica\u00e7\u00e3o (Cacau Foods)<\/span><span style=\"letter-spacing: 0.2px\">\u00a0<\/span><\/b><\/div>\n<div><i>Requisitos<\/i>:\u00a0<\/div>\n<div>&#8211; Ensino m\u00e9dio completo;\u00a0\u00a0<\/div>\n<div>&#8211; Experi\u00eancia pr\u00e9via em ambiente industrial.\u00a0\u00a0<\/div>\n<div><\/div>\n<div><i>Como se candidatar<\/i>:\u00a0<\/div>\n<div>&#8211; Enviar curr\u00edculo via WhatsApp: (14) 99833-6717;\u00a0\u00a0<\/div>\n<div>&#8211; Entregar curr\u00edculo presencialmente na portaria da empresa, localizada na avenida Eug\u00eanio Coneglian, 2460 \u2013 Distrito Industrial, Mar\u00edlia.\u00a0<\/div>\n<div><\/div>\n<div><\/div>\n<div>As oportunidades refor\u00e7am o dinamismo do mercado de trabalho em Mar\u00edlia, com demandas em setores administrativos e industriais. Interessados devem ficar atentos aos requisitos espec\u00edficos de cada vaga e enviar documenta\u00e7\u00e3o dentro do prazo.\u00a0\u00a0<\/div>\n","protected":false},"excerpt":{"rendered":"<p>O Centro Profissionalizante de Mar\u00edlia (CEPROM) anunciou novas vagas dispon\u00edveis para profissionais que buscam inser\u00e7\u00e3o ou recoloca\u00e7\u00e3o no mercado de trabalho local. Confira os detalhes das posi\u00e7\u00f5es abertas:\u00a0\u00a0 Assistente de Departamento Pessoal Responsabilidades: &#8211; Auxiliar no cadastro de novos colaboradores;\u00a0\u00a0 &#8211; Atualiza\u00e7\u00e3o de sistemas e controle de folha de pagamento;\u00a0\u00a0 &#8211; Gest\u00e3o de ponto eletr\u00f4nico [&hellip;]<\/p>\n","protected":false},"author":260896546,"featured_media":0,"comment_status":"open","ping_status":"open","sticky":false,"template":"","format":"standard","meta":{"_crdt_document":"","_monsterinsights_skip_tracking":false,"_monsterinsights_sitenote_active":false,"_monsterinsights_sitenote_note":"","_monsterinsights_sitenote_category":0,"advanced_seo_description":"","jetpack_seo_html_title":"","jetpack_seo_noindex":false,"_jetpack_newsletter_access":"","_jetpack_dont_email_post_to_subs":false,"_jetpack_newsletter_tier_id":0,"_jetpack_memberships_contains_paywalled_content":false,"_jetpack_memberships_contains_paid_content":false,"footnotes":"","jetpack_publicize_message":"","jetpack_publicize_feature_enabled":true,"jetpack_social_post_already_shared":false,"jetpack_social_options":{"image_generator_settings":{"template":"fullscreen","default_image_id":0,"font":"","enabled":false},"version":2},"_wpas_customize_per_network":false,"jetpack_post_was_ever_published":false},"categories":[38185],"tags":[222752,781171807],"class_list":["post-2223","post","type-post","status-publish","format-standard","hentry","category-brasil","tag-marilia","tag-vagas"],"jetpack_publicize_connections":[],"jetpack_featured_media_url":"","jetpack_likes_enabled":true,"jetpack_sharing_enabled":true,"jetpack_shortlink":"https:\/\/wp.me\/pgitne-zR","jetpack-related-posts":[{"id":6902,"url":"https:\/\/diariodegarca.com\/?p=6902","url_meta":{"origin":2223,"position":0},"title":"Mar\u00edlia oferta cursos presenciais de Inform\u00e1tica B\u00e1sica e Auxiliar de RH","author":"Di\u00e1rio de Gar\u00e7a","date":"19 de setembro de 2025","format":false,"excerpt":"Inscri\u00e7\u00f5es para as capacita\u00e7\u00f5es come\u00e7am na pr\u00f3xima segunda-feira, 22, e seguem at\u00e9 3 de outubro; vagas s\u00e3o limitadas. O Centro Profissionalizante Municipal de Mar\u00edlia (Ceprom) est\u00e1 com inscri\u00e7\u00f5es abertas para dois cursos profissionalizantes gratuitos e presenciais: Inform\u00e1tica B\u00e1sica e Auxiliar de Recursos Humanos. As oportunidades s\u00e3o voltadas para quem busca\u2026","rel":"","context":"Em &quot;Curso&quot;","block_context":{"text":"Curso","link":"https:\/\/diariodegarca.com\/?cat=36947"},"img":{"alt_text":"","src":"https:\/\/i0.wp.com\/diariodegarca.com\/wp-content\/uploads\/2025\/09\/estudantes-universitarios-de-diferentes-etnias-lotando.jpg?fit=1200%2C800&ssl=1&resize=350%2C200","width":350,"height":200,"srcset":"https:\/\/i0.wp.com\/diariodegarca.com\/wp-content\/uploads\/2025\/09\/estudantes-universitarios-de-diferentes-etnias-lotando.jpg?fit=1200%2C800&ssl=1&resize=350%2C200 1x, https:\/\/i0.wp.com\/diariodegarca.com\/wp-content\/uploads\/2025\/09\/estudantes-universitarios-de-diferentes-etnias-lotando.jpg?fit=1200%2C800&ssl=1&resize=525%2C300 1.5x, https:\/\/i0.wp.com\/diariodegarca.com\/wp-content\/uploads\/2025\/09\/estudantes-universitarios-de-diferentes-etnias-lotando.jpg?fit=1200%2C800&ssl=1&resize=700%2C400 2x, https:\/\/i0.wp.com\/diariodegarca.com\/wp-content\/uploads\/2025\/09\/estudantes-universitarios-de-diferentes-etnias-lotando.jpg?fit=1200%2C800&ssl=1&resize=1050%2C600 3x"},"classes":[]},{"id":2508,"url":"https:\/\/diariodegarca.com\/?p=2508","url_meta":{"origin":2223,"position":1},"title":"Mar\u00edlia oferece cursos presenciais de Inform\u00e1tica B\u00e1sica e Cuidador de Idosos","author":"Di\u00e1rio de Gar\u00e7a","date":"1 de abril de 2025","format":false,"excerpt":"O\u00a0Centro Profissionalizante Municipal de Mar\u00edlia (CEPROM), vinculado \u00e0\u00a0Prefeitura de Mar\u00edlia, abre inscri\u00e7\u00f5es para dois cursos gratuitos e presenciais a partir de hoje, ter\u00e7a-feira,\u00a01\u00ba de abril:\u00a0Inform\u00e1tica B\u00e1sica\u00a0e\u00a0Cuidador de Idosos. As vagas s\u00e3o limitadas, e as inscri\u00e7\u00f5es seguem at\u00e9\u00a011 de abril, diretamente no CEPROM.Os cursos t\u00eam dura\u00e7\u00e3o de\u00a040 horas, ser\u00e3o realizados de\u2026","rel":"","context":"Em &quot;Brasil&quot;","block_context":{"text":"Brasil","link":"https:\/\/diariodegarca.com\/?cat=38185"},"img":{"alt_text":"","src":"https:\/\/i0.wp.com\/blogger.googleusercontent.com\/img\/b\/R29vZ2xl\/AVvXsEie-EBFuaT9Fk_ehavEquKVA8XycOqhYsOCbdWRVMYY_fRaP1FRFjzWLUPg9ETrMDU8JMFgDZKbJgWhh0zf-bn4_D4txySrIAMeqf34lQzplogyzXXcI0Mf-N1ey97CnMlM1UQCmhFy893x6bxs_-e7MzHpBCUUlSOjgFgjDElYevwjgxcd6uGVGIa9i1A\/s320\/closeup-support-hands.jpg?resize=350%2C200&ssl=1","width":350,"height":200},"classes":[]},{"id":4866,"url":"https:\/\/diariodegarca.com\/?p=4866","url_meta":{"origin":2223,"position":2},"title":"Mar\u00edlia abre inscri\u00e7\u00f5es para cursos gratuitos de Cuidador de Idosos e Eletricista Instalador","author":"Di\u00e1rio de Gar\u00e7a","date":"21 de julho de 2025","format":false,"excerpt":"Oportunidades presenciais t\u00eam in\u00edcio em agosto e exigem ensino fundamental completo. O Centro Profissionalizante Municipal de Mar\u00edlia (CEPROM) est\u00e1 com inscri\u00e7\u00f5es abertas para dois cursos gratuitos e presenciais:\u00a0Cuidador de Idosos\u00a0e\u00a0Eletricista Instalador. As vagas s\u00e3o limitadas e as aulas come\u00e7am no dia 11 de agosto. As inscri\u00e7\u00f5es podem ser feitas entre\u2026","rel":"","context":"Em &quot;Curso&quot;","block_context":{"text":"Curso","link":"https:\/\/diariodegarca.com\/?cat=36947"},"img":{"alt_text":"","src":"https:\/\/i0.wp.com\/diariodegarca.com\/wp-content\/uploads\/2025\/07\/conceito-de-aposentadoria-em-casa-com-enfermeira.jpg?fit=1200%2C800&ssl=1&resize=350%2C200","width":350,"height":200,"srcset":"https:\/\/i0.wp.com\/diariodegarca.com\/wp-content\/uploads\/2025\/07\/conceito-de-aposentadoria-em-casa-com-enfermeira.jpg?fit=1200%2C800&ssl=1&resize=350%2C200 1x, https:\/\/i0.wp.com\/diariodegarca.com\/wp-content\/uploads\/2025\/07\/conceito-de-aposentadoria-em-casa-com-enfermeira.jpg?fit=1200%2C800&ssl=1&resize=525%2C300 1.5x, https:\/\/i0.wp.com\/diariodegarca.com\/wp-content\/uploads\/2025\/07\/conceito-de-aposentadoria-em-casa-com-enfermeira.jpg?fit=1200%2C800&ssl=1&resize=700%2C400 2x, https:\/\/i0.wp.com\/diariodegarca.com\/wp-content\/uploads\/2025\/07\/conceito-de-aposentadoria-em-casa-com-enfermeira.jpg?fit=1200%2C800&ssl=1&resize=1050%2C600 3x"},"classes":[]},{"id":5186,"url":"https:\/\/diariodegarca.com\/?p=5186","url_meta":{"origin":2223,"position":3},"title":"Mar\u00edlia abre inscri\u00e7\u00f5es EaD para Almoxarife e Estoquista","author":"Di\u00e1rio de Gar\u00e7a","date":"1 de agosto de 2025","format":false,"excerpt":"Capacita\u00e7\u00e3o prepara profissionais para atuar no controle de estoques e almoxarifados, com inscri\u00e7\u00f5es abertas at\u00e9 19 de setembro. O\u00a0Centro de Promo\u00e7\u00e3o Social Municipal (CEPROM), vinculado \u00e0 Prefeitura de Mar\u00edlia, est\u00e1 com inscri\u00e7\u00f5es abertas para o\u00a0curso gratuito de Almoxarife e Estoquista\u00a0na modalidade\u00a0Ensino a Dist\u00e2ncia (EaD). As vagas est\u00e3o dispon\u00edveis a partir\u2026","rel":"","context":"Em &quot;Curso&quot;","block_context":{"text":"Curso","link":"https:\/\/diariodegarca.com\/?cat=36947"},"img":{"alt_text":"","src":"https:\/\/i0.wp.com\/diariodegarca.com\/wp-content\/uploads\/2025\/07\/jovem-estudando-em-uma-biblioteca-usando-um-laptop-e1753989221767.jpg?fit=1191%2C1200&ssl=1&resize=350%2C200","width":350,"height":200,"srcset":"https:\/\/i0.wp.com\/diariodegarca.com\/wp-content\/uploads\/2025\/07\/jovem-estudando-em-uma-biblioteca-usando-um-laptop-e1753989221767.jpg?fit=1191%2C1200&ssl=1&resize=350%2C200 1x, https:\/\/i0.wp.com\/diariodegarca.com\/wp-content\/uploads\/2025\/07\/jovem-estudando-em-uma-biblioteca-usando-um-laptop-e1753989221767.jpg?fit=1191%2C1200&ssl=1&resize=525%2C300 1.5x, https:\/\/i0.wp.com\/diariodegarca.com\/wp-content\/uploads\/2025\/07\/jovem-estudando-em-uma-biblioteca-usando-um-laptop-e1753989221767.jpg?fit=1191%2C1200&ssl=1&resize=700%2C400 2x, https:\/\/i0.wp.com\/diariodegarca.com\/wp-content\/uploads\/2025\/07\/jovem-estudando-em-uma-biblioteca-usando-um-laptop-e1753989221767.jpg?fit=1191%2C1200&ssl=1&resize=1050%2C600 3x"},"classes":[]},{"id":4871,"url":"https:\/\/diariodegarca.com\/?p=4871","url_meta":{"origin":2223,"position":4},"title":"Mar\u00edlia abre inscri\u00e7\u00f5es para curso gratuito de Almoxarifado on-line","author":"Di\u00e1rio de Gar\u00e7a","date":"22 de julho de 2025","format":false,"excerpt":"Capacita\u00e7\u00e3o profissional visa preparar alunos para gest\u00e3o de estoques e log\u00edstica; inscri\u00e7\u00f5es come\u00e7am em 4 de agosto. O Centro Profissionalizante Municipal de Mar\u00edlia (CEPROM), vinculado \u00e0 Secretaria de Assist\u00eancia Social e Cidadania, abrir\u00e1 inscri\u00e7\u00f5es para o curso\u00a0Almoxarifado, na modalidade Educa\u00e7\u00e3o a Dist\u00e2ncia (EaD). O objetivo \u00e9 capacitar profissionais para atuar\u2026","rel":"","context":"Em &quot;Curso&quot;","block_context":{"text":"Curso","link":"https:\/\/diariodegarca.com\/?cat=36947"},"img":{"alt_text":"","src":"https:\/\/i0.wp.com\/diariodegarca.com\/wp-content\/uploads\/2025\/07\/homem-tiro-medio-carregando-item-de-madeira.jpg?fit=1200%2C800&ssl=1&resize=350%2C200","width":350,"height":200,"srcset":"https:\/\/i0.wp.com\/diariodegarca.com\/wp-content\/uploads\/2025\/07\/homem-tiro-medio-carregando-item-de-madeira.jpg?fit=1200%2C800&ssl=1&resize=350%2C200 1x, https:\/\/i0.wp.com\/diariodegarca.com\/wp-content\/uploads\/2025\/07\/homem-tiro-medio-carregando-item-de-madeira.jpg?fit=1200%2C800&ssl=1&resize=525%2C300 1.5x, https:\/\/i0.wp.com\/diariodegarca.com\/wp-content\/uploads\/2025\/07\/homem-tiro-medio-carregando-item-de-madeira.jpg?fit=1200%2C800&ssl=1&resize=700%2C400 2x, https:\/\/i0.wp.com\/diariodegarca.com\/wp-content\/uploads\/2025\/07\/homem-tiro-medio-carregando-item-de-madeira.jpg?fit=1200%2C800&ssl=1&resize=1050%2C600 3x"},"classes":[]},{"id":7183,"url":"https:\/\/diariodegarca.com\/?p=7183","url_meta":{"origin":2223,"position":5},"title":"Mar\u00edlia oferta cursos gratuitos EaD em empreendedorismo, design e monitoramento escolar","author":"Di\u00e1rio de Gar\u00e7a","date":"26 de setembro de 2025","format":false,"excerpt":"Inscri\u00e7\u00f5es para forma\u00e7\u00f5es com CEPROM come\u00e7am em 6 de outubro; oportunidade \u00e9 voltada a maiores de 18 anos com ensino fundamental completo. O Centro Profissionalizante Municipal de Mar\u00edlia (CEPROM), vinculado \u00e0 Secretaria de Assist\u00eancia Social e Cidadania, abrir\u00e1 inscri\u00e7\u00f5es para uma nova leva de cursos gratuitos na modalidade Educa\u00e7\u00e3o a\u2026","rel":"","context":"Em &quot;Curso&quot;","block_context":{"text":"Curso","link":"https:\/\/diariodegarca.com\/?cat=36947"},"img":{"alt_text":"","src":"https:\/\/i0.wp.com\/diariodegarca.com\/wp-content\/uploads\/2025\/09\/Divulgacao-Detran-AM-transporte-escolar-scaled-1.jpg?fit=1200%2C801&ssl=1&resize=350%2C200","width":350,"height":200,"srcset":"https:\/\/i0.wp.com\/diariodegarca.com\/wp-content\/uploads\/2025\/09\/Divulgacao-Detran-AM-transporte-escolar-scaled-1.jpg?fit=1200%2C801&ssl=1&resize=350%2C200 1x, https:\/\/i0.wp.com\/diariodegarca.com\/wp-content\/uploads\/2025\/09\/Divulgacao-Detran-AM-transporte-escolar-scaled-1.jpg?fit=1200%2C801&ssl=1&resize=525%2C300 1.5x, https:\/\/i0.wp.com\/diariodegarca.com\/wp-content\/uploads\/2025\/09\/Divulgacao-Detran-AM-transporte-escolar-scaled-1.jpg?fit=1200%2C801&ssl=1&resize=700%2C400 2x, https:\/\/i0.wp.com\/diariodegarca.com\/wp-content\/uploads\/2025\/09\/Divulgacao-Detran-AM-transporte-escolar-scaled-1.jpg?fit=1200%2C801&ssl=1&resize=1050%2C600 3x"},"classes":[]}],"_links":{"self":[{"href":"https:\/\/diariodegarca.com\/index.php?rest_route=\/wp\/v2\/posts\/2223","targetHints":{"allow":["GET"]}}],"collection":[{"href":"https:\/\/diariodegarca.com\/index.php?rest_route=\/wp\/v2\/posts"}],"about":[{"href":"https:\/\/diariodegarca.com\/index.php?rest_route=\/wp\/v2\/types\/post"}],"author":[{"embeddable":true,"href":"https:\/\/diariodegarca.com\/index.php?rest_route=\/wp\/v2\/users\/260896546"}],"replies":[{"embeddable":true,"href":"https:\/\/diariodegarca.com\/index.php?rest_route=%2Fwp%2Fv2%2Fcomments&post=2223"}],"version-history":[{"count":0,"href":"https:\/\/diariodegarca.com\/index.php?rest_route=\/wp\/v2\/posts\/2223\/revisions"}],"wp:attachment":[{"href":"https:\/\/diariodegarca.com\/index.php?rest_route=%2Fwp%2Fv2%2Fmedia&parent=2223"}],"wp:term":[{"taxonomy":"category","embeddable":true,"href":"https:\/\/diariodegarca.com\/index.php?rest_route=%2Fwp%2Fv2%2Fcategories&post=2223"},{"taxonomy":"post_tag","embeddable":true,"href":"https:\/\/diariodegarca.com\/index.php?rest_route=%2Fwp%2Fv2%2Ftags&post=2223"}],"curies":[{"name":"wp","href":"https:\/\/api.w.org\/{rel}","templated":true}]}}