{"id":2237,"date":"2025-04-29T21:04:00","date_gmt":"2025-04-29T21:04:00","guid":{"rendered":"https:\/\/diariodegarca.com\/2025\/04\/29\/fiocruz-lanca-netflix-da-saude\/"},"modified":"2025-04-29T21:04:00","modified_gmt":"2025-04-29T21:04:00","slug":"fiocruz-lanca-netflix-da-saude","status":"publish","type":"post","link":"https:\/\/diariodegarca.com\/?p=2237","title":{"rendered":"Fiocruz lan\u00e7a &#034;Netflix da Sa\u00fade&#034;"},"content":{"rendered":"<div class=\"separator\" style=\"clear: both;text-align: center\"><a href=\"https:\/\/i0.wp.com\/blogger.googleusercontent.com\/img\/b\/R29vZ2xl\/AVvXsEjp-_Z1coId80DMsVtyfR0lU4sOvqJ7_PlOJkLHdKvbR1oTpaWTu8uW_SwDWAwrPvVn5o-JD-yN0r0wzqKeKAwlzGGvd4KvdZACyYG9majidBjY24zBRtdMqS8u2EcGH5bhGCR_8mNkgfOVoUyBFH5qPunFl4GL-u8t2eg3SnxIznDM9-YaqGryYasLGX8\/s1339\/1.jpg?ssl=1\" style=\"margin-left: 1em;margin-right: 1em\"><img data-recalc-dims=\"1\" loading=\"lazy\" decoding=\"async\" border=\"0\" height=\"139\" src=\"https:\/\/i0.wp.com\/blogger.googleusercontent.com\/img\/b\/R29vZ2xl\/AVvXsEjp-_Z1coId80DMsVtyfR0lU4sOvqJ7_PlOJkLHdKvbR1oTpaWTu8uW_SwDWAwrPvVn5o-JD-yN0r0wzqKeKAwlzGGvd4KvdZACyYG9majidBjY24zBRtdMqS8u2EcGH5bhGCR_8mNkgfOVoUyBFH5qPunFl4GL-u8t2eg3SnxIznDM9-YaqGryYasLGX8\/s320\/1.jpg?resize=320%2C139&#038;ssl=1\" width=\"320\" \/><\/a><\/div>\n<p class=\"ds-markdown-paragraph\">A Funda\u00e7\u00e3o Oswaldo Cruz (Fiocruz), em parceria com o Instituto de Comunica\u00e7\u00e3o e Informa\u00e7\u00e3o Cient\u00edfica e Tecnol\u00f3gica em Sa\u00fade (ICICT), o SUS e o Minist\u00e9rio da Sa\u00fade, disponibiliza a plataforma\u00a0<strong>V\u00eddeo Sa\u00fade<\/strong>\u00a0\u2013 um acervo digital gratuito com document\u00e1rios, entrevistas e materiais educativos sobre preven\u00e7\u00e3o, tratamentos e pol\u00edticas p\u00fablicas de sa\u00fade.<\/p>\n<h3><strong>O que \u00e9 a plataforma V\u00eddeo Sa\u00fade?<\/strong><\/h3>\n<p class=\"ds-markdown-paragraph\">Acess\u00edvel em\u00a0<a href=\"https:\/\/videosaude.icict.fiocruz.br\/\" rel=\"noreferrer\" style=\"border-color: rgba(255, 255, 255, 0);border-radius: 6.858px;border-style: solid;border-width: 2px 3px;color: #3b82f6;margin-left: -3px;margin-right: -3px;position: relative\" target=\"_blank\">videosaude.icict.fiocruz.br<\/a>, a iniciativa re\u00fane produ\u00e7\u00f5es audiovisuais voltadas para profissionais da sa\u00fade, estudantes e p\u00fablico geral. O conte\u00fado abrange desde campanhas de vacina\u00e7\u00e3o at\u00e9 discuss\u00f5es sobre doen\u00e7as cr\u00f4nicas, sa\u00fade mental e epidemiologia, sempre com base em evid\u00eancias cient\u00edficas.<\/p>\n<h3><strong>Principais temas dispon\u00edveis:<\/strong><\/h3>\n<p class=\"ds-markdown-paragraph\">\n<ul style=\"text-align: left\">\n<li><strong>Preven\u00e7\u00e3o de doen\u00e7as<\/strong>\u00a0(Dengue, HIV, Tuberculose, Covid-19)<\/li>\n<li><strong>Sa\u00fade da mulher e da crian\u00e7a<\/strong><\/li>\n<li><strong>Doen\u00e7as negligenciadas<\/strong><span>\u00a0(Chagas, Leishmaniose)<\/span><\/li>\n<li><strong>Sustentabilidade e sa\u00fade ambiental<\/strong><\/li>\n<li><strong>Hist\u00f3ria da medicina e do SUS<\/strong><\/li>\n<\/ul>\n<h3><strong>Destaques do acervo:<\/strong><\/h3>\n<ol start=\"1\">\n<li>\n<p class=\"ds-markdown-paragraph\" style=\"font-size: 16.002px;line-height: 28.575px;margin-bottom: 0px !important;margin-left: 0px;margin-right: 0px;margin-top: 0px;margin: 0px\"><strong>&#8220;Covid-19: A Pandemia do S\u00e9culo&#8221;<\/strong>\u00a0\u2013 Document\u00e1rio sobre a atua\u00e7\u00e3o da Fiocruz no combate ao v\u00edrus.<\/p>\n<\/li>\n<li style=\"margin-top: 4px\">\n<p class=\"ds-markdown-paragraph\" style=\"font-size: 16.002px;line-height: 28.575px;margin-bottom: 0px !important;margin-left: 0px;margin-right: 0px;margin-top: 0px;margin: 0px\"><strong>&#8220;SUS: 30 Anos de Luta&#8221;<\/strong>\u00a0\u2013 S\u00e9rie que explica o funcionamento do Sistema \u00danico de Sa\u00fade.<\/p>\n<\/li>\n<li style=\"margin-top: 4px\">\n<p class=\"ds-markdown-paragraph\" style=\"font-size: 16.002px;line-height: 28.575px;margin-bottom: 0px !important;margin-left: 0px;margin-right: 0px;margin-top: 0px;margin: 0px\"><strong>&#8220;Zika: O V\u00edrus e a Microcefalia&#8221;<\/strong>\u00a0\u2013 Investiga\u00e7\u00e3o sobre a epidemia e seus impactos.<\/p>\n<\/li>\n<li style=\"margin-top: 4px\">\n<p class=\"ds-markdown-paragraph\" style=\"font-size: 16.002px;line-height: 28.575px;margin-bottom: 0px !important;margin-left: 0px;margin-right: 0px;margin-top: 0px;margin: 0px\"><strong>&#8220;Medicamentos e Sa\u00fade P\u00fablica&#8221;<\/strong>\u00a0\u2013 Debate sobre acesso a tratamentos no Brasil.<\/p>\n<\/li>\n<\/ol>\n<h3><strong>Como acessar?<\/strong><\/h3>\n<p class=\"ds-markdown-paragraph\">Todos os v\u00eddeos s\u00e3o\u00a0<strong>gratuitos<\/strong>\u00a0e podem ser assistidos online ou baixados para uso em atividades educativas. A plataforma tamb\u00e9m oferece playlists tem\u00e1ticas, facilitando a navega\u00e7\u00e3o.<\/p>\n<h3><strong>Objetivo da iniciativa<\/strong><\/h3>\n<p class=\"ds-markdown-paragraph\">A Fiocruz refor\u00e7a seu compromisso com a democratiza\u00e7\u00e3o da informa\u00e7\u00e3o em sa\u00fade, utilizando a tecnologia para alcan\u00e7ar profissionais e cidad\u00e3os em todo o pa\u00eds, incluindo constantemente novos t\u00edtulos que podem ser acessados gratuitamente. A ferramenta \u00e9 especialmente \u00fatil para capacita\u00e7\u00e3o de agentes comunit\u00e1rios e educadores, mas tamb\u00e9m \u00e9 uma ferramenta importante para o p\u00fablico em geral.<\/p>\n<p class=\"ds-markdown-paragraph\">\n<p class=\"ds-markdown-paragraph\"><strong>Para explorar o acervo completo:<\/strong><\/p>\n<p><span style=\"background-color: white;color: #404040;font-size: 16.002px\">\ud83d\udd17<\/span><span style=\"background-color: white;color: #404040;font-size: 16.002px\">\u00a0<\/span><a href=\"https:\/\/videosaude.icict.fiocruz.br\/\" rel=\"noreferrer\" target=\"_blank\">videosaude.icict.fiocruz.br<\/a>\u00a0<\/p>\n","protected":false},"excerpt":{"rendered":"<p>A Funda\u00e7\u00e3o Oswaldo Cruz (Fiocruz), em parceria com o Instituto de Comunica\u00e7\u00e3o e Informa\u00e7\u00e3o Cient\u00edfica e Tecnol\u00f3gica em Sa\u00fade (ICICT), o SUS e o Minist\u00e9rio da Sa\u00fade, disponibiliza a plataforma\u00a0V\u00eddeo Sa\u00fade\u00a0\u2013 um acervo digital gratuito com document\u00e1rios, entrevistas e materiais educativos sobre preven\u00e7\u00e3o, tratamentos e pol\u00edticas p\u00fablicas de sa\u00fade. O que \u00e9 a plataforma V\u00eddeo [&hellip;]<\/p>\n","protected":false},"author":260896546,"featured_media":0,"comment_status":"open","ping_status":"open","sticky":false,"template":"","format":"standard","meta":{"_crdt_document":"","_monsterinsights_skip_tracking":false,"_monsterinsights_sitenote_active":false,"_monsterinsights_sitenote_note":"","_monsterinsights_sitenote_category":0,"advanced_seo_description":"","jetpack_seo_html_title":"","jetpack_seo_noindex":false,"_jetpack_newsletter_access":"","_jetpack_dont_email_post_to_subs":false,"_jetpack_newsletter_tier_id":0,"_jetpack_memberships_contains_paywalled_content":false,"_jetpack_memberships_contains_paid_content":false,"footnotes":"","jetpack_publicize_message":"","jetpack_publicize_feature_enabled":true,"jetpack_social_post_already_shared":false,"jetpack_social_options":{"image_generator_settings":{"template":"fullscreen","default_image_id":0,"font":"","enabled":false},"version":2},"_wpas_customize_per_network":false,"jetpack_post_was_ever_published":false},"categories":[38185],"tags":[781171797,781171802,781171787],"class_list":["post-2237","post","type-post","status-publish","format-standard","hentry","category-brasil","tag-educacao","tag-saude","tag-tecnologia"],"jetpack_publicize_connections":[],"jetpack_featured_media_url":"","jetpack_likes_enabled":true,"jetpack_sharing_enabled":true,"jetpack_shortlink":"https:\/\/wp.me\/pgitne-A5","jetpack-related-posts":[{"id":5523,"url":"https:\/\/diariodegarca.com\/?p=5523","url_meta":{"origin":2237,"position":0},"title":"Fiocruz e EMS anunciam produ\u00e7\u00e3o nacional de &#8220;canetas emagrecedoras&#8221; para diabetes e obesidade","author":"Di\u00e1rio de Gar\u00e7a","date":"11 de agosto de 2025","format":false,"excerpt":"Parceria permitir\u00e1 fabrica\u00e7\u00e3o de medicamentos \u00e0 base de liraglutida e semaglutida no Brasil, com potencial redu\u00e7\u00e3o de custos e amplia\u00e7\u00e3o do acesso via SUS. A Funda\u00e7\u00e3o Oswaldo Cruz (Fiocruz), por meio do Instituto de Tecnologia em F\u00e1rmacos (Farmanguinhos), firmou uma parceria estrat\u00e9gica com a farmac\u00eautica EMS para produzir no Brasil\u2026","rel":"","context":"Em &quot;Brasil&quot;","block_context":{"text":"Brasil","link":"https:\/\/diariodegarca.com\/?cat=38185"},"img":{"alt_text":"","src":"https:\/\/i0.wp.com\/diariodegarca.com\/wp-content\/uploads\/2025\/08\/mounjaro-ozempic_1748267136770-1024x576-1.webp?fit=1024%2C576&ssl=1&resize=350%2C200","width":350,"height":200,"srcset":"https:\/\/i0.wp.com\/diariodegarca.com\/wp-content\/uploads\/2025\/08\/mounjaro-ozempic_1748267136770-1024x576-1.webp?fit=1024%2C576&ssl=1&resize=350%2C200 1x, https:\/\/i0.wp.com\/diariodegarca.com\/wp-content\/uploads\/2025\/08\/mounjaro-ozempic_1748267136770-1024x576-1.webp?fit=1024%2C576&ssl=1&resize=525%2C300 1.5x, https:\/\/i0.wp.com\/diariodegarca.com\/wp-content\/uploads\/2025\/08\/mounjaro-ozempic_1748267136770-1024x576-1.webp?fit=1024%2C576&ssl=1&resize=700%2C400 2x"},"classes":[]},{"id":4129,"url":"https:\/\/diariodegarca.com\/?p=4129","url_meta":{"origin":2237,"position":1},"title":"Fiocruz conquista certifica\u00e7\u00e3o internacional para diagn\u00f3stico molecular de febre amarela","author":"Di\u00e1rio de Gar\u00e7a","date":"20 de junho de 2025","format":false,"excerpt":"Reconhecimento global refor\u00e7a excel\u00eancia da institui\u00e7\u00e3o no combate a doen\u00e7as tropicais e vigil\u00e2ncia em sa\u00fade A\u00a0Funda\u00e7\u00e3o Oswaldo Cruz (Fiocruz)\u00a0acaba de alcan\u00e7ar um novo marco em sua trajet\u00f3ria cient\u00edfica: a certifica\u00e7\u00e3o internacional para o\u00a0diagn\u00f3stico molecular da febre amarela, concedida pelo\u00a0Quality Control for Molecular Diagnostics (QCMD). Trata-se de uma organiza\u00e7\u00e3o independente e\u2026","rel":"","context":"Em &quot;Brasil&quot;","block_context":{"text":"Brasil","link":"https:\/\/diariodegarca.com\/?cat=38185"},"img":{"alt_text":"","src":"","width":0,"height":0},"classes":[]},{"id":2160,"url":"https:\/\/diariodegarca.com\/?p=2160","url_meta":{"origin":2237,"position":2},"title":"Fiocruz investiga leptospirose e alerta para preven\u00e7\u00e3o no per\u00edodo chuvoso","author":"Di\u00e1rio de Gar\u00e7a","date":"9 de maio de 2025","format":false,"excerpt":"A leptospirose, doen\u00e7a infecciosa febril aguda, \u00e9 causada pela bact\u00e9ria\u00a0Leptospira\u00a0e transmitida pelo contato com a urina de ratos e outros animais infectados. Sua dissemina\u00e7\u00e3o est\u00e1 diretamente ligada a condi\u00e7\u00f5es prec\u00e1rias de saneamento b\u00e1sico, esgoto a c\u00e9u aberto e ac\u00famulo de \u00e1gua parada \u2014 cen\u00e1rios que se intensificam durante o per\u00edodo\u2026","rel":"","context":"Em &quot;Brasil&quot;","block_context":{"text":"Brasil","link":"https:\/\/diariodegarca.com\/?cat=38185"},"img":{"alt_text":"","src":"https:\/\/i0.wp.com\/blogger.googleusercontent.com\/img\/b\/R29vZ2xl\/AVvXsEg3QM-ukH2ziUtiRcpDJv-_LpqyuJ5RQO6Z4H18FmfzcJdoHwUKyNkfCK0uiZV-KzYjOPPl97psc57MxBaXv_6p1FC3oUwUwQxuTUAWfDG8g4s5aSxf0gpkI2z_K-8JnbtbpLIGUK6vAE7rGsL_8t4reW-Wui-xgW8W7YuSE7hfakHtxp63rCULcDTBaQM\/s320\/494308416_1105945824903552_5123295979372816536_n.jpg?resize=350%2C200&ssl=1","width":350,"height":200},"classes":[]},{"id":2419,"url":"https:\/\/diariodegarca.com\/?p=2419","url_meta":{"origin":2237,"position":3},"title":"Fiocruz assume coparticipa\u00e7\u00e3o em patente de larvicida sustent\u00e1vel contra o Aedes aegypti","author":"Di\u00e1rio de Gar\u00e7a","date":"9 de abril de 2025","format":false,"excerpt":"C\u00e9lulas de levedura com \u00f3leo de laranja encapsulado (imagem: Genta e colaboradores, BMC, 2020)O Instituto Oswaldo Cruz (IOC\/Fiocruz) passou a ser cotitular da patente de um larvicida inovador contra o\u00a0Aedes aegypti, mosquito transmissor da dengue, zika e chikungunya. Desenvolvido em parceria com universidades estrangeiras, o produto utiliza c\u00e1psulas de \u00f3leo\u2026","rel":"","context":"Em &quot;Brasil&quot;","block_context":{"text":"Brasil","link":"https:\/\/diariodegarca.com\/?cat=38185"},"img":{"alt_text":"","src":"https:\/\/i0.wp.com\/blogger.googleusercontent.com\/img\/b\/R29vZ2xl\/AVvXsEh6T-FcwBGAzokolUZippbLljG_r8u197yUdfRqSMsOplAFqO8aU0chAcjPWsHOqCR9iectuPHZCtAMvq-Q1-CKI5P9ME18cQUyZLryXgxO4HUzLI7baSgk0lCkUowkHD9Yvkj2CDyF6UBJr6WUA0alYLBu9_ymus7nBG4xqmQRlpHoJv_1g1Nkl8oV4gs\/s320\/larvicida_maior_1.jpg?resize=350%2C200&ssl=1","width":350,"height":200},"classes":[]},{"id":2144,"url":"https:\/\/diariodegarca.com\/?p=2144","url_meta":{"origin":2237,"position":4},"title":"Fiocruz oferece curso gratuito sobre Sa\u00fade \u00danica","author":"Di\u00e1rio de Gar\u00e7a","date":"10 de maio de 2025","format":false,"excerpt":"Quer entender melhor como a sa\u00fade humana, animal e ambiental est\u00e3o interligadas? Est\u00e3o abertas as inscri\u00e7\u00f5es para o curso online e gratuito \u201cIntrodu\u00e7\u00e3o a Uma S\u00f3 Sa\u00fade\u201d, promovido pela Funda\u00e7\u00e3o Oswaldo Cruz (Fiocruz) em parceria com o Minist\u00e9rio da Sa\u00fade e o Minist\u00e9rio da Educa\u00e7\u00e3o.\u00a0\u00a0A forma\u00e7\u00e3o tem como objetivo difundir\u2026","rel":"","context":"Em &quot;Brasil&quot;","block_context":{"text":"Brasil","link":"https:\/\/diariodegarca.com\/?cat=38185"},"img":{"alt_text":"","src":"","width":0,"height":0},"classes":[]},{"id":5252,"url":"https:\/\/diariodegarca.com\/?p=5252","url_meta":{"origin":2237,"position":5},"title":"Hemobr\u00e1s e Fiocruz desenvolvem teste para detectar hepatite A e Parvov\u00edrus B19","author":"Di\u00e1rio de Gar\u00e7a","date":"4 de agosto de 2025","format":false,"excerpt":"Parceria vai criar teste com tecnologia 100% nacional, garantindo maior biosseguran\u00e7a na produ\u00e7\u00e3o de medicamentos essenciais para o SUS. A Empresa Brasileira de Hemoderivados e Biotecnologia (Hemobr\u00e1s) e a Fiocruz firmaram, no final de julho, uma parceria para desenvolver um teste molecular in\u00e9dito no pa\u00eds, capaz de identificar hepatite A\u2026","rel":"","context":"Em &quot;Brasil&quot;","block_context":{"text":"Brasil","link":"https:\/\/diariodegarca.com\/?cat=38185"},"img":{"alt_text":"","src":"https:\/\/i0.wp.com\/diariodegarca.com\/wp-content\/uploads\/2025\/08\/assinatura_m.jpg?fit=530%2C358&ssl=1&resize=350%2C200","width":350,"height":200,"srcset":"https:\/\/i0.wp.com\/diariodegarca.com\/wp-content\/uploads\/2025\/08\/assinatura_m.jpg?fit=530%2C358&ssl=1&resize=350%2C200 1x, https:\/\/i0.wp.com\/diariodegarca.com\/wp-content\/uploads\/2025\/08\/assinatura_m.jpg?fit=530%2C358&ssl=1&resize=525%2C300 1.5x"},"classes":[]}],"_links":{"self":[{"href":"https:\/\/diariodegarca.com\/index.php?rest_route=\/wp\/v2\/posts\/2237","targetHints":{"allow":["GET"]}}],"collection":[{"href":"https:\/\/diariodegarca.com\/index.php?rest_route=\/wp\/v2\/posts"}],"about":[{"href":"https:\/\/diariodegarca.com\/index.php?rest_route=\/wp\/v2\/types\/post"}],"author":[{"embeddable":true,"href":"https:\/\/diariodegarca.com\/index.php?rest_route=\/wp\/v2\/users\/260896546"}],"replies":[{"embeddable":true,"href":"https:\/\/diariodegarca.com\/index.php?rest_route=%2Fwp%2Fv2%2Fcomments&post=2237"}],"version-history":[{"count":0,"href":"https:\/\/diariodegarca.com\/index.php?rest_route=\/wp\/v2\/posts\/2237\/revisions"}],"wp:attachment":[{"href":"https:\/\/diariodegarca.com\/index.php?rest_route=%2Fwp%2Fv2%2Fmedia&parent=2237"}],"wp:term":[{"taxonomy":"category","embeddable":true,"href":"https:\/\/diariodegarca.com\/index.php?rest_route=%2Fwp%2Fv2%2Fcategories&post=2237"},{"taxonomy":"post_tag","embeddable":true,"href":"https:\/\/diariodegarca.com\/index.php?rest_route=%2Fwp%2Fv2%2Ftags&post=2237"}],"curies":[{"name":"wp","href":"https:\/\/api.w.org\/{rel}","templated":true}]}}