{"id":2251,"date":"2025-04-28T19:17:00","date_gmt":"2025-04-28T19:17:00","guid":{"rendered":"https:\/\/diariodegarca.com\/2025\/04\/28\/gmail-simplifica-cancelamento-de-assinaturas-com-nova-ferramenta-unsubscribe\/"},"modified":"2025-04-28T19:17:00","modified_gmt":"2025-04-28T19:17:00","slug":"gmail-simplifica-cancelamento-de-assinaturas-com-nova-ferramenta-unsubscribe","status":"publish","type":"post","link":"https:\/\/diariodegarca.com\/?p=2251","title":{"rendered":"Gmail simplifica cancelamento de assinaturas com nova ferramenta &#034;Unsubscribe&#034;"},"content":{"rendered":"<div class=\"separator\" style=\"clear: both;text-align: center\"><a href=\"https:\/\/i0.wp.com\/blogger.googleusercontent.com\/img\/b\/R29vZ2xl\/AVvXsEiPedcCDWRHDNNPSE7bUVnkS6WBmUamMrn7fRMQRrNd8SE2h2VXTH9V3C_CO8zSk30BmnpNmisKp0RoURTZlutmUKEq3M1K2mfnBxI6l6M7piWTNve6LIcarQmkvmm210fiUMjQURcibCghA0mtuBGP-JWpnh6RoqqbQRKruJeSiFaTqIMAzcdXj8mebaM\/s656\/3.jpg?ssl=1\" style=\"margin-left: 1em;margin-right: 1em\"><img data-recalc-dims=\"1\" loading=\"lazy\" decoding=\"async\" border=\"0\" height=\"240\" src=\"https:\/\/i0.wp.com\/blogger.googleusercontent.com\/img\/b\/R29vZ2xl\/AVvXsEiPedcCDWRHDNNPSE7bUVnkS6WBmUamMrn7fRMQRrNd8SE2h2VXTH9V3C_CO8zSk30BmnpNmisKp0RoURTZlutmUKEq3M1K2mfnBxI6l6M7piWTNve6LIcarQmkvmm210fiUMjQURcibCghA0mtuBGP-JWpnh6RoqqbQRKruJeSiFaTqIMAzcdXj8mebaM\/s320\/3.jpg?resize=320%2C240&#038;ssl=1\" width=\"320\" \/><\/a><\/div>\n<p class=\"ds-markdown-paragraph\">O Gmail, servi\u00e7o de e-mail do Google, acaba de introduzir uma funcionalidade que promete reduzir o spam na caixa de entrada dos usu\u00e1rios. A nova p\u00e1gina\u00a0<strong>&#8220;Unsubscribe&#8221;<\/strong>\u00a0permite cancelar assinaturas de e-mails indesejados com um \u00fanico toque, eliminando a necessidade de buscar links de cancelamento em mensagens individuais. A ferramenta est\u00e1 sendo liberada gradualmente para usu\u00e1rios do\u00a0<strong>Gmail para Android<\/strong>, com planos de expans\u00e3o para a vers\u00e3o web e iOS em breve.<\/p>\n<h3>Como funciona a nova ferramenta<\/h3>\n<p class=\"ds-markdown-paragraph\">Acess\u00edvel atrav\u00e9s do menu lateral do aplicativo, a op\u00e7\u00e3o\u00a0<strong>&#8220;Manage subscriptions&#8221;<\/strong>\u00a0exibe uma lista organizada de remetentes frequentes, como, por exemplo,\u00a0<strong>Amazon Associates Program<\/strong>,\u00a0<strong>AmericanExpress<\/strong>, e\u00a0<strong>Artiler<\/strong>, entre outros. Cada entrada mostra o nome da empresa, o endere\u00e7o de e-mail associado e a quantidade de mensagens recebidas recentemente (ex.:\u00a0*20+ emails recently*). Basta selecionar o remetente e confirmar o cancelamento para interromper o recebimento de comunica\u00e7\u00f5es.<\/p>\n<h3>Benef\u00edcios<\/h3>\n<p class=\"ds-markdown-paragraph\">A novidade surge como uma resposta \u00e0s reclama\u00e7\u00f5es de usu\u00e1rios sobre a dificuldade em gerenciar assinaturas manualmente. Anteriormente, era necess\u00e1rio abrir cada e-mail para localizar o link de cancelamento, muitas vezes oculto em letras mi\u00fadas. Agora, o processo \u00e9 centralizado e intuitivo, alinhando-se \u00e0s recentes atualiza\u00e7\u00f5es do Gmail, como a\u00a0<strong>busca por IA<\/strong>, para melhorar a experi\u00eancia do usu\u00e1rio.<\/p>\n<p class=\"ds-markdown-paragraph\">A ferramenta est\u00e1 em fase de lan\u00e7amento gradual. Quem ainda n\u00e3o a visualiza no app pode aguardar a atualiza\u00e7\u00e3o nas pr\u00f3ximas semanas. Enquanto isso, o Google recomenda verificar a se\u00e7\u00e3o\u00a0<strong>&#8220;Updates&#8221;<\/strong>\u00a0no menu lateral, onde labels como &#8220;<i>Important<\/i>&#8220;, &#8220;<i>Scheduled<\/i>&#8221; e &#8220;<i>Spam<\/i>&#8221; tamb\u00e9m ajudam\u00a0a organizar a caixa de entrada.<\/p>\n<p class=\"ds-markdown-paragraph\"><\/p>\n","protected":false},"excerpt":{"rendered":"<p>O Gmail, servi\u00e7o de e-mail do Google, acaba de introduzir uma funcionalidade que promete reduzir o spam na caixa de entrada dos usu\u00e1rios. A nova p\u00e1gina\u00a0&#8220;Unsubscribe&#8221;\u00a0permite cancelar assinaturas de e-mails indesejados com um \u00fanico toque, eliminando a necessidade de buscar links de cancelamento em mensagens individuais. A ferramenta est\u00e1 sendo liberada gradualmente para usu\u00e1rios do\u00a0Gmail [&hellip;]<\/p>\n","protected":false},"author":260896546,"featured_media":0,"comment_status":"open","ping_status":"open","sticky":false,"template":"","format":"standard","meta":{"_crdt_document":"","_monsterinsights_skip_tracking":false,"_monsterinsights_sitenote_active":false,"_monsterinsights_sitenote_note":"","_monsterinsights_sitenote_category":0,"advanced_seo_description":"","jetpack_seo_html_title":"","jetpack_seo_noindex":false,"_jetpack_newsletter_access":"","_jetpack_dont_email_post_to_subs":false,"_jetpack_newsletter_tier_id":0,"_jetpack_memberships_contains_paywalled_content":false,"_jetpack_memberships_contains_paid_content":false,"footnotes":"","jetpack_publicize_message":"","jetpack_publicize_feature_enabled":true,"jetpack_social_post_already_shared":false,"jetpack_social_options":{"image_generator_settings":{"template":"fullscreen","default_image_id":0,"font":"","enabled":false},"version":2},"_wpas_customize_per_network":false,"jetpack_post_was_ever_published":false},"categories":[38185],"tags":[781171787],"class_list":["post-2251","post","type-post","status-publish","format-standard","hentry","category-brasil","tag-tecnologia"],"jetpack_publicize_connections":[],"jetpack_featured_media_url":"","jetpack_likes_enabled":true,"jetpack_sharing_enabled":true,"jetpack_shortlink":"https:\/\/wp.me\/pgitne-Aj","jetpack-related-posts":[{"id":4287,"url":"https:\/\/diariodegarca.com\/?p=4287","url_meta":{"origin":2251,"position":0},"title":"Eventim e Nintendo na mira do Procon: cobran\u00e7as abusivas e cl\u00e1usulas ilegais em foco","author":"Di\u00e1rio de Gar\u00e7a","date":"27 de junho de 2025","format":false,"excerpt":"\u00d3rg\u00e3o de defesa do consumidor notifica empresas por pr\u00e1ticas question\u00e1veis e orienta consumidores sobre seus direitos O Procon-SP tem atuado firmemente para coibir abusos contra os consumidores, notificando empresas como a Eventim e a Nintendo por cobran\u00e7as indevidas e cl\u00e1usulas contratuais consideradas ilegais. Confira os detalhes desses casos e saiba\u2026","rel":"","context":"Em &quot;Fiscaliza\u00e7\u00e3o&quot;","block_context":{"text":"Fiscaliza\u00e7\u00e3o","link":"https:\/\/diariodegarca.com\/?cat=1192752"},"img":{"alt_text":"","src":"https:\/\/i0.wp.com\/diariodegarca.com\/wp-content\/uploads\/2025\/06\/black-friday-gerou-mais-de-1500-reclamacoes-no-procon-sp-1607549138979_v2_4x3.jpg?fit=1200%2C900&ssl=1&resize=350%2C200","width":350,"height":200,"srcset":"https:\/\/i0.wp.com\/diariodegarca.com\/wp-content\/uploads\/2025\/06\/black-friday-gerou-mais-de-1500-reclamacoes-no-procon-sp-1607549138979_v2_4x3.jpg?fit=1200%2C900&ssl=1&resize=350%2C200 1x, https:\/\/i0.wp.com\/diariodegarca.com\/wp-content\/uploads\/2025\/06\/black-friday-gerou-mais-de-1500-reclamacoes-no-procon-sp-1607549138979_v2_4x3.jpg?fit=1200%2C900&ssl=1&resize=525%2C300 1.5x, https:\/\/i0.wp.com\/diariodegarca.com\/wp-content\/uploads\/2025\/06\/black-friday-gerou-mais-de-1500-reclamacoes-no-procon-sp-1607549138979_v2_4x3.jpg?fit=1200%2C900&ssl=1&resize=700%2C400 2x, https:\/\/i0.wp.com\/diariodegarca.com\/wp-content\/uploads\/2025\/06\/black-friday-gerou-mais-de-1500-reclamacoes-no-procon-sp-1607549138979_v2_4x3.jpg?fit=1200%2C900&ssl=1&resize=1050%2C600 3x"},"classes":[]},{"id":9869,"url":"https:\/\/diariodegarca.com\/?p=9869","url_meta":{"origin":2251,"position":1},"title":"Nota fiscal de servi\u00e7os em Gar\u00e7a agora \u00e9 s\u00f3 pelo sistema nacional","author":"Di\u00e1rio de Gar\u00e7a","date":"7 de janeiro de 2026","format":false,"excerpt":"Prefeitura adota sistema \u00fanico de emiss\u00e3o de NFS-e. Quem presta servi\u00e7o no munic\u00edpio precisa se adaptar \u00e0s novas regras de prazo e cancelamento. Publicado no Di\u00e1rio Oficial de Gar\u00e7a, o\u00a0Decreto n\u00ba 10.486\/2025\u00a0tornou obrigat\u00f3rio o uso do\u00a0sistema nacional de Nota Fiscal de Servi\u00e7o Eletr\u00f4nica (NFS-e Nacional)\u00a0para todos os prestadores de servi\u00e7o\u2026","rel":"","context":"Em &quot;Empreendedorismo&quot;","block_context":{"text":"Empreendedorismo","link":"https:\/\/diariodegarca.com\/?cat=7442"},"img":{"alt_text":"","src":"https:\/\/i0.wp.com\/diariodegarca.com\/wp-content\/uploads\/2026\/01\/empresario-adulto-medio-inserindo-dados-de-relatorios-de-negocios-em-um-computador-no-escritorio.jpg?fit=1200%2C800&ssl=1&resize=350%2C200","width":350,"height":200,"srcset":"https:\/\/i0.wp.com\/diariodegarca.com\/wp-content\/uploads\/2026\/01\/empresario-adulto-medio-inserindo-dados-de-relatorios-de-negocios-em-um-computador-no-escritorio.jpg?fit=1200%2C800&ssl=1&resize=350%2C200 1x, https:\/\/i0.wp.com\/diariodegarca.com\/wp-content\/uploads\/2026\/01\/empresario-adulto-medio-inserindo-dados-de-relatorios-de-negocios-em-um-computador-no-escritorio.jpg?fit=1200%2C800&ssl=1&resize=525%2C300 1.5x, https:\/\/i0.wp.com\/diariodegarca.com\/wp-content\/uploads\/2026\/01\/empresario-adulto-medio-inserindo-dados-de-relatorios-de-negocios-em-um-computador-no-escritorio.jpg?fit=1200%2C800&ssl=1&resize=700%2C400 2x, https:\/\/i0.wp.com\/diariodegarca.com\/wp-content\/uploads\/2026\/01\/empresario-adulto-medio-inserindo-dados-de-relatorios-de-negocios-em-um-computador-no-escritorio.jpg?fit=1200%2C800&ssl=1&resize=1050%2C600 3x"},"classes":[]},{"id":2322,"url":"https:\/\/diariodegarca.com\/?p=2322","url_meta":{"origin":2251,"position":2},"title":"Procon-SP promove palestra online sobre Direitos B\u00e1sicos do Consumidor","author":"Di\u00e1rio de Gar\u00e7a","date":"17 de abril de 2025","format":false,"excerpt":"Em um mercado cada vez mais din\u00e2mico, conhecer os direitos do consumidor \u00e9 essencial para evitar abusos e garantir rela\u00e7\u00f5es comerciais justas. Pensando nisso, a\u00a0Funda\u00e7\u00e3o Procon-SP\u00a0realizar\u00e1, no dia\u00a024 de abril de 2025, das\u00a014h \u00e0s 16h, uma\u00a0palestra online gratuita\u00a0sobre\u00a0Direitos B\u00e1sicos do Consumidor. O evento, transmitido pela plataforma\u00a0Microsoft Teams, tamb\u00e9m ser\u00e1 exibido\u2026","rel":"","context":"Em &quot;Brasil&quot;","block_context":{"text":"Brasil","link":"https:\/\/diariodegarca.com\/?cat=38185"},"img":{"alt_text":"","src":"https:\/\/i0.wp.com\/blogger.googleusercontent.com\/img\/b\/R29vZ2xl\/AVvXsEhlKN5xJxQMGKNeHkOu9tsj5bdfHjuFF7LSydchZDUpTjS6JlBLJHaoN-ZOc3LPJK38UK8HUQA7q5RK8XMgf-NmaJ8mat3fEoMxsoaWirMMP1yLZVbCIDrtdgS8Dd3QOfc_QZHeqvhhkJBQVelKBGclqW4N4td6tzBXDNPTGcOsc3bWKlGdIpDuvw3jPyE\/s320\/personal-shopper-office-with-client.jpg?resize=350%2C200&ssl=1","width":350,"height":200},"classes":[]},{"id":6312,"url":"https:\/\/diariodegarca.com\/?p=6312","url_meta":{"origin":2251,"position":3},"title":"Anatel torna obrigat\u00f3rio &#8220;N\u00e3o Me Perturbe&#8221; por todas as operadoras de telemarketing","author":"Di\u00e1rio de Gar\u00e7a","date":"3 de setembro de 2025","format":false,"excerpt":"Decis\u00e3o unifica em uma \u00fanica plataforma o cadastro de consumidores que n\u00e3o desejam receber liga\u00e7\u00f5es promocionais; empresas ter\u00e3o 60 dias para se adaptar \u00e0 regra. Em uma medida que impacta milh\u00f5es de consumidores e empresas de telecomunica\u00e7\u00f5es, a Ag\u00eancia Nacional de Telecomunica\u00e7\u00f5es (Anatel) determinou, na ter\u00e7a-feira, 2 de setembro, a\u2026","rel":"","context":"Em &quot;Brasil&quot;","block_context":{"text":"Brasil","link":"https:\/\/diariodegarca.com\/?cat=38185"},"img":{"alt_text":"","src":"https:\/\/i0.wp.com\/diariodegarca.com\/wp-content\/uploads\/2025\/09\/fone-de-ouvido-de-audio-usado-por-agentes-de-call-center-para-atender-clientes-e-fazer-telecomunicacoes-com-tecnologia-estacao-de-trabalho-de-atendimento-ao-cliente-vazia-com-fones-de-ou.jpg?fit=1200%2C675&ssl=1&resize=350%2C200","width":350,"height":200,"srcset":"https:\/\/i0.wp.com\/diariodegarca.com\/wp-content\/uploads\/2025\/09\/fone-de-ouvido-de-audio-usado-por-agentes-de-call-center-para-atender-clientes-e-fazer-telecomunicacoes-com-tecnologia-estacao-de-trabalho-de-atendimento-ao-cliente-vazia-com-fones-de-ou.jpg?fit=1200%2C675&ssl=1&resize=350%2C200 1x, https:\/\/i0.wp.com\/diariodegarca.com\/wp-content\/uploads\/2025\/09\/fone-de-ouvido-de-audio-usado-por-agentes-de-call-center-para-atender-clientes-e-fazer-telecomunicacoes-com-tecnologia-estacao-de-trabalho-de-atendimento-ao-cliente-vazia-com-fones-de-ou.jpg?fit=1200%2C675&ssl=1&resize=525%2C300 1.5x, https:\/\/i0.wp.com\/diariodegarca.com\/wp-content\/uploads\/2025\/09\/fone-de-ouvido-de-audio-usado-por-agentes-de-call-center-para-atender-clientes-e-fazer-telecomunicacoes-com-tecnologia-estacao-de-trabalho-de-atendimento-ao-cliente-vazia-com-fones-de-ou.jpg?fit=1200%2C675&ssl=1&resize=700%2C400 2x, https:\/\/i0.wp.com\/diariodegarca.com\/wp-content\/uploads\/2025\/09\/fone-de-ouvido-de-audio-usado-por-agentes-de-call-center-para-atender-clientes-e-fazer-telecomunicacoes-com-tecnologia-estacao-de-trabalho-de-atendimento-ao-cliente-vazia-com-fones-de-ou.jpg?fit=1200%2C675&ssl=1&resize=1050%2C600 3x"},"classes":[]},{"id":2025,"url":"https:\/\/diariodegarca.com\/?p=2025","url_meta":{"origin":2251,"position":4},"title":"Mais de 5 milh\u00f5es de eleitores podem ter t\u00edtulos cancelados por irregularidades","author":"Di\u00e1rio de Gar\u00e7a","date":"20 de maio de 2025","format":false,"excerpt":"Um pouco mais de mil garcenses est\u00e3o entre eles O Tribunal Superior Eleitoral (TSE) divulgou nesta ter\u00e7a-feira, dia 20 de maio, que mais de 5 milh\u00f5es de eleitores em todo o pa\u00eds est\u00e3o com os t\u00edtulos irregulares e correm o risco de ter o documento cancelado. O prazo para regulariza\u00e7\u00e3o\u2026","rel":"","context":"Em &quot;Gar\u00e7a&quot;","block_context":{"text":"Gar\u00e7a","link":"https:\/\/diariodegarca.com\/?cat=781171664"},"img":{"alt_text":"","src":"","width":0,"height":0},"classes":[]},{"id":2843,"url":"https:\/\/diariodegarca.com\/?p=2843","url_meta":{"origin":2251,"position":5},"title":"Cancelamento do Carnaval em Ourinhos: o que est\u00e1 por tr\u00e1s da decis\u00e3o?","author":"Di\u00e1rio de Gar\u00e7a","date":"12 de fevereiro de 2025","format":false,"excerpt":"Nos \u00faltimos dias, informa\u00e7\u00f5es imprecisas circulam nas redes sociais alegando que o prefeito de Ourinhos, Guilherme Gon\u00e7alves, teria cancelado o carnaval para destinar os recursos da cultura \u00e0 sa\u00fade. No entanto, essa narrativa n\u00e3o corresponde \u00e0 realidade, uma vez que a legisla\u00e7\u00e3o brasileira n\u00e3o permite o remanejamento de verbas entre\u2026","rel":"","context":"Em &quot;Brasil&quot;","block_context":{"text":"Brasil","link":"https:\/\/diariodegarca.com\/?cat=38185"},"img":{"alt_text":"","src":"","width":0,"height":0},"classes":[]}],"_links":{"self":[{"href":"https:\/\/diariodegarca.com\/index.php?rest_route=\/wp\/v2\/posts\/2251","targetHints":{"allow":["GET"]}}],"collection":[{"href":"https:\/\/diariodegarca.com\/index.php?rest_route=\/wp\/v2\/posts"}],"about":[{"href":"https:\/\/diariodegarca.com\/index.php?rest_route=\/wp\/v2\/types\/post"}],"author":[{"embeddable":true,"href":"https:\/\/diariodegarca.com\/index.php?rest_route=\/wp\/v2\/users\/260896546"}],"replies":[{"embeddable":true,"href":"https:\/\/diariodegarca.com\/index.php?rest_route=%2Fwp%2Fv2%2Fcomments&post=2251"}],"version-history":[{"count":0,"href":"https:\/\/diariodegarca.com\/index.php?rest_route=\/wp\/v2\/posts\/2251\/revisions"}],"wp:attachment":[{"href":"https:\/\/diariodegarca.com\/index.php?rest_route=%2Fwp%2Fv2%2Fmedia&parent=2251"}],"wp:term":[{"taxonomy":"category","embeddable":true,"href":"https:\/\/diariodegarca.com\/index.php?rest_route=%2Fwp%2Fv2%2Fcategories&post=2251"},{"taxonomy":"post_tag","embeddable":true,"href":"https:\/\/diariodegarca.com\/index.php?rest_route=%2Fwp%2Fv2%2Ftags&post=2251"}],"curies":[{"name":"wp","href":"https:\/\/api.w.org\/{rel}","templated":true}]}}