{"id":2257,"date":"2025-04-28T18:17:00","date_gmt":"2025-04-28T18:17:00","guid":{"rendered":"https:\/\/diariodegarca.com\/2025\/04\/28\/pejotizacao-custa-r-144-bilhoes-a-previdencia-e-ao-setor-publico-aponta-estudo-da-fgv\/"},"modified":"2025-04-28T18:17:00","modified_gmt":"2025-04-28T18:17:00","slug":"pejotizacao-custa-r-144-bilhoes-a-previdencia-e-ao-setor-publico-aponta-estudo-da-fgv","status":"publish","type":"post","link":"https:\/\/diariodegarca.com\/?p=2257","title":{"rendered":"Pejotiza\u00e7\u00e3o custa R$ 144 bilh\u00f5es \u00e0 Previd\u00eancia e ao setor p\u00fablico, aponta estudo da FGV"},"content":{"rendered":"<\/p>\n<div class=\"separator\" style=\"clear: both;text-align: center\"><a href=\"https:\/\/i0.wp.com\/blogger.googleusercontent.com\/img\/b\/R29vZ2xl\/AVvXsEjeMqOymROFybhLAV1lIjMEhdn778OLzkbCeuHsyQRFlc1x_hiOrjj6svx02BbRigcbIbTLirflI5BOa8Ae9b_IXNGA6g9St6GKc_s-KYxQFESvH58c6jJPIQxFtVv6fLnQaSiPP4dF0JGjaMzz9sqWw0niV_oTPstfYONEA1ou-cUEKrbRKT1lN6MNYcg\/s848\/20190516180548_7524a7286e65dd9adfc5962f4bed11b13695c85818351d526e9c524337b8c5ba.webp?ssl=1\" style=\"margin-left: 1em;margin-right: 1em\"><img data-recalc-dims=\"1\" loading=\"lazy\" decoding=\"async\" border=\"0\" height=\"226\" src=\"https:\/\/i0.wp.com\/blogger.googleusercontent.com\/img\/b\/R29vZ2xl\/AVvXsEjeMqOymROFybhLAV1lIjMEhdn778OLzkbCeuHsyQRFlc1x_hiOrjj6svx02BbRigcbIbTLirflI5BOa8Ae9b_IXNGA6g9St6GKc_s-KYxQFESvH58c6jJPIQxFtVv6fLnQaSiPP4dF0JGjaMzz9sqWw0niV_oTPstfYONEA1ou-cUEKrbRKT1lN6MNYcg\/s320\/20190516180548_7524a7286e65dd9adfc5962f4bed11b13695c85818351d526e9c524337b8c5ba.webp?resize=320%2C226&#038;ssl=1\" width=\"320\" \/><\/a><\/div>\n<p><strong>Pesquisa revela que contrata\u00e7\u00f5es como pessoa jur\u00eddica reduzem arrecada\u00e7\u00e3o e amea\u00e7am a prote\u00e7\u00e3o social; STF deve decidir sobre o tema<\/strong><\/p>\n<p class=\"ds-markdown-paragraph\">A crescente substitui\u00e7\u00e3o de trabalhadores formais por contratos como pessoa jur\u00eddica (PJ) gerou uma perda de at\u00e9 R$ 144 bilh\u00f5es aos cofres p\u00fablicos entre 2018 e 2023, segundo estudo da Funda\u00e7\u00e3o Getulio Vargas (FGV). O fen\u00f4meno, conhecido como &#8220;pejotiza\u00e7\u00e3o&#8221;, ganhou for\u00e7a ap\u00f3s a reforma trabalhista de 2017 e tem impactado negativamente a arrecada\u00e7\u00e3o previdenci\u00e1ria e o financiamento de pol\u00edticas p\u00fablicas.<\/p>\n<p class=\"ds-markdown-paragraph\">De acordo com a an\u00e1lise, conduzida pelos pesquisadores Nelson Marconi e Marco Capraro Brancher, a migra\u00e7\u00e3o para regimes como Microempreendedor Individual (MEI) e Simples Nacional aumentou significativamente nos \u00faltimos anos. Entre 2017 e 2023, o n\u00famero de MEIs subiu 24%, enquanto as empresas enquadradas no Simples Nacional cresceram 90%. Essa mudan\u00e7a reduz os encargos trabalhistas para as empresas, mas tamb\u00e9m diminui a contribui\u00e7\u00e3o para a Previd\u00eancia Social e outros fundos p\u00fablicos.<\/p>\n<h2><strong>Impacto na arrecada\u00e7\u00e3o e na prote\u00e7\u00e3o social<\/strong><\/h2>\n<p class=\"ds-markdown-paragraph\" style=\"background-color: white;color: #404040;font-size: 16.002px;line-height: 28.575px;margin: 13.716px 0px\"><span>Em 2023, um trabalhador PJ gerou, em m\u00e9dia, R<\/span><span>$\u00a0<\/span><span>4 mil em impostos anuais (considerando IR e contribui\u00e7\u00f5es do MEI ou Simples). Se contratados sob o regime CLT, essa arrecada\u00e7\u00e3o poderia variar entre R<\/span><span>$\u00a0<\/span><span>21 mil e R<\/span><span>$<\/span><span>\u00a033 mil\u00a0<\/span><span style=\"font-family: DeepSeek-CJK-patch, Inter, system-ui, -apple-system, BlinkMacSystemFont, Segoe UI, Roboto, Noto Sans, Ubuntu, Cantarell, Helvetica Neue, Oxygen, Open Sans, sans-serif;font-size: 16.002px\">por ano, dependendo do porte da empresa. A diferen\u00e7a representa um rombo crescente para o sistema previdenci\u00e1rio, que j\u00e1 enfrenta d\u00e9ficits estruturais.<\/span><\/p>\n<p class=\"ds-markdown-paragraph\">&#8220;Essa din\u00e2mica reduz a capacidade do Estado de financiar pol\u00edticas p\u00fablicas e pressiona a Previd\u00eancia. Trabalhadores PJ, como MEIs, ter\u00e3o acesso apenas ao sal\u00e1rio m\u00ednimo na aposentadoria, sobrecarregando o sistema&#8221;, alerta Marconi.<\/p>\n<h2><strong>Risco de expans\u00e3o e decis\u00e3o do STF<\/strong><\/h2>\n<p class=\"ds-markdown-paragraph\">O estudo projeta que, se metade dos trabalhadores CLT migrassem para o modelo PJ, a perda anual de arrecada\u00e7\u00e3o ultrapassaria R$ 384 bilh\u00f5es. Embora esse cen\u00e1rio seja extremo, os pesquisadores alertam que uma eventual libera\u00e7\u00e3o ampla da pejotiza\u00e7\u00e3o pelo Supremo Tribunal Federal (STF) poderia acelerar o processo.<\/p>\n<p class=\"ds-markdown-paragraph\">O tema est\u00e1 em discuss\u00e3o no STF, que j\u00e1 validou diversas contrata\u00e7\u00f5es como PJ, mesmo em casos reconhecidos pela Justi\u00e7a do Trabalho como v\u00ednculos empregat\u00edcios disfar\u00e7ados. A professora Olivia Pasqualeto, da FGV, ressalta que a pejotiza\u00e7\u00e3o difere da terceiriza\u00e7\u00e3o, pois elimina direitos trabalhistas. &#8220;A reforma trabalhista deixou as regras mais nebulosas, e o STF tem favorecido a flexibiliza\u00e7\u00e3o&#8221;, afirma.<\/p>\n<p class=\"ds-markdown-paragraph\">O ministro Gilmar Mendes suspendeu todas as a\u00e7\u00f5es judiciais sobre o assunto at\u00e9 que o STF defina uma tese de repercuss\u00e3o geral. A medida afeta mais de 460 mil processos e exp\u00f5e a tens\u00e3o entre o Judici\u00e1rio e a Justi\u00e7a do Trabalho sobre quem deve regulamentar essas rela\u00e7\u00f5es.<\/p>\n<p class=\"ds-markdown-paragraph\">Enquanto a decis\u00e3o final n\u00e3o \u00e9 tomada, o debate sobre os custos da pejotiza\u00e7\u00e3o para o Estado e para os trabalhadores segue acirrado.<\/p>\n","protected":false},"excerpt":{"rendered":"<p>Pesquisa revela que contrata\u00e7\u00f5es como pessoa jur\u00eddica reduzem arrecada\u00e7\u00e3o e amea\u00e7am a prote\u00e7\u00e3o social; STF deve decidir sobre o tema A crescente substitui\u00e7\u00e3o de trabalhadores formais por contratos como pessoa jur\u00eddica (PJ) gerou uma perda de at\u00e9 R$ 144 bilh\u00f5es aos cofres p\u00fablicos entre 2018 e 2023, segundo estudo da Funda\u00e7\u00e3o Getulio Vargas (FGV). O [&hellip;]<\/p>\n","protected":false},"author":260896546,"featured_media":0,"comment_status":"open","ping_status":"open","sticky":false,"template":"","format":"standard","meta":{"_crdt_document":"","_monsterinsights_skip_tracking":false,"_monsterinsights_sitenote_active":false,"_monsterinsights_sitenote_note":"","_monsterinsights_sitenote_category":0,"advanced_seo_description":"","jetpack_seo_html_title":"","jetpack_seo_noindex":false,"_jetpack_newsletter_access":"","_jetpack_dont_email_post_to_subs":false,"_jetpack_newsletter_tier_id":0,"_jetpack_memberships_contains_paywalled_content":false,"_jetpack_memberships_contains_paid_content":false,"footnotes":"","jetpack_publicize_message":"","jetpack_publicize_feature_enabled":true,"jetpack_social_post_already_shared":false,"jetpack_social_options":{"image_generator_settings":{"template":"fullscreen","default_image_id":0,"font":"","enabled":false},"version":2},"_wpas_customize_per_network":false,"jetpack_post_was_ever_published":false},"categories":[38185],"tags":[2372,798],"class_list":["post-2257","post","type-post","status-publish","format-standard","hentry","category-brasil","tag-economia","tag-politica"],"jetpack_publicize_connections":[],"jetpack_featured_media_url":"","jetpack_likes_enabled":true,"jetpack_sharing_enabled":true,"jetpack_shortlink":"https:\/\/wp.me\/pgitne-Ap","jetpack-related-posts":[],"_links":{"self":[{"href":"https:\/\/diariodegarca.com\/index.php?rest_route=\/wp\/v2\/posts\/2257","targetHints":{"allow":["GET"]}}],"collection":[{"href":"https:\/\/diariodegarca.com\/index.php?rest_route=\/wp\/v2\/posts"}],"about":[{"href":"https:\/\/diariodegarca.com\/index.php?rest_route=\/wp\/v2\/types\/post"}],"author":[{"embeddable":true,"href":"https:\/\/diariodegarca.com\/index.php?rest_route=\/wp\/v2\/users\/260896546"}],"replies":[{"embeddable":true,"href":"https:\/\/diariodegarca.com\/index.php?rest_route=%2Fwp%2Fv2%2Fcomments&post=2257"}],"version-history":[{"count":0,"href":"https:\/\/diariodegarca.com\/index.php?rest_route=\/wp\/v2\/posts\/2257\/revisions"}],"wp:attachment":[{"href":"https:\/\/diariodegarca.com\/index.php?rest_route=%2Fwp%2Fv2%2Fmedia&parent=2257"}],"wp:term":[{"taxonomy":"category","embeddable":true,"href":"https:\/\/diariodegarca.com\/index.php?rest_route=%2Fwp%2Fv2%2Fcategories&post=2257"},{"taxonomy":"post_tag","embeddable":true,"href":"https:\/\/diariodegarca.com\/index.php?rest_route=%2Fwp%2Fv2%2Ftags&post=2257"}],"curies":[{"name":"wp","href":"https:\/\/api.w.org\/{rel}","templated":true}]}}